{"id":2758,"date":"2015-08-03T12:52:33","date_gmt":"2015-08-03T12:52:33","guid":{"rendered":"http:\/\/50.22.11.12\/~grietaor\/?p=2758"},"modified":"2016-03-13T12:54:04","modified_gmt":"2016-03-13T12:54:04","slug":"protesta-en-colima-por-el-multihomicidio-en-la-narvarte","status":"publish","type":"post","link":"https:\/\/www.grieta.org.mx\/index.php\/2015\/08\/03\/protesta-en-colima-por-el-multihomicidio-en-la-narvarte\/","title":{"rendered":"Protesta en Colima por el multihomicidio en la Narvarte"},"content":{"rendered":"<p><strong>03\/08\/15. <\/strong><a href=\"http:\/\/grieta.org.mx\/index.php\/2015\/08\/03\/protestan-en-colima-por-asesinato-de-foto-periodista-y-cuatro-mujeres\/\" >Protestan en Colima por asesinato de foto periodista y cuatro mujeres<\/a><br \/><em>Diario Avanzada<\/em><br  \/><\/p>\n","protected":false},"excerpt":{"rendered":"<p>03\/08\/15. Protestan en Colima por asesinato de foto periodista y cuatro mujeresDiario Avanzada<\/p>\n","protected":false},"author":2,"featured_media":21928,"comment_status":"closed","ping_status":"open","sticky":false,"template":"","format":"standard","meta":{"ngg_post_thumbnail":0,"_jetpack_newsletter_access":"","_jetpack_dont_email_post_to_subs":false,"_jetpack_newsletter_tier_id":0,"_jetpack_memberships_contains_paywalled_content":false,"_jetpack_memberships_contains_paid_content":false,"footnotes":""},"categories":[13,2],"tags":[],"class_list":["post-2758","post","type-post","status-publish","format-standard","has-post-thumbnail","hentry","category-colima","category-noticias-nacionales","entry"],"jetpack_featured_media_url":"https:\/\/www.grieta.org.mx\/wp-content\/uploads\/2018\/03\/14524434_1106112876131411_958039263622046936_o.jpg","jetpack_sharing_enabled":true,"jetpack_shortlink":"https:\/\/wp.me\/p7ZJR4-Iu","jetpack_likes_enabled":false,"jetpack-related-posts":[{"id":41046,"url":"https:\/\/www.grieta.org.mx\/index.php\/2019\/11\/06\/denuncian-falta-de-aplicacion-de-quimioterapias-en-el-imss-colima\/","url_meta":{"origin":2758,"position":0},"title":"Denuncian falta de aplicaci\u00f3n de quimioterapias en el IMSS Colima","author":"grieta","date":"6 noviembre, 2019","format":false,"excerpt":"Foto Colima Noticias Juan Carlos Flores \/ Colima Noticias Colima, Col.- Derechohabientes del Instituto Mexicano del Seguro Social (Imss) denunciaron que no est\u00e1n aplicando quimioterapias a pacientes del Hospital de Colima. A trav\u00e9s de una denuncia presentada a este medio, la usuaria Ofis Valle se\u00f1al\u00f3 que su madre no ha\u2026","rel":"","context":"En &quot;CINTILLO&quot;","block_context":{"text":"CINTILLO","link":"https:\/\/www.grieta.org.mx\/index.php\/category\/cintillo\/"},"img":{"alt_text":"","src":"https:\/\/i0.wp.com\/www.grieta.org.mx\/wp-content\/uploads\/2019\/11\/imss-seguro-social-archivo-696x522.jpeg?resize=350%2C200&ssl=1","width":350,"height":200,"srcset":"https:\/\/i0.wp.com\/www.grieta.org.mx\/wp-content\/uploads\/2019\/11\/imss-seguro-social-archivo-696x522.jpeg?resize=350%2C200&ssl=1 1x, https:\/\/i0.wp.com\/www.grieta.org.mx\/wp-content\/uploads\/2019\/11\/imss-seguro-social-archivo-696x522.jpeg?resize=525%2C300&ssl=1 1.5x"},"classes":[]},{"id":18476,"url":"https:\/\/www.grieta.org.mx\/index.php\/2016\/09\/05\/conflictos-laborales-en-colima\/","url_meta":{"origin":2758,"position":1},"title":"Conflictos laborales en Colima","author":"grieta","date":"5 septiembre, 2016","format":false,"excerpt":"05\/09\/16. Se manifiestan jubilados IMSS contra Afore BanorteColima Noticias 28\/07\/16. En 5 a\u00f1os Colima no tendr\u00e1 para pagar pensiones y jubilaciones: AregionalDiario Avanzada","rel":"","context":"En &quot;Colima&quot;","block_context":{"text":"Colima","link":"https:\/\/www.grieta.org.mx\/index.php\/category\/noticias-nacionales\/colima\/"},"img":{"alt_text":"","src":"https:\/\/i0.wp.com\/www.grieta.org.mx\/wp-content\/uploads\/2018\/03\/14524434_1106112876131411_958039263622046936_o.jpg?resize=350%2C200&ssl=1","width":350,"height":200,"srcset":"https:\/\/i0.wp.com\/www.grieta.org.mx\/wp-content\/uploads\/2018\/03\/14524434_1106112876131411_958039263622046936_o.jpg?resize=350%2C200&ssl=1 1x, https:\/\/i0.wp.com\/www.grieta.org.mx\/wp-content\/uploads\/2018\/03\/14524434_1106112876131411_958039263622046936_o.jpg?resize=525%2C300&ssl=1 1.5x, https:\/\/i0.wp.com\/www.grieta.org.mx\/wp-content\/uploads\/2018\/03\/14524434_1106112876131411_958039263622046936_o.jpg?resize=700%2C400&ssl=1 2x"},"classes":[]},{"id":2763,"url":"https:\/\/www.grieta.org.mx\/index.php\/2015\/05\/19\/jornaleros-agricolas-en-colima\/","url_meta":{"origin":2758,"position":2},"title":"Jornaleros agr\u00edcolas en Colima","author":"grieta","date":"19 mayo, 2015","format":false,"excerpt":"19\/05\/15. Jornaleros agr\u00edcolas en Colima: explotados y sin nadie que los defiendaDiario Avanzada 23\/04\/15. \u2018Consiente\u2019 Colima explotaci\u00f3n de jornaleros mixtecosDiario Avanzada 31\/03\/15. Colima, entre los 18 estados donde se explota a los jornaleros agr\u00edcolas: FIOBDiario Avanzada","rel":"","context":"En &quot;Colima&quot;","block_context":{"text":"Colima","link":"https:\/\/www.grieta.org.mx\/index.php\/category\/noticias-nacionales\/colima\/"},"img":{"alt_text":"","src":"https:\/\/i0.wp.com\/www.grieta.org.mx\/wp-content\/uploads\/2018\/03\/14524434_1106112876131411_958039263622046936_o.jpg?resize=350%2C200&ssl=1","width":350,"height":200,"srcset":"https:\/\/i0.wp.com\/www.grieta.org.mx\/wp-content\/uploads\/2018\/03\/14524434_1106112876131411_958039263622046936_o.jpg?resize=350%2C200&ssl=1 1x, https:\/\/i0.wp.com\/www.grieta.org.mx\/wp-content\/uploads\/2018\/03\/14524434_1106112876131411_958039263622046936_o.jpg?resize=525%2C300&ssl=1 1.5x, https:\/\/i0.wp.com\/www.grieta.org.mx\/wp-content\/uploads\/2018\/03\/14524434_1106112876131411_958039263622046936_o.jpg?resize=700%2C400&ssl=1 2x"},"classes":[]},{"id":21561,"url":"https:\/\/www.grieta.org.mx\/index.php\/2016\/09\/05\/violencia-en-colima\/","url_meta":{"origin":2758,"position":3},"title":"Violencia en Colima","author":"grieta","date":"5 septiembre, 2016","format":false,"excerpt":"05\/09\/16. Menores de edad, asesinados en ColimaDiario Avanzada","rel":"","context":"En &quot;Colima&quot;","block_context":{"text":"Colima","link":"https:\/\/www.grieta.org.mx\/index.php\/category\/noticias-nacionales\/colima\/"},"img":{"alt_text":"","src":"https:\/\/i0.wp.com\/www.grieta.org.mx\/wp-content\/uploads\/2018\/03\/14524434_1106112876131411_958039263622046936_o.jpg?resize=350%2C200&ssl=1","width":350,"height":200,"srcset":"https:\/\/i0.wp.com\/www.grieta.org.mx\/wp-content\/uploads\/2018\/03\/14524434_1106112876131411_958039263622046936_o.jpg?resize=350%2C200&ssl=1 1x, https:\/\/i0.wp.com\/www.grieta.org.mx\/wp-content\/uploads\/2018\/03\/14524434_1106112876131411_958039263622046936_o.jpg?resize=525%2C300&ssl=1 1.5x, https:\/\/i0.wp.com\/www.grieta.org.mx\/wp-content\/uploads\/2018\/03\/14524434_1106112876131411_958039263622046936_o.jpg?resize=700%2C400&ssl=1 2x"},"classes":[]},{"id":4238,"url":"https:\/\/www.grieta.org.mx\/index.php\/2016\/09\/12\/desaparecidos-en-colima-2\/","url_meta":{"origin":2758,"position":4},"title":"Desaparecidos en Colima","author":"grieta","date":"12 septiembre, 2016","format":false,"excerpt":"12\/09\/16. Colima reporta 48 personas desaparecidas de enero a julio de este a\u00f1oDiario Avanzada 21\/07\/16. Madres de desaparecidos en Colima se unen a protesta en la CDMX y anuncian huelga de hambreDiario Avanzada 21\/03\/16. Colima tercer lugar nacional con mayor n\u00famero de desapariciones forzadas: PGRDiario Avanzada 06\/10\/15. Colima registra 140\u2026","rel":"","context":"En &quot;Colima&quot;","block_context":{"text":"Colima","link":"https:\/\/www.grieta.org.mx\/index.php\/category\/noticias-nacionales\/colima\/"},"img":{"alt_text":"","src":"https:\/\/i0.wp.com\/www.grieta.org.mx\/wp-content\/uploads\/2018\/03\/14524434_1106112876131411_958039263622046936_o.jpg?resize=350%2C200&ssl=1","width":350,"height":200,"srcset":"https:\/\/i0.wp.com\/www.grieta.org.mx\/wp-content\/uploads\/2018\/03\/14524434_1106112876131411_958039263622046936_o.jpg?resize=350%2C200&ssl=1 1x, https:\/\/i0.wp.com\/www.grieta.org.mx\/wp-content\/uploads\/2018\/03\/14524434_1106112876131411_958039263622046936_o.jpg?resize=525%2C300&ssl=1 1.5x, https:\/\/i0.wp.com\/www.grieta.org.mx\/wp-content\/uploads\/2018\/03\/14524434_1106112876131411_958039263622046936_o.jpg?resize=700%2C400&ssl=1 2x"},"classes":[]},{"id":2017,"url":"https:\/\/www.grieta.org.mx\/index.php\/2016\/08\/26\/ataques-contra-ambientalistas-en-colima\/","url_meta":{"origin":2758,"position":5},"title":"Ataques contra defensores del medio ambiente en Colima","author":"grieta","date":"26 agosto, 2016","format":false,"excerpt":"26\/08\/16. Ante las amenazas y agresiones, la ambientalista Esperanza Salazar se fue de ColimaDiario Avanzada 09\/01\/15. Colima, quinto lugar nacional en ataques contra ambientalistas: Cemda Diario Avanzada 02\/06\/15. Denuncian amenazas de muerte contra activista en Colima Proceso","rel":"","context":"En &quot;Colima&quot;","block_context":{"text":"Colima","link":"https:\/\/www.grieta.org.mx\/index.php\/category\/noticias-nacionales\/colima\/"},"img":{"alt_text":"","src":"https:\/\/i0.wp.com\/www.grieta.org.mx\/wp-content\/uploads\/2018\/03\/14524434_1106112876131411_958039263622046936_o.jpg?resize=350%2C200&ssl=1","width":350,"height":200,"srcset":"https:\/\/i0.wp.com\/www.grieta.org.mx\/wp-content\/uploads\/2018\/03\/14524434_1106112876131411_958039263622046936_o.jpg?resize=350%2C200&ssl=1 1x, https:\/\/i0.wp.com\/www.grieta.org.mx\/wp-content\/uploads\/2018\/03\/14524434_1106112876131411_958039263622046936_o.jpg?resize=525%2C300&ssl=1 1.5x, https:\/\/i0.wp.com\/www.grieta.org.mx\/wp-content\/uploads\/2018\/03\/14524434_1106112876131411_958039263622046936_o.jpg?resize=700%2C400&ssl=1 2x"},"classes":[]}],"_links":{"self":[{"href":"https:\/\/www.grieta.org.mx\/index.php\/wp-json\/wp\/v2\/posts\/2758","targetHints":{"allow":["GET"]}}],"collection":[{"href":"https:\/\/www.grieta.org.mx\/index.php\/wp-json\/wp\/v2\/posts"}],"about":[{"href":"https:\/\/www.grieta.org.mx\/index.php\/wp-json\/wp\/v2\/types\/post"}],"author":[{"embeddable":true,"href":"https:\/\/www.grieta.org.mx\/index.php\/wp-json\/wp\/v2\/users\/2"}],"replies":[{"embeddable":true,"href":"https:\/\/www.grieta.org.mx\/index.php\/wp-json\/wp\/v2\/comments?post=2758"}],"version-history":[{"count":1,"href":"https:\/\/www.grieta.org.mx\/index.php\/wp-json\/wp\/v2\/posts\/2758\/revisions"}],"predecessor-version":[{"id":2760,"href":"https:\/\/www.grieta.org.mx\/index.php\/wp-json\/wp\/v2\/posts\/2758\/revisions\/2760"}],"wp:featuredmedia":[{"embeddable":true,"href":"https:\/\/www.grieta.org.mx\/index.php\/wp-json\/wp\/v2\/media\/21928"}],"wp:attachment":[{"href":"https:\/\/www.grieta.org.mx\/index.php\/wp-json\/wp\/v2\/media?parent=2758"}],"wp:term":[{"taxonomy":"category","embeddable":true,"href":"https:\/\/www.grieta.org.mx\/index.php\/wp-json\/wp\/v2\/categories?post=2758"},{"taxonomy":"post_tag","embeddable":true,"href":"https:\/\/www.grieta.org.mx\/index.php\/wp-json\/wp\/v2\/tags?post=2758"}],"curies":[{"name":"wp","href":"https:\/\/api.w.org\/{rel}","templated":true}]}}