{"id":27561,"date":"2018-10-14T17:55:43","date_gmt":"2018-10-14T22:55:43","guid":{"rendered":"http:\/\/www.grieta.org.mx\/?p=27561"},"modified":"2018-11-09T18:01:30","modified_gmt":"2018-11-10T00:01:30","slug":"rescatan-a-61-ninos-en-domicilio-de-atzompa-oaxaca","status":"publish","type":"post","link":"https:\/\/www.grieta.org.mx\/index.php\/2018\/10\/14\/rescatan-a-61-ninos-en-domicilio-de-atzompa-oaxaca\/","title":{"rendered":"Rescatan a 61 ni\u00f1os en domicilio de Atzompa, Oaxaca"},"content":{"rendered":"<p>Noticias.<\/p>\n<p>Tom\u00e1s Mart\u00ednez,<\/p>\n<p>Nueve personas que podr\u00edan estar implicadas en una red de trata de personas y explotaci\u00f3n infantil fueron asegurados durante la madrugada de ayer por personal de la Agencia Estatal de Investigaciones (AEI) en coordinaci\u00f2n con la polic\u00eca municipal de Santa Mar\u00eda Atzompa, polic\u00eca estatal y la Procuraduyr\u00eca para la Defensa del Menor y la Familia (DIF) y rescataron a un total de 61 menores de edad, entre ellos a reci\u00e9n nacidos.<\/p>\n<p><img loading=\"lazy\" decoding=\"async\" data-attachment-id=\"27562\" data-permalink=\"https:\/\/www.grieta.org.mx\/index.php\/2018\/10\/14\/rescatan-a-61-ninos-en-domicilio-de-atzompa-oaxaca\/image_1_340\/\" data-orig-file=\"https:\/\/www.grieta.org.mx\/wp-content\/uploads\/2018\/11\/image_1_340.jpg\" data-orig-size=\"1144,645\" data-comments-opened=\"0\" data-image-meta=\"{&quot;aperture&quot;:&quot;0&quot;,&quot;credit&quot;:&quot;&quot;,&quot;camera&quot;:&quot;&quot;,&quot;caption&quot;:&quot;&quot;,&quot;created_timestamp&quot;:&quot;0&quot;,&quot;copyright&quot;:&quot;&quot;,&quot;focal_length&quot;:&quot;0&quot;,&quot;iso&quot;:&quot;0&quot;,&quot;shutter_speed&quot;:&quot;0&quot;,&quot;title&quot;:&quot;&quot;,&quot;orientation&quot;:&quot;0&quot;}\" data-image-title=\"image_1_340\" data-image-description=\"\" data-image-caption=\"\" data-medium-file=\"https:\/\/www.grieta.org.mx\/wp-content\/uploads\/2018\/11\/image_1_340-300x169.jpg\" data-large-file=\"https:\/\/www.grieta.org.mx\/wp-content\/uploads\/2018\/11\/image_1_340-1024x577.jpg\" src=\"http:\/\/www.grieta.org.mx\/wp-content\/uploads\/2018\/11\/image_1_340-300x169.jpg\" alt=\"\" width=\"300\" height=\"169\" class=\"aligncenter size-medium wp-image-27562\" srcset=\"https:\/\/www.grieta.org.mx\/wp-content\/uploads\/2018\/11\/image_1_340-300x169.jpg 300w, https:\/\/www.grieta.org.mx\/wp-content\/uploads\/2018\/11\/image_1_340-768x433.jpg 768w, https:\/\/www.grieta.org.mx\/wp-content\/uploads\/2018\/11\/image_1_340-1024x577.jpg 1024w, https:\/\/www.grieta.org.mx\/wp-content\/uploads\/2018\/11\/image_1_340-887x500.jpg 887w, https:\/\/www.grieta.org.mx\/wp-content\/uploads\/2018\/11\/image_1_340.jpg 1144w\" sizes=\"auto, (max-width: 300px) 100vw, 300px\" \/><br \/>\nEn la calle de Samaria de la colonia Samaritana realizaron el cateo a una vivienda.<\/p>\n<p>De acuerdo con informes, un grupo especial de la Agencia Estatal de Investigaciones inici\u00f2 con las indagatorias sobre la forma como los menores que se encontraban en los cruceros ped\u00ecan dinero, hac\u00edan malabares, pero vigilados por personas adultas.<\/p>\n<p>Los menores de edad, que supuestamente son originarios de Chiapas invaden los cruceros de la ciudad capital.<\/p>\n<p>Los agentes investigadores procedieron a realizar la tarea de seguimiento y descubrieron que una camioneta Ford tipo Explorer de color blanca pasaba a dejarlos y por la tarde a recogerlos.<\/p>\n<p>La investigaci\u00f3n incluy\u00f3 dias, y noches para seguimiento hasta que lograron ubicar que la unidad de motor llegaba a la calle de Samar\u00eca de la colonia Samaritana en el municipio de Santa Mar\u00eda Atzompa.<\/p>\n<p>Tras documentar el caso, el agente del Ministerio P\u00fablico de la mesa de trata de personas de la Fiscal\u00eda Especializada en Delitos de Alto Impacto (FEADI) de la Fiscal\u00eda General del Estado decidieron solicitar una orden de cateo para ingresar al domicilio donde los menores eran llevados.<\/p>\n<p>REALIZAN OPERATIVO<\/p>\n<p>Con el mandato judicial, los elementos de la AEI, Ministerio P\u00fablico, peritos, m\u00e9dicos y personal del DIF estatal, apoyados por polic\u00edas estatales y municipales se desplazaron durante la madrugada a un domicilio con la finalidad de catear el domicilio.<\/p>\n<p>Al arribar, en el inmueble aseguraron a un total de 61 menores de edad, entre ellos a reci\u00e9n nacidos, as\u00ed como a nueve adultos.<\/p>\n<p>Las nueve personas fueron llevadas ante el agente del Ministerio P\u00fablico de la mesa de trata de personas para ser investigadas, ya que argumentaron que los menores de edad eran sus hijos.<\/p>\n<p>Algunas de las mujeres aseguradas se encuentran embarazadas, seg\u00fan las indagatorias.<\/p>\n<p>Los menores de edad quedaron a disposici\u00f3n del DIF estatal, donde se les brind\u00f3 asistencia m\u00e9dica y con ello ser atendidos.<\/p>\n<p>La investigaci\u00f3n contin\u00faa para establecer si las personas cometieron alg\u00fan delito y podr\u00edan ser turnados ante un juez de control.<\/p>\n<p>M\u00e1s de 100 mil ni\u00f1os trabajando<\/p>\n<p><img loading=\"lazy\" decoding=\"async\" data-attachment-id=\"27563\" data-permalink=\"https:\/\/www.grieta.org.mx\/index.php\/2018\/10\/14\/rescatan-a-61-ninos-en-domicilio-de-atzompa-oaxaca\/image_216\/\" data-orig-file=\"https:\/\/www.grieta.org.mx\/wp-content\/uploads\/2018\/11\/image_216.jpg\" data-orig-size=\"1920,1080\" data-comments-opened=\"0\" data-image-meta=\"{&quot;aperture&quot;:&quot;0&quot;,&quot;credit&quot;:&quot;Mario Jimenez Leyva&quot;,&quot;camera&quot;:&quot;&quot;,&quot;caption&quot;:&quot;&quot;,&quot;created_timestamp&quot;:&quot;1531484484&quot;,&quot;copyright&quot;:&quot;NOTICIAS&quot;,&quot;focal_length&quot;:&quot;0&quot;,&quot;iso&quot;:&quot;0&quot;,&quot;shutter_speed&quot;:&quot;0&quot;,&quot;title&quot;:&quot;&quot;,&quot;orientation&quot;:&quot;0&quot;}\" data-image-title=\"image_216\" data-image-description=\"\" data-image-caption=\"\" data-medium-file=\"https:\/\/www.grieta.org.mx\/wp-content\/uploads\/2018\/11\/image_216-300x169.jpg\" data-large-file=\"https:\/\/www.grieta.org.mx\/wp-content\/uploads\/2018\/11\/image_216-1024x576.jpg\" src=\"http:\/\/www.grieta.org.mx\/wp-content\/uploads\/2018\/11\/image_216-300x169.jpg\" alt=\"\" width=\"300\" height=\"169\" class=\"aligncenter size-medium wp-image-27563\" srcset=\"https:\/\/www.grieta.org.mx\/wp-content\/uploads\/2018\/11\/image_216-300x169.jpg 300w, https:\/\/www.grieta.org.mx\/wp-content\/uploads\/2018\/11\/image_216-768x432.jpg 768w, https:\/\/www.grieta.org.mx\/wp-content\/uploads\/2018\/11\/image_216-1024x576.jpg 1024w, https:\/\/www.grieta.org.mx\/wp-content\/uploads\/2018\/11\/image_216-889x500.jpg 889w, https:\/\/www.grieta.org.mx\/wp-content\/uploads\/2018\/11\/image_216.jpg 1920w\" sizes=\"auto, (max-width: 300px) 100vw, 300px\" \/><br \/>\nEn el estado laboran m\u00e1s de 100 mil ni\u00f1os en las calles. Foto: Mario Jim\u00e9nez.<\/p>\n<p>El  Sistema Local de Protecci\u00f3n Integral de los Derechos de Ni\u00f1as, Ni\u00f1os y Adolescentes (Sidnna) en el estado report\u00f3 en el mes de abril que  hay 102 mil 712 ni\u00f1os y adolescentes trabajando, de los cuales 95 mil 871 lo hacen en condiciones no permitidas para su edad por el riesgo para su vida, como el trabajo agr\u00edcola y de construcci\u00f3n.<\/p>\n<p>La titular del organismo, Mar\u00eda Cristina Salazar Acevedo, mencion\u00f3 en esa ocasi\u00f3n que  coordina 11 dependencias gubernamentales para el dise\u00f1o de programas para protecci\u00f3n de derechos humanos de los menores de edad, se\u00f1ala que la explotaci\u00f3n laboral infantil es una problem\u00e1tica compleja porque intervienen factores como la pobreza, conflictos sociales y migraci\u00f3n.<\/p>\n<p>Por su parte, la mesa especial de Trata de Personas investigaba la explotaci\u00f3n de m\u00e1s de 50 menores de edad en diversos cruceros de la ciudad capital.<\/p>\n<p>Los datos presentados por la Direcci\u00f3n General de Poblaci\u00f3n de Oaxaca (Digepo), a trav\u00e9s de la edici\u00f3n 42 de la revista Oaxaca Poblaci\u00f3n Siglo XXI, que abord\u00f3 el tema del trabajo infantil, afirm\u00f3 que un 94 por ciento de la poblaci\u00f3n infantil que labora, lo hace en condiciones de riesgo.<\/p>\n<p>Los menores se encuentran en cruceros del monumento a la Madre, de Viguera, Puente del Tecnol\u00f3gico, Avenida Universidad, Cinco Se\u00f1ores, S\u00edmbolos Patrios, entre otros, en donde ni\u00f1os se pasan limpiando parabrisas, haciendo malabares, vendiendo chicles, aguas y fruta para obtener un ingreso.<\/p>\n<p>En la mayor\u00eda de los casos, los infantes se pasan mas de 12 horas en estos puntos, expuestos al riesgos debido a la afluencia vehicular, altas temperaturas y condiciones insalubres.<\/p>\n<p>l 77.6 por ciento de las familias que atiende el Centro de Apoyo al Ni\u00f1o de la Calle de Oaxaca (Canica) son personas que provienen de comunidades rurales de Chiapas y Guerrero. De donde dicen ser originarios estos ni\u00f1os.<\/p>\n<p>Datos del M\u00f3dulo de Trabajo Infantil (MTI-Inegi), en el periodo 2007-2015, muestran que en el estado se registr\u00f3 una disminuci\u00f3n del trabajo infantil, sin embargo, en ese mismo periodo, Oaxaca sigui\u00f3 ocupado el noveno lugar dentro de las entidades con mayor n\u00famero de ni\u00f1os que trabajan, salvo el 2013 cuando se ubic\u00f3 en el octavo sitio.<\/p>\n<p><a href=\"https:\/\/www.nvinoticias.com\/nota\/103188\/rescatan-61-ninos-en-domicilio-de-atzompa-oaxaca\" rel=\"noopener\" target=\"_blank\">https:\/\/www.nvinoticias.com\/nota\/103188\/rescatan-61-ninos-en-domicilio-de-atzompa-oaxaca<\/a><\/p>\n","protected":false},"excerpt":{"rendered":"<p>Noticias. Tom\u00e1s Mart\u00ednez, Nueve personas que podr\u00edan estar implicadas en una red de trata de personas y explotaci\u00f3n infantil fueron asegurados durante la madrugada de ayer por personal de la &hellip; <a href=\"https:\/\/www.grieta.org.mx\/index.php\/2018\/10\/14\/rescatan-a-61-ninos-en-domicilio-de-atzompa-oaxaca\/\" class=\"more-link\">Leer m\u00e1s<\/a><\/p>\n","protected":false},"author":2,"featured_media":27563,"comment_status":"closed","ping_status":"closed","sticky":false,"template":"","format":"standard","meta":{"ngg_post_thumbnail":0,"_jetpack_newsletter_access":"","_jetpack_dont_email_post_to_subs":false,"_jetpack_newsletter_tier_id":0,"_jetpack_memberships_contains_paywalled_content":false,"_jetpack_memberships_contains_paid_content":false,"footnotes":""},"categories":[80,1477,2,25,1664],"tags":[],"class_list":["post-27561","post","type-post","status-publish","format-standard","has-post-thumbnail","hentry","category-cintillo","category-la-ninez-en-la-tormenta-en-oaxaca","category-noticias-nacionales","category-oaxaca","category-trata-de-personas-en-oaxaca","entry"],"jetpack_featured_media_url":"https:\/\/www.grieta.org.mx\/wp-content\/uploads\/2018\/11\/image_216.jpg","jetpack_sharing_enabled":true,"jetpack_shortlink":"https:\/\/wp.me\/p7ZJR4-7ax","jetpack_likes_enabled":false,"jetpack-related-posts":[{"id":27569,"url":"https:\/\/www.grieta.org.mx\/index.php\/2018\/10\/15\/oaxaca-origen-transito-y-destino-de-la-explotacion-infantil\/","url_meta":{"origin":27561,"position":0},"title":"Oaxaca, origen, tr\u00e1nsito y destino de la explotaci\u00f3n infantil","author":"grieta","date":"15 octubre, 2018","format":false,"excerpt":"Noticias. Miguel Angel, La Fiscal\u00eda General del Estado (FGE) inform\u00f3 el rescate de m\u00e1s de 60 personas v\u00edctimas de trata de personas en su modalidad de explotaci\u00f3n laboral, en el municipio de Santa Mar\u00eda Atzompa, 56 de ellos eran menores de edad. Comercio ambulante, la principal ocupaci\u00f3n de ind\u00edgenas, adolescente\u2026","rel":"","context":"En &quot;CINTILLO&quot;","block_context":{"text":"CINTILLO","link":"https:\/\/www.grieta.org.mx\/index.php\/category\/cintillo\/"},"img":{"alt_text":"","src":"https:\/\/i0.wp.com\/www.grieta.org.mx\/wp-content\/uploads\/2018\/03\/14524434_1106112876131411_958039263622046936_o.jpg?resize=350%2C200&ssl=1","width":350,"height":200,"srcset":"https:\/\/i0.wp.com\/www.grieta.org.mx\/wp-content\/uploads\/2018\/03\/14524434_1106112876131411_958039263622046936_o.jpg?resize=350%2C200&ssl=1 1x, https:\/\/i0.wp.com\/www.grieta.org.mx\/wp-content\/uploads\/2018\/03\/14524434_1106112876131411_958039263622046936_o.jpg?resize=525%2C300&ssl=1 1.5x, https:\/\/i0.wp.com\/www.grieta.org.mx\/wp-content\/uploads\/2018\/03\/14524434_1106112876131411_958039263622046936_o.jpg?resize=700%2C400&ssl=1 2x"},"classes":[]},{"id":26673,"url":"https:\/\/www.grieta.org.mx\/index.php\/2018\/09\/15\/esconden-a-indocumentados-en-oaxaca\/","url_meta":{"origin":27561,"position":1},"title":"Esconden a indocumentados en Oaxaca","author":"grieta","date":"15 septiembre, 2018","format":false,"excerpt":"Noticias. Sa\u00fal Salazar, Viajaban en una camioneta. Los nueve guatemaltecos fueron entregados a Migraci\u00f3n Huajuapan de Le\u00f3n, Oaxaca.- En una camioneta fueron descubiertos nueve guatemaltecos que pretend\u00edan viajar a Estados Unidos. Los extranjeros fueron vistos alrededor de las 22:00 horas, por elementos de la Polic\u00eda Estatal de Huajuapan, sobre la\u2026","rel":"","context":"En &quot;CINTILLO&quot;","block_context":{"text":"CINTILLO","link":"https:\/\/www.grieta.org.mx\/index.php\/category\/cintillo\/"},"img":{"alt_text":"","src":"https:\/\/i0.wp.com\/www.grieta.org.mx\/wp-content\/uploads\/2018\/09\/indocumentados.jpg?resize=350%2C200&ssl=1","width":350,"height":200,"srcset":"https:\/\/i0.wp.com\/www.grieta.org.mx\/wp-content\/uploads\/2018\/09\/indocumentados.jpg?resize=350%2C200&ssl=1 1x, https:\/\/i0.wp.com\/www.grieta.org.mx\/wp-content\/uploads\/2018\/09\/indocumentados.jpg?resize=525%2C300&ssl=1 1.5x, https:\/\/i0.wp.com\/www.grieta.org.mx\/wp-content\/uploads\/2018\/09\/indocumentados.jpg?resize=700%2C400&ssl=1 2x, https:\/\/i0.wp.com\/www.grieta.org.mx\/wp-content\/uploads\/2018\/09\/indocumentados.jpg?resize=1050%2C600&ssl=1 3x"},"classes":[]},{"id":63347,"url":"https:\/\/www.grieta.org.mx\/index.php\/2022\/02\/10\/periodista-de-oaxaca-denuncia-intento-de-secuestro-de-su-hermano-por-presuntos-policias\/","url_meta":{"origin":27561,"position":2},"title":"Periodista de Oaxaca denuncia intento de secuestro de su hermano por presuntos polic\u00edas","author":"grieta","date":"10 febrero, 2022","format":false,"excerpt":"Proceso \/ Pedro Mat\u00edas. La Fiscal\u00eda General de Oaxaca descart\u00f3 que alguno de los involucrados pertenezca o forme parte de este organismo aut\u00f3nomo o de su polic\u00eda investigadora. OAXACA, Oax. (apro).- Presuntos elementos adscritos al \u00e1rea de investigaci\u00f3n de la Secretar\u00eda de Seguridad P\u00fablica de Oaxaca vinculados a delitos de\u2026","rel":"","context":"En &quot;CINTILLO&quot;","block_context":{"text":"CINTILLO","link":"https:\/\/www.grieta.org.mx\/index.php\/category\/cintillo\/"},"img":{"alt_text":"","src":"https:\/\/i0.wp.com\/www.grieta.org.mx\/wp-content\/uploads\/2022\/02\/p3.jpg?resize=350%2C200&ssl=1","width":350,"height":200,"srcset":"https:\/\/i0.wp.com\/www.grieta.org.mx\/wp-content\/uploads\/2022\/02\/p3.jpg?resize=350%2C200&ssl=1 1x, https:\/\/i0.wp.com\/www.grieta.org.mx\/wp-content\/uploads\/2022\/02\/p3.jpg?resize=525%2C300&ssl=1 1.5x, https:\/\/i0.wp.com\/www.grieta.org.mx\/wp-content\/uploads\/2022\/02\/p3.jpg?resize=700%2C400&ssl=1 2x"},"classes":[]},{"id":30537,"url":"https:\/\/www.grieta.org.mx\/index.php\/2019\/03\/12\/policias-de-oaxaca-pisotean-derechos-humanos\/","url_meta":{"origin":27561,"position":3},"title":"Polic\u00edas de Oaxaca pisotean Derechos Humanos","author":"grieta","date":"12 marzo, 2019","format":false,"excerpt":"Noticias. Citlalli Luciana, Zeferino, el hombre asesinado en los separos de la polic\u00eda municipal de Santa Luc\u00eda del Camino. Aunque su funci\u00f3n es el resguardo y protecci\u00f3n de la seguridad p\u00fablica, los cuerpos polic\u00edacos de la entidad forman parte de las autoridades de gobierno de Oaxaca que m\u00e1s violentan a\u2026","rel":"","context":"En &quot;Brutalidad polic\u00edaca en Oaxaca&quot;","block_context":{"text":"Brutalidad polic\u00edaca en Oaxaca","link":"https:\/\/www.grieta.org.mx\/index.php\/category\/noticias-nacionales\/oaxaca\/brutalidad-policiaca-en-oaxaca\/"},"img":{"alt_text":"","src":"https:\/\/i0.wp.com\/www.grieta.org.mx\/wp-content\/uploads\/2019\/03\/image_17_399.jpg?resize=350%2C200&ssl=1","width":350,"height":200,"srcset":"https:\/\/i0.wp.com\/www.grieta.org.mx\/wp-content\/uploads\/2019\/03\/image_17_399.jpg?resize=350%2C200&ssl=1 1x, https:\/\/i0.wp.com\/www.grieta.org.mx\/wp-content\/uploads\/2019\/03\/image_17_399.jpg?resize=525%2C300&ssl=1 1.5x, https:\/\/i0.wp.com\/www.grieta.org.mx\/wp-content\/uploads\/2019\/03\/image_17_399.jpg?resize=700%2C400&ssl=1 2x, https:\/\/i0.wp.com\/www.grieta.org.mx\/wp-content\/uploads\/2019\/03\/image_17_399.jpg?resize=1050%2C600&ssl=1 3x"},"classes":[]},{"id":25471,"url":"https:\/\/www.grieta.org.mx\/index.php\/2018\/08\/10\/habitantes-de-alotepec-detienen-a-4-agentes-de-investigacion-por-acoso-sexual-a-dos-ninas-mixes-oaxaca\/","url_meta":{"origin":27561,"position":4},"title":"Habitantes de Alotepec detienen a 4 agentes de Investigaci\u00f3n por acoso sexual a dos ni\u00f1as mixes (Oaxaca)","author":"grieta","date":"10 agosto, 2018","format":false,"excerpt":"P\u00e1gina 3. Pedro Mat\u00edas, Oaxaca.- Habitantes de Santa Mar\u00eda Alotepec retienen y encarcelan a cuatro elementos de la Agencia Estatal de Investigaciones (AEI) por acosar a dos ni\u00f1as ind\u00edgenas de la regi\u00f3n Mixe y se niegan a entregarlos ante el temor de que sean liberados con la protecci\u00f3n de la\u2026","rel":"","context":"En &quot;CINTILLO&quot;","block_context":{"text":"CINTILLO","link":"https:\/\/www.grieta.org.mx\/index.php\/category\/cintillo\/"},"img":{"alt_text":"","src":"https:\/\/i0.wp.com\/www.grieta.org.mx\/wp-content\/uploads\/2018\/08\/Agentes-de-Investigaci%C3%B3n-acosadores.jpg?resize=350%2C200&ssl=1","width":350,"height":200,"srcset":"https:\/\/i0.wp.com\/www.grieta.org.mx\/wp-content\/uploads\/2018\/08\/Agentes-de-Investigaci%C3%B3n-acosadores.jpg?resize=350%2C200&ssl=1 1x, https:\/\/i0.wp.com\/www.grieta.org.mx\/wp-content\/uploads\/2018\/08\/Agentes-de-Investigaci%C3%B3n-acosadores.jpg?resize=525%2C300&ssl=1 1.5x, https:\/\/i0.wp.com\/www.grieta.org.mx\/wp-content\/uploads\/2018\/08\/Agentes-de-Investigaci%C3%B3n-acosadores.jpg?resize=700%2C400&ssl=1 2x"},"classes":[]},{"id":25940,"url":"https:\/\/www.grieta.org.mx\/index.php\/2018\/07\/31\/oaxaca-en-el-mapa-de-trata-de-personas\/","url_meta":{"origin":27561,"position":5},"title":"Oaxaca, en el mapa de trata de personas","author":"grieta","date":"31 julio, 2018","format":false,"excerpt":"Noticias. Oaxaca es \"exportador\" de v\u00edctimas de trata de personas. Miguel Angel, Oaxaque\u00f1os v\u00edctimas de tratas de personas son trasladados, mediante enga\u00f1os, uso de la fuerza, enamoramiento, falsas promesas de empleo o fraudes a estados como Baja California, Sonora, Sinaloa, Ciudad de M\u00e9xico o inclusive Estados Unidos. Lo anterior de\u2026","rel":"","context":"En &quot;CINTILLO&quot;","block_context":{"text":"CINTILLO","link":"https:\/\/www.grieta.org.mx\/index.php\/category\/cintillo\/"},"img":{"alt_text":"","src":"https:\/\/i0.wp.com\/www.grieta.org.mx\/wp-content\/uploads\/2018\/08\/trata-n-310718.jpg?resize=350%2C200&ssl=1","width":350,"height":200,"srcset":"https:\/\/i0.wp.com\/www.grieta.org.mx\/wp-content\/uploads\/2018\/08\/trata-n-310718.jpg?resize=350%2C200&ssl=1 1x, https:\/\/i0.wp.com\/www.grieta.org.mx\/wp-content\/uploads\/2018\/08\/trata-n-310718.jpg?resize=525%2C300&ssl=1 1.5x, https:\/\/i0.wp.com\/www.grieta.org.mx\/wp-content\/uploads\/2018\/08\/trata-n-310718.jpg?resize=700%2C400&ssl=1 2x, https:\/\/i0.wp.com\/www.grieta.org.mx\/wp-content\/uploads\/2018\/08\/trata-n-310718.jpg?resize=1050%2C600&ssl=1 3x"},"classes":[]}],"_links":{"self":[{"href":"https:\/\/www.grieta.org.mx\/index.php\/wp-json\/wp\/v2\/posts\/27561","targetHints":{"allow":["GET"]}}],"collection":[{"href":"https:\/\/www.grieta.org.mx\/index.php\/wp-json\/wp\/v2\/posts"}],"about":[{"href":"https:\/\/www.grieta.org.mx\/index.php\/wp-json\/wp\/v2\/types\/post"}],"author":[{"embeddable":true,"href":"https:\/\/www.grieta.org.mx\/index.php\/wp-json\/wp\/v2\/users\/2"}],"replies":[{"embeddable":true,"href":"https:\/\/www.grieta.org.mx\/index.php\/wp-json\/wp\/v2\/comments?post=27561"}],"version-history":[{"count":1,"href":"https:\/\/www.grieta.org.mx\/index.php\/wp-json\/wp\/v2\/posts\/27561\/revisions"}],"predecessor-version":[{"id":27564,"href":"https:\/\/www.grieta.org.mx\/index.php\/wp-json\/wp\/v2\/posts\/27561\/revisions\/27564"}],"wp:featuredmedia":[{"embeddable":true,"href":"https:\/\/www.grieta.org.mx\/index.php\/wp-json\/wp\/v2\/media\/27563"}],"wp:attachment":[{"href":"https:\/\/www.grieta.org.mx\/index.php\/wp-json\/wp\/v2\/media?parent=27561"}],"wp:term":[{"taxonomy":"category","embeddable":true,"href":"https:\/\/www.grieta.org.mx\/index.php\/wp-json\/wp\/v2\/categories?post=27561"},{"taxonomy":"post_tag","embeddable":true,"href":"https:\/\/www.grieta.org.mx\/index.php\/wp-json\/wp\/v2\/tags?post=27561"}],"curies":[{"name":"wp","href":"https:\/\/api.w.org\/{rel}","templated":true}]}}