{"id":2756,"date":"2015-08-03T12:49:34","date_gmt":"2015-08-03T12:49:34","guid":{"rendered":"http:\/\/50.22.11.12\/~grietaor\/?p=2756"},"modified":"2016-03-13T12:52:11","modified_gmt":"2016-03-13T12:52:11","slug":"protestan-en-colima-por-asesinato-de-foto-periodista-y-cuatro-mujeres","status":"publish","type":"post","link":"https:\/\/www.grieta.org.mx\/index.php\/2015\/08\/03\/protestan-en-colima-por-asesinato-de-foto-periodista-y-cuatro-mujeres\/","title":{"rendered":"Protestan en Colima por asesinato de foto periodista y cuatro mujeres"},"content":{"rendered":"<p>Escrito por Heidi de Le\u00f3n Guti\u00e9rrez<br \/>\nColima M\u00e9xico. Avanzada (3 de agosto de 2015).- Periodistas colimenses se unieron a las protestas que a nivel nacional e internacional se han hecho por asesinato del foto periodista Rub\u00e9n Espinosa, y cuatro mujeres, ocurrido en la colonia Narvarte en el Distrito Federal.<\/p>\n<p>Los periodistas colimenses protestaron afuera del Congreso de Colima y exigieron al gobierno federal frenar los cr\u00edmenes contra los miembros de los medios de comunicaci\u00f3n.<\/p>\n<p>Adem\u00e1s, pidieron a la Procuradur\u00eda de Justicia del Distrito Federal tener como el m\u00f3vil del homicidio la actividad del foto periodista que huy\u00f3 de Veracruz, por el hostigamiento y las amenazas que recib\u00eda por su labor informativa.<\/p>\n<p>Desde el a\u00f1o 2000 a la fecha, 150 personas ligadas al periodismo fueron privadas de la vida y los casos permanecen impunes, pues no hay castigo para los responsables.<\/p>\n<p>Los periodistas colimenses, integrantes de diversos medios de comunicaci\u00f3n, portaron pancartas en las que se le\u00eda: \u201cFue el Estado\u201d; \u201cNo se mata la verdad matando periodistas\u201d; \u201c\u00bfHasta cu\u00e1ndo parar\u00e1n las agresiones?\u201d.<\/p>\n<p>El reportero Juan Ram\u00f3n Negrete, integrante de la Fapermex, indic\u00f3 que dicha protesta tambi\u00e9n era para alzar la voz por los 24 compa\u00f1eros que se encuentran desaparecidos de manera forzada, del a\u00f1o 2000 a la fecha.<\/p>\n<p>En la protesta participaron periodistas de diversos medios de comunicaci\u00f3n locales y corresponsales.<\/p>\n<p><a href=\"http:\/\/www.diarioavanzada.com.mx\/index.php\/locales-movil\/13795-protestan-en-colima-por-asesinato-de-foto-periodista-y-cuatro-mujeres\" target=\"_blank\">http:\/\/www.diarioavanzada.com.mx\/index.php\/locales-movil\/13795-protestan-en-colima-por-asesinato-de-foto-periodista-y-cuatro-mujeres<\/a><\/p>\n","protected":false},"excerpt":{"rendered":"<p>Escrito por Heidi de Le\u00f3n Guti\u00e9rrez Colima M\u00e9xico. Avanzada (3 de agosto de 2015).- Periodistas colimenses se unieron a las protestas que a nivel nacional e internacional se han hecho &hellip; <a href=\"https:\/\/www.grieta.org.mx\/index.php\/2015\/08\/03\/protestan-en-colima-por-asesinato-de-foto-periodista-y-cuatro-mujeres\/\" class=\"more-link\">Leer m\u00e1s<\/a><\/p>\n","protected":false},"author":2,"featured_media":21928,"comment_status":"closed","ping_status":"open","sticky":false,"template":"","format":"standard","meta":{"ngg_post_thumbnail":0,"_jetpack_newsletter_access":"","_jetpack_dont_email_post_to_subs":false,"_jetpack_newsletter_tier_id":0,"_jetpack_memberships_contains_paywalled_content":false,"_jetpack_memberships_contains_paid_content":false,"footnotes":""},"categories":[80,108],"tags":[120],"class_list":["post-2756","post","type-post","status-publish","format-standard","has-post-thumbnail","hentry","category-cintillo","category-colima","tag-violencia-contra-periodistas","entry"],"jetpack_featured_media_url":"https:\/\/www.grieta.org.mx\/wp-content\/uploads\/2018\/03\/14524434_1106112876131411_958039263622046936_o.jpg","jetpack_sharing_enabled":true,"jetpack_shortlink":"https:\/\/wp.me\/p7ZJR4-Is","jetpack_likes_enabled":false,"jetpack-related-posts":[{"id":38158,"url":"https:\/\/www.grieta.org.mx\/index.php\/2019\/08\/21\/se-unen-periodistas-colimenses-al-repudio-por-agresiones-y-asesinatos-en-su-contra-colima\/","url_meta":{"origin":2756,"position":0},"title":"Se unen periodistas colimenses al repudio por agresiones y asesinatos en su contra (Colima)","author":"grieta","date":"21 agosto, 2019","format":false,"excerpt":"Foto: El Comentario Redacci\u00f3n \/ El Comentario Un grupo de\u00a0periodistas colimenses, efectuaron una\u00a0manifestaci\u00f3n\u00a0a la entrada del inmueble del\u00a0Palacio\u00a0Legislativo, para unirse a la\u00a0protesta nacional\u00a0organizada para manifestar su repudio en contra de las\u00a0agresiones\u00a0y\u00a0asesinatos\u00a0cometidos en\u00a0contra de periodistas\u00a0y\u00a0comunicadores en el pa\u00eds. El corresponsal del peri\u00f3dico\u00a0La Jornada,\u00a0Juan Carlos Flores Carrillo, se\u00f1al\u00f3 que en lo que\u2026","rel":"","context":"En &quot;CINTILLO&quot;","block_context":{"text":"CINTILLO","link":"https:\/\/www.grieta.org.mx\/index.php\/category\/cintillo\/"},"img":{"alt_text":"","src":"https:\/\/i0.wp.com\/www.grieta.org.mx\/wp-content\/uploads\/2019\/08\/ba020e82d02031c87c793e1e29859f65.jpg?resize=350%2C200&ssl=1","width":350,"height":200,"srcset":"https:\/\/i0.wp.com\/www.grieta.org.mx\/wp-content\/uploads\/2019\/08\/ba020e82d02031c87c793e1e29859f65.jpg?resize=350%2C200&ssl=1 1x, https:\/\/i0.wp.com\/www.grieta.org.mx\/wp-content\/uploads\/2019\/08\/ba020e82d02031c87c793e1e29859f65.jpg?resize=525%2C300&ssl=1 1.5x, https:\/\/i0.wp.com\/www.grieta.org.mx\/wp-content\/uploads\/2019\/08\/ba020e82d02031c87c793e1e29859f65.jpg?resize=700%2C400&ssl=1 2x, https:\/\/i0.wp.com\/www.grieta.org.mx\/wp-content\/uploads\/2019\/08\/ba020e82d02031c87c793e1e29859f65.jpg?resize=1050%2C600&ssl=1 3x"},"classes":[]},{"id":40326,"url":"https:\/\/www.grieta.org.mx\/index.php\/2019\/10\/02\/denuncian-a-director-de-la-api-manzanillo-por-amenazas-a-periodista-colima\/","url_meta":{"origin":2756,"position":1},"title":"Denuncian a director de la API Manzanillo por amenazas a periodista  (Colima)","author":"grieta","date":"2 octubre, 2019","format":false,"excerpt":"Foto: Especial \u00c1ngel M\u00e9ndez \/ Quadratin Colima MANZANILLO, Col., 2 de octubre de 2019.- Este mi\u00e9rcoles, el periodista y locutor Javier Montes Camarena, responsabiliz\u00f3 p\u00fablica y penalmente de lo que le pueda pasar a \u00e9l y su familia, al director de la Administraci\u00f3n Portuaria Integral, H\u00e9ctor Mora G\u00f3mez, por las\u2026","rel":"","context":"En &quot;CINTILLO&quot;","block_context":{"text":"CINTILLO","link":"https:\/\/www.grieta.org.mx\/index.php\/category\/cintillo\/"},"img":{"alt_text":"","src":"https:\/\/i0.wp.com\/www.grieta.org.mx\/wp-content\/uploads\/2019\/10\/WhatsApp-Image-2019-10-02-at-5.06.39-PM-1160x700.jpeg?resize=350%2C200&ssl=1","width":350,"height":200,"srcset":"https:\/\/i0.wp.com\/www.grieta.org.mx\/wp-content\/uploads\/2019\/10\/WhatsApp-Image-2019-10-02-at-5.06.39-PM-1160x700.jpeg?resize=350%2C200&ssl=1 1x, https:\/\/i0.wp.com\/www.grieta.org.mx\/wp-content\/uploads\/2019\/10\/WhatsApp-Image-2019-10-02-at-5.06.39-PM-1160x700.jpeg?resize=525%2C300&ssl=1 1.5x, https:\/\/i0.wp.com\/www.grieta.org.mx\/wp-content\/uploads\/2019\/10\/WhatsApp-Image-2019-10-02-at-5.06.39-PM-1160x700.jpeg?resize=700%2C400&ssl=1 2x, https:\/\/i0.wp.com\/www.grieta.org.mx\/wp-content\/uploads\/2019\/10\/WhatsApp-Image-2019-10-02-at-5.06.39-PM-1160x700.jpeg?resize=1050%2C600&ssl=1 3x"},"classes":[]},{"id":2702,"url":"https:\/\/www.grieta.org.mx\/index.php\/2015\/12\/04\/periodistas-en-colima-protestan-contra-la-ley-mordaza\/","url_meta":{"origin":2756,"position":2},"title":"Periodistas en Colima protestan contra la \u201cLey Mordaza\u201d","author":"grieta","date":"4 diciembre, 2015","format":false,"excerpt":"Diario Avanzada Colima, M\u00e9xico. Avanzada (4 de diciembre de 2015).- Periodistas colimenses protestaron en las instalaciones del Congreso del Estado en contra de la entrada en vigor de la Ley de Derecho de R\u00e9plica por considerar que \u00e9sta representa un retroceso en la Libertad de Expresi\u00f3n. Los periodistas mencionaron que\u2026","rel":"","context":"En &quot;CINTILLO&quot;","block_context":{"text":"CINTILLO","link":"https:\/\/www.grieta.org.mx\/index.php\/category\/cintillo\/"},"img":{"alt_text":"","src":"https:\/\/i0.wp.com\/www.grieta.org.mx\/wp-content\/uploads\/2018\/03\/14524434_1106112876131411_958039263622046936_o.jpg?resize=350%2C200&ssl=1","width":350,"height":200,"srcset":"https:\/\/i0.wp.com\/www.grieta.org.mx\/wp-content\/uploads\/2018\/03\/14524434_1106112876131411_958039263622046936_o.jpg?resize=350%2C200&ssl=1 1x, https:\/\/i0.wp.com\/www.grieta.org.mx\/wp-content\/uploads\/2018\/03\/14524434_1106112876131411_958039263622046936_o.jpg?resize=525%2C300&ssl=1 1.5x, https:\/\/i0.wp.com\/www.grieta.org.mx\/wp-content\/uploads\/2018\/03\/14524434_1106112876131411_958039263622046936_o.jpg?resize=700%2C400&ssl=1 2x"},"classes":[]},{"id":2758,"url":"https:\/\/www.grieta.org.mx\/index.php\/2015\/08\/03\/protesta-en-colima-por-el-multihomicidio-en-la-narvarte\/","url_meta":{"origin":2756,"position":3},"title":"Protesta en Colima por el multihomicidio en la Narvarte","author":"grieta","date":"3 agosto, 2015","format":false,"excerpt":"03\/08\/15. Protestan en Colima por asesinato de foto periodista y cuatro mujeresDiario Avanzada","rel":"","context":"En &quot;Colima&quot;","block_context":{"text":"Colima","link":"https:\/\/www.grieta.org.mx\/index.php\/category\/noticias-nacionales\/colima\/"},"img":{"alt_text":"","src":"https:\/\/i0.wp.com\/www.grieta.org.mx\/wp-content\/uploads\/2018\/03\/14524434_1106112876131411_958039263622046936_o.jpg?resize=350%2C200&ssl=1","width":350,"height":200,"srcset":"https:\/\/i0.wp.com\/www.grieta.org.mx\/wp-content\/uploads\/2018\/03\/14524434_1106112876131411_958039263622046936_o.jpg?resize=350%2C200&ssl=1 1x, https:\/\/i0.wp.com\/www.grieta.org.mx\/wp-content\/uploads\/2018\/03\/14524434_1106112876131411_958039263622046936_o.jpg?resize=525%2C300&ssl=1 1.5x, https:\/\/i0.wp.com\/www.grieta.org.mx\/wp-content\/uploads\/2018\/03\/14524434_1106112876131411_958039263622046936_o.jpg?resize=700%2C400&ssl=1 2x"},"classes":[]},{"id":69934,"url":"https:\/\/www.grieta.org.mx\/index.php\/2024\/09\/23\/subanla-periodista-denuncia-agresion-fisica-de-policias-en-colima\/","url_meta":{"origin":2756,"position":4},"title":"\u201c\u00a1S\u00fabanla!\u201d: periodista denuncia agresi\u00f3n f\u00edsica de polic\u00edas en Colima","author":"grieta","date":"23 septiembre, 2024","format":false,"excerpt":"Imagen: Diario Avanzada Redacci\u00f3n \/ Diario Avanzada Colima, M\u00e9xico, Avanzada (23\/09\/2024).- \u00c1ngeles \u00c1valos, reportera de \u201cnota roja\u201d con m\u00e1s de una d\u00e9cada cubriendo la fuente policiaca en Colima, fue agredida por elementos policiales cuando regresaba a su casa tras comprar cigarros la noche de ayer. En un video que comparti\u00f3\u2026","rel":"","context":"En &quot;CINTILLO&quot;","block_context":{"text":"CINTILLO","link":"https:\/\/www.grieta.org.mx\/index.php\/category\/cintillo\/"},"img":{"alt_text":"","src":"https:\/\/i0.wp.com\/www.grieta.org.mx\/wp-content\/uploads\/2024\/10\/img_4656-1.jpg?resize=350%2C200&ssl=1","width":350,"height":200,"srcset":"https:\/\/i0.wp.com\/www.grieta.org.mx\/wp-content\/uploads\/2024\/10\/img_4656-1.jpg?resize=350%2C200&ssl=1 1x, https:\/\/i0.wp.com\/www.grieta.org.mx\/wp-content\/uploads\/2024\/10\/img_4656-1.jpg?resize=525%2C300&ssl=1 1.5x, https:\/\/i0.wp.com\/www.grieta.org.mx\/wp-content\/uploads\/2024\/10\/img_4656-1.jpg?resize=700%2C400&ssl=1 2x"},"classes":[]},{"id":63205,"url":"https:\/\/www.grieta.org.mx\/index.php\/2022\/01\/26\/periodistas-en-colima-se-suman-a-la-jornada-nacional-de-protesta\/","url_meta":{"origin":2756,"position":5},"title":"Periodistas en Colima se suman a la jornada nacional de protesta","author":"grieta","date":"26 enero, 2022","format":false,"excerpt":"Foto: Diario Avanzada Heidi de Le\u00f3n Guti\u00e9rrez \/ Diario Avanzada Colima, M\u00e9xico, Avanzada (26\/01\/2022).- Periodistas de Colima se unen a la protesta nacional que ayer se realiz\u00f3 por los asesinatos de reporteros en diferentes entidades del pa\u00eds. Afuera de Palacio de Gobierno, los periodistas colocaron las fotograf\u00edas de Lourdes Maldonado,\u2026","rel":"","context":"En &quot;CINTILLO&quot;","block_context":{"text":"CINTILLO","link":"https:\/\/www.grieta.org.mx\/index.php\/category\/cintillo\/"},"img":{"alt_text":"","src":"https:\/\/i0.wp.com\/www.grieta.org.mx\/wp-content\/uploads\/2022\/01\/image-237.png?resize=350%2C200&ssl=1","width":350,"height":200,"srcset":"https:\/\/i0.wp.com\/www.grieta.org.mx\/wp-content\/uploads\/2022\/01\/image-237.png?resize=350%2C200&ssl=1 1x, https:\/\/i0.wp.com\/www.grieta.org.mx\/wp-content\/uploads\/2022\/01\/image-237.png?resize=525%2C300&ssl=1 1.5x"},"classes":[]}],"_links":{"self":[{"href":"https:\/\/www.grieta.org.mx\/index.php\/wp-json\/wp\/v2\/posts\/2756","targetHints":{"allow":["GET"]}}],"collection":[{"href":"https:\/\/www.grieta.org.mx\/index.php\/wp-json\/wp\/v2\/posts"}],"about":[{"href":"https:\/\/www.grieta.org.mx\/index.php\/wp-json\/wp\/v2\/types\/post"}],"author":[{"embeddable":true,"href":"https:\/\/www.grieta.org.mx\/index.php\/wp-json\/wp\/v2\/users\/2"}],"replies":[{"embeddable":true,"href":"https:\/\/www.grieta.org.mx\/index.php\/wp-json\/wp\/v2\/comments?post=2756"}],"version-history":[{"count":1,"href":"https:\/\/www.grieta.org.mx\/index.php\/wp-json\/wp\/v2\/posts\/2756\/revisions"}],"predecessor-version":[{"id":2757,"href":"https:\/\/www.grieta.org.mx\/index.php\/wp-json\/wp\/v2\/posts\/2756\/revisions\/2757"}],"wp:featuredmedia":[{"embeddable":true,"href":"https:\/\/www.grieta.org.mx\/index.php\/wp-json\/wp\/v2\/media\/21928"}],"wp:attachment":[{"href":"https:\/\/www.grieta.org.mx\/index.php\/wp-json\/wp\/v2\/media?parent=2756"}],"wp:term":[{"taxonomy":"category","embeddable":true,"href":"https:\/\/www.grieta.org.mx\/index.php\/wp-json\/wp\/v2\/categories?post=2756"},{"taxonomy":"post_tag","embeddable":true,"href":"https:\/\/www.grieta.org.mx\/index.php\/wp-json\/wp\/v2\/tags?post=2756"}],"curies":[{"name":"wp","href":"https:\/\/api.w.org\/{rel}","templated":true}]}}