{"id":2752,"date":"2015-09-26T12:42:10","date_gmt":"2015-09-26T12:42:10","guid":{"rendered":"http:\/\/50.22.11.12\/~grietaor\/?p=2752"},"modified":"2016-04-23T18:27:13","modified_gmt":"2016-04-23T18:27:13","slug":"marchan-maestros-en-manzanillo-hasta-la-pgr-en-apoyo-a-los-43","status":"publish","type":"post","link":"https:\/\/www.grieta.org.mx\/index.php\/2015\/09\/26\/marchan-maestros-en-manzanillo-hasta-la-pgr-en-apoyo-a-los-43\/","title":{"rendered":"Marchan Maestros en Manzanillo Hasta la PGR en Apoyo a los 43"},"content":{"rendered":"<p> Krystel Noyola <\/p>\n<p>Encargados de las oficinas de la Procuradur\u00eda General de la Rep\u00fablica (PGR) en Manzanillo, cerraron las puertas al ver la presencia de medio centenar de maestros que exig\u00edan justicia por los 43 estudiantes normalistas desaparecidos hace un a\u00f1o en Ayotzinapa, Guerrero.<\/p>\n<p>El contingente de maestros y padres de familia iniciaron la marcha frente al auditorio Manuel Bonilla Valle, a las 10:30 de la ma\u00f1ana y recorrieron la avenida El\u00edas Zamora hasta llegar la PGR, a las 11:30 horas.<br \/>\nDurante el recorrido los maestros lanzaban consignas como estas: \u00a1Gobierno fascista que mata normalistas! \u00a1Gobierno farsante que a matas a estudiantes!. \u00a1Que muera la reforma educativa!, entre otras cr\u00edticas m\u00e1s hacia el sistema corrupto y demag\u00f3gico.<br \/>\nLos inconformes se apostaron frente a las oficinas de la PGR, donde una persona los estaba esperando con c\u00e1mara fotogr\u00e1fica en mano, y luego de tomarles fotos, se meti\u00f3 y cerr\u00f3 las puertas con llave para que nadie entrara, por lo que la gente gritaba: \u00a1No se escondan! \u00a1Den la cara!<br \/>\nLa gente ped\u00eda que les dieran un informe sobre los avances de las investigaciones que se llevan a cabo sobre el caso Aytzinapa. Despu\u00e9s de 40 minutos de espera, nadie dio la cara y los maestros se retiraron, sin causar ning\u00fan disturbio.<br \/>\nEl l\u00edder de los maestros democr\u00e1ticos en Colima, profesor J. Refugio Olague Soto, dijo que el tema central de la marcha fue de que al gobierno federal no le interesa tener un pueblo despierto y educado para seguir cometiendo sus fechor\u00edas en contra de la ciudadan\u00eda mexicana, por lo que la lucha magisterial sigue adelante en busca de una educaci\u00f3n de mejor calidad y sobre todo, que se abrogue la Reforma Educativa que lesiona los intereses econ\u00f3micos de los profesionales de la educaci\u00f3n en todo el pa\u00eds.<\/p>\n<p><a href=\"http:\/\/www.noticiasmanzanillo.com\/index.php\/actualidad\/item\/1649-marchan-maestros-en-manzanillo-hacia-la-pgr-en-apoyo-a-los-43\" target=\"_blank\">http:\/\/www.noticiasmanzanillo.com\/index.php\/actualidad\/item\/1649-marchan-maestros-en-manzanillo-hacia-la-pgr-en-apoyo-a-los-43<\/a><\/p>\n","protected":false},"excerpt":{"rendered":"<p>Krystel Noyola Encargados de las oficinas de la Procuradur\u00eda General de la Rep\u00fablica (PGR) en Manzanillo, cerraron las puertas al ver la presencia de medio centenar de maestros que exig\u00edan &hellip; <a href=\"https:\/\/www.grieta.org.mx\/index.php\/2015\/09\/26\/marchan-maestros-en-manzanillo-hasta-la-pgr-en-apoyo-a-los-43\/\" class=\"more-link\">Leer m\u00e1s<\/a><\/p>\n","protected":false},"author":2,"featured_media":21928,"comment_status":"closed","ping_status":"open","sticky":false,"template":"","format":"standard","meta":{"ngg_post_thumbnail":0,"_jetpack_newsletter_access":"","_jetpack_dont_email_post_to_subs":false,"_jetpack_newsletter_tier_id":0,"_jetpack_memberships_contains_paywalled_content":false,"_jetpack_memberships_contains_paid_content":false,"footnotes":""},"categories":[80,108],"tags":[229],"class_list":["post-2752","post","type-post","status-publish","format-standard","has-post-thumbnail","hentry","category-cintillo","category-colima","tag-solidaridad-con-ayotzinapa","entry"],"jetpack_featured_media_url":"https:\/\/www.grieta.org.mx\/wp-content\/uploads\/2018\/03\/14524434_1106112876131411_958039263622046936_o.jpg","jetpack_sharing_enabled":true,"jetpack_shortlink":"https:\/\/wp.me\/p7ZJR4-Io","jetpack_likes_enabled":false,"jetpack-related-posts":[{"id":2002,"url":"https:\/\/www.grieta.org.mx\/index.php\/2016\/01\/26\/movilizaciones-por-ayotzinapa-en-colima\/","url_meta":{"origin":2752,"position":0},"title":"Movilizaciones por Ayotzinapa en Colima","author":"grieta","date":"26 enero, 2016","format":false,"excerpt":"26\/01\/16. \u201cNo deseamos a nadie estar en nuestros zapatos\u201d: Familiares de AyotzinapaDiario Avanzada 26\/09\/15. En Colima marchan por Ayotzinapa a un a\u00f1o de la desaparici\u00f3n y asesinato de estudiantesAF Medios 26\/09\/15. Marchan Maestros en Manzanillo Hasta la PGR en Apoyo a los 43Noticias Manzanillo 11\/08\/15. \u201cNo los olviden\u201d piden padres\u2026","rel":"","context":"En &quot;Colima&quot;","block_context":{"text":"Colima","link":"https:\/\/www.grieta.org.mx\/index.php\/category\/noticias-nacionales\/colima\/"},"img":{"alt_text":"","src":"https:\/\/i0.wp.com\/www.grieta.org.mx\/wp-content\/uploads\/2018\/03\/14524434_1106112876131411_958039263622046936_o.jpg?resize=350%2C200&ssl=1","width":350,"height":200,"srcset":"https:\/\/i0.wp.com\/www.grieta.org.mx\/wp-content\/uploads\/2018\/03\/14524434_1106112876131411_958039263622046936_o.jpg?resize=350%2C200&ssl=1 1x, https:\/\/i0.wp.com\/www.grieta.org.mx\/wp-content\/uploads\/2018\/03\/14524434_1106112876131411_958039263622046936_o.jpg?resize=525%2C300&ssl=1 1.5x, https:\/\/i0.wp.com\/www.grieta.org.mx\/wp-content\/uploads\/2018\/03\/14524434_1106112876131411_958039263622046936_o.jpg?resize=700%2C400&ssl=1 2x"},"classes":[]},{"id":4392,"url":"https:\/\/www.grieta.org.mx\/index.php\/2015\/02\/08\/colocan-ilustraciones-de-los-43-normalistas-en-monterrey\/","url_meta":{"origin":2752,"position":1},"title":"Colocan ilustraciones de los 43 normalistas en Monterrey","author":"grieta","date":"8 febrero, 2015","format":false,"excerpt":"La Jornada Por Erick Mu\u00f1iz Los rostros de los 43 estudiantes desaparecidos fueron colocados la tarde de este domingo frente al Palacio de Gobierno de Nuevo Le\u00f3n. Foto Erick Mu\u00f1iz Monterrey, Nvo Le\u00f3n. Los rostros de los 43 estudiantes de la normal de Ayotzinapa, desaparecidos y asesinados -seg\u00fan la versi\u00f3n\u2026","rel":"","context":"En &quot;CINTILLO&quot;","block_context":{"text":"CINTILLO","link":"https:\/\/www.grieta.org.mx\/index.php\/category\/cintillo\/"},"img":{"alt_text":"","src":"https:\/\/i0.wp.com\/www.grieta.org.mx\/wp-content\/uploads\/2018\/03\/14524434_1106112876131411_958039263622046936_o.jpg?resize=350%2C200&ssl=1","width":350,"height":200,"srcset":"https:\/\/i0.wp.com\/www.grieta.org.mx\/wp-content\/uploads\/2018\/03\/14524434_1106112876131411_958039263622046936_o.jpg?resize=350%2C200&ssl=1 1x, https:\/\/i0.wp.com\/www.grieta.org.mx\/wp-content\/uploads\/2018\/03\/14524434_1106112876131411_958039263622046936_o.jpg?resize=525%2C300&ssl=1 1.5x, https:\/\/i0.wp.com\/www.grieta.org.mx\/wp-content\/uploads\/2018\/03\/14524434_1106112876131411_958039263622046936_o.jpg?resize=700%2C400&ssl=1 2x"},"classes":[]},{"id":8162,"url":"https:\/\/www.grieta.org.mx\/index.php\/2015\/03\/26\/protestan-en-tijuana-por-la-desaparicion-de-los-normalistas-de-ayotzinapa\/","url_meta":{"origin":2752,"position":2},"title":"Protestan en Tijuana por la desaparici\u00f3n de los normalistas de Ayotzinapa","author":"grieta","date":"26 marzo, 2015","format":false,"excerpt":"\u00c1ngela Torres, Tijuana, B.C. Maestros de la Coordinaci\u00f3n Nacional de Trabajadores de la Educaci\u00f3n, el Frente de Lucha de Baja California, defensores del parque Benito Ju\u00e1rez y p\u00fablico en general, se manifestaron en la glorieta Cuauht\u00e9moc, en Tijuana, para protestar a seis meses de la desaparici\u00f3n de los normalistas de\u2026","rel":"","context":"En &quot;CINTILLO&quot;","block_context":{"text":"CINTILLO","link":"https:\/\/www.grieta.org.mx\/index.php\/category\/cintillo\/"},"img":{"alt_text":"","src":"https:\/\/i0.wp.com\/www.grieta.org.mx\/wp-content\/uploads\/2018\/03\/14524434_1106112876131411_958039263622046936_o.jpg?resize=350%2C200&ssl=1","width":350,"height":200,"srcset":"https:\/\/i0.wp.com\/www.grieta.org.mx\/wp-content\/uploads\/2018\/03\/14524434_1106112876131411_958039263622046936_o.jpg?resize=350%2C200&ssl=1 1x, https:\/\/i0.wp.com\/www.grieta.org.mx\/wp-content\/uploads\/2018\/03\/14524434_1106112876131411_958039263622046936_o.jpg?resize=525%2C300&ssl=1 1.5x, https:\/\/i0.wp.com\/www.grieta.org.mx\/wp-content\/uploads\/2018\/03\/14524434_1106112876131411_958039263622046936_o.jpg?resize=700%2C400&ssl=1 2x"},"classes":[]},{"id":9771,"url":"https:\/\/www.grieta.org.mx\/index.php\/2015\/11\/26\/padres-de-ayotzinapa-instalan-planton-indefinido-en-chivatito-exigen-nombrar-a-nuevo-fiscal\/","url_meta":{"origin":2752,"position":3},"title":"Padres de Ayotzinapa instalan plant\u00f3n indefinido en Chivatito; exigen nombrar a nuevo fiscal","author":"grieta","date":"26 noviembre, 2015","format":false,"excerpt":"Animal Pol\u00edtico El plant\u00f3n se instal\u00f3 en demanda de la designaci\u00f3n del fiscal especial y del grupo t\u00e9cnico que realizar\u00e1 la nueva investigaci\u00f3n del caso. Padres de Ayotzinapa instalan plant\u00f3n indefinido en Chivatito; exigen nombrar a nuevo fiscal Alrededor de 200 personas estar\u00e1n en el plant\u00f3n, indic\u00f3 el padre de\u2026","rel":"","context":"En &quot;CINTILLO&quot;","block_context":{"text":"CINTILLO","link":"https:\/\/www.grieta.org.mx\/index.php\/category\/cintillo\/"},"img":{"alt_text":"","src":"https:\/\/i0.wp.com\/www.grieta.org.mx\/wp-content\/uploads\/2018\/03\/14524434_1106112876131411_958039263622046936_o.jpg?resize=350%2C200&ssl=1","width":350,"height":200,"srcset":"https:\/\/i0.wp.com\/www.grieta.org.mx\/wp-content\/uploads\/2018\/03\/14524434_1106112876131411_958039263622046936_o.jpg?resize=350%2C200&ssl=1 1x, https:\/\/i0.wp.com\/www.grieta.org.mx\/wp-content\/uploads\/2018\/03\/14524434_1106112876131411_958039263622046936_o.jpg?resize=525%2C300&ssl=1 1.5x, https:\/\/i0.wp.com\/www.grieta.org.mx\/wp-content\/uploads\/2018\/03\/14524434_1106112876131411_958039263622046936_o.jpg?resize=700%2C400&ssl=1 2x"},"classes":[]},{"id":35630,"url":"https:\/\/www.grieta.org.mx\/index.php\/2019\/06\/27\/con-un-mitin-reprochan-normalistas-la-falta-de-resultados-en-investigacion-del-caso-ayotzinapa\/","url_meta":{"origin":2752,"position":4},"title":"Con un mitin reprochan normalistas la falta de resultados en investigaci\u00f3n del Caso Ayotzinapa","author":"Admin","date":"27 junio, 2019","format":false,"excerpt":"Chilpancingo Gro; a 26 de junio del 2019.- A 57 meses de la desaparici\u00f3n de 43 normalistas de Ayotzinapa y casi 7 meses del gobierno de Andr\u00e9s Manuel L\u00f3pez Obrador, estudiantes de esta instituci\u00f3n reclamaron la falta de avances para resolver este caso. Los estudiantes arribaron al anti-monumento ubicado en\u2026","rel":"","context":"En &quot;Caso Ayotzinapa&quot;","block_context":{"text":"Caso Ayotzinapa","link":"https:\/\/www.grieta.org.mx\/index.php\/category\/noticias-nacionales\/guerrero\/caso-ayotzinapa\/"},"img":{"alt_text":"","src":"https:\/\/i0.wp.com\/www.grieta.org.mx\/wp-content\/uploads\/2019\/06\/NORMALISTAS-IRZA-1.jpg?resize=350%2C200&ssl=1","width":350,"height":200,"srcset":"https:\/\/i0.wp.com\/www.grieta.org.mx\/wp-content\/uploads\/2019\/06\/NORMALISTAS-IRZA-1.jpg?resize=350%2C200&ssl=1 1x, https:\/\/i0.wp.com\/www.grieta.org.mx\/wp-content\/uploads\/2019\/06\/NORMALISTAS-IRZA-1.jpg?resize=525%2C300&ssl=1 1.5x, https:\/\/i0.wp.com\/www.grieta.org.mx\/wp-content\/uploads\/2019\/06\/NORMALISTAS-IRZA-1.jpg?resize=700%2C400&ssl=1 2x"},"classes":[]},{"id":6041,"url":"https:\/\/www.grieta.org.mx\/index.php\/2015\/09\/27\/en-aguascalientes-exigen-justicia-a-un-ano-de-la-desaparicion-de-los-43-estudiantes-normalistas-de-ayotzinapa\/","url_meta":{"origin":2752,"position":5},"title":"En Aguascalientes exigen Justicia a un a\u00f1o de la Desaparici\u00f3n de los 43 Estudiantes Normalistas de Ayotzinapa","author":"grieta","date":"27 septiembre, 2015","format":false,"excerpt":"Cristina Zareth Hern\u00e1ndez Guti\u00e9rrez En el primer aniversario de la desaparici\u00f3n de los normalistas de Ayotzinapa, estudiantes, maestros y activistas realizaron una marcha de protesta para exigir al igual que hace un a\u00f1o, \u201cjusticia por los 43\u201d. El contingente de cerca de 400 personas que se integr\u00f3 por estudiantes del\u2026","rel":"","context":"En &quot;aguascalientes&quot;","block_context":{"text":"aguascalientes","link":"https:\/\/www.grieta.org.mx\/index.php\/category\/aguascalientes\/"},"img":{"alt_text":"","src":"https:\/\/i0.wp.com\/www.grieta.org.mx\/wp-content\/uploads\/2018\/03\/14524434_1106112876131411_958039263622046936_o.jpg?resize=350%2C200&ssl=1","width":350,"height":200,"srcset":"https:\/\/i0.wp.com\/www.grieta.org.mx\/wp-content\/uploads\/2018\/03\/14524434_1106112876131411_958039263622046936_o.jpg?resize=350%2C200&ssl=1 1x, https:\/\/i0.wp.com\/www.grieta.org.mx\/wp-content\/uploads\/2018\/03\/14524434_1106112876131411_958039263622046936_o.jpg?resize=525%2C300&ssl=1 1.5x, https:\/\/i0.wp.com\/www.grieta.org.mx\/wp-content\/uploads\/2018\/03\/14524434_1106112876131411_958039263622046936_o.jpg?resize=700%2C400&ssl=1 2x"},"classes":[]}],"_links":{"self":[{"href":"https:\/\/www.grieta.org.mx\/index.php\/wp-json\/wp\/v2\/posts\/2752","targetHints":{"allow":["GET"]}}],"collection":[{"href":"https:\/\/www.grieta.org.mx\/index.php\/wp-json\/wp\/v2\/posts"}],"about":[{"href":"https:\/\/www.grieta.org.mx\/index.php\/wp-json\/wp\/v2\/types\/post"}],"author":[{"embeddable":true,"href":"https:\/\/www.grieta.org.mx\/index.php\/wp-json\/wp\/v2\/users\/2"}],"replies":[{"embeddable":true,"href":"https:\/\/www.grieta.org.mx\/index.php\/wp-json\/wp\/v2\/comments?post=2752"}],"version-history":[{"count":1,"href":"https:\/\/www.grieta.org.mx\/index.php\/wp-json\/wp\/v2\/posts\/2752\/revisions"}],"predecessor-version":[{"id":10724,"href":"https:\/\/www.grieta.org.mx\/index.php\/wp-json\/wp\/v2\/posts\/2752\/revisions\/10724"}],"wp:featuredmedia":[{"embeddable":true,"href":"https:\/\/www.grieta.org.mx\/index.php\/wp-json\/wp\/v2\/media\/21928"}],"wp:attachment":[{"href":"https:\/\/www.grieta.org.mx\/index.php\/wp-json\/wp\/v2\/media?parent=2752"}],"wp:term":[{"taxonomy":"category","embeddable":true,"href":"https:\/\/www.grieta.org.mx\/index.php\/wp-json\/wp\/v2\/categories?post=2752"},{"taxonomy":"post_tag","embeddable":true,"href":"https:\/\/www.grieta.org.mx\/index.php\/wp-json\/wp\/v2\/tags?post=2752"}],"curies":[{"name":"wp","href":"https:\/\/api.w.org\/{rel}","templated":true}]}}