{"id":2749,"date":"2015-09-26T12:38:40","date_gmt":"2015-09-26T12:38:40","guid":{"rendered":"http:\/\/50.22.11.12\/~grietaor\/?p=2749"},"modified":"2016-04-23T18:26:22","modified_gmt":"2016-04-23T18:26:22","slug":"en-colima-marchan-por-ayotzinapa-a-un-ano-de-la-desaparicion-y-asesinato-de-estudiantes","status":"publish","type":"post","link":"https:\/\/www.grieta.org.mx\/index.php\/2015\/09\/26\/en-colima-marchan-por-ayotzinapa-a-un-ano-de-la-desaparicion-y-asesinato-de-estudiantes\/","title":{"rendered":"En Colima marchan por Ayotzinapa a un a\u00f1o de la desaparici\u00f3n y asesinato de estudiantes"},"content":{"rendered":"<p>Arnoldo Delgadillo<\/p>\n<p>Colima.-A un a\u00f1o de la desaparici\u00f3n de los 43 estudiantes de la Normal Rural de Ayotzinapa, ciudadanos colimenses marcharon y celebraron un evento pol\u00edtico-cultural, uni\u00e9ndose al movimiento global #D\u00edaDeLaIndignaci\u00f3n.<\/p>\n<p>La lluvia retras\u00f3 una hora la salida de la marcha, pero se llev\u00f3 a cabo, su exigencia sigue siendo la justicia, el grito que cimbr\u00f3 la capital del estado de Colima: \u201c\u00a1Vivos se los llevaron, vivos los queremos!\u201d.<\/p>\n<p>Al llegar al Jard\u00edn Libertad se ley\u00f3 la carta que fue presentada por los padres de los normalistas al presidente Enrique Pe\u00f1a Nieto, destacando sus ocho peticiones:<\/p>\n<p>1 Reconocimiento de la legitimidad de nuestra b\u00fasqueda de justicia y de que el caso se encuentra abierto.<br \/>\n2 Permanencia del GIEI, aceptaci\u00f3n plena del informe del GIEI y sus recomendaciones.<br \/>\n3 Replanteamiento de la investigaci\u00f3n en una unidad especializada de investigaci\u00f3n, con supervisi\u00f3n internacional.<br \/>\n4 Relanzamiento y concentraci\u00f3n de la b\u00fasqueda a partir del uso inmediato de tecnolog\u00eda.<br \/>\n5 Atenci\u00f3n digna e inmediata a los heridos y familiares de nuestros compa\u00f1eros ejecutados extrajudicialmente.<br \/>\n6 Respeto a la Normal Rural Ra\u00fal Isidro Burgos y cese a los intentos de criminalizaci\u00f3n de los normalistas.<br \/>\n7 Mecanismos de comunicaci\u00f3n permanente, digna y con respeto a nuestros derechos.<br \/>\n8 Reconocimiento y acciones de fondo frente a la crisis de impunidad, corrupci\u00f3n y violaciones a derechos humanos que vive M\u00e9xico.<\/p>\n<p>Las voces de los padres de los desaparecidos hico eco en Colima.<\/p>\n<p>\u201cMientras que no conozcamos con pruebas irrefutables el paradero de nuestros hijos; mientras las v\u00edctimas no seamos tratadas con dignidad; mientras los asesinos no sean detenidos y castigados; mientras los narcopol\u00edticos sigan gobernando; mientras no haya verdad, nuestra leg\u00edtima b\u00fasqueda de justicia marcar\u00e1 su administraci\u00f3n y a su nombre se asociar\u00e1 el de Ayotzinapa como s\u00edmbolo de la impunidad y la corrupci\u00f3n que reina en el pa\u00eds. Mientras no sepamos d\u00f3nde est\u00e1n nuestros hijos, nuestro grito seguir\u00e1 resonando en todo el pa\u00eds\u201d.<\/p>\n<p><a href=\"http:\/\/www.afmedios.com\/2015\/09\/en-colima-marchan-por-ayotzinapa-a-un-ano-de-su-desaparicion\/\" target=\"_blank\">http:\/\/www.afmedios.com\/2015\/09\/en-colima-marchan-por-ayotzinapa-a-un-ano-de-su-desaparicion\/<\/a><\/p>\n","protected":false},"excerpt":{"rendered":"<p>Arnoldo Delgadillo Colima.-A un a\u00f1o de la desaparici\u00f3n de los 43 estudiantes de la Normal Rural de Ayotzinapa, ciudadanos colimenses marcharon y celebraron un evento pol\u00edtico-cultural, uni\u00e9ndose al movimiento global &hellip; <a href=\"https:\/\/www.grieta.org.mx\/index.php\/2015\/09\/26\/en-colima-marchan-por-ayotzinapa-a-un-ano-de-la-desaparicion-y-asesinato-de-estudiantes\/\" class=\"more-link\">Leer m\u00e1s<\/a><\/p>\n","protected":false},"author":2,"featured_media":21928,"comment_status":"closed","ping_status":"open","sticky":false,"template":"","format":"standard","meta":{"ngg_post_thumbnail":0,"_jetpack_newsletter_access":"","_jetpack_dont_email_post_to_subs":false,"_jetpack_newsletter_tier_id":0,"_jetpack_memberships_contains_paywalled_content":false,"_jetpack_memberships_contains_paid_content":false,"footnotes":""},"categories":[80,108],"tags":[229],"class_list":["post-2749","post","type-post","status-publish","format-standard","has-post-thumbnail","hentry","category-cintillo","category-colima","tag-solidaridad-con-ayotzinapa","entry"],"jetpack_featured_media_url":"https:\/\/www.grieta.org.mx\/wp-content\/uploads\/2018\/03\/14524434_1106112876131411_958039263622046936_o.jpg","jetpack_sharing_enabled":true,"jetpack_shortlink":"https:\/\/wp.me\/p7ZJR4-Il","jetpack_likes_enabled":false,"jetpack-related-posts":[{"id":2002,"url":"https:\/\/www.grieta.org.mx\/index.php\/2016\/01\/26\/movilizaciones-por-ayotzinapa-en-colima\/","url_meta":{"origin":2749,"position":0},"title":"Movilizaciones por Ayotzinapa en Colima","author":"grieta","date":"26 enero, 2016","format":false,"excerpt":"26\/01\/16. \u201cNo deseamos a nadie estar en nuestros zapatos\u201d: Familiares de AyotzinapaDiario Avanzada 26\/09\/15. En Colima marchan por Ayotzinapa a un a\u00f1o de la desaparici\u00f3n y asesinato de estudiantesAF Medios 26\/09\/15. Marchan Maestros en Manzanillo Hasta la PGR en Apoyo a los 43Noticias Manzanillo 11\/08\/15. \u201cNo los olviden\u201d piden padres\u2026","rel":"","context":"En &quot;Colima&quot;","block_context":{"text":"Colima","link":"https:\/\/www.grieta.org.mx\/index.php\/category\/noticias-nacionales\/colima\/"},"img":{"alt_text":"","src":"https:\/\/i0.wp.com\/www.grieta.org.mx\/wp-content\/uploads\/2018\/03\/14524434_1106112876131411_958039263622046936_o.jpg?resize=350%2C200&ssl=1","width":350,"height":200,"srcset":"https:\/\/i0.wp.com\/www.grieta.org.mx\/wp-content\/uploads\/2018\/03\/14524434_1106112876131411_958039263622046936_o.jpg?resize=350%2C200&ssl=1 1x, https:\/\/i0.wp.com\/www.grieta.org.mx\/wp-content\/uploads\/2018\/03\/14524434_1106112876131411_958039263622046936_o.jpg?resize=525%2C300&ssl=1 1.5x, https:\/\/i0.wp.com\/www.grieta.org.mx\/wp-content\/uploads\/2018\/03\/14524434_1106112876131411_958039263622046936_o.jpg?resize=700%2C400&ssl=1 2x"},"classes":[]},{"id":2682,"url":"https:\/\/www.grieta.org.mx\/index.php\/2015\/04\/27\/colima-se-suma-a-la-11-accion-global-por-lo-estudiantes-desaparecidos-de-ayotzinapa-fotonota\/","url_meta":{"origin":2749,"position":1},"title":"Colima se suma a la 11\u00b0 acci\u00f3n global por lo estudiantes desaparecidos de Ayotzinapa # Fotonota","author":"grieta","date":"27 abril, 2015","format":false,"excerpt":"Por: Redacci\u00f3n Colima 3.0 \/ 26 abril, 2015 A 7 meses de la desaparici\u00f3n de los 43 estudiantes de la Escuela Normal de Ayotzinapa, este domingo 26 de abril se efectu\u00f3 en M\u00e9xico y en muchos otros pa\u00edses la 11\u00b0 acci\u00f3n global por Ayotzinapa. Esta tarde en la plancha del\u2026","rel":"","context":"En &quot;CINTILLO&quot;","block_context":{"text":"CINTILLO","link":"https:\/\/www.grieta.org.mx\/index.php\/category\/cintillo\/"},"img":{"alt_text":"","src":"https:\/\/i0.wp.com\/www.grieta.org.mx\/wp-content\/uploads\/2018\/03\/14524434_1106112876131411_958039263622046936_o.jpg?resize=350%2C200&ssl=1","width":350,"height":200,"srcset":"https:\/\/i0.wp.com\/www.grieta.org.mx\/wp-content\/uploads\/2018\/03\/14524434_1106112876131411_958039263622046936_o.jpg?resize=350%2C200&ssl=1 1x, https:\/\/i0.wp.com\/www.grieta.org.mx\/wp-content\/uploads\/2018\/03\/14524434_1106112876131411_958039263622046936_o.jpg?resize=525%2C300&ssl=1 1.5x, https:\/\/i0.wp.com\/www.grieta.org.mx\/wp-content\/uploads\/2018\/03\/14524434_1106112876131411_958039263622046936_o.jpg?resize=700%2C400&ssl=1 2x"},"classes":[]},{"id":2689,"url":"https:\/\/www.grieta.org.mx\/index.php\/2015\/03\/26\/sobreviviente-de-ayotzinapa-llama-a-estudiantes-colimenses-a-continuar-marchas-de-apoyo\/","url_meta":{"origin":2749,"position":2},"title":"Sobreviviente de Ayotzinapa llama a estudiantes colimenses a continuar marchas de apoyo","author":"grieta","date":"26 marzo, 2015","format":false,"excerpt":"Colima 3.0 Por: Dilva Ch\u00e1vez \/ 26 marzo, 2015 A seis meses del caso Ayotzinapa, Jos\u00e9 Adolfo de la Cruz Vel\u00e1zquez es considerado un sobreviviente. La madrugada del 26 de septiembre de 2014, iba en uno de los camiones que trasportaba a los estudiantes de la escuela normal rural Isidro\u2026","rel":"","context":"En &quot;CINTILLO&quot;","block_context":{"text":"CINTILLO","link":"https:\/\/www.grieta.org.mx\/index.php\/category\/cintillo\/"},"img":{"alt_text":"","src":"https:\/\/i0.wp.com\/www.grieta.org.mx\/wp-content\/uploads\/2018\/03\/14524434_1106112876131411_958039263622046936_o.jpg?resize=350%2C200&ssl=1","width":350,"height":200,"srcset":"https:\/\/i0.wp.com\/www.grieta.org.mx\/wp-content\/uploads\/2018\/03\/14524434_1106112876131411_958039263622046936_o.jpg?resize=350%2C200&ssl=1 1x, https:\/\/i0.wp.com\/www.grieta.org.mx\/wp-content\/uploads\/2018\/03\/14524434_1106112876131411_958039263622046936_o.jpg?resize=525%2C300&ssl=1 1.5x, https:\/\/i0.wp.com\/www.grieta.org.mx\/wp-content\/uploads\/2018\/03\/14524434_1106112876131411_958039263622046936_o.jpg?resize=700%2C400&ssl=1 2x"},"classes":[]},{"id":6041,"url":"https:\/\/www.grieta.org.mx\/index.php\/2015\/09\/27\/en-aguascalientes-exigen-justicia-a-un-ano-de-la-desaparicion-de-los-43-estudiantes-normalistas-de-ayotzinapa\/","url_meta":{"origin":2749,"position":3},"title":"En Aguascalientes exigen Justicia a un a\u00f1o de la Desaparici\u00f3n de los 43 Estudiantes Normalistas de Ayotzinapa","author":"grieta","date":"27 septiembre, 2015","format":false,"excerpt":"Cristina Zareth Hern\u00e1ndez Guti\u00e9rrez En el primer aniversario de la desaparici\u00f3n de los normalistas de Ayotzinapa, estudiantes, maestros y activistas realizaron una marcha de protesta para exigir al igual que hace un a\u00f1o, \u201cjusticia por los 43\u201d. El contingente de cerca de 400 personas que se integr\u00f3 por estudiantes del\u2026","rel":"","context":"En &quot;aguascalientes&quot;","block_context":{"text":"aguascalientes","link":"https:\/\/www.grieta.org.mx\/index.php\/category\/aguascalientes\/"},"img":{"alt_text":"","src":"https:\/\/i0.wp.com\/www.grieta.org.mx\/wp-content\/uploads\/2018\/03\/14524434_1106112876131411_958039263622046936_o.jpg?resize=350%2C200&ssl=1","width":350,"height":200,"srcset":"https:\/\/i0.wp.com\/www.grieta.org.mx\/wp-content\/uploads\/2018\/03\/14524434_1106112876131411_958039263622046936_o.jpg?resize=350%2C200&ssl=1 1x, https:\/\/i0.wp.com\/www.grieta.org.mx\/wp-content\/uploads\/2018\/03\/14524434_1106112876131411_958039263622046936_o.jpg?resize=525%2C300&ssl=1 1.5x, https:\/\/i0.wp.com\/www.grieta.org.mx\/wp-content\/uploads\/2018\/03\/14524434_1106112876131411_958039263622046936_o.jpg?resize=700%2C400&ssl=1 2x"},"classes":[]},{"id":6031,"url":"https:\/\/www.grieta.org.mx\/index.php\/2015\/09\/27\/movilizaciones-por-ayotzinapa-en-aguascalientes\/","url_meta":{"origin":2749,"position":4},"title":"Movilizaciones por Ayotzinapa en Aguascalientes","author":"grieta","date":"27 septiembre, 2015","format":false,"excerpt":"27\/09\/15. Exigen Justicia a un a\u00f1o de la Desaparici\u00f3n de los 43 Estudiantes Normalistas de AyotzinapaP\u00e1gina 24 27\/03\/15. Exigen Justicia a Seis Meses de la Desaparici\u00f3n Forzada de los Normalistas de Ayotzinapa P\u00e1gina 24 27\/02\/15. Despu\u00e9s de Ayotzinapa \u201cSigue Reinando la Corrupci\u00f3n y la Impunidad\u201d en M\u00e9xico P\u00e1gina 24","rel":"","context":"En &quot;Aguascalientes&quot;","block_context":{"text":"Aguascalientes","link":"https:\/\/www.grieta.org.mx\/index.php\/category\/noticias-nacionales\/aguascalientes\/"},"img":{"alt_text":"","src":"https:\/\/i0.wp.com\/www.grieta.org.mx\/wp-content\/uploads\/2018\/03\/14524434_1106112876131411_958039263622046936_o.jpg?resize=350%2C200&ssl=1","width":350,"height":200,"srcset":"https:\/\/i0.wp.com\/www.grieta.org.mx\/wp-content\/uploads\/2018\/03\/14524434_1106112876131411_958039263622046936_o.jpg?resize=350%2C200&ssl=1 1x, https:\/\/i0.wp.com\/www.grieta.org.mx\/wp-content\/uploads\/2018\/03\/14524434_1106112876131411_958039263622046936_o.jpg?resize=525%2C300&ssl=1 1.5x, https:\/\/i0.wp.com\/www.grieta.org.mx\/wp-content\/uploads\/2018\/03\/14524434_1106112876131411_958039263622046936_o.jpg?resize=700%2C400&ssl=1 2x"},"classes":[]},{"id":6745,"url":"https:\/\/www.grieta.org.mx\/index.php\/2015\/09\/26\/mazatlan-se-une-a-protestas-a-un-ano-del-caso-ayotzinapa\/","url_meta":{"origin":2749,"position":5},"title":"Mazatl\u00e1n se une a protestas, a un a\u00f1o del caso Ayotzinapa","author":"grieta","date":"26 septiembre, 2015","format":false,"excerpt":"Nallely Medina, Sinaloa. Mazatl\u00e1n, Sinaloa.-Con gritos al unisono \u00a1Vivos se los llevaron, vivos los queremos! alrededor de 120 manifestantes y organizaciones civiles de Mazatl\u00e1n se unieron a las protestas mundiales que se generaron a un a\u00f1o del caso Ayotzinapa del que no se tiene respuesta. En punto de las 17:00\u2026","rel":"","context":"En &quot;CINTILLO&quot;","block_context":{"text":"CINTILLO","link":"https:\/\/www.grieta.org.mx\/index.php\/category\/cintillo\/"},"img":{"alt_text":"","src":"https:\/\/i0.wp.com\/www.grieta.org.mx\/wp-content\/uploads\/2018\/03\/14524434_1106112876131411_958039263622046936_o.jpg?resize=350%2C200&ssl=1","width":350,"height":200,"srcset":"https:\/\/i0.wp.com\/www.grieta.org.mx\/wp-content\/uploads\/2018\/03\/14524434_1106112876131411_958039263622046936_o.jpg?resize=350%2C200&ssl=1 1x, https:\/\/i0.wp.com\/www.grieta.org.mx\/wp-content\/uploads\/2018\/03\/14524434_1106112876131411_958039263622046936_o.jpg?resize=525%2C300&ssl=1 1.5x, https:\/\/i0.wp.com\/www.grieta.org.mx\/wp-content\/uploads\/2018\/03\/14524434_1106112876131411_958039263622046936_o.jpg?resize=700%2C400&ssl=1 2x"},"classes":[]}],"_links":{"self":[{"href":"https:\/\/www.grieta.org.mx\/index.php\/wp-json\/wp\/v2\/posts\/2749","targetHints":{"allow":["GET"]}}],"collection":[{"href":"https:\/\/www.grieta.org.mx\/index.php\/wp-json\/wp\/v2\/posts"}],"about":[{"href":"https:\/\/www.grieta.org.mx\/index.php\/wp-json\/wp\/v2\/types\/post"}],"author":[{"embeddable":true,"href":"https:\/\/www.grieta.org.mx\/index.php\/wp-json\/wp\/v2\/users\/2"}],"replies":[{"embeddable":true,"href":"https:\/\/www.grieta.org.mx\/index.php\/wp-json\/wp\/v2\/comments?post=2749"}],"version-history":[{"count":1,"href":"https:\/\/www.grieta.org.mx\/index.php\/wp-json\/wp\/v2\/posts\/2749\/revisions"}],"predecessor-version":[{"id":10723,"href":"https:\/\/www.grieta.org.mx\/index.php\/wp-json\/wp\/v2\/posts\/2749\/revisions\/10723"}],"wp:featuredmedia":[{"embeddable":true,"href":"https:\/\/www.grieta.org.mx\/index.php\/wp-json\/wp\/v2\/media\/21928"}],"wp:attachment":[{"href":"https:\/\/www.grieta.org.mx\/index.php\/wp-json\/wp\/v2\/media?parent=2749"}],"wp:term":[{"taxonomy":"category","embeddable":true,"href":"https:\/\/www.grieta.org.mx\/index.php\/wp-json\/wp\/v2\/categories?post=2749"},{"taxonomy":"post_tag","embeddable":true,"href":"https:\/\/www.grieta.org.mx\/index.php\/wp-json\/wp\/v2\/tags?post=2749"}],"curies":[{"name":"wp","href":"https:\/\/api.w.org\/{rel}","templated":true}]}}