{"id":2746,"date":"2015-10-06T12:28:22","date_gmt":"2015-10-06T12:28:22","guid":{"rendered":"http:\/\/50.22.11.12\/~grietaor\/?p=2746"},"modified":"2016-03-13T12:30:00","modified_gmt":"2016-03-13T12:30:00","slug":"colima-registra-140-desaparecidos-se-ubica-por-arriba-nayarit-yucatan-y-campeche","status":"publish","type":"post","link":"https:\/\/www.grieta.org.mx\/index.php\/2015\/10\/06\/colima-registra-140-desaparecidos-se-ubica-por-arriba-nayarit-yucatan-y-campeche\/","title":{"rendered":"Colima registra 140 desaparecidos; se ubica por arriba Nayarit, Yucat\u00e1n y Campeche"},"content":{"rendered":"<p>Colima, M\u00e9xico. Avanzada (6 de octubre de 2015).- El Registro Nacional de Personas Extraviadas o Desaparecidas (RNPED) reporta 140 casos de desaparecidos en Colima, entidad que se ubica, respecto a este delito, por arriba de Nayarit, Yucat\u00e1n, Campeche, Tlaxcala, San Luis Potos\u00ed y Baja California Sur.<\/p>\n<p>Lo anterior se desprende de la informaci\u00f3n que la Procuradur\u00eda General de Justicia del Estado (PGJE) reporta al Registro Nacional de Personas Extraviadas y Desaparecidas que depende de la secretar\u00eda de Gobernaci\u00f3n.<\/p>\n<p>San Luis Potos\u00ed, un estado con mayor poblaci\u00f3n que Colima, registra 56 personas desaparecidas; mientras que Yucat\u00e1n 79 y Nayarit \u00fanicamente aparece con 17 denuncias penales por desaparici\u00f3n de personas.<\/p>\n<p>Los datos de esta plataforma muestran que Manzanillo es el municipio con el mayor n\u00famero de personas desaparecidas: cuenta con 49 casos.<\/p>\n<p>Despu\u00e9s est\u00e1 Tecom\u00e1n con 30 personas; mientras que en tercer lugar se ubica Colima con 23; Villa de \u00c1lvarez y Armer\u00eda con nueve cada uno y Cuauht\u00e9moc con siete.<\/p>\n<p>El pasado mes de junio, el todav\u00eda presidente de la Comisi\u00f3n de Derechos Humanos del Estado de Colima (CDHEC), Roberto Chapula de la Mora, propuso la creaci\u00f3n de una fiscal\u00eda especial para atender los casos de desaparecidos en el pa\u00eds.<\/p>\n<p>Al pronunciarse sobre los desaparecidos en Colima, el entonces Ombudsman local demand\u00f3 a las autoridades investigar a profundidad y esclarecer cada uno de los casos.<\/p>\n<p>El pasado primero de octubre, el tema de los desaparecidos estuvo ausente del \u00faltimo informe del gobernador Mario Anguiano Moreno; un d\u00eda antes, los restos del menor de once a\u00f1os de edad, Alexis Omar Verj\u00e1n fueron localizados semi enterrados; el ni\u00f1o desapareci\u00f3 en marzo de este a\u00f1o.<\/p>\n<p><a href=\"http:\/\/www.diarioavanzada.com.mx\/index.php\/locales-movil\/14693-colima-registra-140-desaparecidos-se-ubica-por-arriba-nayarit-yucatan-y-campeche\" target=\"_blank\">http:\/\/www.diarioavanzada.com.mx\/index.php\/locales-movil\/14693-colima-registra-140-desaparecidos-se-ubica-por-arriba-nayarit-yucatan-y-campeche<\/a><\/p>\n","protected":false},"excerpt":{"rendered":"<p>Colima, M\u00e9xico. Avanzada (6 de octubre de 2015).- El Registro Nacional de Personas Extraviadas o Desaparecidas (RNPED) reporta 140 casos de desaparecidos en Colima, entidad que se ubica, respecto a &hellip; <a href=\"https:\/\/www.grieta.org.mx\/index.php\/2015\/10\/06\/colima-registra-140-desaparecidos-se-ubica-por-arriba-nayarit-yucatan-y-campeche\/\" class=\"more-link\">Leer m\u00e1s<\/a><\/p>\n","protected":false},"author":2,"featured_media":21928,"comment_status":"closed","ping_status":"open","sticky":false,"template":"","format":"standard","meta":{"ngg_post_thumbnail":0,"_jetpack_newsletter_access":"","_jetpack_dont_email_post_to_subs":false,"_jetpack_newsletter_tier_id":0,"_jetpack_memberships_contains_paywalled_content":false,"_jetpack_memberships_contains_paid_content":false,"footnotes":""},"categories":[80,108],"tags":[121],"class_list":["post-2746","post","type-post","status-publish","format-standard","has-post-thumbnail","hentry","category-cintillo","category-colima","tag-desaparecidos","entry"],"jetpack_featured_media_url":"https:\/\/www.grieta.org.mx\/wp-content\/uploads\/2018\/03\/14524434_1106112876131411_958039263622046936_o.jpg","jetpack_sharing_enabled":true,"jetpack_shortlink":"https:\/\/wp.me\/p7ZJR4-Ii","jetpack_likes_enabled":false,"jetpack-related-posts":[{"id":4238,"url":"https:\/\/www.grieta.org.mx\/index.php\/2016\/09\/12\/desaparecidos-en-colima-2\/","url_meta":{"origin":2746,"position":0},"title":"Desaparecidos en Colima","author":"grieta","date":"12 septiembre, 2016","format":false,"excerpt":"12\/09\/16. Colima reporta 48 personas desaparecidas de enero a julio de este a\u00f1oDiario Avanzada 21\/07\/16. Madres de desaparecidos en Colima se unen a protesta en la CDMX y anuncian huelga de hambreDiario Avanzada 21\/03\/16. Colima tercer lugar nacional con mayor n\u00famero de desapariciones forzadas: PGRDiario Avanzada 06\/10\/15. Colima registra 140\u2026","rel":"","context":"En &quot;Colima&quot;","block_context":{"text":"Colima","link":"https:\/\/www.grieta.org.mx\/index.php\/category\/noticias-nacionales\/colima\/"},"img":{"alt_text":"","src":"https:\/\/i0.wp.com\/www.grieta.org.mx\/wp-content\/uploads\/2018\/03\/14524434_1106112876131411_958039263622046936_o.jpg?resize=350%2C200&ssl=1","width":350,"height":200,"srcset":"https:\/\/i0.wp.com\/www.grieta.org.mx\/wp-content\/uploads\/2018\/03\/14524434_1106112876131411_958039263622046936_o.jpg?resize=350%2C200&ssl=1 1x, https:\/\/i0.wp.com\/www.grieta.org.mx\/wp-content\/uploads\/2018\/03\/14524434_1106112876131411_958039263622046936_o.jpg?resize=525%2C300&ssl=1 1.5x, https:\/\/i0.wp.com\/www.grieta.org.mx\/wp-content\/uploads\/2018\/03\/14524434_1106112876131411_958039263622046936_o.jpg?resize=700%2C400&ssl=1 2x"},"classes":[]},{"id":21551,"url":"https:\/\/www.grieta.org.mx\/index.php\/2016\/09\/12\/colima-reporta-48-personas-desaparecidas-de-enero-a-julio-de-este-ano\/","url_meta":{"origin":2746,"position":1},"title":"Colima reporta 48 personas desaparecidas de enero a julio de este a\u00f1o","author":"grieta","date":"12 septiembre, 2016","format":false,"excerpt":"Heidi de Le\u00f3n Guti\u00e9rrez Colima, M\u00e9xico (12 de septiembre de 2016).- De enero a julio de este a\u00f1o, 48 personas han desaparecido en Colima, de acuerdo a los datos del Registro Nacional de Personas Extraviadas o Desaparecidas (RNPED). La informaci\u00f3n que est\u00e1 disponible en la p\u00e1gina de internet, muestra que\u2026","rel":"","context":"En &quot;CINTILLO&quot;","block_context":{"text":"CINTILLO","link":"https:\/\/www.grieta.org.mx\/index.php\/category\/cintillo\/"},"img":{"alt_text":"","src":"https:\/\/i0.wp.com\/www.grieta.org.mx\/wp-content\/uploads\/2018\/03\/14524434_1106112876131411_958039263622046936_o.jpg?resize=350%2C200&ssl=1","width":350,"height":200,"srcset":"https:\/\/i0.wp.com\/www.grieta.org.mx\/wp-content\/uploads\/2018\/03\/14524434_1106112876131411_958039263622046936_o.jpg?resize=350%2C200&ssl=1 1x, https:\/\/i0.wp.com\/www.grieta.org.mx\/wp-content\/uploads\/2018\/03\/14524434_1106112876131411_958039263622046936_o.jpg?resize=525%2C300&ssl=1 1.5x, https:\/\/i0.wp.com\/www.grieta.org.mx\/wp-content\/uploads\/2018\/03\/14524434_1106112876131411_958039263622046936_o.jpg?resize=700%2C400&ssl=1 2x"},"classes":[]},{"id":40667,"url":"https:\/\/www.grieta.org.mx\/index.php\/2019\/10\/14\/mujeres-desaparecidas-colima-segundo-lugar-nacional\/","url_meta":{"origin":2746,"position":2},"title":"Mujeres desaparecidas, Colima segundo lugar nacional","author":"grieta","date":"14 octubre, 2019","format":false,"excerpt":"Foto: Diario Avanzada Heidi de Le\u00f3n Guti\u00e9rrez \/ Diario Avazada Colima, M\u00e9xico, Avanzada (14\/10\/2019).- Pese a tener una poblaci\u00f3n de apenas 750 mil habitantes, Colima es el segundo estado con la tasa m\u00e1s alta de mujeres desaparecidas en el pa\u00eds; \u00a0s\u00f3lo\u00a0es superado por Tamaulipas, de acuerdo a los Registros Nacional\u2026","rel":"","context":"En &quot;Colima&quot;","block_context":{"text":"Colima","link":"https:\/\/www.grieta.org.mx\/index.php\/category\/noticias-nacionales\/colima\/"},"img":{"alt_text":"","src":"https:\/\/i0.wp.com\/www.grieta.org.mx\/wp-content\/uploads\/2019\/10\/AF754938-40DD-400C-9775-74821642E6F1.jpeg?resize=350%2C200&ssl=1","width":350,"height":200,"srcset":"https:\/\/i0.wp.com\/www.grieta.org.mx\/wp-content\/uploads\/2019\/10\/AF754938-40DD-400C-9775-74821642E6F1.jpeg?resize=350%2C200&ssl=1 1x, https:\/\/i0.wp.com\/www.grieta.org.mx\/wp-content\/uploads\/2019\/10\/AF754938-40DD-400C-9775-74821642E6F1.jpeg?resize=525%2C300&ssl=1 1.5x, https:\/\/i0.wp.com\/www.grieta.org.mx\/wp-content\/uploads\/2019\/10\/AF754938-40DD-400C-9775-74821642E6F1.jpeg?resize=700%2C400&ssl=1 2x, https:\/\/i0.wp.com\/www.grieta.org.mx\/wp-content\/uploads\/2019\/10\/AF754938-40DD-400C-9775-74821642E6F1.jpeg?resize=1050%2C600&ssl=1 3x"},"classes":[]},{"id":2483,"url":"https:\/\/www.grieta.org.mx\/index.php\/2015\/02\/16\/tamaulipas-primer-lugar-en-desapariciones\/","url_meta":{"origin":2746,"position":3},"title":"Tamaulipas, primer lugar en desapariciones","author":"grieta","date":"16 febrero, 2015","format":false,"excerpt":"El Economista JORGE MONROY Con un total de 5,293 personas desaparecidas, Tamaulipas es la entidad con el mayor registro de desapariciones, seguida de Jalisco y el Estado de M\u00e9xico. En conjunto, las tres entidades registran 9,162 desapariciones desde el 2007, y a\u00f1os anteriores. De acuerdo con el Registro Nacional de\u2026","rel":"","context":"En &quot;CINTILLO&quot;","block_context":{"text":"CINTILLO","link":"https:\/\/www.grieta.org.mx\/index.php\/category\/cintillo\/"},"img":{"alt_text":"","src":"https:\/\/i0.wp.com\/www.grieta.org.mx\/wp-content\/uploads\/2018\/03\/14524434_1106112876131411_958039263622046936_o.jpg?resize=350%2C200&ssl=1","width":350,"height":200,"srcset":"https:\/\/i0.wp.com\/www.grieta.org.mx\/wp-content\/uploads\/2018\/03\/14524434_1106112876131411_958039263622046936_o.jpg?resize=350%2C200&ssl=1 1x, https:\/\/i0.wp.com\/www.grieta.org.mx\/wp-content\/uploads\/2018\/03\/14524434_1106112876131411_958039263622046936_o.jpg?resize=525%2C300&ssl=1 1.5x, https:\/\/i0.wp.com\/www.grieta.org.mx\/wp-content\/uploads\/2018\/03\/14524434_1106112876131411_958039263622046936_o.jpg?resize=700%2C400&ssl=1 2x"},"classes":[]},{"id":48233,"url":"https:\/\/www.grieta.org.mx\/index.php\/2020\/04\/19\/red-desaparecidos-en-colima-denuncian-falta-de-apoyo-fiscalia-reporta-26-personas-desaparecidas\/","url_meta":{"origin":2746,"position":4},"title":"Red Desaparecidos en Colima denuncian falta de apoyo, fiscal\u00eda reporta 26 personas desaparecidas","author":"grieta","date":"19 abril, 2020","format":false,"excerpt":"Imagen: Diario Avanzada Readacci\u00f3n \/ Diario Avanzada Colima, M\u00e9xico, Avanzada (19\/04\/2020).- La Fiscal\u00eda General del Estado de Colima (FGEC) reporta 36 personas desaparecidas en Colima en 2020, en su p\u00e1gina web, en el apartado \u201cdesaparecidos\u201d, la FGEC exhibe los rostros y nombres de las personas que fueron reportadas como desaparecidas\u2026","rel":"","context":"En &quot;CINTILLO&quot;","block_context":{"text":"CINTILLO","link":"https:\/\/www.grieta.org.mx\/index.php\/category\/cintillo\/"},"img":{"alt_text":"","src":"https:\/\/i0.wp.com\/www.grieta.org.mx\/wp-content\/uploads\/2020\/04\/Desaparecidos-2020.jpg?resize=350%2C200&ssl=1","width":350,"height":200,"srcset":"https:\/\/i0.wp.com\/www.grieta.org.mx\/wp-content\/uploads\/2020\/04\/Desaparecidos-2020.jpg?resize=350%2C200&ssl=1 1x, https:\/\/i0.wp.com\/www.grieta.org.mx\/wp-content\/uploads\/2020\/04\/Desaparecidos-2020.jpg?resize=525%2C300&ssl=1 1.5x, https:\/\/i0.wp.com\/www.grieta.org.mx\/wp-content\/uploads\/2020\/04\/Desaparecidos-2020.jpg?resize=700%2C400&ssl=1 2x"},"classes":[]},{"id":68335,"url":"https:\/\/www.grieta.org.mx\/index.php\/2024\/01\/10\/desaparecen-a-200-personas-desaparecidas-en-colima-con-el-nuevo-registro\/","url_meta":{"origin":2746,"position":5},"title":"Desaparecen a 200 personas desaparecidas en Colima con el nuevo registro","author":"grieta","date":"10 enero, 2024","format":false,"excerpt":"Fotograf\u00eda tomada de la Red de Desaparecidos en Colima A.C. Heidi de Le\u00f3n Guti\u00e9rrez \/ Diario Avanzada Colima, M\u00e9xico, Avanzada (10\/01\/2024).- El n\u00famero de personas desaparecidas en Colima es menor al que se ten\u00eda registrado hace meses. Los datos actualizados muestran que en la entidad hay mil 300 personas desaparecidas\u2026","rel":"","context":"En &quot;CINTILLO&quot;","block_context":{"text":"CINTILLO","link":"https:\/\/www.grieta.org.mx\/index.php\/category\/cintillo\/"},"img":{"alt_text":"","src":"https:\/\/i0.wp.com\/www.grieta.org.mx\/wp-content\/uploads\/2024\/01\/aa-18-1536x1152-1.webp?resize=350%2C200&ssl=1","width":350,"height":200,"srcset":"https:\/\/i0.wp.com\/www.grieta.org.mx\/wp-content\/uploads\/2024\/01\/aa-18-1536x1152-1.webp?resize=350%2C200&ssl=1 1x, https:\/\/i0.wp.com\/www.grieta.org.mx\/wp-content\/uploads\/2024\/01\/aa-18-1536x1152-1.webp?resize=525%2C300&ssl=1 1.5x, https:\/\/i0.wp.com\/www.grieta.org.mx\/wp-content\/uploads\/2024\/01\/aa-18-1536x1152-1.webp?resize=700%2C400&ssl=1 2x, https:\/\/i0.wp.com\/www.grieta.org.mx\/wp-content\/uploads\/2024\/01\/aa-18-1536x1152-1.webp?resize=1050%2C600&ssl=1 3x, https:\/\/i0.wp.com\/www.grieta.org.mx\/wp-content\/uploads\/2024\/01\/aa-18-1536x1152-1.webp?resize=1400%2C800&ssl=1 4x"},"classes":[]}],"_links":{"self":[{"href":"https:\/\/www.grieta.org.mx\/index.php\/wp-json\/wp\/v2\/posts\/2746","targetHints":{"allow":["GET"]}}],"collection":[{"href":"https:\/\/www.grieta.org.mx\/index.php\/wp-json\/wp\/v2\/posts"}],"about":[{"href":"https:\/\/www.grieta.org.mx\/index.php\/wp-json\/wp\/v2\/types\/post"}],"author":[{"embeddable":true,"href":"https:\/\/www.grieta.org.mx\/index.php\/wp-json\/wp\/v2\/users\/2"}],"replies":[{"embeddable":true,"href":"https:\/\/www.grieta.org.mx\/index.php\/wp-json\/wp\/v2\/comments?post=2746"}],"version-history":[{"count":1,"href":"https:\/\/www.grieta.org.mx\/index.php\/wp-json\/wp\/v2\/posts\/2746\/revisions"}],"predecessor-version":[{"id":2747,"href":"https:\/\/www.grieta.org.mx\/index.php\/wp-json\/wp\/v2\/posts\/2746\/revisions\/2747"}],"wp:featuredmedia":[{"embeddable":true,"href":"https:\/\/www.grieta.org.mx\/index.php\/wp-json\/wp\/v2\/media\/21928"}],"wp:attachment":[{"href":"https:\/\/www.grieta.org.mx\/index.php\/wp-json\/wp\/v2\/media?parent=2746"}],"wp:term":[{"taxonomy":"category","embeddable":true,"href":"https:\/\/www.grieta.org.mx\/index.php\/wp-json\/wp\/v2\/categories?post=2746"},{"taxonomy":"post_tag","embeddable":true,"href":"https:\/\/www.grieta.org.mx\/index.php\/wp-json\/wp\/v2\/tags?post=2746"}],"curies":[{"name":"wp","href":"https:\/\/api.w.org\/{rel}","templated":true}]}}