{"id":27403,"date":"2018-08-22T21:11:25","date_gmt":"2018-08-23T02:11:25","guid":{"rendered":"http:\/\/www.grieta.org.mx\/?p=27403"},"modified":"2018-10-30T21:19:29","modified_gmt":"2018-10-31T03:19:29","slug":"bloquean-vias-en-protesta-por-despidos-en-ferromex-zacatecas","status":"publish","type":"post","link":"https:\/\/www.grieta.org.mx\/index.php\/2018\/08\/22\/bloquean-vias-en-protesta-por-despidos-en-ferromex-zacatecas\/","title":{"rendered":"Bloquean v\u00edas en protesta por despidos en Ferromex (Zacatecas)"},"content":{"rendered":"<p><img loading=\"lazy\" decoding=\"async\" data-attachment-id=\"27404\" data-permalink=\"https:\/\/www.grieta.org.mx\/index.php\/2018\/08\/22\/bloquean-vias-en-protesta-por-despidos-en-ferromex-zacatecas\/bloquean\/\" data-orig-file=\"https:\/\/www.grieta.org.mx\/wp-content\/uploads\/2018\/10\/bloquean.jpg\" data-orig-size=\"540,359\" data-comments-opened=\"0\" data-image-meta=\"{&quot;aperture&quot;:&quot;0&quot;,&quot;credit&quot;:&quot;&quot;,&quot;camera&quot;:&quot;&quot;,&quot;caption&quot;:&quot;&quot;,&quot;created_timestamp&quot;:&quot;0&quot;,&quot;copyright&quot;:&quot;&quot;,&quot;focal_length&quot;:&quot;0&quot;,&quot;iso&quot;:&quot;0&quot;,&quot;shutter_speed&quot;:&quot;0&quot;,&quot;title&quot;:&quot;&quot;,&quot;orientation&quot;:&quot;0&quot;}\" data-image-title=\"bloquean\" data-image-description=\"\" data-image-caption=\"\" data-medium-file=\"https:\/\/www.grieta.org.mx\/wp-content\/uploads\/2018\/10\/bloquean-300x199.jpg\" data-large-file=\"https:\/\/www.grieta.org.mx\/wp-content\/uploads\/2018\/10\/bloquean.jpg\" src=\"http:\/\/www.grieta.org.mx\/wp-content\/uploads\/2018\/10\/bloquean.jpg\" alt=\"\" width=\"540\" height=\"359\" class=\"aligncenter size-full wp-image-27404\" srcset=\"https:\/\/www.grieta.org.mx\/wp-content\/uploads\/2018\/10\/bloquean.jpg 540w, https:\/\/www.grieta.org.mx\/wp-content\/uploads\/2018\/10\/bloquean-300x199.jpg 300w\" sizes=\"auto, (max-width: 540px) 100vw, 540px\" \/><\/p>\n<p>Redacci\u00f3n\/Peri\u00f3dico El D\u00eda<\/p>\n<p>Zacatecas, Zac.- Unos trescientos habitantes de la cabecera municipal de Ca\u00f1itas de Felipe Pescador bloquearon por tiempo indefinido las v\u00edas del tren que cruzan por esa poblaci\u00f3n. El acto es en protesta al despido de un centenar de trabajadores por el cierre de la Estaci\u00f3n de Servicio Ferroviario de la empresa Ferromex, filial de Grupo M\u00e9xico, desde junio.<\/p>\n<p>Asesorados por la organizaci\u00f3n social Frente Popular de Lucha de Zacatecas (FPLZ), un grupo de los trabajadores despedidos, acompa\u00f1ados por sus familias y otros habitantes de Ca\u00f1itas de Felipe Pescador, comenzaron el bloqueo de las v\u00edas f\u00e9rreas la tarde del lunes 20 de agosto, y emitieron un pronunciamiento dirigido a la opini\u00f3n p\u00fablica sobre las razones de su protesta.<\/p>\n<p>La estaci\u00f3n ferroviaria fue construida por la desaparecida paraestatal Ferrocarriles Nacionales de M\u00e9xico, como punto de intersecci\u00f3n del eje ferroviario M\u00e9xico\u2013Ciudad Ju\u00e1rez. Ferromex cerr\u00f3 la estaci\u00f3n argumentando razones de inseguridad en la regi\u00f3n, pues ah\u00ed han sido asaltados sus trenes y robados lotes de autom\u00f3viles nuevos, procedentes de plantas armadoras del Baj\u00edo, con destino a los Estados Unidos.<\/p>\n<p>Los trabajadores en proceso de liquidaci\u00f3n buscaron negociar con la filial de Grupo M\u00e9xico que no se cerrara la \u00fanica empresa que da vida econ\u00f3mica a la \u00e1rida localidad, enclavada en el semidesierto norte de Zacatecas, que cuenta con alrededor de 7 mil habitantes. La compa\u00f1\u00eda no accedi\u00f3.<\/p>\n<p>Por ello, \u201cluego de no obtener respuestas por parte de Ferromex desde el mes de mayo que iniciaron di\u00e1logo, para que reanude actividades de maniobra, operaci\u00f3n, traslado y cambio de turno de personal\u201d, se se\u00f1ala, se opt\u00f3 por \u201crealizar una toma pac\u00edfica de las inmediaciones de las v\u00edas f\u00e9rreas, con la finalidad de exigir se instale de inmediato una mesa de di\u00e1logo donde participe el gobierno federal, estatal y directivos de la mencionada empresa\u201d.<\/p>\n<p>Como petici\u00f3n concreta, los inconformes exigen la reinstalaci\u00f3n de alrededor de cien empleos directos y la reactivaci\u00f3n de quinientos empleos indirectos que se perdieron desde que dej\u00f3 de operar la Estaci\u00f3n de Servicio Ferroviario.<\/p>\n<p>Adem\u00e1s se demanda \u201cla realizaci\u00f3n de obras de car\u00e1cter social en el municipio, una indemnizaci\u00f3n por cien a\u00f1os de derecho de paso por esta estaci\u00f3n. La reactivaci\u00f3n de la econom\u00eda del municipio. El respeto a los derechos humanos de los habitantes\u201d.<\/p>\n<p>Tambi\u00e9n piden la reinstalaci\u00f3n de itinerarios del ferrocarril en esta cabecera municipal, y en enfatizan que \u201cqueremos que regrese el servicio de tren de pasajeros\u201d, algo que se perdi\u00f3 cuando el gobierno federal de Ernesto Zedillo privatiz\u00f3 Ferrocarriles Nacionales de M\u00e9xico. Cuando se entreg\u00f3 en concesi\u00f3n ese ramal ferroviario del pa\u00eds a Ferromex, la compa\u00f1\u00eda que decidi\u00f3 suprimir el servicio de pasajeros porque no era rentable; cientos de personas usaban diariamente para trasladarse a Torre\u00f3n Coahuila o a la capital de Zacatecas.<\/p>\n<p>\u201cHacemos un llamado a la sensibilidad de nuestro gobernador Alejandro Tello Cristerna para que abogue por estos cientos de familias que ahora estamos desamparadas por tan lamentable determinaci\u00f3n, apelamos tambi\u00e9n a que la empresa Ferromex garantice a nuestras familias los compromisos que sign\u00f3, cuando fueron privatizados los ferrocarriles, de modernizarlos, pero tambi\u00e9n el de garantizar el desarrollo humano de todas las regiones del pa\u00eds\u201d, expusieron.<\/p>\n<p><a href=\"http:\/\/periodicoeldia.mx\/bloquean-vias-en-protesta-por-despidos-en-ferromex\/\" rel=\"noopener\" target=\"_blank\">http:\/\/periodicoeldia.mx\/bloquean-vias-en-protesta-por-despidos-en-ferromex\/<\/a><\/p>\n","protected":false},"excerpt":{"rendered":"<p>Redacci\u00f3n\/Peri\u00f3dico El D\u00eda Zacatecas, Zac.- Unos trescientos habitantes de la cabecera municipal de Ca\u00f1itas de Felipe Pescador bloquearon por tiempo indefinido las v\u00edas del tren que cruzan por esa poblaci\u00f3n. &hellip; <a href=\"https:\/\/www.grieta.org.mx\/index.php\/2018\/08\/22\/bloquean-vias-en-protesta-por-despidos-en-ferromex-zacatecas\/\" class=\"more-link\">Leer m\u00e1s<\/a><\/p>\n","protected":false},"author":2,"featured_media":27404,"comment_status":"closed","ping_status":"closed","sticky":false,"template":"","format":"standard","meta":{"ngg_post_thumbnail":0,"_jetpack_newsletter_access":"","_jetpack_dont_email_post_to_subs":false,"_jetpack_newsletter_tier_id":0,"_jetpack_memberships_contains_paywalled_content":false,"_jetpack_memberships_contains_paid_content":false,"footnotes":""},"categories":[80,910,1109,1841,2,83,76],"tags":[113,382,485],"class_list":["post-27403","post","type-post","status-publish","format-standard","has-post-thumbnail","hentry","category-cintillo","category-explotacion-y-precariedad-laboral","category-explotacion-y-precariedad-laboral-zacatecas","category-lucha-del-pueblo-de-canitas-contra-ferromex","category-noticias-nacionales","category-temas-nacionales","category-zacatecas","tag-conflictos-laborales","tag-ferromex","tag-grupo-mexico","entry"],"jetpack_featured_media_url":"https:\/\/www.grieta.org.mx\/wp-content\/uploads\/2018\/10\/bloquean.jpg","jetpack_sharing_enabled":true,"jetpack_shortlink":"https:\/\/wp.me\/p7ZJR4-77Z","jetpack_likes_enabled":false,"jetpack-related-posts":[{"id":27400,"url":"https:\/\/www.grieta.org.mx\/index.php\/2018\/08\/20\/bloquean-el-tren-habitantes-de-canitas-zacatecas\/","url_meta":{"origin":27403,"position":0},"title":"Bloquean el tren habitantes de Ca\u00f1itas (Zacatecas)","author":"grieta","date":"20 agosto, 2018","format":false,"excerpt":"Rogelio Navarrete L\u00f3pez\/Meganoticias Ca\u00f1itas, Zac. Habitantes del municipio de Ca\u00f1itas de Felipe Pescador, toman las v\u00edas del tren y paran actividades de Ferromex, la principal empresa de ferrocarriles del pa\u00eds. Cerca de 500 lugare\u00f1os impidieron este lunes que el tren carguero con cerca de 100 vagones continuara su marcha rumbo\u2026","rel":"","context":"En &quot;CINTILLO&quot;","block_context":{"text":"CINTILLO","link":"https:\/\/www.grieta.org.mx\/index.php\/category\/cintillo\/"},"img":{"alt_text":"","src":"https:\/\/i0.wp.com\/www.grieta.org.mx\/wp-content\/uploads\/2018\/10\/bloquean-el-tren-habitantes-de-canitas-22492.jpg?resize=350%2C200&ssl=1","width":350,"height":200,"srcset":"https:\/\/i0.wp.com\/www.grieta.org.mx\/wp-content\/uploads\/2018\/10\/bloquean-el-tren-habitantes-de-canitas-22492.jpg?resize=350%2C200&ssl=1 1x, https:\/\/i0.wp.com\/www.grieta.org.mx\/wp-content\/uploads\/2018\/10\/bloquean-el-tren-habitantes-de-canitas-22492.jpg?resize=525%2C300&ssl=1 1.5x, https:\/\/i0.wp.com\/www.grieta.org.mx\/wp-content\/uploads\/2018\/10\/bloquean-el-tren-habitantes-de-canitas-22492.jpg?resize=700%2C400&ssl=1 2x"},"classes":[]},{"id":12069,"url":"https:\/\/www.grieta.org.mx\/index.php\/2016\/04\/12\/descarrila-tren-en-zacatecas-solo-danos-materiales\/","url_meta":{"origin":27403,"position":1},"title":"Descarrila tren en Zacatecas; s\u00f3lo da\u00f1os materiales","author":"grieta","date":"12 abril, 2016","format":false,"excerpt":"Por Alfredo Valadez Rodr\u00edguez, corresponsal mar, 12 abr 2016 Zacatecas, Zac. Zacatecas, Zac. La madrugada de este martes un tren carguero de la empresa Ferromex \u2013filial de Grupo M\u00e9xico, propiedad de Germ\u00e1n Larrea Velazco-, se descarril\u00f3 por en\u00e9sima vez en plena zona urbana de la ciudad de Zacatecas, ahora a\u2026","rel":"","context":"En &quot;CINTILLO&quot;","block_context":{"text":"CINTILLO","link":"https:\/\/www.grieta.org.mx\/index.php\/category\/cintillo\/"},"img":{"alt_text":"","src":"https:\/\/i0.wp.com\/www.grieta.org.mx\/wp-content\/uploads\/2018\/03\/14524434_1106112876131411_958039263622046936_o.jpg?resize=350%2C200&ssl=1","width":350,"height":200,"srcset":"https:\/\/i0.wp.com\/www.grieta.org.mx\/wp-content\/uploads\/2018\/03\/14524434_1106112876131411_958039263622046936_o.jpg?resize=350%2C200&ssl=1 1x, https:\/\/i0.wp.com\/www.grieta.org.mx\/wp-content\/uploads\/2018\/03\/14524434_1106112876131411_958039263622046936_o.jpg?resize=525%2C300&ssl=1 1.5x, https:\/\/i0.wp.com\/www.grieta.org.mx\/wp-content\/uploads\/2018\/03\/14524434_1106112876131411_958039263622046936_o.jpg?resize=700%2C400&ssl=1 2x"},"classes":[]},{"id":12064,"url":"https:\/\/www.grieta.org.mx\/index.php\/2016\/04\/14\/reabre-ferromex-linea-ferroviaria-de-zacatecas-tras-volcadura-de-tren\/","url_meta":{"origin":27403,"position":2},"title":"Reabre Ferromex l\u00ednea ferroviaria de Zacatecas tras volcadura de tren","author":"grieta","date":"14 abril, 2016","format":false,"excerpt":"En un comunicado, precis\u00f3 que las v\u00edas fueron rehabilitadas en un tiempo menor al previsto, tras verificar las \u00f3ptimas condiciones de seguridad en el km A-706.3 en las proximidades de la capital de Zacatecas, entre las comunidades de Arana y El Grillo. Notimex 14 Abr 2016 Ferrocarril Mexicano (Ferromex) inform\u00f3\u2026","rel":"","context":"En &quot;CINTILLO&quot;","block_context":{"text":"CINTILLO","link":"https:\/\/www.grieta.org.mx\/index.php\/category\/cintillo\/"},"img":{"alt_text":"","src":"https:\/\/i0.wp.com\/www.grieta.org.mx\/wp-content\/uploads\/2018\/03\/14524434_1106112876131411_958039263622046936_o.jpg?resize=350%2C200&ssl=1","width":350,"height":200,"srcset":"https:\/\/i0.wp.com\/www.grieta.org.mx\/wp-content\/uploads\/2018\/03\/14524434_1106112876131411_958039263622046936_o.jpg?resize=350%2C200&ssl=1 1x, https:\/\/i0.wp.com\/www.grieta.org.mx\/wp-content\/uploads\/2018\/03\/14524434_1106112876131411_958039263622046936_o.jpg?resize=525%2C300&ssl=1 1.5x, https:\/\/i0.wp.com\/www.grieta.org.mx\/wp-content\/uploads\/2018\/03\/14524434_1106112876131411_958039263622046936_o.jpg?resize=700%2C400&ssl=1 2x"},"classes":[]},{"id":12059,"url":"https:\/\/www.grieta.org.mx\/index.php\/2016\/05\/07\/ferromex-deja-sin-agua-a-35-mil-habitantes-de-zacatecas\/","url_meta":{"origin":27403,"position":3},"title":"Ferromex deja sin agua a 35 mil habitantes de Zacatecas","author":"grieta","date":"7 mayo, 2016","format":false,"excerpt":"Organizaci\u00f3n Editorial Mexicana\/ El Sol de Zacatecas Zacatecas, Zac.- Alrededor de 35 mil habitantes de Guadalupe se ven afectados por la falta de suministro de agua potable por el da\u00f1o de una l\u00ednea de conducci\u00f3n, misma que fue causada por los trabajos realizados por Ferromex. La afectaci\u00f3n se dio en\u2026","rel":"","context":"En &quot;CINTILLO&quot;","block_context":{"text":"CINTILLO","link":"https:\/\/www.grieta.org.mx\/index.php\/category\/cintillo\/"},"img":{"alt_text":"","src":"https:\/\/i0.wp.com\/www.grieta.org.mx\/wp-content\/uploads\/2018\/03\/14524434_1106112876131411_958039263622046936_o.jpg?resize=350%2C200&ssl=1","width":350,"height":200,"srcset":"https:\/\/i0.wp.com\/www.grieta.org.mx\/wp-content\/uploads\/2018\/03\/14524434_1106112876131411_958039263622046936_o.jpg?resize=350%2C200&ssl=1 1x, https:\/\/i0.wp.com\/www.grieta.org.mx\/wp-content\/uploads\/2018\/03\/14524434_1106112876131411_958039263622046936_o.jpg?resize=525%2C300&ssl=1 1.5x, https:\/\/i0.wp.com\/www.grieta.org.mx\/wp-content\/uploads\/2018\/03\/14524434_1106112876131411_958039263622046936_o.jpg?resize=700%2C400&ssl=1 2x"},"classes":[]},{"id":8280,"url":"https:\/\/www.grieta.org.mx\/index.php\/2015\/10\/06\/cerveceros-se-reintegran-a-sus-fuentes-de-trabajo\/","url_meta":{"origin":27403,"position":4},"title":"Cerveceros se reintegran a sus fuentes de trabajo","author":"grieta","date":"6 octubre, 2015","format":false,"excerpt":"6 octubre, 2015 Imagen Zacatecas CALERA.- La tarde de ayer, los trabajadores de la planta cervecera de Grupo Modelo se reintegraron a sus fuentes de trabajo para restablecer las operaciones de dicha planta, con lo que se espera se recupere la normalidad de la producci\u00f3n, inform\u00f3 Servicios Modelo de Zacatecas\u2026","rel":"","context":"En &quot;CINTILLO&quot;","block_context":{"text":"CINTILLO","link":"https:\/\/www.grieta.org.mx\/index.php\/category\/cintillo\/"},"img":{"alt_text":"","src":"https:\/\/i0.wp.com\/www.grieta.org.mx\/wp-content\/uploads\/2018\/03\/14524434_1106112876131411_958039263622046936_o.jpg?resize=350%2C200&ssl=1","width":350,"height":200,"srcset":"https:\/\/i0.wp.com\/www.grieta.org.mx\/wp-content\/uploads\/2018\/03\/14524434_1106112876131411_958039263622046936_o.jpg?resize=350%2C200&ssl=1 1x, https:\/\/i0.wp.com\/www.grieta.org.mx\/wp-content\/uploads\/2018\/03\/14524434_1106112876131411_958039263622046936_o.jpg?resize=525%2C300&ssl=1 1.5x, https:\/\/i0.wp.com\/www.grieta.org.mx\/wp-content\/uploads\/2018\/03\/14524434_1106112876131411_958039263622046936_o.jpg?resize=700%2C400&ssl=1 2x"},"classes":[]},{"id":21868,"url":"https:\/\/www.grieta.org.mx\/index.php\/2017\/05\/24\/sin-solucion-conflicto-en-grupo-modelo-zacatecas\/","url_meta":{"origin":27403,"position":5},"title":"Sin soluci\u00f3n, conflicto en Grupo Modelo (Zacatecas)","author":"grieta","date":"24 mayo, 2017","format":false,"excerpt":"Dante Godoy\/NTR Zacatecas Zacatecas.- Manuel Torres Barrios, l\u00edder de trabajadores despedidos por la empresa Grupo Modelo, explic\u00f3 que las negociaciones no han rendido frutos y el corporativo se niega a dar cabida al pliego petitorio del pretendido sindicato independiente que mantiene un bloqueo al acceso de camiones surtidores de materia\u2026","rel":"","context":"En &quot;CINTILLO&quot;","block_context":{"text":"CINTILLO","link":"https:\/\/www.grieta.org.mx\/index.php\/category\/cintillo\/"},"img":{"alt_text":"","src":"https:\/\/i0.wp.com\/www.grieta.org.mx\/wp-content\/uploads\/2018\/03\/gm1.jpg?resize=350%2C200&ssl=1","width":350,"height":200,"srcset":"https:\/\/i0.wp.com\/www.grieta.org.mx\/wp-content\/uploads\/2018\/03\/gm1.jpg?resize=350%2C200&ssl=1 1x, https:\/\/i0.wp.com\/www.grieta.org.mx\/wp-content\/uploads\/2018\/03\/gm1.jpg?resize=525%2C300&ssl=1 1.5x, https:\/\/i0.wp.com\/www.grieta.org.mx\/wp-content\/uploads\/2018\/03\/gm1.jpg?resize=700%2C400&ssl=1 2x"},"classes":[]}],"_links":{"self":[{"href":"https:\/\/www.grieta.org.mx\/index.php\/wp-json\/wp\/v2\/posts\/27403","targetHints":{"allow":["GET"]}}],"collection":[{"href":"https:\/\/www.grieta.org.mx\/index.php\/wp-json\/wp\/v2\/posts"}],"about":[{"href":"https:\/\/www.grieta.org.mx\/index.php\/wp-json\/wp\/v2\/types\/post"}],"author":[{"embeddable":true,"href":"https:\/\/www.grieta.org.mx\/index.php\/wp-json\/wp\/v2\/users\/2"}],"replies":[{"embeddable":true,"href":"https:\/\/www.grieta.org.mx\/index.php\/wp-json\/wp\/v2\/comments?post=27403"}],"version-history":[{"count":1,"href":"https:\/\/www.grieta.org.mx\/index.php\/wp-json\/wp\/v2\/posts\/27403\/revisions"}],"predecessor-version":[{"id":27405,"href":"https:\/\/www.grieta.org.mx\/index.php\/wp-json\/wp\/v2\/posts\/27403\/revisions\/27405"}],"wp:featuredmedia":[{"embeddable":true,"href":"https:\/\/www.grieta.org.mx\/index.php\/wp-json\/wp\/v2\/media\/27404"}],"wp:attachment":[{"href":"https:\/\/www.grieta.org.mx\/index.php\/wp-json\/wp\/v2\/media?parent=27403"}],"wp:term":[{"taxonomy":"category","embeddable":true,"href":"https:\/\/www.grieta.org.mx\/index.php\/wp-json\/wp\/v2\/categories?post=27403"},{"taxonomy":"post_tag","embeddable":true,"href":"https:\/\/www.grieta.org.mx\/index.php\/wp-json\/wp\/v2\/tags?post=27403"}],"curies":[{"name":"wp","href":"https:\/\/api.w.org\/{rel}","templated":true}]}}