{"id":27372,"date":"2018-10-26T00:34:10","date_gmt":"2018-10-26T05:34:10","guid":{"rendered":"http:\/\/www.grieta.org.mx\/?p=27372"},"modified":"2018-10-27T00:39:27","modified_gmt":"2018-10-27T05:39:27","slug":"se-desata-la-voracidad-de-jorge-zermeno-incrementa-tarifas-de-agua-torreon-coahuila","status":"publish","type":"post","link":"https:\/\/www.grieta.org.mx\/index.php\/2018\/10\/26\/se-desata-la-voracidad-de-jorge-zermeno-incrementa-tarifas-de-agua-torreon-coahuila\/","title":{"rendered":"Se desata la voracidad de Jorge Zerme\u00f1o; incrementa tarifas de agua (Torre\u00f3n, Coahuila)"},"content":{"rendered":"<p><img loading=\"lazy\" decoding=\"async\" data-attachment-id=\"27373\" data-permalink=\"https:\/\/www.grieta.org.mx\/index.php\/2018\/10\/26\/se-desata-la-voracidad-de-jorge-zermeno-incrementa-tarifas-de-agua-torreon-coahuila\/jorgito5\/\" data-orig-file=\"https:\/\/www.grieta.org.mx\/wp-content\/uploads\/2018\/10\/jorgito5.jpg\" data-orig-size=\"700,467\" data-comments-opened=\"0\" data-image-meta=\"{&quot;aperture&quot;:&quot;0&quot;,&quot;credit&quot;:&quot;&quot;,&quot;camera&quot;:&quot;&quot;,&quot;caption&quot;:&quot;&quot;,&quot;created_timestamp&quot;:&quot;0&quot;,&quot;copyright&quot;:&quot;&quot;,&quot;focal_length&quot;:&quot;0&quot;,&quot;iso&quot;:&quot;0&quot;,&quot;shutter_speed&quot;:&quot;0&quot;,&quot;title&quot;:&quot;&quot;,&quot;orientation&quot;:&quot;0&quot;}\" data-image-title=\"jorgito5\" data-image-description=\"\" data-image-caption=\"\" data-medium-file=\"https:\/\/www.grieta.org.mx\/wp-content\/uploads\/2018\/10\/jorgito5-300x200.jpg\" data-large-file=\"https:\/\/www.grieta.org.mx\/wp-content\/uploads\/2018\/10\/jorgito5.jpg\" class=\"aligncenter size-medium wp-image-27373\" src=\"http:\/\/www.grieta.org.mx\/wp-content\/uploads\/2018\/10\/jorgito5-300x200.jpg\" alt=\"\" width=\"600\" height=\"400\" srcset=\"https:\/\/www.grieta.org.mx\/wp-content\/uploads\/2018\/10\/jorgito5-300x200.jpg 300w, https:\/\/www.grieta.org.mx\/wp-content\/uploads\/2018\/10\/jorgito5.jpg 700w\" sizes=\"auto, (max-width: 600px) 100vw, 600px\" \/><\/p>\n<p>Redacci\u00f3n\/EL DEM\u00d3CRATA<\/p>\n<p>Torre\u00f3n, Coah., 26 de octubre 2018.- El ayuntamiento que preside Jorge Zerme\u00f1o prepara un nuevo golpe a la econom\u00eda de los ciudadanos de Torre\u00f3n para que el servicio de agua potable se incremente de acuerdo a los aumentos de las tarifas de la Comisi\u00f3n Federal de Electricidad.<\/p>\n<p>En sesi\u00f3n de cabildo, el tesorero municipal, Jaime Hern\u00e1n Sirgo propuso enmiendas al proyecto de ley de ingresos para el 2019. Las adiciones al paquete fiscal incluye el ajuste a la alza de tarifas de agua potable.<\/p>\n<p>Estos \u201cajustes\u201d fueron propuestos para el Simas Torre\u00f3n y para el Simas Rural que es estatal. \u201cEl Sistema Intermunicipal de Aguas y Saneamiento de Torre\u00f3n-Matamoros\u2026 ambos sistemas, con el objeto de mantener la infraestructura, ampliaci\u00f3n y mejoramiento de los servicios de suministro de agua potable en la comunidad\u201d, dice la propuesta del tesorero.<\/p>\n<p>Igual, en medidas totalmente recaudatorias que perjudican al grueso de la poblaci\u00f3n, el gobierno municipal anunci\u00f3 modificaciones en el cobro de la reposici\u00f3n de medidores de agua potable para el Simas Torre\u00f3n y el Simas Rural a partir de enero del 2019.<\/p>\n<p>La Comisi\u00f3n de Hacienda aprob\u00f3 el dictamen asegurando: \u201cRelativo a la solicitud presentada por el tesorero municipal de realizar la modificaci\u00f3n y adici\u00f3n al proyecto de Ley de Ingresos para el 2019 aprobado en la D\u00e9cima Octava Sesi\u00f3n Ordinaria de Cabildo\u201d.<\/p>\n<p><a href=\"https:\/\/democratacoahuila.com\/2018\/10\/26\/se-desata-la-voracidad-de-jorge-zermeno-incrementa-tarifas-de-agua\/\" target=\"_blank\" rel=\"noopener\">https:\/\/democratacoahuila.com\/2018\/10\/26\/se-desata-la-voracidad-de-jorge-zermeno-incrementa-tarifas-de-agua\/<\/a><\/p>\n","protected":false},"excerpt":{"rendered":"<p>Redacci\u00f3n\/EL DEM\u00d3CRATA Torre\u00f3n, Coah., 26 de octubre 2018.- El ayuntamiento que preside Jorge Zerme\u00f1o prepara un nuevo golpe a la econom\u00eda de los ciudadanos de Torre\u00f3n para que el servicio &hellip; <a href=\"https:\/\/www.grieta.org.mx\/index.php\/2018\/10\/26\/se-desata-la-voracidad-de-jorge-zermeno-incrementa-tarifas-de-agua-torreon-coahuila\/\" class=\"more-link\">Leer m\u00e1s<\/a><\/p>\n","protected":false},"author":2,"featured_media":27373,"comment_status":"closed","ping_status":"closed","sticky":false,"template":"","format":"standard","meta":{"ngg_post_thumbnail":0,"_jetpack_newsletter_access":"","_jetpack_dont_email_post_to_subs":false,"_jetpack_newsletter_tier_id":0,"_jetpack_memberships_contains_paywalled_content":false,"_jetpack_memberships_contains_paid_content":false,"footnotes":""},"categories":[80,419,914,2,1751],"tags":[],"class_list":["post-27372","post","type-post","status-publish","format-standard","has-post-thumbnail","hentry","category-cintillo","category-coahuila","category-privatizacion-del-agua","category-noticias-nacionales","category-privatizacion-del-agua-en-coahuila","entry"],"jetpack_featured_media_url":"https:\/\/www.grieta.org.mx\/wp-content\/uploads\/2018\/10\/jorgito5.jpg","jetpack_sharing_enabled":true,"jetpack_shortlink":"https:\/\/wp.me\/p7ZJR4-77u","jetpack_likes_enabled":false,"jetpack-related-posts":[{"id":52765,"url":"https:\/\/www.grieta.org.mx\/index.php\/2020\/08\/09\/bloquean-carretera-por-falta-de-agua-en-torreon-coahuila\/","url_meta":{"origin":27372,"position":0},"title":"Bloquean carretera por falta de agua en Torre\u00f3n (Coahuila)","author":"grieta","date":"9 agosto, 2020","format":false,"excerpt":"Z\u00d3CALO Las autoridades se comprometieron a resolver la falta de agua en la colonia Villa Florida Torre\u00f3n, Coah.- Un numeroso grupo de vecinos se plant\u00f3 ayer por la tarde sobre uno de los carriles de la carretera Torre\u00f3n-San Pedro, lo que desquici\u00f3 el tr\u00e1fico vehicular, luego de que los vecinos\u2026","rel":"","context":"En &quot;CINTILLO&quot;","block_context":{"text":"CINTILLO","link":"https:\/\/www.grieta.org.mx\/index.php\/category\/cintillo\/"},"img":{"alt_text":"","src":"https:\/\/i0.wp.com\/www.grieta.org.mx\/wp-content\/uploads\/2020\/08\/agua-1596956281-621x354-1.jpg?resize=350%2C200&ssl=1","width":350,"height":200,"srcset":"https:\/\/i0.wp.com\/www.grieta.org.mx\/wp-content\/uploads\/2020\/08\/agua-1596956281-621x354-1.jpg?resize=350%2C200&ssl=1 1x, https:\/\/i0.wp.com\/www.grieta.org.mx\/wp-content\/uploads\/2020\/08\/agua-1596956281-621x354-1.jpg?resize=525%2C300&ssl=1 1.5x"},"classes":[]},{"id":22098,"url":"https:\/\/www.grieta.org.mx\/index.php\/2018\/03\/09\/ignora-jorge-zermeno-alcalde-de-torreon-peticion-de-fuerzas-unidas-por-nuestros-desaparecidos-en-coahuila\/","url_meta":{"origin":27372,"position":1},"title":"Ignora Jorge Zerme\u00f1o (alcalde de Torre\u00f3n) petici\u00f3n de Fuerzas Unidas por Nuestros Desaparecidos en Coahuila","author":"grieta","date":"9 marzo, 2018","format":false,"excerpt":"El Dem\u00f3crata Torre\u00f3n, Coah., 09 de marzo de 2018.- La organizaci\u00f3n Fuerzas Unidas por Nuestras Desaparecidos en Coahuila (FUNDEC), ha hecho un llamado de indignaci\u00f3n por el caso omiso del alcalde municipal de Torre\u00f3n, Jorge Zerme\u00f1o, por la violaci\u00f3n a los dos memoriales de desaparecidos en el estado y la\u2026","rel":"","context":"En &quot;CINTILLO&quot;","block_context":{"text":"CINTILLO","link":"https:\/\/www.grieta.org.mx\/index.php\/category\/cintillo\/"},"img":{"alt_text":"","src":"https:\/\/i0.wp.com\/www.grieta.org.mx\/wp-content\/uploads\/2018\/03\/Desaparecidas.jpg?resize=350%2C200&ssl=1","width":350,"height":200,"srcset":"https:\/\/i0.wp.com\/www.grieta.org.mx\/wp-content\/uploads\/2018\/03\/Desaparecidas.jpg?resize=350%2C200&ssl=1 1x, https:\/\/i0.wp.com\/www.grieta.org.mx\/wp-content\/uploads\/2018\/03\/Desaparecidas.jpg?resize=525%2C300&ssl=1 1.5x"},"classes":[]},{"id":48958,"url":"https:\/\/www.grieta.org.mx\/index.php\/2020\/04\/14\/con-escasez-de-agua-viven-colonias-al-oriente-de-torreon-coahuila\/","url_meta":{"origin":27372,"position":2},"title":"Con escasez de agua, viven colonias al oriente de Torre\u00f3n (Coahuila)","author":"grieta","date":"14 abril, 2020","format":false,"excerpt":"Beatriz Silva\/ EL SIGLO DE TORRE\u00d3N \u00a0 Vecinos de colonias como Villas Universidad, Rancho Alegre, Sol de Oriente y algunas otras del oriente de Torre\u00f3n manifestaron su queja ante la baja presi\u00f3n de agua que existe dentro de sus hogares. Se\u00f1alaron que desde hace un mes comenz\u00f3 el desabasto de\u2026","rel":"","context":"En &quot;CINTILLO&quot;","block_context":{"text":"CINTILLO","link":"https:\/\/www.grieta.org.mx\/index.php\/category\/cintillo\/"},"img":{"alt_text":"","src":"https:\/\/i0.wp.com\/www.grieta.org.mx\/wp-content\/uploads\/2018\/03\/14524434_1106112876131411_958039263622046936_o.jpg?resize=350%2C200&ssl=1","width":350,"height":200,"srcset":"https:\/\/i0.wp.com\/www.grieta.org.mx\/wp-content\/uploads\/2018\/03\/14524434_1106112876131411_958039263622046936_o.jpg?resize=350%2C200&ssl=1 1x, https:\/\/i0.wp.com\/www.grieta.org.mx\/wp-content\/uploads\/2018\/03\/14524434_1106112876131411_958039263622046936_o.jpg?resize=525%2C300&ssl=1 1.5x, https:\/\/i0.wp.com\/www.grieta.org.mx\/wp-content\/uploads\/2018\/03\/14524434_1106112876131411_958039263622046936_o.jpg?resize=700%2C400&ssl=1 2x"},"classes":[]},{"id":22088,"url":"https:\/\/www.grieta.org.mx\/index.php\/2018\/03\/01\/ordena-zermeno-encarcelar-a-transexuales-que-caminen-por-calles-de-torreon\/","url_meta":{"origin":27372,"position":3},"title":"Ordena Zerme\u00f1o encarcelar a transexuales que caminen por calles de Torre\u00f3n","author":"grieta","date":"1 marzo, 2018","format":false,"excerpt":"Torre\u00f3n, Coah., 12 de marzo 2018.- Por \u201cfobia\u201d a los homosexuales y transexuales, el alcalde de Torre\u00f3n Jorge Zerme\u00f1o Infante orden\u00f3 el encarcelamiento de quienes caminen por las calles de la ciudad vestidos de mujer. No\u00e9 Ruiz Malacara, presidente de San Aelredo, denunci\u00f3 que por lo menos 10 personas transexuales\u2026","rel":"","context":"En &quot;CINTILLO&quot;","block_context":{"text":"CINTILLO","link":"https:\/\/www.grieta.org.mx\/index.php\/category\/cintillo\/"},"img":{"alt_text":"","src":"https:\/\/i0.wp.com\/www.grieta.org.mx\/wp-content\/uploads\/2018\/03\/14524434_1106112876131411_958039263622046936_o.jpg?resize=350%2C200&ssl=1","width":350,"height":200,"srcset":"https:\/\/i0.wp.com\/www.grieta.org.mx\/wp-content\/uploads\/2018\/03\/14524434_1106112876131411_958039263622046936_o.jpg?resize=350%2C200&ssl=1 1x, https:\/\/i0.wp.com\/www.grieta.org.mx\/wp-content\/uploads\/2018\/03\/14524434_1106112876131411_958039263622046936_o.jpg?resize=525%2C300&ssl=1 1.5x, https:\/\/i0.wp.com\/www.grieta.org.mx\/wp-content\/uploads\/2018\/03\/14524434_1106112876131411_958039263622046936_o.jpg?resize=700%2C400&ssl=1 2x"},"classes":[]},{"id":51446,"url":"https:\/\/www.grieta.org.mx\/index.php\/2020\/06\/17\/bloquean-carretera-por-la-falta-de-agua-potable-en-viesca-coahuila\/","url_meta":{"origin":27372,"position":4},"title":"Bloquean carretera por la falta de agua potable en Viesca (Coahuila)","author":"grieta","date":"17 junio, 2020","format":false,"excerpt":"Bloquean carretera por la falta de agua potable en Viesca Primitivo Gonz\u00e1lez\/ EL SIGLO DE TORRE\u00d3N Desesperados por la falta de agua potable, habitantes del poblado Bilbao, perteneciente a este municipio, bloquearon la carretera Zapata-Viesca, en demanda del vital servicio. La ma\u00f1ana del pasado martes, alrededor de las 09:00 horas,\u2026","rel":"","context":"En &quot;CINTILLO&quot;","block_context":{"text":"CINTILLO","link":"https:\/\/www.grieta.org.mx\/index.php\/category\/cintillo\/"},"img":{"alt_text":"","src":"https:\/\/i0.wp.com\/www.grieta.org.mx\/wp-content\/uploads\/2020\/06\/1318055.jpeg?resize=350%2C200&ssl=1","width":350,"height":200,"srcset":"https:\/\/i0.wp.com\/www.grieta.org.mx\/wp-content\/uploads\/2020\/06\/1318055.jpeg?resize=350%2C200&ssl=1 1x, https:\/\/i0.wp.com\/www.grieta.org.mx\/wp-content\/uploads\/2020\/06\/1318055.jpeg?resize=525%2C300&ssl=1 1.5x, https:\/\/i0.wp.com\/www.grieta.org.mx\/wp-content\/uploads\/2020\/06\/1318055.jpeg?resize=700%2C400&ssl=1 2x"},"classes":[]},{"id":6674,"url":"https:\/\/www.grieta.org.mx\/index.php\/2016\/08\/05\/desabasto-de-agua-en-coahuila\/","url_meta":{"origin":27372,"position":5},"title":"Desabasto de agua en Coahuila","author":"grieta","date":"5 agosto, 2016","format":false,"excerpt":"30\/07\/16. Bloquean v\u00eda por falta de agua (San Pedro) El Siglo de Torre\u00f3n 04\/02\/16. Bloquean carretera por falta de agua El Siglo de Torre\u00f3n 30\/01\/16. Cierran carretera por la falta de agua El Siglo de Torre\u00f3n 29\/01\/16. Vuelven a bloquear carretera ante falta de agua El Siglo de Torre\u00f3n","rel":"","context":"En &quot;Coahuila&quot;","block_context":{"text":"Coahuila","link":"https:\/\/www.grieta.org.mx\/index.php\/category\/noticias-nacionales\/coahuila\/"},"img":{"alt_text":"","src":"https:\/\/i0.wp.com\/www.grieta.org.mx\/wp-content\/uploads\/2018\/03\/14524434_1106112876131411_958039263622046936_o.jpg?resize=350%2C200&ssl=1","width":350,"height":200,"srcset":"https:\/\/i0.wp.com\/www.grieta.org.mx\/wp-content\/uploads\/2018\/03\/14524434_1106112876131411_958039263622046936_o.jpg?resize=350%2C200&ssl=1 1x, https:\/\/i0.wp.com\/www.grieta.org.mx\/wp-content\/uploads\/2018\/03\/14524434_1106112876131411_958039263622046936_o.jpg?resize=525%2C300&ssl=1 1.5x, https:\/\/i0.wp.com\/www.grieta.org.mx\/wp-content\/uploads\/2018\/03\/14524434_1106112876131411_958039263622046936_o.jpg?resize=700%2C400&ssl=1 2x"},"classes":[]}],"_links":{"self":[{"href":"https:\/\/www.grieta.org.mx\/index.php\/wp-json\/wp\/v2\/posts\/27372","targetHints":{"allow":["GET"]}}],"collection":[{"href":"https:\/\/www.grieta.org.mx\/index.php\/wp-json\/wp\/v2\/posts"}],"about":[{"href":"https:\/\/www.grieta.org.mx\/index.php\/wp-json\/wp\/v2\/types\/post"}],"author":[{"embeddable":true,"href":"https:\/\/www.grieta.org.mx\/index.php\/wp-json\/wp\/v2\/users\/2"}],"replies":[{"embeddable":true,"href":"https:\/\/www.grieta.org.mx\/index.php\/wp-json\/wp\/v2\/comments?post=27372"}],"version-history":[{"count":1,"href":"https:\/\/www.grieta.org.mx\/index.php\/wp-json\/wp\/v2\/posts\/27372\/revisions"}],"predecessor-version":[{"id":27374,"href":"https:\/\/www.grieta.org.mx\/index.php\/wp-json\/wp\/v2\/posts\/27372\/revisions\/27374"}],"wp:featuredmedia":[{"embeddable":true,"href":"https:\/\/www.grieta.org.mx\/index.php\/wp-json\/wp\/v2\/media\/27373"}],"wp:attachment":[{"href":"https:\/\/www.grieta.org.mx\/index.php\/wp-json\/wp\/v2\/media?parent=27372"}],"wp:term":[{"taxonomy":"category","embeddable":true,"href":"https:\/\/www.grieta.org.mx\/index.php\/wp-json\/wp\/v2\/categories?post=27372"},{"taxonomy":"post_tag","embeddable":true,"href":"https:\/\/www.grieta.org.mx\/index.php\/wp-json\/wp\/v2\/tags?post=27372"}],"curies":[{"name":"wp","href":"https:\/\/api.w.org\/{rel}","templated":true}]}}