{"id":27359,"date":"2018-10-25T09:22:55","date_gmt":"2018-10-25T14:22:55","guid":{"rendered":"http:\/\/www.grieta.org.mx\/?p=27359"},"modified":"2018-10-26T09:33:25","modified_gmt":"2018-10-26T14:33:25","slug":"asesinan-a-defensor-raramuri-en-la-sierra-de-chihuahua","status":"publish","type":"post","link":"https:\/\/www.grieta.org.mx\/index.php\/2018\/10\/25\/asesinan-a-defensor-raramuri-en-la-sierra-de-chihuahua\/","title":{"rendered":"Asesinan a defensor rar\u00e1muri en la sierra de Chihuahua"},"content":{"rendered":"<p><img loading=\"lazy\" decoding=\"async\" data-attachment-id=\"27360\" data-permalink=\"https:\/\/www.grieta.org.mx\/index.php\/2018\/10\/25\/asesinan-a-defensor-raramuri-en-la-sierra-de-chihuahua\/julian-carrillo-raramuri\/\" data-orig-file=\"https:\/\/www.grieta.org.mx\/wp-content\/uploads\/2018\/10\/JULIAN-CARRILLO-RAR\u00c1MURI.jpg\" data-orig-size=\"980,617\" data-comments-opened=\"0\" data-image-meta=\"{&quot;aperture&quot;:&quot;0&quot;,&quot;credit&quot;:&quot;&quot;,&quot;camera&quot;:&quot;&quot;,&quot;caption&quot;:&quot;&quot;,&quot;created_timestamp&quot;:&quot;0&quot;,&quot;copyright&quot;:&quot;&quot;,&quot;focal_length&quot;:&quot;0&quot;,&quot;iso&quot;:&quot;0&quot;,&quot;shutter_speed&quot;:&quot;0&quot;,&quot;title&quot;:&quot;&quot;,&quot;orientation&quot;:&quot;0&quot;}\" data-image-title=\"JULIAN CARRILLO RAR\u00c1MURI\" data-image-description=\"\" data-image-caption=\"\" data-medium-file=\"https:\/\/www.grieta.org.mx\/wp-content\/uploads\/2018\/10\/JULIAN-CARRILLO-RAR\u00c1MURI-300x189.jpg\" data-large-file=\"https:\/\/www.grieta.org.mx\/wp-content\/uploads\/2018\/10\/JULIAN-CARRILLO-RAR\u00c1MURI.jpg\" class=\"aligncenter size-medium wp-image-27360\" src=\"http:\/\/www.grieta.org.mx\/wp-content\/uploads\/2018\/10\/JULIAN-CARRILLO-RAR\u00c1MURI-300x189.jpg\" alt=\"\" width=\"600\" height=\"376\" \/><br \/>\nTomada de Amnist\u00eda Internacional.<\/p>\n<p>REDACCI\u00d3N\/EL Diario de Chihuahua<br \/>\nChihuahua.- Durante la noche de este mi\u00e9rcoles, Juli\u00e1n Carrillo, defensor rar\u00e1muri de tierra y territorio del municipio Coloradas de la Virgen, Chihuahua, fue asesinado por un grupo de hombres armados.<\/p>\n<p>En entrevista para Animal Pol\u00edtico, Erika Guevara Rosas, directora para las Am\u00e9ricas de Amnist\u00eda Internacional, detalla que \u201cJuli\u00e1n era un defensor ind\u00edgena rar\u00e1muri y l\u00edder de la comunidad Coloradas de La Vigen, que desde 2007 luchaba contra la explotaci\u00f3n de recursos naturales en los territorios ancestrales de la zona\u201d.<\/p>\n<p>Agrega que hasta el momento saben muy poco sobre c\u00f3mo ocurri\u00f3 el asesinato. \u201cLa informaci\u00f3n que nos han brindado sobre el crimen es que fue perseguido y asesinado por agresores no identificados la noche de este mi\u00e9rcoles\u201d.<\/p>\n<p>Juli\u00e1n viv\u00eda en la Sierra Tarahumara, una zona con escasa seguridad y sin servicios b\u00e1sicos, que en los \u00faltimos a\u00f1os ha sido ocupada por grupos del crimen organizado que aprovechan la tierra para la siembra de amapola y cannabis.<\/p>\n<p>En varias ocasiones Juli\u00e1n se reuni\u00f3 con personal de Amnist\u00eda Internacional y platic\u00f3 que de un tiempo a la fecha algunos terratenientes se hab\u00edan apropiado, de manera fraudulenta, de las tierras pertencientes a los rar\u00e1muris para entregarlas al crimen organizado.<\/p>\n<p>Tras esto, los afectados interpusieron \u201creclamos agrarios\u201d ante las autoridades para recuperar sus t\u00edtulos de propiedades pero a cambio solo recibieron amenazas de los terratenientes, o algunos fueron asesinados como en el caso de Juli\u00e1n.<\/p>\n<p>Amnist\u00eda Internacional calcula que en los \u00faltimos dos a\u00f1os han sucedido, por lo menos 9 asesinatos, incluidos el de Juli\u00e1n y sus familiares, relacionados con los reclamos por los despojos de tierra. Pero no todas las familias han denunciado por temor a represalias.<\/p>\n<p>Viv\u00eda amenazado y 5 de sus familiares tambi\u00e9n fueron asesinados<br \/>\nErika Guevara relata que desde hace tiempo el defensor hab\u00eda recibido amenazas constantes por la labor que realizaba.<\/p>\n<p>\u201cA consecuencia de esto desde 2014 Juli\u00e1n y su comunidad quedaron bajo el resguardo del Mecanismo de Protecci\u00f3n que supuestamente les brindaba medidas de protecci\u00f3n\u201d.<\/p>\n<p>En los \u00faltimos 2 a\u00f1os, Juli\u00e1n hab\u00eda perdido ya a cinco familiares, a quienes asesinaron, al parecer, por la misma situaci\u00f3n.<\/p>\n<p>El 5 de febrero de 2016 su hijo, V\u00edctor Carrillo, fue asesinado; el 1 de julio de 2016 ocurri\u00f3 lo mismo con su sobrino, Guadalupe Carrillo Polanco; el 1 de julio de 2017 mataron a Alberto Qui\u00f1ones Carrillo, otro de sus sobrinos, y el 1 de julio de 2018 fue asesinado su yerno, Francisco Chaparro Carrillo.<\/p>\n<p>\u201cCondenamos el asesinato de Juli\u00e1n y exigimos a las autoridades una investigaci\u00f3n inmediata, exhaustiva e imparcial para esclarecer los hechos e identificar y castigar a los autores materiales e intelectuales. De no ser as\u00ed, las autoridades mexicanas estar\u00edan alentando otros ataques a personas defensoras\u201d, declar\u00f3 Tania Reneaum Panszi, directora Ejecutiva de Amnist\u00eda Internacional en M\u00e9xico.<\/p>\n<p>Resalt\u00f3 la grave situaci\u00f3n de peligro que enfrentan d\u00eda a d\u00eda las personas defensoras en el pa\u00eds, y la falta de capacidad del estado para implementar medidas de protecci\u00f3n efectivas que garanticen su vida e integridad.<\/p>\n<p>\u201cEn Chihuahua, particularmente, se han activado medidas por parte de la Secretar\u00eda de Gobernaci\u00f3n para prevenir agresiones contra personas defensoras. Pero se hace latente una vez m\u00e1s la necesidad de fortalecer el mecanismo de protecci\u00f3n ante el aumento de agresiones que enfrentan por realizar su trabajo\u201d, finaliz\u00f3.<\/p>\n<p>La Fiscal\u00eda General del Estado de Chihuahua ha iniciado una carpeta de investigaci\u00f3n y este jueves se re\u00fane con los familiares de Juli\u00e1n para informar sobre los avances de la misma.<\/p>\n<p><a href=\"https:\/\/www.eldiariodechihuahua.mx\/Estado\/2018\/10\/25\/asesinan-a-defensor-raramuri-en-la-sierra-de-chihuahua\/\" target=\"_blank\" rel=\"noopener\">https:\/\/www.eldiariodechihuahua.mx\/Estado\/2018\/10\/25\/asesinan-a-defensor-raramuri-en-la-sierra-de-chihuahua\/<\/a><\/p>\n","protected":false},"excerpt":{"rendered":"<p>Tomada de Amnist\u00eda Internacional. REDACCI\u00d3N\/EL Diario de Chihuahua Chihuahua.- Durante la noche de este mi\u00e9rcoles, Juli\u00e1n Carrillo, defensor rar\u00e1muri de tierra y territorio del municipio Coloradas de la Virgen, Chihuahua, &hellip; <a href=\"https:\/\/www.grieta.org.mx\/index.php\/2018\/10\/25\/asesinan-a-defensor-raramuri-en-la-sierra-de-chihuahua\/\" class=\"more-link\">Leer m\u00e1s<\/a><\/p>\n","protected":false},"author":2,"featured_media":27360,"comment_status":"closed","ping_status":"closed","sticky":false,"template":"","format":"standard","meta":{"ngg_post_thumbnail":0,"_jetpack_newsletter_access":"","_jetpack_dont_email_post_to_subs":false,"_jetpack_newsletter_tier_id":0,"_jetpack_memberships_contains_paywalled_content":false,"_jetpack_memberships_contains_paid_content":false,"footnotes":""},"categories":[12,80,1029,1278,2,83],"tags":[1834,1836,1835,1832,1833],"class_list":["post-27359","post","type-post","status-publish","format-standard","has-post-thumbnail","hentry","category-chihuahua","category-cintillo","category-conflictos-y-resistencias-del-pueblo-raramuri","category-despojo-de-tierras-y-territorios","category-noticias-nacionales","category-temas-nacionales","tag-asesinato-de-lideres-indigenas","tag-asesinatos-de-raramuris","tag-lideres-tarahumaras-asesinados","tag-violencia-contra-defensores-del-medio-ambiente","tag-violencia-contra-pueblos-indigenas","entry"],"jetpack_featured_media_url":"https:\/\/www.grieta.org.mx\/wp-content\/uploads\/2018\/10\/JULIAN-CARRILLO-RAR\u00c1MURI.jpg","jetpack_sharing_enabled":true,"jetpack_shortlink":"https:\/\/wp.me\/p7ZJR4-77h","jetpack_likes_enabled":false,"jetpack-related-posts":[{"id":33690,"url":"https:\/\/www.grieta.org.mx\/index.php\/2018\/10\/25\/asesinan-a-defensor-raramuri-en-chihuahua-en-dos-anos-mataron-a-5-de-sus-familiares\/","url_meta":{"origin":27359,"position":0},"title":"Asesinan a defensor rar\u00e1muri en Chihuahua; en dos a\u00f1os mataron a 5 de sus familiares","author":"grieta","date":"25 octubre, 2018","format":false,"excerpt":"Desde 2007 Juli\u00e1n Carrillo luchaba contra la explotaci\u00f3n de recursos naturales en los territorios ancestrales de la zona; en 2016 comenzaron las amenazas y los ataques. Mataron a dos de sus sobrinos, a su hijo y a su yerno. Amnist\u00eda Internacional exige justicia. Redacci\u00f3n\/ ANIMAL POL\u00cdTICO Durante la noche de\u2026","rel":"","context":"En &quot;Chihuahua&quot;","block_context":{"text":"Chihuahua","link":"https:\/\/www.grieta.org.mx\/index.php\/category\/noticias-nacionales\/chihuahua\/"},"img":{"alt_text":"","src":"https:\/\/i0.wp.com\/www.grieta.org.mx\/wp-content\/uploads\/2019\/05\/Raramuris_Semana_Santa-15-e1540496349621.jpg?resize=350%2C200&ssl=1","width":350,"height":200,"srcset":"https:\/\/i0.wp.com\/www.grieta.org.mx\/wp-content\/uploads\/2019\/05\/Raramuris_Semana_Santa-15-e1540496349621.jpg?resize=350%2C200&ssl=1 1x, https:\/\/i0.wp.com\/www.grieta.org.mx\/wp-content\/uploads\/2019\/05\/Raramuris_Semana_Santa-15-e1540496349621.jpg?resize=525%2C300&ssl=1 1.5x, https:\/\/i0.wp.com\/www.grieta.org.mx\/wp-content\/uploads\/2019\/05\/Raramuris_Semana_Santa-15-e1540496349621.jpg?resize=700%2C400&ssl=1 2x, https:\/\/i0.wp.com\/www.grieta.org.mx\/wp-content\/uploads\/2019\/05\/Raramuris_Semana_Santa-15-e1540496349621.jpg?resize=1050%2C600&ssl=1 3x, https:\/\/i0.wp.com\/www.grieta.org.mx\/wp-content\/uploads\/2019\/05\/Raramuris_Semana_Santa-15-e1540496349621.jpg?resize=1400%2C800&ssl=1 4x"},"classes":[]},{"id":40465,"url":"https:\/\/www.grieta.org.mx\/index.php\/2019\/10\/25\/a-un-ano-del-asesinato-del-defensor-raramuri-julian-carrillo-su-familia-sigue-desplazada-chihuahua\/","url_meta":{"origin":27359,"position":1},"title":"A un a\u00f1o del asesinato del defensor rar\u00e1muri Juli\u00e1n Carrillo, su familia sigue desplazada (Chihuahua)","author":"grieta","date":"25 octubre, 2019","format":false,"excerpt":"Alberto Pradilla\/Animal Pol\u00edtico Juli\u00e1n Carrillo, de 54 a\u00f1os, defensor rar\u00e1muri de la comunidad Coloradas de la Virgen, Chihuahua, fue asesinado hace exactamente un a\u00f1o. Su muerte fue la \u00faltima de una serie de homicidios en los que se ensa\u00f1aron con su familia. El 5 de febrero de 2016, su hijo\u2026","rel":"","context":"En &quot;Chihuahua&quot;","block_context":{"text":"Chihuahua","link":"https:\/\/www.grieta.org.mx\/index.php\/category\/noticias-nacionales\/chihuahua\/"},"img":{"alt_text":"","src":"https:\/\/i0.wp.com\/www.grieta.org.mx\/wp-content\/uploads\/2019\/10\/8-1024x683-1.jpg?resize=350%2C200&ssl=1","width":350,"height":200,"srcset":"https:\/\/i0.wp.com\/www.grieta.org.mx\/wp-content\/uploads\/2019\/10\/8-1024x683-1.jpg?resize=350%2C200&ssl=1 1x, https:\/\/i0.wp.com\/www.grieta.org.mx\/wp-content\/uploads\/2019\/10\/8-1024x683-1.jpg?resize=525%2C300&ssl=1 1.5x, https:\/\/i0.wp.com\/www.grieta.org.mx\/wp-content\/uploads\/2019\/10\/8-1024x683-1.jpg?resize=700%2C400&ssl=1 2x, https:\/\/i0.wp.com\/www.grieta.org.mx\/wp-content\/uploads\/2019\/10\/8-1024x683-1.jpg?resize=1050%2C600&ssl=1 3x"},"classes":[]},{"id":40732,"url":"https:\/\/www.grieta.org.mx\/index.php\/2019\/10\/26\/plasman-en-mural-los-rostros-de-tres-defensores-indigenas-del-medio-ambiente-en-chihuahua\/","url_meta":{"origin":27359,"position":2},"title":"Plasman en mural los rostros de tres defensores ind\u00edgenas del medio ambiente en Chihuahua","author":"grieta","date":"26 octubre, 2019","format":false,"excerpt":"Patricia Mayorga\/Proceso CIUDAD DE M\u00c9XICO (apro).- Los rostros de Juli\u00e1n Carrillo Mart\u00ednez, Isidro Baldenegro L\u00f3pez y Juan Ontiveros Ramos, defensores ind\u00edgenas del medio ambiente, fueron plasmados en un mural en las instalaciones de la organizaci\u00f3n Alianza Sierra Madre, en la capital de Chihuahua. Los muralistas Antonio Leal Bejarano \u2018Terremoto\u2019 y\u2026","rel":"","context":"En &quot;Chihuahua&quot;","block_context":{"text":"Chihuahua","link":"https:\/\/www.grieta.org.mx\/index.php\/category\/noticias-nacionales\/chihuahua\/"},"img":{"alt_text":"","src":"https:\/\/i0.wp.com\/www.grieta.org.mx\/wp-content\/uploads\/2019\/10\/Alianza-Sierra-Madre-OK-870x522.jpg?resize=350%2C200&ssl=1","width":350,"height":200,"srcset":"https:\/\/i0.wp.com\/www.grieta.org.mx\/wp-content\/uploads\/2019\/10\/Alianza-Sierra-Madre-OK-870x522.jpg?resize=350%2C200&ssl=1 1x, https:\/\/i0.wp.com\/www.grieta.org.mx\/wp-content\/uploads\/2019\/10\/Alianza-Sierra-Madre-OK-870x522.jpg?resize=525%2C300&ssl=1 1.5x, https:\/\/i0.wp.com\/www.grieta.org.mx\/wp-content\/uploads\/2019\/10\/Alianza-Sierra-Madre-OK-870x522.jpg?resize=700%2C400&ssl=1 2x"},"classes":[]},{"id":33698,"url":"https:\/\/www.grieta.org.mx\/index.php\/2019\/05\/17\/mexico-asesinan-a-madre-e-hijo-defensores-de-tierra-y-territorio-de-la-sierra-tarahumara-y-familiares-de-lider-julian-carrillo-martinez-asesinado-en-2018\/","url_meta":{"origin":27359,"position":3},"title":"M\u00e9xico: Asesinan a madre e hijo, defensores de tierra y territorio de la Sierra Tarahumara y familiares de l\u00edder Juli\u00e1n Carrillo Mart\u00ednez asesinado en 2018","author":"grieta","date":"17 mayo, 2019","format":false,"excerpt":"BUSINESS-HUMANRIGHT\/ LA JORNADA \u201cMatan a madre e hijo, defensores de bosques en Chihuahua\u201d, 4 de mayo de 2019 \u2026Asesinos a sueldo ultimaron a Otilia Mart\u00ednez Cruz\u2026y a su hijo Gregorio Chaparro Cruz, de 20, en el municipio de Guadalupe y Calvo, en los l\u00edmites de Chihuahua y Sinaloa. Las v\u00edctimas\u2026","rel":"","context":"En &quot;Chihuahua&quot;","block_context":{"text":"Chihuahua","link":"https:\/\/www.grieta.org.mx\/index.php\/category\/noticias-nacionales\/chihuahua\/"},"img":{"alt_text":"","src":"https:\/\/i0.wp.com\/www.grieta.org.mx\/wp-content\/uploads\/2018\/03\/14524434_1106112876131411_958039263622046936_o.jpg?resize=350%2C200&ssl=1","width":350,"height":200,"srcset":"https:\/\/i0.wp.com\/www.grieta.org.mx\/wp-content\/uploads\/2018\/03\/14524434_1106112876131411_958039263622046936_o.jpg?resize=350%2C200&ssl=1 1x, https:\/\/i0.wp.com\/www.grieta.org.mx\/wp-content\/uploads\/2018\/03\/14524434_1106112876131411_958039263622046936_o.jpg?resize=525%2C300&ssl=1 1.5x, https:\/\/i0.wp.com\/www.grieta.org.mx\/wp-content\/uploads\/2018\/03\/14524434_1106112876131411_958039263622046936_o.jpg?resize=700%2C400&ssl=1 2x"},"classes":[]},{"id":33741,"url":"https:\/\/www.grieta.org.mx\/index.php\/2019\/04\/25\/secuestran-al-hijo-de-cruz-sanchez-defensor-indigena-en-chihuahua\/","url_meta":{"origin":27359,"position":4},"title":"Secuestran al hijo de Cruz S\u00e1nchez, defensor ind\u00edgena en Chihuahua","author":"grieta","date":"25 abril, 2019","format":false,"excerpt":"Hombres armados sacaron a la fuerza de su casa a Joel S\u00e1nchez. La familia es parte de la comunidad El Manzano, cuyos habitantes son v\u00edctimas de desplazamiento por la violencia del crimen organizado. Redacci\u00f3n\/ ANIMAL POL\u00cdTICO Hombres armados secuestraron este mi\u00e9rcoles a Joel S\u00e1nchez Cruz, hijo del defensor y activista\u2026","rel":"","context":"En &quot;Chihuahua&quot;","block_context":{"text":"Chihuahua","link":"https:\/\/www.grieta.org.mx\/index.php\/category\/noticias-nacionales\/chihuahua\/"},"img":{"alt_text":"","src":"https:\/\/i0.wp.com\/www.grieta.org.mx\/wp-content\/uploads\/2019\/05\/Secuestro.jpg?resize=350%2C200&ssl=1","width":350,"height":200,"srcset":"https:\/\/i0.wp.com\/www.grieta.org.mx\/wp-content\/uploads\/2019\/05\/Secuestro.jpg?resize=350%2C200&ssl=1 1x, https:\/\/i0.wp.com\/www.grieta.org.mx\/wp-content\/uploads\/2019\/05\/Secuestro.jpg?resize=525%2C300&ssl=1 1.5x, https:\/\/i0.wp.com\/www.grieta.org.mx\/wp-content\/uploads\/2019\/05\/Secuestro.jpg?resize=700%2C400&ssl=1 2x, https:\/\/i0.wp.com\/www.grieta.org.mx\/wp-content\/uploads\/2019\/05\/Secuestro.jpg?resize=1050%2C600&ssl=1 3x, https:\/\/i0.wp.com\/www.grieta.org.mx\/wp-content\/uploads\/2019\/05\/Secuestro.jpg?resize=1400%2C800&ssl=1 4x"},"classes":[]},{"id":27593,"url":"https:\/\/www.grieta.org.mx\/index.php\/2018\/11\/10\/historia-de-resistencia-y-lucha-del-lider-raramuri-asesinado-en-chihuahua\/","url_meta":{"origin":27359,"position":5},"title":"Historia de resistencia y lucha del l\u00edder rar\u00e1muri asesinado en Chihuahua","author":"grieta","date":"10 noviembre, 2018","format":false,"excerpt":"Patricia Mayorga\/ PROCESO CIUDAD DE M\u00c9XICO (apro).- V\u00edctor Juli\u00e1n Mart\u00ednez, l\u00edder social ind\u00edgena asesinado ayer en Coloradas de la Virgen del municipio de Guadalupe y Calvo, es un \u00edcono de la lucha por el territorio ubicado en una de las zonas m\u00e1s peligrosas de la regi\u00f3n y del pa\u00eds: el\u2026","rel":"","context":"En &quot;Chihuahua&quot;","block_context":{"text":"Chihuahua","link":"https:\/\/www.grieta.org.mx\/index.php\/category\/noticias-nacionales\/chihuahua\/"},"img":{"alt_text":"","src":"https:\/\/i0.wp.com\/www.grieta.org.mx\/wp-content\/uploads\/2018\/11\/victor-1078x750.jpg?resize=350%2C200&ssl=1","width":350,"height":200,"srcset":"https:\/\/i0.wp.com\/www.grieta.org.mx\/wp-content\/uploads\/2018\/11\/victor-1078x750.jpg?resize=350%2C200&ssl=1 1x, https:\/\/i0.wp.com\/www.grieta.org.mx\/wp-content\/uploads\/2018\/11\/victor-1078x750.jpg?resize=525%2C300&ssl=1 1.5x, https:\/\/i0.wp.com\/www.grieta.org.mx\/wp-content\/uploads\/2018\/11\/victor-1078x750.jpg?resize=700%2C400&ssl=1 2x, https:\/\/i0.wp.com\/www.grieta.org.mx\/wp-content\/uploads\/2018\/11\/victor-1078x750.jpg?resize=1050%2C600&ssl=1 3x"},"classes":[]}],"_links":{"self":[{"href":"https:\/\/www.grieta.org.mx\/index.php\/wp-json\/wp\/v2\/posts\/27359","targetHints":{"allow":["GET"]}}],"collection":[{"href":"https:\/\/www.grieta.org.mx\/index.php\/wp-json\/wp\/v2\/posts"}],"about":[{"href":"https:\/\/www.grieta.org.mx\/index.php\/wp-json\/wp\/v2\/types\/post"}],"author":[{"embeddable":true,"href":"https:\/\/www.grieta.org.mx\/index.php\/wp-json\/wp\/v2\/users\/2"}],"replies":[{"embeddable":true,"href":"https:\/\/www.grieta.org.mx\/index.php\/wp-json\/wp\/v2\/comments?post=27359"}],"version-history":[{"count":1,"href":"https:\/\/www.grieta.org.mx\/index.php\/wp-json\/wp\/v2\/posts\/27359\/revisions"}],"predecessor-version":[{"id":27362,"href":"https:\/\/www.grieta.org.mx\/index.php\/wp-json\/wp\/v2\/posts\/27359\/revisions\/27362"}],"wp:featuredmedia":[{"embeddable":true,"href":"https:\/\/www.grieta.org.mx\/index.php\/wp-json\/wp\/v2\/media\/27360"}],"wp:attachment":[{"href":"https:\/\/www.grieta.org.mx\/index.php\/wp-json\/wp\/v2\/media?parent=27359"}],"wp:term":[{"taxonomy":"category","embeddable":true,"href":"https:\/\/www.grieta.org.mx\/index.php\/wp-json\/wp\/v2\/categories?post=27359"},{"taxonomy":"post_tag","embeddable":true,"href":"https:\/\/www.grieta.org.mx\/index.php\/wp-json\/wp\/v2\/tags?post=27359"}],"curies":[{"name":"wp","href":"https:\/\/api.w.org\/{rel}","templated":true}]}}