{"id":27282,"date":"2018-10-21T10:02:05","date_gmt":"2018-10-21T15:02:05","guid":{"rendered":"http:\/\/www.grieta.org.mx\/?p=27282"},"modified":"2018-10-21T10:04:17","modified_gmt":"2018-10-21T15:04:17","slug":"tumbemos-el-muro-pronunciamiento-del-cni-cig-en-apoyo-a-la-caravana-de-migrantes","status":"publish","type":"post","link":"https:\/\/www.grieta.org.mx\/index.php\/2018\/10\/21\/tumbemos-el-muro-pronunciamiento-del-cni-cig-en-apoyo-a-la-caravana-de-migrantes\/","title":{"rendered":"TUMBEMOS EL MURO. PRONUNCIAMIENTO DEL CNI-CIG EN APOYO A LA CARAVANA DE MIGRANTES"},"content":{"rendered":"<p><img loading=\"lazy\" decoding=\"async\" data-attachment-id=\"27283\" data-permalink=\"https:\/\/www.grieta.org.mx\/index.php\/2018\/10\/21\/tumbemos-el-muro-pronunciamiento-del-cni-cig-en-apoyo-a-la-caravana-de-migrantes\/tumbemos-el-muro-pronunciamiento-del-cni-cig-en-apoyo-a-la-caravana-de-migrantes\/\" data-orig-file=\"https:\/\/www.grieta.org.mx\/wp-content\/uploads\/2018\/10\/TUMBEMOS-EL-MURO.-PRONUNCIAMIENTO-DEL-CNI-CIG-EN-APOYO-A-LA-CARAVANA-DE-MIGRANTES.jpg\" data-orig-size=\"800,800\" data-comments-opened=\"0\" data-image-meta=\"{&quot;aperture&quot;:&quot;0&quot;,&quot;credit&quot;:&quot;&quot;,&quot;camera&quot;:&quot;&quot;,&quot;caption&quot;:&quot;&quot;,&quot;created_timestamp&quot;:&quot;0&quot;,&quot;copyright&quot;:&quot;&quot;,&quot;focal_length&quot;:&quot;0&quot;,&quot;iso&quot;:&quot;0&quot;,&quot;shutter_speed&quot;:&quot;0&quot;,&quot;title&quot;:&quot;&quot;,&quot;orientation&quot;:&quot;0&quot;}\" data-image-title=\"TUMBEMOS EL MURO. PRONUNCIAMIENTO DEL CNI-CIG EN APOYO A LA CARAVANA DE MIGRANTES\" data-image-description=\"\" data-image-caption=\"\" data-medium-file=\"https:\/\/www.grieta.org.mx\/wp-content\/uploads\/2018\/10\/TUMBEMOS-EL-MURO.-PRONUNCIAMIENTO-DEL-CNI-CIG-EN-APOYO-A-LA-CARAVANA-DE-MIGRANTES-300x300.jpg\" data-large-file=\"https:\/\/www.grieta.org.mx\/wp-content\/uploads\/2018\/10\/TUMBEMOS-EL-MURO.-PRONUNCIAMIENTO-DEL-CNI-CIG-EN-APOYO-A-LA-CARAVANA-DE-MIGRANTES.jpg\" class=\"aligncenter wp-image-27283\" src=\"http:\/\/www.grieta.org.mx\/wp-content\/uploads\/2018\/10\/TUMBEMOS-EL-MURO.-PRONUNCIAMIENTO-DEL-CNI-CIG-EN-APOYO-A-LA-CARAVANA-DE-MIGRANTES-300x300.jpg\" alt=\"\" width=\"583\" height=\"583\" srcset=\"https:\/\/www.grieta.org.mx\/wp-content\/uploads\/2018\/10\/TUMBEMOS-EL-MURO.-PRONUNCIAMIENTO-DEL-CNI-CIG-EN-APOYO-A-LA-CARAVANA-DE-MIGRANTES-300x300.jpg 300w, https:\/\/www.grieta.org.mx\/wp-content\/uploads\/2018\/10\/TUMBEMOS-EL-MURO.-PRONUNCIAMIENTO-DEL-CNI-CIG-EN-APOYO-A-LA-CARAVANA-DE-MIGRANTES-150x150.jpg 150w, https:\/\/www.grieta.org.mx\/wp-content\/uploads\/2018\/10\/TUMBEMOS-EL-MURO.-PRONUNCIAMIENTO-DEL-CNI-CIG-EN-APOYO-A-LA-CARAVANA-DE-MIGRANTES-768x768.jpg 768w, https:\/\/www.grieta.org.mx\/wp-content\/uploads\/2018\/10\/TUMBEMOS-EL-MURO.-PRONUNCIAMIENTO-DEL-CNI-CIG-EN-APOYO-A-LA-CARAVANA-DE-MIGRANTES-130x130.jpg 130w, https:\/\/www.grieta.org.mx\/wp-content\/uploads\/2018\/10\/TUMBEMOS-EL-MURO.-PRONUNCIAMIENTO-DEL-CNI-CIG-EN-APOYO-A-LA-CARAVANA-DE-MIGRANTES-500x500.jpg 500w, https:\/\/www.grieta.org.mx\/wp-content\/uploads\/2018\/10\/TUMBEMOS-EL-MURO.-PRONUNCIAMIENTO-DEL-CNI-CIG-EN-APOYO-A-LA-CARAVANA-DE-MIGRANTES.jpg 800w\" sizes=\"auto, (max-width: 583px) 100vw, 583px\" \/><\/p>\n<p><strong>TUMBEMOS EL MURO. PRONUNCIAMIENTO DEL CNI-CIG EN APOYO A LA CARAVANA DE MIGRANTES<\/strong><\/p>\n<p>El Congreso Nacional Ind\u00edgena y el Concejo Ind\u00edgena de Gobierno, abrimos nuestro coraz\u00f3n y nuestra rabia. Llamamos a la solidaridad urgente hacia nuestros hermanos y hermanas que sufren el desplazamiento forzoso por la destrucci\u00f3n que los grandes capitales siembran en cada rinc\u00f3n del mundo, destrucci\u00f3n que se convierte en violencia, despojo y pobreza.<\/p>\n<p>Llamamos respetuosamente a las redes de apoyo al CIG, a la Sexta Nacional e Internacional y a las organizaciones de derechos humanos a manifestar, por todos los medios posibles, su apoyo a la caravana de nuestr@s herman@s migrantes, que acompa\u00f1emos su andar, su resistencia y rebeld\u00eda, que rompamos con ellos los cercos y los muros del poder.<\/p>\n<p>El camino de nuestras hermanas y hermanos trae consigo la tragedia sist\u00e9mica de nuestro mundo, el profundo da\u00f1o que el capitalismo ha causado a nuestra madre tierra y con ella a todos los pueblos. El desplazamiento, el \u00e9xodo de cientos, miles, millones comenz\u00f3 hace a\u00f1os y hoy se acuerpa y surge en forma de caravana de migrantes. Pero esto es apenas uno de los s\u00edntomas del colapso que en cada una de las lenguas en las que hablamos el Congreso Nacional Ind\u00edgena, hemos venido denunciando, el colapso desde el que estamos llamando a la organizaci\u00f3n para resistir y rebelarnos.<\/p>\n<p>Lo que debe detenerse no es el andar de la humanidad, sino la invasi\u00f3n del gran capital, los caminos solo los podemos abrir con y entre todas y todos.<\/p>\n<p style=\"text-align: center;\">Atentamente<\/p>\n<p style=\"text-align: center;\">Octubre de 2018<\/p>\n<p style=\"text-align: center;\">Por la reconstituci\u00f3n integral de nuestros pueblos<\/p>\n<p style=\"text-align: center;\">Nunca m\u00e1s un M\u00e9xico sin nosotros<\/p>\n<p style=\"text-align: center;\">Congreso Nacional Ind\u00edgena<\/p>\n<p style=\"text-align: center;\">Concejo Ind\u00edgena de Gobierno<\/p>\n<p><a href=\"https:\/\/www.congresonacionalindigena.org\/2018\/10\/20\/tumbemos-el-muro-pronunciamiento-del-cni-cig-en-apoyo-a-la-caravana-de-migrantes\/\" rel=\"noopener\" target=\"_blank\">https:\/\/www.congresonacionalindigena.org\/2018\/10\/20\/tumbemos-el-muro-pronunciamiento-del-cni-cig-en-apoyo-a-la-caravana-de-migrantes\/<\/a><\/p>\n","protected":false},"excerpt":{"rendered":"<p>TUMBEMOS EL MURO. PRONUNCIAMIENTO DEL CNI-CIG EN APOYO A LA CARAVANA DE MIGRANTES El Congreso Nacional Ind\u00edgena y el Concejo Ind\u00edgena de Gobierno, abrimos nuestro coraz\u00f3n y nuestra rabia. Llamamos &hellip; <a href=\"https:\/\/www.grieta.org.mx\/index.php\/2018\/10\/21\/tumbemos-el-muro-pronunciamiento-del-cni-cig-en-apoyo-a-la-caravana-de-migrantes\/\" class=\"more-link\">Leer m\u00e1s<\/a><\/p>\n","protected":false},"author":2,"featured_media":27283,"comment_status":"closed","ping_status":"closed","sticky":false,"template":"","format":"standard","meta":{"ngg_post_thumbnail":0,"_jetpack_newsletter_access":"","_jetpack_dont_email_post_to_subs":false,"_jetpack_newsletter_tier_id":0,"_jetpack_memberships_contains_paywalled_content":false,"_jetpack_memberships_contains_paid_content":false,"footnotes":""},"categories":[909,80,79,921],"tags":[152,1005,95,158,767],"class_list":["post-27282","post","type-post","status-publish","format-standard","has-post-thumbnail","hentry","category-cig","category-cintillo","category-cni","category-comunicados","tag-caravana","tag-cig","tag-cni","tag-migrantes","tag-solidaridad","entry"],"jetpack_featured_media_url":"https:\/\/www.grieta.org.mx\/wp-content\/uploads\/2018\/10\/TUMBEMOS-EL-MURO.-PRONUNCIAMIENTO-DEL-CNI-CIG-EN-APOYO-A-LA-CARAVANA-DE-MIGRANTES.jpg","jetpack_sharing_enabled":true,"jetpack_shortlink":"https:\/\/wp.me\/p7ZJR4-762","jetpack_likes_enabled":false,"jetpack-related-posts":[{"id":26745,"url":"https:\/\/www.grieta.org.mx\/index.php\/2018\/09\/21\/pronunciamiento-del-cni-cig-en-solidaridad-con-el-pueblo-maya-de-homun-con-motivo-de-la-violacion-a-la-libre-autodeterminacion\/","url_meta":{"origin":27282,"position":0},"title":"PRONUNCIAMIENTO DEL CNI-CIG EN SOLIDARIDAD CON EL PUEBLO MAYA DE HOM\u00daN CON MOTIVO DE LA VIOLACI\u00d3N A LA LIBRE AUTODETERMINACI\u00d3N","author":"grieta","date":"21 septiembre, 2018","format":false,"excerpt":"Al Pueblo de M\u00e9xico A las Redes de Apoyo al Concejo Ind\u00edgena de Gobierno A la Sexta Nacional e Internacional A los medios de comunicaci\u00f3n En octubre del a\u00f1o pasado el pueblo maya de Hom\u00fan ejerci\u00f3 el derecho que tienen como pueblo originario a la libre determinaci\u00f3n. Los concejales mayas\u2026","rel":"","context":"En &quot;16. Pueblo Maya&quot;","block_context":{"text":"16. Pueblo Maya","link":"https:\/\/www.grieta.org.mx\/index.php\/category\/espejos-de-la-resistencia\/16-pueblo-maya\/"},"img":{"alt_text":"","src":"https:\/\/i0.wp.com\/www.grieta.org.mx\/wp-content\/uploads\/2018\/09\/logo-CNI-T.png?resize=350%2C200&ssl=1","width":350,"height":200,"srcset":"https:\/\/i0.wp.com\/www.grieta.org.mx\/wp-content\/uploads\/2018\/09\/logo-CNI-T.png?resize=350%2C200&ssl=1 1x, https:\/\/i0.wp.com\/www.grieta.org.mx\/wp-content\/uploads\/2018\/09\/logo-CNI-T.png?resize=525%2C300&ssl=1 1.5x"},"classes":[]},{"id":42476,"url":"https:\/\/www.grieta.org.mx\/index.php\/2019\/12\/23\/acuerdos-y-pronunciamiento-de-la-iv-asamblea-nacional-del-cni-cig-y-ezln\/","url_meta":{"origin":27282,"position":1},"title":"Acuerdos y pronunciamiento de la IV Asamblea Nacional del CNI-CIG y EZLN","author":"grieta","date":"23 diciembre, 2019","format":false,"excerpt":"Radio Zapatista. El 19 de diciembre de 2019 concluy\u00f3 la IV Asamblea Nacional del Congreso Nacional Ind\u00edgena \u2013 Concejo Ind\u00edgena de Gobierno y el Ej\u00e9rcito Zapatista de Liberaci\u00f3n Nacional. Despu\u00e9s de dos d\u00edas de deliberaciones a puerta cerrada, se realiz\u00f3 la plenaria abierta, en el Caracol Jacinto Canek, Cideci\/UniTierra, en\u2026","rel":"","context":"En &quot;CINTILLO&quot;","block_context":{"text":"CINTILLO","link":"https:\/\/www.grieta.org.mx\/index.php\/category\/cintillo\/"},"img":{"alt_text":"","src":"https:\/\/i0.wp.com\/www.grieta.org.mx\/wp-content\/uploads\/2019\/12\/1-2.jpg?resize=350%2C200&ssl=1","width":350,"height":200,"srcset":"https:\/\/i0.wp.com\/www.grieta.org.mx\/wp-content\/uploads\/2019\/12\/1-2.jpg?resize=350%2C200&ssl=1 1x, https:\/\/i0.wp.com\/www.grieta.org.mx\/wp-content\/uploads\/2019\/12\/1-2.jpg?resize=525%2C300&ssl=1 1.5x, https:\/\/i0.wp.com\/www.grieta.org.mx\/wp-content\/uploads\/2019\/12\/1-2.jpg?resize=700%2C400&ssl=1 2x"},"classes":[]},{"id":27363,"url":"https:\/\/www.grieta.org.mx\/index.php\/2018\/10\/26\/comunicado-conjunto-del-cni-el-cig-y-el-ezln-en-rechazo-al-megaproyecto-del-naim-y-en-apoyo-y-solidaridad-con-las-poblaciones-migrantes\/","url_meta":{"origin":27282,"position":2},"title":"COMUNICADO CONJUNTO DEL CNI, EL CIG Y EL EZLN EN RECHAZO AL MEGAPROYECTO DEL NAIM Y EN APOYO Y SOLIDARIDAD CON LAS POBLACIONES MIGRANTES.","author":"grieta","date":"26 octubre, 2018","format":false,"excerpt":"COMUNICADO CONJUNTO DEL CNI, EL CIG Y EL EZLN EN RECHAZO AL MEGAPROYECTO DEL NAIM Y EN APOYO Y SOLIDARIDAD CON LAS POBLACIONES MIGRANTES. 26 octubre del 2018. Al Pueblo de M\u00e9xico A los pueblos del Mundo A la Sexta Nacional e Internacional A las redes de apoyo al CIG\u2026","rel":"","context":"En &quot;CIG&quot;","block_context":{"text":"CIG","link":"https:\/\/www.grieta.org.mx\/index.php\/category\/cig\/"},"img":{"alt_text":"","src":"https:\/\/i0.wp.com\/www.grieta.org.mx\/wp-content\/uploads\/2018\/03\/14524434_1106112876131411_958039263622046936_o.jpg?resize=350%2C200&ssl=1","width":350,"height":200,"srcset":"https:\/\/i0.wp.com\/www.grieta.org.mx\/wp-content\/uploads\/2018\/03\/14524434_1106112876131411_958039263622046936_o.jpg?resize=350%2C200&ssl=1 1x, https:\/\/i0.wp.com\/www.grieta.org.mx\/wp-content\/uploads\/2018\/03\/14524434_1106112876131411_958039263622046936_o.jpg?resize=525%2C300&ssl=1 1.5x, https:\/\/i0.wp.com\/www.grieta.org.mx\/wp-content\/uploads\/2018\/03\/14524434_1106112876131411_958039263622046936_o.jpg?resize=700%2C400&ssl=1 2x"},"classes":[]},{"id":23302,"url":"https:\/\/www.grieta.org.mx\/index.php\/2018\/05\/25\/comunicado-del-cni-cig-condenando-el-ataque-a-la-comunidad-purepecha-de-nurio-michoacan\/","url_meta":{"origin":27282,"position":3},"title":"COMUNICADO DEL CNI- CIG CONDENANDO EL ATAQUE A LA COMUNIDAD PUR\u00c9PECHA DE NUR\u00cdO, MICHOAC\u00c1N","author":"grieta","date":"25 mayo, 2018","format":false,"excerpt":"Al pueblo de M\u00e9xico y del mundo Con dolor y rabia, pero tambi\u00e9n con una urgencia de justicia, el CNI- CIG manifestamos nuestro apoyo y solidaridad a la comunidad pur\u00e9pecha de Nur\u00edo, Michoac\u00e1n. El pasado 22 de mayo un grupo fuertemente armado, ingres\u00f3 a esta comunidad con la intenci\u00f3n de\u2026","rel":"","context":"En &quot;28. Nur\u00edo&quot;","block_context":{"text":"28. Nur\u00edo","link":"https:\/\/www.grieta.org.mx\/index.php\/category\/espejos-de-la-resistencia\/28-nurio\/"},"img":{"alt_text":"","src":"https:\/\/i0.wp.com\/www.grieta.org.mx\/wp-content\/uploads\/2018\/03\/14524434_1106112876131411_958039263622046936_o.jpg?resize=350%2C200&ssl=1","width":350,"height":200,"srcset":"https:\/\/i0.wp.com\/www.grieta.org.mx\/wp-content\/uploads\/2018\/03\/14524434_1106112876131411_958039263622046936_o.jpg?resize=350%2C200&ssl=1 1x, https:\/\/i0.wp.com\/www.grieta.org.mx\/wp-content\/uploads\/2018\/03\/14524434_1106112876131411_958039263622046936_o.jpg?resize=525%2C300&ssl=1 1.5x, https:\/\/i0.wp.com\/www.grieta.org.mx\/wp-content\/uploads\/2018\/03\/14524434_1106112876131411_958039263622046936_o.jpg?resize=700%2C400&ssl=1 2x"},"classes":[]},{"id":29279,"url":"https:\/\/www.grieta.org.mx\/index.php\/2019\/02\/20\/pronunciamiento-del-cni-cig-ezln-ante-el-asesinato-del-companero-samir-flores-soberanes\/","url_meta":{"origin":27282,"position":4},"title":"Pronunciamiento del CNI-CIG-EZLN ante el asesinato del compa\u00f1ero Samir Flores Soberanes","author":"grieta","date":"20 febrero, 2019","format":false,"excerpt":"20 de febrero del 2019 Al pueblo de M\u00e9xico y a los pueblos del mundo A las redes de apoyo al CIG A las redes de resistencia y rebeld\u00eda A la Sexta Nacional e Internacional A los medios de comunicaci\u00f3n Denunciamos con dolor y rabia el cobarde asesinato de nuestro\u2026","rel":"","context":"En &quot;10. Huexca&quot;","block_context":{"text":"10. Huexca","link":"https:\/\/www.grieta.org.mx\/index.php\/category\/espejos-de-la-resistencia\/10-huexca\/"},"img":{"alt_text":"","src":"https:\/\/i0.wp.com\/www.grieta.org.mx\/wp-content\/uploads\/2019\/02\/Ejecutan-a-Samir-Flores-opositor-de-gasoducto-y-termoel%C3%A9ctrica-de-Morelos-640x424.jpg?resize=350%2C200&ssl=1","width":350,"height":200,"srcset":"https:\/\/i0.wp.com\/www.grieta.org.mx\/wp-content\/uploads\/2019\/02\/Ejecutan-a-Samir-Flores-opositor-de-gasoducto-y-termoel%C3%A9ctrica-de-Morelos-640x424.jpg?resize=350%2C200&ssl=1 1x, https:\/\/i0.wp.com\/www.grieta.org.mx\/wp-content\/uploads\/2019\/02\/Ejecutan-a-Samir-Flores-opositor-de-gasoducto-y-termoel%C3%A9ctrica-de-Morelos-640x424.jpg?resize=525%2C300&ssl=1 1.5x"},"classes":[]},{"id":43467,"url":"https:\/\/www.grieta.org.mx\/index.php\/2020\/01\/24\/comunicado-del-cni-cig-por-la-detencion-del-companero-miguel-lopez-vega\/","url_meta":{"origin":27282,"position":5},"title":"Comunicado del CNI \u2013 CIG por la detenci\u00f3n del compa\u00f1ero Miguel L\u00f3pez Vega.","author":"Admin","date":"24 enero, 2020","format":false,"excerpt":"Al pueblo de M\u00e9xico A las Redes de Resistencia y Rebeld\u00eda A la Sexta Nacional e Internacional A los medios de comunicaci\u00f3n El Congreso Nacional Ind\u00edgena, el Concejo Ind\u00edgena de Gobierno y el Ej\u00e9rcito Zapatista de Liberaci\u00f3n Nacional, denunciamos la cobarde detenci\u00f3n de nuestro compa\u00f1ero Miguel L\u00f3pez Vega, delegado del\u2026","rel":"","context":"En &quot;CIG&quot;","block_context":{"text":"CIG","link":"https:\/\/www.grieta.org.mx\/index.php\/category\/cig\/"},"img":{"alt_text":"","src":"https:\/\/i0.wp.com\/www.grieta.org.mx\/wp-content\/uploads\/2019\/08\/cni.png?resize=350%2C200&ssl=1","width":350,"height":200},"classes":[]}],"_links":{"self":[{"href":"https:\/\/www.grieta.org.mx\/index.php\/wp-json\/wp\/v2\/posts\/27282","targetHints":{"allow":["GET"]}}],"collection":[{"href":"https:\/\/www.grieta.org.mx\/index.php\/wp-json\/wp\/v2\/posts"}],"about":[{"href":"https:\/\/www.grieta.org.mx\/index.php\/wp-json\/wp\/v2\/types\/post"}],"author":[{"embeddable":true,"href":"https:\/\/www.grieta.org.mx\/index.php\/wp-json\/wp\/v2\/users\/2"}],"replies":[{"embeddable":true,"href":"https:\/\/www.grieta.org.mx\/index.php\/wp-json\/wp\/v2\/comments?post=27282"}],"version-history":[{"count":1,"href":"https:\/\/www.grieta.org.mx\/index.php\/wp-json\/wp\/v2\/posts\/27282\/revisions"}],"predecessor-version":[{"id":27288,"href":"https:\/\/www.grieta.org.mx\/index.php\/wp-json\/wp\/v2\/posts\/27282\/revisions\/27288"}],"wp:featuredmedia":[{"embeddable":true,"href":"https:\/\/www.grieta.org.mx\/index.php\/wp-json\/wp\/v2\/media\/27283"}],"wp:attachment":[{"href":"https:\/\/www.grieta.org.mx\/index.php\/wp-json\/wp\/v2\/media?parent=27282"}],"wp:term":[{"taxonomy":"category","embeddable":true,"href":"https:\/\/www.grieta.org.mx\/index.php\/wp-json\/wp\/v2\/categories?post=27282"},{"taxonomy":"post_tag","embeddable":true,"href":"https:\/\/www.grieta.org.mx\/index.php\/wp-json\/wp\/v2\/tags?post=27282"}],"curies":[{"name":"wp","href":"https:\/\/api.w.org\/{rel}","templated":true}]}}