{"id":27251,"date":"2018-10-11T13:41:40","date_gmt":"2018-10-11T18:41:40","guid":{"rendered":"http:\/\/www.grieta.org.mx\/?p=27251"},"modified":"2018-10-20T23:30:41","modified_gmt":"2018-10-21T04:30:41","slug":"en-puebla-180-menores-de-edad-han-desaparecido-2","status":"publish","type":"post","link":"https:\/\/www.grieta.org.mx\/index.php\/2018\/10\/11\/en-puebla-180-menores-de-edad-han-desaparecido-2\/","title":{"rendered":"En Puebla, 180 menores de edad han desaparecido"},"content":{"rendered":"<p>El Popular<\/p>\n<p>En Puebla la interseccionalidad refiere que las condiciones de g\u00e9nero contra ni\u00f1as y adolescentes en el estado es relativa a la raza, la identidad de g\u00e9nero, la condici\u00f3n etaria o la clase, motivo por el cual, esta problem\u00e1tica sigue es relacionada con la modalidad comunitaria y feminicida.<\/p>\n<p>De acuerdo con la investigaci\u00f3n del Instituto de Derechos Humanos Ignacio Ellacuar\u00eda S.J. (IDHIE) una de las perspectivas te\u00f3ricas para abordar la violencia de g\u00e9nero en la modalidad de violencia familiar y comunitaria en ni\u00f1as y adolescentes es desde la interseccionalidad, cuyos planteamientos toman en consideraci\u00f3n la raza, la identidad de g\u00e9nero, la condici\u00f3n etaria o la clase.<\/p>\n<p>Motivo por el cual Puebla ocupa el onceavo lugar a nivel nacional con m\u00e1s alertas Amber activadas durante 2017, lo que contrasta con las 147 menores de edad desaparecidas reportadas por la Fiscal\u00eda General del Estado en el mismo a\u00f1o.<\/p>\n<p>Subrayan que cuando se entrecruzan distintas estructuras de desigualdad y sistemas de discriminaci\u00f3n culturales, se genera la dominaci\u00f3n y vulnerabilidad de poblaciones espec\u00edficas para sufrir alg\u00fan tipo de violencia.<\/p>\n<p>Entre los tipos y modalidades de violencia familiar y comunitaria contra las mujeres, destacan las siguientes: feminicidios, desapariciones, trata de personas, violencia familiar, matrimonio forzado y sustracciones de menores.<\/p>\n<p>Sin embargo, las cifras de violencia contra ni\u00f1as y adolescentes indican que el Estado no ha logrado garantizar los derechos a una vida libre de violencia y a la protecci\u00f3n contra la explotaci\u00f3n, el comercio ilegal y los abusos de este grupo etario. A nivel nacional Puebla ocupa el octavo con m\u00e1s casos de victimas de trata de mujeres junto con Tlaxcala, forma parte de uno de los corredores de trata de personas m\u00e1s importantes del mundo<\/p>\n<p><img loading=\"lazy\" decoding=\"async\" data-attachment-id=\"27245\" data-permalink=\"https:\/\/www.grieta.org.mx\/index.php\/2018\/10\/11\/en-puebla-180-menores-de-edad-han-desaparecido\/whatsapp-image-2018-10-11-at-9_41_39-pm\/\" data-orig-file=\"https:\/\/www.grieta.org.mx\/wp-content\/uploads\/2018\/10\/WhatsApp-Image-2018-10-11-at-9_41_39-PM.jpg\" data-orig-size=\"848,1200\" data-comments-opened=\"0\" data-image-meta=\"{&quot;aperture&quot;:&quot;0&quot;,&quot;credit&quot;:&quot;&quot;,&quot;camera&quot;:&quot;&quot;,&quot;caption&quot;:&quot;&quot;,&quot;created_timestamp&quot;:&quot;0&quot;,&quot;copyright&quot;:&quot;&quot;,&quot;focal_length&quot;:&quot;0&quot;,&quot;iso&quot;:&quot;0&quot;,&quot;shutter_speed&quot;:&quot;0&quot;,&quot;title&quot;:&quot;&quot;,&quot;orientation&quot;:&quot;0&quot;}\" data-image-title=\"WhatsApp Image 2018-10-11 at 9_41_39 PM\" data-image-description=\"\" data-image-caption=\"\" data-medium-file=\"https:\/\/www.grieta.org.mx\/wp-content\/uploads\/2018\/10\/WhatsApp-Image-2018-10-11-at-9_41_39-PM-212x300.jpg\" data-large-file=\"https:\/\/www.grieta.org.mx\/wp-content\/uploads\/2018\/10\/WhatsApp-Image-2018-10-11-at-9_41_39-PM-724x1024.jpg\" src=\"http:\/\/www.grieta.org.mx\/wp-content\/uploads\/2018\/10\/WhatsApp-Image-2018-10-11-at-9_41_39-PM-212x300.jpg\" alt=\"\" width=\"424\" height=\"600\" class=\"aligncenter size-medium wp-image-27245\" srcset=\"https:\/\/www.grieta.org.mx\/wp-content\/uploads\/2018\/10\/WhatsApp-Image-2018-10-11-at-9_41_39-PM-212x300.jpg 212w, https:\/\/www.grieta.org.mx\/wp-content\/uploads\/2018\/10\/WhatsApp-Image-2018-10-11-at-9_41_39-PM-768x1087.jpg 768w, https:\/\/www.grieta.org.mx\/wp-content\/uploads\/2018\/10\/WhatsApp-Image-2018-10-11-at-9_41_39-PM-724x1024.jpg 724w, https:\/\/www.grieta.org.mx\/wp-content\/uploads\/2018\/10\/WhatsApp-Image-2018-10-11-at-9_41_39-PM-353x500.jpg 353w, https:\/\/www.grieta.org.mx\/wp-content\/uploads\/2018\/10\/WhatsApp-Image-2018-10-11-at-9_41_39-PM.jpg 848w\" sizes=\"auto, (max-width: 424px) 100vw, 424px\" \/><\/p>\n<p>Esto a pesar de que en el a\u00f1o 2014 en M\u00e9xico, el Gobierno Federal decret\u00f3 la Ley General de los derechos de las ni\u00f1as y ni\u00f1os y adolescentes (LGDNNA), a partir de la cual se cre\u00f3 el Sistema Nacional de Protecci\u00f3n Integral de Ni\u00f1as, Ni\u00f1os y Adolescentes (SIPINNA), instancia responsable de garantizar la protecci\u00f3n de los derechos de ni\u00f1as, ni\u00f1os y adolescentes que hayan sido vulnerados.<\/p>\n<p>Feminicidios en aumento<\/p>\n<p>A nivel nacional, los feminicidios han aumentado considerablemente en el primer semestre del 2018 en comparaci\u00f3n con a\u00f1os anteriores.<\/p>\n<p>De acuerdo con la Secretariado Ejecutivo del Sistema Nacional de Seguridad P\u00fablica (SESNSP), de enero a julio del 2018, se han cometido 50 feminicidios contra ni\u00f1as y mujeres adolescentes, lo cual equivale a un aumento del 42% en comparaci\u00f3n de los feminicidios cometidos en el mismo periodo en el 2017; de igual forma, en tan s\u00f3lo 6 meses se han cometido los mismos feminicidios infantiles que se cometieron en todo el a\u00f1o del 2015.<\/p>\n<p>En el estado de Puebla, el conteo hemerogr\u00e1fico del Observatorio de Violencia Social y de G\u00e9nero Puebla, (OVSG-P) del Instituto de Derechos Humanos Ignacio Ellacur\u00eda (IDHIE) registr\u00f3 en el 2017, 20 feminicidios infantiles.<\/p>\n<p><a href=\"https:\/\/www.elpopular.mx\/2018\/10\/11\/local\/en-puebla-180-menores-de-edad-han-desaparecido-191441\">https:\/\/www.elpopular.mx\/2018\/10\/11\/local\/en-puebla-180-menores-de-edad-han-desaparecido-191441<\/a><\/p>\n","protected":false},"excerpt":{"rendered":"<p>El Popular En Puebla la interseccionalidad refiere que las condiciones de g\u00e9nero contra ni\u00f1as y adolescentes en el estado es relativa a la raza, la identidad de g\u00e9nero, la condici\u00f3n &hellip; <a href=\"https:\/\/www.grieta.org.mx\/index.php\/2018\/10\/11\/en-puebla-180-menores-de-edad-han-desaparecido-2\/\" class=\"more-link\">Leer m\u00e1s<\/a><\/p>\n","protected":false},"author":2,"featured_media":27245,"comment_status":"closed","ping_status":"closed","sticky":false,"template":"","format":"standard","meta":{"ngg_post_thumbnail":0,"_jetpack_newsletter_access":"","_jetpack_dont_email_post_to_subs":false,"_jetpack_newsletter_tier_id":0,"_jetpack_memberships_contains_paywalled_content":false,"_jetpack_memberships_contains_paid_content":false,"footnotes":""},"categories":[80,87,1045,1254,84,1244,1827,26,83],"tags":[1435],"class_list":["post-27251","post","type-post","status-publish","format-standard","has-post-thumbnail","hentry","category-cintillo","category-desaparecidos","category-desaparecidos-en-puebla","category-explotacion-y-abuso-infantil-en-puebla","category-feminicidios","category-feminicidios-en-puebla","category-la-ninez-en-la-tormenta-capitalista","category-puebla","category-temas-nacionales","tag-violencia-contra-ninos-y-ninas","entry"],"jetpack_featured_media_url":"https:\/\/www.grieta.org.mx\/wp-content\/uploads\/2018\/10\/WhatsApp-Image-2018-10-11-at-9_41_39-PM.jpg","jetpack_sharing_enabled":true,"jetpack_shortlink":"https:\/\/wp.me\/p7ZJR4-75x","jetpack_likes_enabled":false,"jetpack-related-posts":[{"id":27244,"url":"https:\/\/www.grieta.org.mx\/index.php\/2018\/10\/11\/en-puebla-180-menores-de-edad-han-desaparecido\/","url_meta":{"origin":27251,"position":0},"title":"En Puebla, 180 menores de edad han desaparecido","author":"grieta","date":"11 octubre, 2018","format":false,"excerpt":"En Puebla la interseccionalidad refiere que las condiciones de g\u00e9nero contra ni\u00f1as y adolescentes en el estado es relativa a la raza, la identidad de g\u00e9nero, la condici\u00f3n etaria o la clase, motivo por el cual, esta problem\u00e1tica sigue es relacionada con la modalidad comunitaria y feminicida. De acuerdo con\u2026","rel":"","context":"En &quot;CINTILLO&quot;","block_context":{"text":"CINTILLO","link":"https:\/\/www.grieta.org.mx\/index.php\/category\/cintillo\/"},"img":{"alt_text":"","src":"https:\/\/i0.wp.com\/www.grieta.org.mx\/wp-content\/uploads\/2018\/03\/14524434_1106112876131411_958039263622046936_o.jpg?resize=350%2C200&ssl=1","width":350,"height":200,"srcset":"https:\/\/i0.wp.com\/www.grieta.org.mx\/wp-content\/uploads\/2018\/03\/14524434_1106112876131411_958039263622046936_o.jpg?resize=350%2C200&ssl=1 1x, https:\/\/i0.wp.com\/www.grieta.org.mx\/wp-content\/uploads\/2018\/03\/14524434_1106112876131411_958039263622046936_o.jpg?resize=525%2C300&ssl=1 1.5x, https:\/\/i0.wp.com\/www.grieta.org.mx\/wp-content\/uploads\/2018\/03\/14524434_1106112876131411_958039263622046936_o.jpg?resize=700%2C400&ssl=1 2x"},"classes":[]},{"id":1494,"url":"https:\/\/www.grieta.org.mx\/index.php\/2016\/09\/04\/feminicidios-en-puebla\/","url_meta":{"origin":27251,"position":1},"title":"Feminicidios en Puebla","author":"grieta","date":"4 septiembre, 2016","format":false,"excerpt":"04\/09\/16. Omisi\u00f3n de personal de Salud es factor en el aumento de muertes de mujeres (Puebla) Lado B 04\/07\/16. Asesinatos contra mujeres: de 2009 a marzo de 2016 se perpetraron 527 (Puebla) La Jornada de Oriente 23\/06\/16. Feminicidios: foco rojo de Puebla Digitall Post 23\/06\/16. Puebla a un paso de\u2026","rel":"","context":"En &quot;Feminicidios&quot;","block_context":{"text":"Feminicidios","link":"https:\/\/www.grieta.org.mx\/index.php\/category\/temas-nacionales\/feminicidios\/"},"img":{"alt_text":"","src":"https:\/\/i0.wp.com\/www.grieta.org.mx\/wp-content\/uploads\/2018\/03\/14524434_1106112876131411_958039263622046936_o.jpg?resize=350%2C200&ssl=1","width":350,"height":200,"srcset":"https:\/\/i0.wp.com\/www.grieta.org.mx\/wp-content\/uploads\/2018\/03\/14524434_1106112876131411_958039263622046936_o.jpg?resize=350%2C200&ssl=1 1x, https:\/\/i0.wp.com\/www.grieta.org.mx\/wp-content\/uploads\/2018\/03\/14524434_1106112876131411_958039263622046936_o.jpg?resize=525%2C300&ssl=1 1.5x, https:\/\/i0.wp.com\/www.grieta.org.mx\/wp-content\/uploads\/2018\/03\/14524434_1106112876131411_958039263622046936_o.jpg?resize=700%2C400&ssl=1 2x"},"classes":[]},{"id":40237,"url":"https:\/\/www.grieta.org.mx\/index.php\/2019\/09\/12\/puebla-suma-148-huerfanos-en-2019-por-ola-de-feminicidios\/","url_meta":{"origin":27251,"position":2},"title":"Puebla suma 148 hu\u00e9rfanos en 2019 por ola de feminicidios","author":"Admin","date":"12 septiembre, 2019","format":false,"excerpt":"Redacci\u00f3n \/ Municipios Puebla Puebla, Pue.-La ola de violencia machista contra las mujeres en el estado de Puebla ha dejado en lo que va del a\u00f1o 148 ni\u00f1as, ni\u00f1os y adolescentes hu\u00e9rfanos por feminicidio; en muchos casos los infantes presenciaron el crimen. Aumentan feminicidios en M\u00e9xico; Puebla, arriba de la\u2026","rel":"","context":"En &quot;CINTILLO&quot;","block_context":{"text":"CINTILLO","link":"https:\/\/www.grieta.org.mx\/index.php\/category\/cintillo\/"},"img":{"alt_text":"","src":"https:\/\/i0.wp.com\/www.grieta.org.mx\/wp-content\/uploads\/2019\/10\/huefanos-feminicidios.jpg?resize=350%2C200&ssl=1","width":350,"height":200,"srcset":"https:\/\/i0.wp.com\/www.grieta.org.mx\/wp-content\/uploads\/2019\/10\/huefanos-feminicidios.jpg?resize=350%2C200&ssl=1 1x, https:\/\/i0.wp.com\/www.grieta.org.mx\/wp-content\/uploads\/2019\/10\/huefanos-feminicidios.jpg?resize=525%2C300&ssl=1 1.5x, https:\/\/i0.wp.com\/www.grieta.org.mx\/wp-content\/uploads\/2019\/10\/huefanos-feminicidios.jpg?resize=700%2C400&ssl=1 2x, https:\/\/i0.wp.com\/www.grieta.org.mx\/wp-content\/uploads\/2019\/10\/huefanos-feminicidios.jpg?resize=1050%2C600&ssl=1 3x"},"classes":[]},{"id":1538,"url":"https:\/\/www.grieta.org.mx\/index.php\/2015\/12\/29\/faltan-voluntad-e-informacion-para-alerta-de-genero-en-puebla-ongs\/","url_meta":{"origin":27251,"position":3},"title":"Faltan voluntad e informaci\u00f3n para alerta de g\u00e9nero en Puebla: ONGs","author":"grieta","date":"29 diciembre, 2015","format":false,"excerpt":"diciembre 29, 2015 Samantha P\u00e1ez, Puebla Organizaciones civiles se\u00f1alaron que aunque la alerta de g\u00e9nero es necesaria en Puebla, era previsible que la Comisi\u00f3n de Derechos Humanos (CDH) Puebla no la solicitara debido la actitud que en ocasiones anteriores mostr\u00f3 ante la violencia de g\u00e9nero y a la falta de\u2026","rel":"","context":"En &quot;CINTILLO&quot;","block_context":{"text":"CINTILLO","link":"https:\/\/www.grieta.org.mx\/index.php\/category\/cintillo\/"},"img":{"alt_text":"","src":"https:\/\/i0.wp.com\/www.grieta.org.mx\/wp-content\/uploads\/2018\/03\/14524434_1106112876131411_958039263622046936_o.jpg?resize=350%2C200&ssl=1","width":350,"height":200,"srcset":"https:\/\/i0.wp.com\/www.grieta.org.mx\/wp-content\/uploads\/2018\/03\/14524434_1106112876131411_958039263622046936_o.jpg?resize=350%2C200&ssl=1 1x, https:\/\/i0.wp.com\/www.grieta.org.mx\/wp-content\/uploads\/2018\/03\/14524434_1106112876131411_958039263622046936_o.jpg?resize=525%2C300&ssl=1 1.5x, https:\/\/i0.wp.com\/www.grieta.org.mx\/wp-content\/uploads\/2018\/03\/14524434_1106112876131411_958039263622046936_o.jpg?resize=700%2C400&ssl=1 2x"},"classes":[]},{"id":13086,"url":"https:\/\/www.grieta.org.mx\/index.php\/2016\/05\/25\/marchan-en-puebla-contra-los-32-feminicidios-ocurridos-este-ano\/","url_meta":{"origin":27251,"position":4},"title":"Marchan en Puebla contra los 32 feminicidios ocurridos este a\u00f1o","author":"grieta","date":"25 mayo, 2016","format":false,"excerpt":"Por Kara Castillo Puebla, Puebla. Con la exigencia de justicia de Roc\u00edo Lim\u00f3n, madre de Paulina Camargo, cuyo caso contin\u00faa sin resolverse, arranc\u00f3 la marcha que denunci\u00f3 el feminicidio n\u00famero 32 en lo que va del a\u00f1o y el fracaso del Estado para proteger la vida e integridad de las\u2026","rel":"","context":"En &quot;CINTILLO&quot;","block_context":{"text":"CINTILLO","link":"https:\/\/www.grieta.org.mx\/index.php\/category\/cintillo\/"},"img":{"alt_text":"","src":"https:\/\/i0.wp.com\/www.grieta.org.mx\/wp-content\/uploads\/2016\/05\/fem01.jpg?resize=350%2C200&ssl=1","width":350,"height":200,"srcset":"https:\/\/i0.wp.com\/www.grieta.org.mx\/wp-content\/uploads\/2016\/05\/fem01.jpg?resize=350%2C200&ssl=1 1x, https:\/\/i0.wp.com\/www.grieta.org.mx\/wp-content\/uploads\/2016\/05\/fem01.jpg?resize=525%2C300&ssl=1 1.5x"},"classes":[]},{"id":38639,"url":"https:\/\/www.grieta.org.mx\/index.php\/2019\/08\/22\/epidemia-de-desaparicion-de-ninos-en-la-ciudad-de-puebla-es-primer-lugar-nacional\/","url_meta":{"origin":27251,"position":5},"title":"Epidemia de desaparici\u00f3n de ni\u00f1os en la ciudad de Puebla; es primer lugar nacional","author":"Admin","date":"22 agosto, 2019","format":false,"excerpt":"Yadira Llaven Anzures \/ La Jornada de Oriente Con 389 carpetas de investigaci\u00f3n abiertas, la Red por los Derechos de la Infancia en M\u00e9xico (Redim) ubic\u00f3 a la ciudad de Puebla como el primer lugar nacional con el mayor n\u00famero de ni\u00f1as, ni\u00f1os y adolescentes desaparecidos en el pa\u00eds. La\u2026","rel":"","context":"En &quot;CINTILLO&quot;","block_context":{"text":"CINTILLO","link":"https:\/\/www.grieta.org.mx\/index.php\/category\/cintillo\/"},"img":{"alt_text":"","src":"https:\/\/i0.wp.com\/www.grieta.org.mx\/wp-content\/uploads\/2019\/09\/6144-infancia.jpg?resize=350%2C200&ssl=1","width":350,"height":200,"srcset":"https:\/\/i0.wp.com\/www.grieta.org.mx\/wp-content\/uploads\/2019\/09\/6144-infancia.jpg?resize=350%2C200&ssl=1 1x, https:\/\/i0.wp.com\/www.grieta.org.mx\/wp-content\/uploads\/2019\/09\/6144-infancia.jpg?resize=525%2C300&ssl=1 1.5x, https:\/\/i0.wp.com\/www.grieta.org.mx\/wp-content\/uploads\/2019\/09\/6144-infancia.jpg?resize=700%2C400&ssl=1 2x, https:\/\/i0.wp.com\/www.grieta.org.mx\/wp-content\/uploads\/2019\/09\/6144-infancia.jpg?resize=1050%2C600&ssl=1 3x"},"classes":[]}],"_links":{"self":[{"href":"https:\/\/www.grieta.org.mx\/index.php\/wp-json\/wp\/v2\/posts\/27251","targetHints":{"allow":["GET"]}}],"collection":[{"href":"https:\/\/www.grieta.org.mx\/index.php\/wp-json\/wp\/v2\/posts"}],"about":[{"href":"https:\/\/www.grieta.org.mx\/index.php\/wp-json\/wp\/v2\/types\/post"}],"author":[{"embeddable":true,"href":"https:\/\/www.grieta.org.mx\/index.php\/wp-json\/wp\/v2\/users\/2"}],"replies":[{"embeddable":true,"href":"https:\/\/www.grieta.org.mx\/index.php\/wp-json\/wp\/v2\/comments?post=27251"}],"version-history":[{"count":1,"href":"https:\/\/www.grieta.org.mx\/index.php\/wp-json\/wp\/v2\/posts\/27251\/revisions"}],"predecessor-version":[{"id":27255,"href":"https:\/\/www.grieta.org.mx\/index.php\/wp-json\/wp\/v2\/posts\/27251\/revisions\/27255"}],"wp:featuredmedia":[{"embeddable":true,"href":"https:\/\/www.grieta.org.mx\/index.php\/wp-json\/wp\/v2\/media\/27245"}],"wp:attachment":[{"href":"https:\/\/www.grieta.org.mx\/index.php\/wp-json\/wp\/v2\/media?parent=27251"}],"wp:term":[{"taxonomy":"category","embeddable":true,"href":"https:\/\/www.grieta.org.mx\/index.php\/wp-json\/wp\/v2\/categories?post=27251"},{"taxonomy":"post_tag","embeddable":true,"href":"https:\/\/www.grieta.org.mx\/index.php\/wp-json\/wp\/v2\/tags?post=27251"}],"curies":[{"name":"wp","href":"https:\/\/api.w.org\/{rel}","templated":true}]}}