{"id":27238,"date":"2018-10-14T21:54:13","date_gmt":"2018-10-15T02:54:13","guid":{"rendered":"http:\/\/www.grieta.org.mx\/?p=27238"},"modified":"2019-01-08T18:08:57","modified_gmt":"2019-01-09T00:08:57","slug":"son-mujeres-las-que-enfrentan-la-escasez-de-agua-en-la-cdmx-pero-aun-asi-se-les-menosprecia","status":"publish","type":"post","link":"https:\/\/www.grieta.org.mx\/index.php\/2018\/10\/14\/son-mujeres-las-que-enfrentan-la-escasez-de-agua-en-la-cdmx-pero-aun-asi-se-les-menosprecia\/","title":{"rendered":"Son mujeres las que enfrentan la escasez de agua en la CdMx, pero a\u00fan as\u00ed se les menosprecia"},"content":{"rendered":"<figure id=\"attachment_27239\" aria-describedby=\"caption-attachment-27239\" style=\"width: 300px\" class=\"wp-caption aligncenter\"><img loading=\"lazy\" decoding=\"async\" data-attachment-id=\"27239\" data-permalink=\"https:\/\/www.grieta.org.mx\/index.php\/2018\/10\/14\/son-mujeres-las-que-enfrentan-la-escasez-de-agua-en-la-cdmx-pero-aun-asi-se-les-menosprecia\/reportaje_agua_iztapalapa-3\/\" data-orig-file=\"https:\/\/www.grieta.org.mx\/wp-content\/uploads\/2018\/10\/reportaje_agua_iztapalapa-3.jpg\" data-orig-size=\"1100,580\" data-comments-opened=\"0\" data-image-meta=\"{&quot;aperture&quot;:&quot;0&quot;,&quot;credit&quot;:&quot;&quot;,&quot;camera&quot;:&quot;&quot;,&quot;caption&quot;:&quot;CIUDAD DE M\\u00c9XICO, 13JUNIO2018.- Cientos de colonos de Iztapalapa han denunciado que existe un desabasto de agua en la delegaci\\u00f3n. Debido a esto se han visto en la necesidad de recolectar el agua de las lluvias en baldes y tinacos, as\\u00ed como reusar el liquido con el que se ba\\u00f1an para utilizarlo en el riego de plantas o en el escusado. Adem\\u00e1s, asisten diariamente a hacer filas desde tempranas horas a los pozos de agua mejor conocidos como \\u201cGarzas\\u201d, donde las pipas se rellenan, para solicitar un n\\u00famero y ser reabastecidos en sus hogares. Sin embargo han comentado que los mismos \\u201cpiperos\\u201d en ocasiones se comportan \\u201cd\\u00e9spotas\\u201d y les piden una cuota para abastecerles. Asimismo, aseguran que personas al servicio del Partido de la Revoluci\\u00f3n Democr\\u00e1tica les han condicionado el derecho al agua a cambio de sus credenciales del Instituto Nacional Electoral.\\nFOTO: TERCERO D\\u00cdAZ\/CUARTOSCURO.COM&quot;,&quot;created_timestamp&quot;:&quot;1528882409&quot;,&quot;copyright&quot;:&quot;\\u00a9Tercero Diaz\/Cuartoscuro.com&quot;,&quot;focal_length&quot;:&quot;0&quot;,&quot;iso&quot;:&quot;0&quot;,&quot;shutter_speed&quot;:&quot;0&quot;,&quot;title&quot;:&quot;&quot;,&quot;orientation&quot;:&quot;0&quot;}\" data-image-title=\"reportaje_agua_iztapalapa-3\" data-image-description=\"\" data-image-caption=\"&lt;p&gt;CIUDAD DE M\u00c9XICO, 13JUNIO2018.- Cientos de colonos de Iztapalapa han denunciado que existe un desabasto de agua en la delegaci\u00f3n. Debido a esto se han visto en la necesidad de recolectar el agua de las lluvias en baldes y tinacos, as\u00ed como reusar el liquido con el que se ba\u00f1an para utilizarlo en el riego de plantas o en el escusado. Adem\u00e1s, asisten diariamente a hacer filas desde tempranas horas a los pozos de agua mejor conocidos como \u201cGarzas\u201d, donde las pipas se rellenan, para solicitar un n\u00famero y ser reabastecidos en sus hogares. Sin embargo han comentado que los mismos \u201cpiperos\u201d en ocasiones se comportan \u201cd\u00e9spotas\u201d y les piden una cuota para abastecerles. Asimismo, aseguran que personas al servicio del Partido de la Revoluci\u00f3n Democr\u00e1tica les han condicionado el derecho al agua a cambio de sus credenciales del Instituto Nacional Electoral.&lt;br \/&gt;\nFOTO: TERCERO D\u00cdAZ\/CUARTOSCURO.COM&lt;\/p&gt;\n\" data-medium-file=\"https:\/\/www.grieta.org.mx\/wp-content\/uploads\/2018\/10\/reportaje_agua_iztapalapa-3-300x158.jpg\" data-large-file=\"https:\/\/www.grieta.org.mx\/wp-content\/uploads\/2018\/10\/reportaje_agua_iztapalapa-3-1024x540.jpg\" src=\"http:\/\/www.grieta.org.mx\/wp-content\/uploads\/2018\/10\/reportaje_agua_iztapalapa-3-300x158.jpg\" alt=\"\" width=\"300\" height=\"158\" class=\"size-medium wp-image-27239\" srcset=\"https:\/\/www.grieta.org.mx\/wp-content\/uploads\/2018\/10\/reportaje_agua_iztapalapa-3-300x158.jpg 300w, https:\/\/www.grieta.org.mx\/wp-content\/uploads\/2018\/10\/reportaje_agua_iztapalapa-3-768x405.jpg 768w, https:\/\/www.grieta.org.mx\/wp-content\/uploads\/2018\/10\/reportaje_agua_iztapalapa-3-1024x540.jpg 1024w, https:\/\/www.grieta.org.mx\/wp-content\/uploads\/2018\/10\/reportaje_agua_iztapalapa-3-948x500.jpg 948w, https:\/\/www.grieta.org.mx\/wp-content\/uploads\/2018\/10\/reportaje_agua_iztapalapa-3.jpg 1100w\" sizes=\"auto, (max-width: 300px) 100vw, 300px\" \/><figcaption id=\"caption-attachment-27239\" class=\"wp-caption-text\">CIUDAD DE M\u00c9XICO, 13JUNIO2018.- Cientos de colonos de Iztapalapa han denunciado que existe un desabasto de agua en la delegaci\u00f3n. Debido a esto se han visto en la necesidad de recolectar el agua de las lluvias en baldes y tinacos, as\u00ed como reusar el liquido con el que se ba\u00f1an para utilizarlo en el riego de plantas o en el escusado. Adem\u00e1s, asisten diariamente a hacer filas desde tempranas horas a los pozos de agua mejor conocidos como \u201cGarzas\u201d, donde las pipas se rellenan, para solicitar un n\u00famero y ser reabastecidos en sus hogares. Sin embargo han comentado que los mismos \u201cpiperos\u201d en ocasiones se comportan \u201cd\u00e9spotas\u201d y les piden una cuota para abastecerles. Asimismo, aseguran que personas al servicio del Partido de la Revoluci\u00f3n Democr\u00e1tica les han condicionado el derecho al agua a cambio de sus credenciales del Instituto Nacional Electoral.<br \/>FOTO: TERCERO D\u00cdAZ\/CUARTOSCURO.COM<\/figcaption><\/figure>\n<blockquote><p>La construcci\u00f3n sociocultural de la divisi\u00f3n del trabajo domestico merma en la cantidad de horas que las mujeres dedican en la recolecta y acarreo de agua. Si bien, no existe una medici\u00f3n precisa sobre el dato las expertas se\u00f1alan que esto tiene peso sobre su tiempo de ocio, as\u00ed como, sobre la sobrecarga en sus actividades de trabajo remunerado y no remunerado.<br \/>\nA pesar de las mujeres se han ubicado como las principales cuidadores y abastecedoras del agua han sido excluidas de los modelos de gesti\u00f3n, incluso de aquellos que tiene una escala comunitaria. Los factores son m\u00faltiples, quiz\u00e1, el m\u00e1s relevante sea  la falta de papeles que comprueben la propiedad sus tierras, por ende son excluidas de los consejos de toma de decisiones.<\/p><\/blockquote>\n<p>Ciudad de M\u00e9xico, 13 de octubre (SinEmbargo).\u2013 Juana Mota habita en la colonia Ermita, en Iztapalapa. Dice que es \u201cm\u00e1s afortunada\u201d que otras mujeres que tiene que acarrear agua con regularidad. Juana cuenta con dos tinacos. A pesar de los problemas de escasez que se vive en esta zona de la capital mexicana, tiene cierto suministro contaste. Pero esto no significa que no sea propensa a otra clase de riesgos.<\/p>\n<p>Como muchas otras mujeres, Juana ha tenido que acarrear agua en m\u00faltiples ocasiones invirtiendo alrededor de 7 horas en cada vuelta. Cuando tiene que hacer uso de las pipas se encuentra con sus vecinas, algunas ya acostumbradas a ocupar puestos de vigilancia nocturna en espera de los enormes contenedores de agua. Han sabido organizarse, por lo que ahora algunas se encargan de las largas filas para requerir las pipas; otras de las esperas en la madrugada y algunas m\u00e1s del acarreo. Todas \u201cdispuestas a hacer lo que sea para tener agua\u201d.<\/p>\n<p>La problem\u00e1tica de la gesti\u00f3n del agua enfrenta diferentes niveles de desigualdad en la distribuci\u00f3n y accesos. Y es peor entre los sectores econ\u00f3micos bajos, y entre mujeres y hombres. Pero son las mujeres pobres de la zona rural las que sufren la falta de infraestructura y el desabasto.<\/p>\n<p>Curioso para un pa\u00eds en donde la mujer, desde las historias m\u00e1s antiguas, tienen la relaci\u00f3n m\u00e1s estrecha con el agua. Cuentan algunas leyendas que el territorio cercano al R\u00edo Grande o Chignahuapan, hoy Lerma, habitado por matlazincas y otomi\u00e9s, era regido por una extra\u00f1a mujer con cola de serpiente acu\u00e1tica. Se dec\u00eda que detr\u00e1s de los tules y hierbas de las 9 lagunas que rodeaban al cerro de Xicant\u00e9catl \u2013hoy Nevado de Toluca- pod\u00eda verse a la mujer desnuda, acompa\u00f1ada de acociles y ajolotes. La Tlanchana, esp\u00edritu m\u00e1gico y madre del agua, era la cuidadora del recurso, proveedora del mismo y de los alimentos que ah\u00ed se cultivaban.<\/p>\n<p>La historia de la Tlanchana ha logrado superar el mito. Hoy, las mujeres se han convertido en las cuidadoras y principales proveedoras del agua. Pero las pol\u00edticas de gesti\u00f3n las han mantenido al margen de las decisiones de infraestructura, orden y resoluci\u00f3n del conflicto. A pesar de ello, las mujeres insisten e invierten una buena cantidad de horas que mitigan en su salud y en el uso libre de su tiempo.<\/p>\n<p><img loading=\"lazy\" decoding=\"async\" data-attachment-id=\"27240\" data-permalink=\"https:\/\/www.grieta.org.mx\/index.php\/2018\/10\/14\/son-mujeres-las-que-enfrentan-la-escasez-de-agua-en-la-cdmx-pero-aun-asi-se-les-menosprecia\/agua-y-mujeres-700-2\/\" data-orig-file=\"https:\/\/www.grieta.org.mx\/wp-content\/uploads\/2018\/10\/agua-y-mujeres-700-2.jpg\" data-orig-size=\"700,517\" data-comments-opened=\"0\" data-image-meta=\"{&quot;aperture&quot;:&quot;0&quot;,&quot;credit&quot;:&quot;&quot;,&quot;camera&quot;:&quot;&quot;,&quot;caption&quot;:&quot;&quot;,&quot;created_timestamp&quot;:&quot;0&quot;,&quot;copyright&quot;:&quot;\\u00a9Tercero Diaz\/Cuartoscuro.com&quot;,&quot;focal_length&quot;:&quot;0&quot;,&quot;iso&quot;:&quot;0&quot;,&quot;shutter_speed&quot;:&quot;0&quot;,&quot;title&quot;:&quot;&quot;,&quot;orientation&quot;:&quot;0&quot;}\" data-image-title=\"agua-y-mujeres-700-2\" data-image-description=\"\" data-image-caption=\"\" data-medium-file=\"https:\/\/www.grieta.org.mx\/wp-content\/uploads\/2018\/10\/agua-y-mujeres-700-2-300x222.jpg\" data-large-file=\"https:\/\/www.grieta.org.mx\/wp-content\/uploads\/2018\/10\/agua-y-mujeres-700-2.jpg\" src=\"http:\/\/www.grieta.org.mx\/wp-content\/uploads\/2018\/10\/agua-y-mujeres-700-2-300x222.jpg\" alt=\"\" width=\"300\" height=\"222\" class=\"aligncenter size-medium wp-image-27240\" srcset=\"https:\/\/www.grieta.org.mx\/wp-content\/uploads\/2018\/10\/agua-y-mujeres-700-2-300x222.jpg 300w, https:\/\/www.grieta.org.mx\/wp-content\/uploads\/2018\/10\/agua-y-mujeres-700-2-677x500.jpg 677w, https:\/\/www.grieta.org.mx\/wp-content\/uploads\/2018\/10\/agua-y-mujeres-700-2.jpg 700w\" sizes=\"auto, (max-width: 300px) 100vw, 300px\" \/><\/p>\n<p>LA DESIGUALDAD COMIENZA CON LOS USOS<\/p>\n<p>Los hombres y las mujeres tiene una relaci\u00f3n distinta con el agua. Comenz\u00f3 con los mitos que relacionaban lo femenino con la fertilidad y la docilidad del elemento y continu\u00f3 hasta nuestros d\u00edas a trav\u00e9s de relaciones sociales que las han convertido en sus defensoras y en sus principales proveedoras. De la mayor\u00eda de las mujeres contin\u00faa dependiendo la disponibilidad del l\u00edquido en el \u00e1mbito dom\u00e9stico, ya sea para desarrollar actividades de limpieza, elaboraci\u00f3n de los alimentos y cuidado ante los problemas de infecci\u00f3n o deshidrataci\u00f3n; \u00e1mbitos en los que se expresan las diferencias de poder entre hombres y mujeres.<\/p>\n<p>De acuerdo con la Encuesta Nacional de uso del Tiempo del 2014, las mujeres dedican en promedio 29.8 horas a la semana en trabajo dom\u00e9stico no remunerado, mientras que los hombres solo invierten 9.7 horas. En labores de limpieza, incluyendo el cuidado de ropa y calzado, las mujeres invierten 14.6 horas a la semana, mientras que los hombres invierten a penas 5.8.<\/p>\n<p>Para la investigadora Brenda Rodr\u00edguez, experta en g\u00e9nero y agua, la desigualdad comienza<br \/>\ndesde los usos. Los roles asignados entre hombre y mujer han provocado que estas tengan una relaci\u00f3n m\u00e1s estrecha con el l\u00edquido de tal manera que conocen diversas formas de usarla y reutilizarla.<\/p>\n<p>\u201cSi le preguntas a hombres y mujeres, \u00bfPara qu\u00e9 utilizas el agua? podr\u00e1 decirte dos o quiz\u00e1 tres usos: aseo personal, limpieza de mascotas y autom\u00f3vil. Al preguntarle a las mujeres te describir\u00e1n m\u00e1s de 20 actividades. Son los mandatos culturales las que nos convierten en encargadas del trabajo domestico\u201d, destaco la investigadora.<\/p>\n<p>La construcci\u00f3n sociocultural de la divisi\u00f3n del trabajo domestico merma en la cantidad de horas que las mujeres dedican en la recolecta y acarreo de agua. Si bien, no existe una medici\u00f3n precisa sobre el dato las expertas se\u00f1alan que esto tiene peso sobre su tiempo de ocio, as\u00ed como, sobre la sobrecarga en sus actividades de trabajo remunerado y no remunerado.<\/p>\n<p>En el 2012, el Instituto de las Mujeres de la Ciudad de M\u00e9xico junto a otras organizaciones, llevo a cabo un estudio en la delegaci\u00f3n Iztapalapa que devel\u00f3 que el 41 por ciento de las mujeres que acarrean agua en la demarcaci\u00f3n invierten alrededor de cuatro horas en la labor, mientras que solo un 25 por ciento de los hombres lo hace.<\/p>\n<p>En algunas zonas de Iztapalapa las mujeres invierten hasta 30 horas de trabajo, que deber\u00e1n sumarse a actividades de trabajo dom\u00e9stico y cuidado; casi 60 horas a la semana son invertidas por las mujeres para el cuidado de ni\u00f1as, ni\u00f1as y ancianos, cifra considerablemente alta frente a las 22 horas semanales con la que colaboran los hombres.<\/p>\n<p>El estudio denominado Agenda de G\u00e9nero y Agua en Iztapalapa: Acciones para el disfrute del derecho humanos al agua reconoce que \u201ctanto para las mujeres que trabajan de tiempo completo en el hogar como para las que tienen un trabajo remunerado, la soluci\u00f3n de los problemas del agua implica una sobrecarga de trabajo. La poca disponibilidad de tiempo para el descanso, el desarrollo de actividades pol\u00edticas o de formaci\u00f3n profesional, limita las posibilidades de desarrollo de las mujeres\u201d.<\/p>\n<p>La situaci\u00f3n suele ser peor en las \u00e1reas rurales. Rodr\u00edguez destaca que en algunas comunidades de las zonas altas de Chiapas los terrenos sin infraestructura agregan obst\u00e1culos que tienen un impacto en el tiempo, el desgaste f\u00edsico y el desarrollo. Mujeres, ni\u00f1as y ni\u00f1os tienen que reajustar sus agendas para poder transportar el agua, por lo que muchos infantes suelen dejar de asistir a la escuela. Lo mismo ocurre en la Ciudad de M\u00e9xico en temporada de crisis, en donde los ni\u00f1os dejan de ir a la escuela por falta de instalaciones sanitarias en condiciones de higiene.<\/p>\n<p>\u201cM\u00e9xico tiene 206 mil 155 escuelas p\u00fablicas, de las cuales 42 mil 617 obtienen agua de un pozo o de un cami\u00f3n cisterna, mientras que 6 mil 489 no tienen acceso al agua. En la Ciudad de M\u00e9xico m\u00e1s de 120 escuelas p\u00fablicas de nivel prescolar, primario y secundario tiene que obtener agua de fuentes distintas a las de la red p\u00fablica de distribuci\u00f3n\u201d Informe de la visita a M\u00e9xico del Relator Especial sobre el derecho humano al agua potable y el saneamiento\u201d<\/p>\n<p>SALUD DE LAS MUJERES EN RIESGO<\/p>\n<p>En el 2017 el Relator Especial sobre el derecho humano al agua potable y el saneamiento, L\u00e9o Heller, realiz\u00f3 una misi\u00f3n a M\u00e9xico que tuvo como resultado un informe en el que destac\u00f3 : \u201clas limitaciones de acceso y disponibilidad de agua y saneamiento en M\u00e9xico tiene un impacto desproporcionalmente negativo para mujeres y ni\u00f1as\u201d. Al relator le llamaba la atenci\u00f3n la cantidad de horas y kil\u00f3metros recorridos por ellas para poder tener que beber. Asimismo, alertaba que la falta del recurso pone en riesgo la salud de las mujeres, ya que se pueden generar infecciones en la vejiga, ri\u00f1ones y vagina.<\/p>\n<p>En el 2016 la ONU Mujeres estimaba que en el mundo entero 335 millones de ni\u00f1as hab\u00edan ido a escuelas primarias y secundarias donde no han podido lavarse las manos despu\u00e9s de cambiar su compresa sanitaria.<\/p>\n<p>En su informe general sobre la equidad de g\u00e9nero, Heller, hace especial \u00e9nfasis en la necesidad de contar con agua durante el periodo de menstruaci\u00f3n, ya que lo m\u00e9todos sanitarios antihigi\u00e9nicos y el uso de agua contaminada para la higiene menstrual pueden generar enfermedades y a su vez impedir la asistencia a la escuela y el trabajo.<\/p>\n<p>Durante el acarreo existen otros riesgos, entre ellos, las agresiones sexuales sufridas en la noche en los lugares donde se obtiene el agua o bien, por parte de quienes la distribuyen.<\/p>\n<p>Entre las vecinas de Iztapalapa se reconoce a \u201clos piperos\u201d como agresores, por lo que son las mayores las que procuran atenderlos debido a que las ni\u00f1as y j\u00f3venes suelen ser v\u00edctimas de los comentarios o miradas lascivas por parte de los hombres.<\/p>\n<p><img loading=\"lazy\" decoding=\"async\" data-attachment-id=\"27241\" data-permalink=\"https:\/\/www.grieta.org.mx\/index.php\/2018\/10\/14\/son-mujeres-las-que-enfrentan-la-escasez-de-agua-en-la-cdmx-pero-aun-asi-se-les-menosprecia\/agua-y-mujeres-700-4\/\" data-orig-file=\"https:\/\/www.grieta.org.mx\/wp-content\/uploads\/2018\/10\/agua-y-mujeres-700-4.jpg\" data-orig-size=\"700,467\" data-comments-opened=\"0\" data-image-meta=\"{&quot;aperture&quot;:&quot;0&quot;,&quot;credit&quot;:&quot;&quot;,&quot;camera&quot;:&quot;&quot;,&quot;caption&quot;:&quot;&quot;,&quot;created_timestamp&quot;:&quot;0&quot;,&quot;copyright&quot;:&quot;\\u00a9Tercero Diaz\/Cuartoscuro.com&quot;,&quot;focal_length&quot;:&quot;0&quot;,&quot;iso&quot;:&quot;0&quot;,&quot;shutter_speed&quot;:&quot;0&quot;,&quot;title&quot;:&quot;&quot;,&quot;orientation&quot;:&quot;0&quot;}\" data-image-title=\"agua-y-mujeres-700-4\" data-image-description=\"\" data-image-caption=\"\" data-medium-file=\"https:\/\/www.grieta.org.mx\/wp-content\/uploads\/2018\/10\/agua-y-mujeres-700-4-300x200.jpg\" data-large-file=\"https:\/\/www.grieta.org.mx\/wp-content\/uploads\/2018\/10\/agua-y-mujeres-700-4.jpg\" src=\"http:\/\/www.grieta.org.mx\/wp-content\/uploads\/2018\/10\/agua-y-mujeres-700-4-300x200.jpg\" alt=\"\" width=\"300\" height=\"200\" class=\"aligncenter size-medium wp-image-27241\" srcset=\"https:\/\/www.grieta.org.mx\/wp-content\/uploads\/2018\/10\/agua-y-mujeres-700-4-300x200.jpg 300w, https:\/\/www.grieta.org.mx\/wp-content\/uploads\/2018\/10\/agua-y-mujeres-700-4.jpg 700w\" sizes=\"auto, (max-width: 300px) 100vw, 300px\" \/><\/p>\n<p>ASUNTO DE JUSTICIA SOCIAL<\/p>\n<p>Micaela Bocanegra, acad\u00e9mica experta en agua, afirma que el problema del agua debe alcanzar una perspectiva distinta ya que hasta el momento se ha tratado desde una mirada \u201ct\u00e9cnica y masculina\u201d. Para ella, incluir a las mujeres \u2013 que han acumulado a\u00f1os de experiencia en el conflicto- podr\u00eda contribuir en el planteamiento de soluciones reales.<\/p>\n<p>Es por ello que promueve acciones de participaci\u00f3n pol\u00edtica con el que las mujeres puedan reconocer su derecho al agua y su participaci\u00f3n en la gesti\u00f3n como una garant\u00eda fundamental reconocida por diferentes instancias nacionales e internacionales; como lo es la Ley de Aguas Nacionales por la que diferentes grupos de la sociedad civil trabajan para que se incluya la perspectiva de g\u00e9nero.<\/p>\n<p>\u201cIncorporar la perspectiva de g\u00e9nero es un asunto de justicia social\u201d. Brenda Rodr\u00edguez<\/p>\n<p>A pesar de las mujeres se han ubicado como las principales cuidadores y abastecedoras del agua han sido excluidas de los modelos de gesti\u00f3n, incluso de aquellos que tiene una escala comunitaria. Los factores son m\u00faltiples, quiz\u00e1, el m\u00e1s relevante sea la falta de papeles que comprueben la propiedad sus tierras, por ende son exluidas de los consejos de toma de decisiones.<\/p>\n<p>A esto se suma la falta de voluntad pol\u00edtica por parte de las instituciones. Hasta ahora ninguna mujer ha presidido el organismo m\u00e1ximo de gesti\u00f3n de agua, hace a penas tres meses se anunci\u00f3 la entrada de Blanca Gim\u00e9nez Cisneros como nueva directora general de La Comisi\u00f3n Nacional del Agua (CONAGUA), por lo que las expertas y defensoras tienen grandes expectativas sobre su llegada.<\/p>\n<p>En una entrevista para el peri\u00f3dico El Pa\u00eds, el brasile\u00f1o L\u00e9o Heller, afirm\u00f3 que de poco sirven los cambios en infraestructura si no se tiene en cuenta a las mujeres y las ni\u00f1as, insistiendo en que son ellas las principales v\u00edctimas de los problemas de higiene y violencia sexual.<\/p>\n<p>\u201cLas mujeres no estamos invisibilizadas en los problemas del agua, estamos subrepresentadas y cuando estamos no todas tienen formaci\u00f3n de g\u00e9nero\u201d. Brenda Rodr\u00edguez.<\/p>\n<figure id=\"attachment_27242\" aria-describedby=\"caption-attachment-27242\" style=\"width: 300px\" class=\"wp-caption aligncenter\"><img loading=\"lazy\" decoding=\"async\" data-attachment-id=\"27242\" data-permalink=\"https:\/\/www.grieta.org.mx\/index.php\/2018\/10\/14\/son-mujeres-las-que-enfrentan-la-escasez-de-agua-en-la-cdmx-pero-aun-asi-se-les-menosprecia\/protesta_mazahuas_agua-1\/\" data-orig-file=\"https:\/\/www.grieta.org.mx\/wp-content\/uploads\/2018\/10\/protesta_mazahuas_agua-1.jpg\" data-orig-size=\"700,370\" data-comments-opened=\"0\" data-image-meta=\"{&quot;aperture&quot;:&quot;0&quot;,&quot;credit&quot;:&quot;\\u00a9 ARTEMIO GUERRA BAZ\/CUARTOSCURO.COM&quot;,&quot;camera&quot;:&quot;&quot;,&quot;caption&quot;:&quot;TOLUCA, ESTADO DE M\\u00c9XICO, 17ABRIL2017.- Mujeres del Frente Mazahua en defensa del Agua arribaron a la ciudad, para exigir se cumplan los acuerdos establecidos desde hace 9 a\\u00f1os, ya que a ra\\u00edz de la construcci\\u00f3n del sistema Cutzamala, el cual abastece agua a la Ciudad de M\\u00e9xico, a ellos los dejan sin el abastecimiento del vital l\\u00edquido.\\nFOTO: ARTEMIO GUERRA BAZ \/CUARTOSCURO.COM&quot;,&quot;created_timestamp&quot;:&quot;0&quot;,&quot;copyright&quot;:&quot;\\u00a9 ARTEMIO GUERRA BAZ\/CUARTOSCURO.COM&quot;,&quot;focal_length&quot;:&quot;0&quot;,&quot;iso&quot;:&quot;0&quot;,&quot;shutter_speed&quot;:&quot;0&quot;,&quot;title&quot;:&quot;&quot;,&quot;orientation&quot;:&quot;0&quot;}\" data-image-title=\"protesta_mazahuas_agua-1\" data-image-description=\"\" data-image-caption=\"&lt;p&gt;TOLUCA, ESTADO DE M\u00c9XICO, 17ABRIL2017.- Mujeres del Frente Mazahua en defensa del Agua arribaron a la ciudad, para exigir se cumplan los acuerdos establecidos desde hace 9 a\u00f1os, ya que a ra\u00edz de la construcci\u00f3n del sistema Cutzamala, el cual abastece agua a la Ciudad de M\u00e9xico, a ellos los dejan sin el abastecimiento del vital l\u00edquido.&lt;br \/&gt;\nFOTO: ARTEMIO GUERRA BAZ \/CUARTOSCURO.COM&lt;\/p&gt;\n\" data-medium-file=\"https:\/\/www.grieta.org.mx\/wp-content\/uploads\/2018\/10\/protesta_mazahuas_agua-1-300x159.jpg\" data-large-file=\"https:\/\/www.grieta.org.mx\/wp-content\/uploads\/2018\/10\/protesta_mazahuas_agua-1.jpg\" src=\"http:\/\/www.grieta.org.mx\/wp-content\/uploads\/2018\/10\/protesta_mazahuas_agua-1-300x159.jpg\" alt=\"\" width=\"300\" height=\"159\" class=\"size-medium wp-image-27242\" srcset=\"https:\/\/www.grieta.org.mx\/wp-content\/uploads\/2018\/10\/protesta_mazahuas_agua-1-300x159.jpg 300w, https:\/\/www.grieta.org.mx\/wp-content\/uploads\/2018\/10\/protesta_mazahuas_agua-1.jpg 700w\" sizes=\"auto, (max-width: 300px) 100vw, 300px\" \/><figcaption id=\"caption-attachment-27242\" class=\"wp-caption-text\">TOLUCA, ESTADO DE M\u00c9XICO, 17ABRIL2017.- Mujeres del Frente Mazahua en defensa del Agua arribaron a la ciudad, para exigir se cumplan los acuerdos establecidos desde hace 9 a\u00f1os, ya que a ra\u00edz de la construcci\u00f3n del sistema Cutzamala, el cual abastece agua a la Ciudad de M\u00e9xico, a ellos los dejan sin el abastecimiento del vital l\u00edquido.<br \/>FOTO: ARTEMIO GUERRA BAZ \/CUARTOSCURO.COM<\/figcaption><\/figure>\n<p>DEFENSORAS DEL AGUA Y EL TERRITORIO<\/p>\n<p>Una actividad que no es poco com\u00fan, pero si poco reconocida, es el de las mujeres defensoras del agua por lo general ligadas a las luchas por la defensa del territorio. A pesar de la represi\u00f3n muchas de ellas salen dispuestas a entregar la vida por el sitio en el que viven y del que protegen su naturaleza.<\/p>\n<p>En julio del 2018, Dominga Gonz\u00e1lez Mart\u00ednez fue sentenciada a 50 a\u00f1os de prisi\u00f3n acusada de homicidio y privaci\u00f3n de la libertad, delitos que el Centro de Derechos Humanos Zeferino Ladrillero ha sostenido no puede ser sustentando. Su verdadero delito fue defender el agua y el territorio de San Pedro Tlanixco localizado en las cordilleras del nevado de Toluca y de donde ella es originaria.<\/p>\n<p>La ind\u00edgena nahua lleva m\u00e1s de 11 a\u00f1os recluida en el penal de Santiaguito, en el Estado de M\u00e9xico. La sentencia fue recibida 10 a\u00f1os despu\u00e9s de permanecer en prisi\u00f3n como sospechosa por la muerte del empresario Isaak Basso, ocurrida el 1 de abril del 2003.<\/p>\n<p><a href=\"http:\/\/www.sinembargo.mx\/14-10-2018\/3483178\">http:\/\/www.sinembargo.mx\/14-10-2018\/3483178<\/a><\/p>\n","protected":false},"excerpt":{"rendered":"<p>La construcci\u00f3n sociocultural de la divisi\u00f3n del trabajo domestico merma en la cantidad de horas que las mujeres dedican en la recolecta y acarreo de agua. Si bien, no existe &hellip; <a href=\"https:\/\/www.grieta.org.mx\/index.php\/2018\/10\/14\/son-mujeres-las-que-enfrentan-la-escasez-de-agua-en-la-cdmx-pero-aun-asi-se-les-menosprecia\/\" class=\"more-link\">Leer m\u00e1s<\/a><\/p>\n","protected":false},"author":2,"featured_media":27239,"comment_status":"closed","ping_status":"closed","sticky":false,"template":"","format":"standard","meta":{"ngg_post_thumbnail":0,"_jetpack_newsletter_access":"","_jetpack_dont_email_post_to_subs":false,"_jetpack_newsletter_tier_id":0,"_jetpack_memberships_contains_paywalled_content":false,"_jetpack_memberships_contains_paid_content":false,"footnotes":""},"categories":[80,14,1119,914,915,2,83],"tags":[1558,1808],"class_list":["post-27238","post","type-post","status-publish","format-standard","has-post-thumbnail","hentry","category-cintillo","category-ciudad-de-mexico","category-conflictos-por-falta-de-agua-en-la-ciudad-de-mexico","category-privatizacion-del-agua","category-privatizacion-del-agua-analisis","category-noticias-nacionales","category-temas-nacionales","tag-desabasto-de-agua","tag-desigualdad-en-el-abasto-de-agua","entry"],"jetpack_featured_media_url":"https:\/\/www.grieta.org.mx\/wp-content\/uploads\/2018\/10\/reportaje_agua_iztapalapa-3.jpg","jetpack_sharing_enabled":true,"jetpack_shortlink":"https:\/\/wp.me\/p7ZJR4-75k","jetpack_likes_enabled":false,"jetpack-related-posts":[{"id":46668,"url":"https:\/\/www.grieta.org.mx\/index.php\/2020\/03\/23\/como-enfrentar-el-coronavirus-sin-agua-en-la-capital-mexicana\/","url_meta":{"origin":27238,"position":0},"title":"C\u00f3mo enfrentar el Coronavirus sin agua en la capital mexicana","author":"grieta","date":"23 marzo, 2020","format":false,"excerpt":"Texto y fotos: Arturo Contreras Camero \/ Pie de P\u00e1gina Entre reparaciones, falta de coordinaci\u00f3n y saqueos, colonias en al menos seis de alcald\u00edas de la ciudad tendr\u00e1n que enfrentar el COVID-19 con un bajo suministro de agua \u201c\u00a1Antes de lo del Coronavirus nos quedamos sin agua!\u201d, asegura Luis Ch\u00e1vez\u2026","rel":"","context":"En &quot;CINTILLO&quot;","block_context":{"text":"CINTILLO","link":"https:\/\/www.grieta.org.mx\/index.php\/category\/cintillo\/"},"img":{"alt_text":"","src":"https:\/\/i0.wp.com\/www.grieta.org.mx\/wp-content\/uploads\/2020\/03\/C%C3%B3mo-enfrentar-el-Coronavirus-sin-agua-en-la-capital-mexicana-cdmx-mzo.jpg?resize=350%2C200&ssl=1","width":350,"height":200,"srcset":"https:\/\/i0.wp.com\/www.grieta.org.mx\/wp-content\/uploads\/2020\/03\/C%C3%B3mo-enfrentar-el-Coronavirus-sin-agua-en-la-capital-mexicana-cdmx-mzo.jpg?resize=350%2C200&ssl=1 1x, https:\/\/i0.wp.com\/www.grieta.org.mx\/wp-content\/uploads\/2020\/03\/C%C3%B3mo-enfrentar-el-Coronavirus-sin-agua-en-la-capital-mexicana-cdmx-mzo.jpg?resize=525%2C300&ssl=1 1.5x, https:\/\/i0.wp.com\/www.grieta.org.mx\/wp-content\/uploads\/2020\/03\/C%C3%B3mo-enfrentar-el-Coronavirus-sin-agua-en-la-capital-mexicana-cdmx-mzo.jpg?resize=700%2C400&ssl=1 2x, https:\/\/i0.wp.com\/www.grieta.org.mx\/wp-content\/uploads\/2020\/03\/C%C3%B3mo-enfrentar-el-Coronavirus-sin-agua-en-la-capital-mexicana-cdmx-mzo.jpg?resize=1050%2C600&ssl=1 3x"},"classes":[]},{"id":61184,"url":"https:\/\/www.grieta.org.mx\/index.php\/2021\/08\/18\/sin-agua-desde-hace-3-meses-y-en-medio-del-pico-de-covid-19-vecinos-de-santo-domingo-exigen-el-vital-liquido-ciudad-de-mexico\/","url_meta":{"origin":27238,"position":1},"title":"Sin agua desde hace 3 meses y en medio del pico de COVID-19, vecinos de Santo Domingo exigen el vital l\u00edquido (Ciudad de M\u00e9xico)","author":"grieta","date":"18 agosto, 2021","format":false,"excerpt":"COLECTIVO GRIETA Ciudad de M\u00e9xico, 17 de agosto. La ma\u00f1ana de este martes vecinos de la parte sur de los Pedregales de Santo Domingo, Coyoac\u00e1n, salieron a protestar para exigir a la alcand\u00eda y al Sistema de Aguas de la Ciudad de M\u00e9xico (SACMEX) que los provean de agua de\u2026","rel":"","context":"En &quot;CINTILLO&quot;","block_context":{"text":"CINTILLO","link":"https:\/\/www.grieta.org.mx\/index.php\/category\/cintillo\/"},"img":{"alt_text":"","src":"https:\/\/i0.wp.com\/www.grieta.org.mx\/wp-content\/uploads\/2021\/08\/Santo-Domingo-portada.jpg?resize=350%2C200&ssl=1","width":350,"height":200,"srcset":"https:\/\/i0.wp.com\/www.grieta.org.mx\/wp-content\/uploads\/2021\/08\/Santo-Domingo-portada.jpg?resize=350%2C200&ssl=1 1x, https:\/\/i0.wp.com\/www.grieta.org.mx\/wp-content\/uploads\/2021\/08\/Santo-Domingo-portada.jpg?resize=525%2C300&ssl=1 1.5x, https:\/\/i0.wp.com\/www.grieta.org.mx\/wp-content\/uploads\/2021\/08\/Santo-Domingo-portada.jpg?resize=700%2C400&ssl=1 2x"},"classes":[]},{"id":47491,"url":"https:\/\/www.grieta.org.mx\/index.php\/2020\/04\/06\/falta-de-agua-en-12-colonias-en-la-ciudad-de-san-luis-potosi\/","url_meta":{"origin":27238,"position":2},"title":"Falta de agua en 12 colonias en la ciudad de San Luis Potos\u00ed","author":"grieta","date":"6 abril, 2020","format":false,"excerpt":"Miguel \u00c1ngel Mora El Sol de San Luis\/La Prensa 6 abril 2020 Autoridades lo atribuyen a una fuga que oblig\u00f3 a suspender un pozo Miguel \u00c1ngel Mora San Luis Potos\u00ed, S.L.P., 6 de abril.- Vecinos de 12 colonias de la zona metropolitana de esta capital, se manifestaron en la Unidad\u2026","rel":"","context":"En &quot;CINTILLO&quot;","block_context":{"text":"CINTILLO","link":"https:\/\/www.grieta.org.mx\/index.php\/category\/cintillo\/"},"img":{"alt_text":"","src":"https:\/\/i0.wp.com\/www.grieta.org.mx\/wp-content\/uploads\/2020\/04\/S.L.P..jpg?resize=350%2C200&ssl=1","width":350,"height":200,"srcset":"https:\/\/i0.wp.com\/www.grieta.org.mx\/wp-content\/uploads\/2020\/04\/S.L.P..jpg?resize=350%2C200&ssl=1 1x, https:\/\/i0.wp.com\/www.grieta.org.mx\/wp-content\/uploads\/2020\/04\/S.L.P..jpg?resize=525%2C300&ssl=1 1.5x, https:\/\/i0.wp.com\/www.grieta.org.mx\/wp-content\/uploads\/2020\/04\/S.L.P..jpg?resize=700%2C400&ssl=1 2x"},"classes":[]},{"id":49104,"url":"https:\/\/www.grieta.org.mx\/index.php\/2020\/03\/24\/falta-de-agua-pone-en-peligro-los-vecinos-de-ciudad-de-mexico-ante-coronavirus\/","url_meta":{"origin":27238,"position":3},"title":"Falta de agua pone en peligro los vecinos de Ciudad de M\u00e9xico ante coronavirus","author":"grieta","date":"24 marzo, 2020","format":false,"excerpt":"Eliana Gilet \/ Sputnik Los vecinos del Pedregal de Santo Domingo se manifestaron este 23 de marzo ante la sede de la alcald\u00eda de Coyoac\u00e1n \u2014el poder local de esa zona\u2014 para exigir que la autoridad garantice el acceso al agua potable de unas 50.000 personas que viven al sur\u2026","rel":"","context":"En &quot;CINTILLO&quot;","block_context":{"text":"CINTILLO","link":"https:\/\/www.grieta.org.mx\/index.php\/category\/cintillo\/"},"img":{"alt_text":"","src":"","width":0,"height":0},"classes":[]},{"id":48302,"url":"https:\/\/www.grieta.org.mx\/index.php\/2020\/04\/22\/se-agudizan-rinas-y-secuestro-de-pipas-por-falta-de-agua-en-tlahuac-ciudad-de-mexico\/","url_meta":{"origin":27238,"position":4},"title":"Se agudizan ri\u00f1as y secuestro de pipas por falta de agua en Tl\u00e1huac (Ciudad de M\u00e9xico)","author":"grieta","date":"22 abril, 2020","format":false,"excerpt":"Imagen tomada de: www.imagenradio.com.mx Jon\u00e1s L\u00f3pez \/ Imagen Radio CIUDAD DE M\u00c9XICO. Vecinos de Tl\u00e1huac alertaron que la escasez de agua potable est\u00e1 ocasionando el secuestro de pipas y ri\u00f1as entre colonos. La organizaci\u00f3n vecinal Ciudadanos Organizados de colonia La Estaci\u00f3n indic\u00f3 en un comunicado que en los \u00faltimos d\u00edas\u2026","rel":"","context":"En &quot;CINTILLO&quot;","block_context":{"text":"CINTILLO","link":"https:\/\/www.grieta.org.mx\/index.php\/category\/cintillo\/"},"img":{"alt_text":"","src":"https:\/\/i0.wp.com\/www.grieta.org.mx\/wp-content\/uploads\/2020\/04\/Se-agudizan-ri%C3%B1as-y-secuestro-de-pipas-por-falta-de-agua-en-Tl%C3%A1huac-cdmx-abr.jpg?resize=350%2C200&ssl=1","width":350,"height":200,"srcset":"https:\/\/i0.wp.com\/www.grieta.org.mx\/wp-content\/uploads\/2020\/04\/Se-agudizan-ri%C3%B1as-y-secuestro-de-pipas-por-falta-de-agua-en-Tl%C3%A1huac-cdmx-abr.jpg?resize=350%2C200&ssl=1 1x, https:\/\/i0.wp.com\/www.grieta.org.mx\/wp-content\/uploads\/2020\/04\/Se-agudizan-ri%C3%B1as-y-secuestro-de-pipas-por-falta-de-agua-en-Tl%C3%A1huac-cdmx-abr.jpg?resize=525%2C300&ssl=1 1.5x, https:\/\/i0.wp.com\/www.grieta.org.mx\/wp-content\/uploads\/2020\/04\/Se-agudizan-ri%C3%B1as-y-secuestro-de-pipas-por-falta-de-agua-en-Tl%C3%A1huac-cdmx-abr.jpg?resize=700%2C400&ssl=1 2x"},"classes":[]},{"id":48321,"url":"https:\/\/www.grieta.org.mx\/index.php\/2020\/04\/24\/sin-agua-en-sus-casas-los-mexicanos-mas-pobres-luchan-contra-propagacion-del-coronavirus\/","url_meta":{"origin":27238,"position":5},"title":"Sin agua en sus casas, los mexicanos m\u00e1s pobres luchan contra propagaci\u00f3n del coronavirus","author":"grieta","date":"24 abril, 2020","format":false,"excerpt":"Un cami\u00f3n cisterna distribuye agua gratis a las casas como parte de los esfuerzos del gobierno local en el barrio Tablas del Pozo, donde la escasez del l\u00edquido complica la lucha por contener la propagaci\u00f3n del coronavirus, en el municipio Ecatepec, en el Estado de M\u00e9xico. 16 de abril de\u2026","rel":"","context":"En &quot;CINTILLO&quot;","block_context":{"text":"CINTILLO","link":"https:\/\/www.grieta.org.mx\/index.php\/category\/cintillo\/"},"img":{"alt_text":"","src":"https:\/\/i0.wp.com\/www.grieta.org.mx\/wp-content\/uploads\/2020\/04\/Sin-agua-en-sus-casas-los-mexicanos-m%C3%A1s-pobres-luchan-contra-propagaci%C3%B3n-del-coronavirus-cdmx-edomex-abr.jpg?resize=350%2C200","width":350,"height":200},"classes":[]}],"_links":{"self":[{"href":"https:\/\/www.grieta.org.mx\/index.php\/wp-json\/wp\/v2\/posts\/27238","targetHints":{"allow":["GET"]}}],"collection":[{"href":"https:\/\/www.grieta.org.mx\/index.php\/wp-json\/wp\/v2\/posts"}],"about":[{"href":"https:\/\/www.grieta.org.mx\/index.php\/wp-json\/wp\/v2\/types\/post"}],"author":[{"embeddable":true,"href":"https:\/\/www.grieta.org.mx\/index.php\/wp-json\/wp\/v2\/users\/2"}],"replies":[{"embeddable":true,"href":"https:\/\/www.grieta.org.mx\/index.php\/wp-json\/wp\/v2\/comments?post=27238"}],"version-history":[{"count":1,"href":"https:\/\/www.grieta.org.mx\/index.php\/wp-json\/wp\/v2\/posts\/27238\/revisions"}],"predecessor-version":[{"id":27243,"href":"https:\/\/www.grieta.org.mx\/index.php\/wp-json\/wp\/v2\/posts\/27238\/revisions\/27243"}],"wp:featuredmedia":[{"embeddable":true,"href":"https:\/\/www.grieta.org.mx\/index.php\/wp-json\/wp\/v2\/media\/27239"}],"wp:attachment":[{"href":"https:\/\/www.grieta.org.mx\/index.php\/wp-json\/wp\/v2\/media?parent=27238"}],"wp:term":[{"taxonomy":"category","embeddable":true,"href":"https:\/\/www.grieta.org.mx\/index.php\/wp-json\/wp\/v2\/categories?post=27238"},{"taxonomy":"post_tag","embeddable":true,"href":"https:\/\/www.grieta.org.mx\/index.php\/wp-json\/wp\/v2\/tags?post=27238"}],"curies":[{"name":"wp","href":"https:\/\/api.w.org\/{rel}","templated":true}]}}