{"id":27224,"date":"2018-10-11T14:17:00","date_gmt":"2018-10-11T19:17:00","guid":{"rendered":"http:\/\/www.grieta.org.mx\/?p=27224"},"modified":"2018-10-16T14:23:35","modified_gmt":"2018-10-16T19:23:35","slug":"vecinos-de-tonanzintla-demandan-al-alcalde-por-destruir-el-patrimonio-cultural-puebla","status":"publish","type":"post","link":"https:\/\/www.grieta.org.mx\/index.php\/2018\/10\/11\/vecinos-de-tonanzintla-demandan-al-alcalde-por-destruir-el-patrimonio-cultural-puebla\/","title":{"rendered":"Vecinos de Tonanzintla demandan al alcalde por destruir el patrimonio cultural (Puebla)"},"content":{"rendered":"<figure id=\"attachment_27225\" aria-describedby=\"caption-attachment-27225\" style=\"width: 300px\" class=\"wp-caption aligncenter\"><img loading=\"lazy\" decoding=\"async\" data-attachment-id=\"27225\" data-permalink=\"https:\/\/www.grieta.org.mx\/index.php\/2018\/10\/11\/vecinos-de-tonanzintla-demandan-al-alcalde-por-destruir-el-patrimonio-cultural-puebla\/vecinok-1078x808-2\/\" data-orig-file=\"https:\/\/www.grieta.org.mx\/wp-content\/uploads\/2018\/10\/vecinOK-1078x808.jpg\" data-orig-size=\"1078,808\" data-comments-opened=\"0\" data-image-meta=\"{&quot;aperture&quot;:&quot;0&quot;,&quot;credit&quot;:&quot;&quot;,&quot;camera&quot;:&quot;&quot;,&quot;caption&quot;:&quot;&quot;,&quot;created_timestamp&quot;:&quot;0&quot;,&quot;copyright&quot;:&quot;&quot;,&quot;focal_length&quot;:&quot;0&quot;,&quot;iso&quot;:&quot;0&quot;,&quot;shutter_speed&quot;:&quot;0&quot;,&quot;title&quot;:&quot;&quot;,&quot;orientation&quot;:&quot;0&quot;}\" data-image-title=\"vecinOK-1078&amp;#215;808\" data-image-description=\"\" data-image-caption=\"&lt;p&gt;Comit\u00e9 ciudadano de Tonantzintla Foto: Twitter&lt;\/p&gt;\n\" data-medium-file=\"https:\/\/www.grieta.org.mx\/wp-content\/uploads\/2018\/10\/vecinOK-1078x808-300x225.jpg\" data-large-file=\"https:\/\/www.grieta.org.mx\/wp-content\/uploads\/2018\/10\/vecinOK-1078x808-1024x768.jpg\" src=\"http:\/\/www.grieta.org.mx\/wp-content\/uploads\/2018\/10\/vecinOK-1078x808-300x225.jpg\" alt=\"\" width=\"300\" height=\"225\" class=\"size-medium wp-image-27225\" srcset=\"https:\/\/www.grieta.org.mx\/wp-content\/uploads\/2018\/10\/vecinOK-1078x808-300x225.jpg 300w, https:\/\/www.grieta.org.mx\/wp-content\/uploads\/2018\/10\/vecinOK-1078x808-768x576.jpg 768w, https:\/\/www.grieta.org.mx\/wp-content\/uploads\/2018\/10\/vecinOK-1078x808-1024x768.jpg 1024w, https:\/\/www.grieta.org.mx\/wp-content\/uploads\/2018\/10\/vecinOK-1078x808-667x500.jpg 667w, https:\/\/www.grieta.org.mx\/wp-content\/uploads\/2018\/10\/vecinOK-1078x808.jpg 1078w\" sizes=\"auto, (max-width: 300px) 100vw, 300px\" \/><figcaption id=\"caption-attachment-27225\" class=\"wp-caption-text\">Comit\u00e9 ciudadano de Tonantzintla Foto: Twitter<\/figcaption><\/figure>\n<p>PUEBLA, Pue. (apro).- Vecinos de Santa Mar\u00eda Tonanzintla presentaron una demanda penal en contra del a\u00fan alcalde panista de San Andr\u00e9s Cholula, Leoncio Paisano Arias, por la destrucci\u00f3n de patrimonio cultural que ocasion\u00f3 su intento de implementar en esa localidad el proyecto Barrio Smart.<\/p>\n<p>Lilia P\u00e9rez, vecina de la localidad, inform\u00f3 que en una asamblea realizada el 28 de septiembre, los pobladores decidieron demandar a su secretario de Gobernaci\u00f3n, Oscar Palacios, y a quien resulte responsable de haber derrumbado, sin consultarlos, diversas construcciones que formaban parte de la imagen tradicional de los alrededores del templo de Santa Mar\u00eda Tonanzlntla.<\/p>\n<p>Juan Carlos Flores, representante legal de los inconformes, dijo que este 9 de octubre se present\u00f3 la primera denuncia penal en la Fiscal\u00eda General del Estado en contra del alcalde por los delitos de abuso de autoridad y ejercicio indebido de funciones, por los cuales podr\u00eda alcanzar una sanci\u00f3n de hasta 13 a\u00f1os de c\u00e1rcel.<\/p>\n<p>La representante de la comunidad explic\u00f3 que, en la asamblea, los pobladores conocieron el dictamen emitido por peritos de la Procuradur\u00eda General de la Rep\u00fablica (PGR), el cual forma parte de los juicios de amparo que interpusieron contra el proyecto de crear Barrio Smart en la plaza frente al templo del Siglo XVI, que es considerado una joya del barroco mexicano.<\/p>\n<p>En el dictamen, peritos arquitectos confirman que el retiro y modificaci\u00f3n de elementos arquitect\u00f3nicos s\u00ed afect\u00f3 el patrimonio cultural tangible e intangible de esa localidad.<\/p>\n<p>\u201cLa remodelaci\u00f3n de la plaza no soluciona ninguna problem\u00e1tica social\u2026 sino que los habitantes lo perciben como una imposici\u00f3n por parte de las autoridades municipales.\u201d, indica el dictamen que se dio a conocer los primeros d\u00edas de septiembre.<\/p>\n<p>Igual en el mismo, otra perito antrop\u00f3loga confirm\u00f3 que Santa Mar\u00eda Tonanzintla es una poblaci\u00f3n ind\u00edgena y que fue afectada en su autonom\u00eda al concretarse obras del Barrio Smart sin llevar a cabo una consulta a la que ten\u00edan derecho.<\/p>\n<p>El gobierno de Leoncio Paisano procedi\u00f3 a derrumbar la torre de un reloj de 11 metros que fue regalado a la virgen y a la comunidad por el fiscal Felix Tecuapetla Tecuatl, en 2006.<\/p>\n<p>Tambi\u00e9n destruy\u00f3 un puente cuyos or\u00edgenes datan del siglo XIX, una mojonera que delimitada la jurisdicci\u00f3n de la plaza principal entre las autoridades tradicionales y las civiles de la comunidad, una cancha de basquetbol, el empedrado del camino que conectaba a San Luis Tehuiloyocan, las jardineras y \u00e1rboles que formaban parte de la imagen original de Santa Mar\u00eda Tonanzintla.<\/p>\n<p>En la rueda de prensa, el activista Juan Carlos Flores indic\u00f3 en los pr\u00f3ximos d\u00edas la Fiscal\u00eda determinar\u00e1 si la denuncia contra el alcalde se turnar\u00e1 a la Fiscal\u00eda Especial Anticorrupci\u00f3n, a cargo de Enrique Flota, o si la turna al Ministerio P\u00fablico de San Andr\u00e9s Cholula para el inicio de su investigaci\u00f3n.<\/p>\n<p>Este 15 de octubre, el presidente municipal panista concluir\u00e1 su per\u00edodo de gobierno y tomar\u00e1 posesi\u00f3n la nueva administraci\u00f3n municipal a cargo de Karina Popoc\u00e1tl, quien gan\u00f3 las elecciones postulada por Morena.<\/p>\n<p><a href=\"https:\/\/www.proceso.com.mx\/554874\/vecinos-de-tonanzintla-demandan-al-alcalde-por-destruir-el-patrimonio-cultural\">https:\/\/www.proceso.com.mx\/554874\/vecinos-de-tonanzintla-demandan-al-alcalde-por-destruir-el-patrimonio-cultural<\/a><\/p>\n","protected":false},"excerpt":{"rendered":"<p>PUEBLA, Pue. (apro).- Vecinos de Santa Mar\u00eda Tonanzintla presentaron una demanda penal en contra del a\u00fan alcalde panista de San Andr\u00e9s Cholula, Leoncio Paisano Arias, por la destrucci\u00f3n de patrimonio &hellip; <a href=\"https:\/\/www.grieta.org.mx\/index.php\/2018\/10\/11\/vecinos-de-tonanzintla-demandan-al-alcalde-por-destruir-el-patrimonio-cultural-puebla\/\" class=\"more-link\">Leer m\u00e1s<\/a><\/p>\n","protected":false},"author":2,"featured_media":27225,"comment_status":"closed","ping_status":"closed","sticky":false,"template":"","format":"standard","meta":{"ngg_post_thumbnail":0,"_jetpack_newsletter_access":"","_jetpack_dont_email_post_to_subs":false,"_jetpack_newsletter_tier_id":0,"_jetpack_memberships_contains_paywalled_content":false,"_jetpack_memberships_contains_paid_content":false,"footnotes":""},"categories":[80,1264,26],"tags":[],"class_list":["post-27224","post","type-post","status-publish","format-standard","has-post-thumbnail","hentry","category-cintillo","category-defensa-de-zonas-arqueologicas-en-puebla","category-puebla","entry"],"jetpack_featured_media_url":"https:\/\/www.grieta.org.mx\/wp-content\/uploads\/2018\/10\/vecinOK-1078x808.jpg","jetpack_sharing_enabled":true,"jetpack_shortlink":"https:\/\/wp.me\/p7ZJR4-756","jetpack_likes_enabled":false,"jetpack-related-posts":[{"id":28142,"url":"https:\/\/www.grieta.org.mx\/index.php\/2019\/01\/07\/relleno-sanitario-contamina-la-biosfera-tehuacan-cuicatlan-puebla\/","url_meta":{"origin":27224,"position":0},"title":"Relleno sanitario contamina la Bi\u00f3sfera Tehuac\u00e1n-Cuicatl\u00e1n (Puebla)","author":"grieta","date":"7 enero, 2019","format":false,"excerpt":"Municipios Puebla Tehuac\u00e1n, Pue.- Habitantes de Santa Mar\u00eda Coapan se oponen a que el relleno sanitario siga operando por ser un foco de contaminaci\u00f3n, dio a conocer el alcalde subalterno de esta localidad, Miguel \u00c1ngel Flores Albino. Denunci\u00f3 que la ex presidenta municipal, Ernestina Fern\u00e1ndez M\u00e9ndez, extendi\u00f3 a m\u00e1s de\u2026","rel":"","context":"En &quot;CINTILLO&quot;","block_context":{"text":"CINTILLO","link":"https:\/\/www.grieta.org.mx\/index.php\/category\/cintillo\/"},"img":{"alt_text":"","src":"https:\/\/i0.wp.com\/www.grieta.org.mx\/wp-content\/uploads\/2019\/01\/reserva_3.jpg?resize=350%2C200&ssl=1","width":350,"height":200,"srcset":"https:\/\/i0.wp.com\/www.grieta.org.mx\/wp-content\/uploads\/2019\/01\/reserva_3.jpg?resize=350%2C200&ssl=1 1x, https:\/\/i0.wp.com\/www.grieta.org.mx\/wp-content\/uploads\/2019\/01\/reserva_3.jpg?resize=525%2C300&ssl=1 1.5x, https:\/\/i0.wp.com\/www.grieta.org.mx\/wp-content\/uploads\/2019\/01\/reserva_3.jpg?resize=700%2C400&ssl=1 2x"},"classes":[]},{"id":25684,"url":"https:\/\/www.grieta.org.mx\/index.php\/2018\/08\/15\/vecinos-de-honey-corren-a-funcionarios-de-la-sener-rechazan-gasoducto-de-transcanada-puebla\/","url_meta":{"origin":27224,"position":1},"title":"Vecinos de Honey corren a funcionarios de la Sener; rechazan gasoducto de TransCanada (Puebla)","author":"grieta","date":"15 agosto, 2018","format":false,"excerpt":"Por Edmundo Vel\u00e1zquez \/ Peri\u00f3dico Central Vecinos de la comunidad de Chila de la Ju\u00e1rez, en Honey Puebla, corrieron a funcionarios de la Secretar\u00eda de Energ\u00eda (Sener) y personal de la empresa Bonatti, filial de TransCanada, quienes amenazaron con cortarles el servicio de electricidad en caso de negarse a realizar\u2026","rel":"","context":"En &quot;26. Sierra Puebla&quot;","block_context":{"text":"26. Sierra Puebla","link":"https:\/\/www.grieta.org.mx\/index.php\/category\/espejos-de-la-resistencia\/26-sierra-puebla\/"},"img":{"alt_text":"","src":"https:\/\/i0.wp.com\/www.grieta.org.mx\/wp-content\/uploads\/2018\/08\/e79f9ab95a7e67afc0cee36b98399873_XL.jpg?resize=350%2C200&ssl=1","width":350,"height":200,"srcset":"https:\/\/i0.wp.com\/www.grieta.org.mx\/wp-content\/uploads\/2018\/08\/e79f9ab95a7e67afc0cee36b98399873_XL.jpg?resize=350%2C200&ssl=1 1x, https:\/\/i0.wp.com\/www.grieta.org.mx\/wp-content\/uploads\/2018\/08\/e79f9ab95a7e67afc0cee36b98399873_XL.jpg?resize=525%2C300&ssl=1 1.5x, https:\/\/i0.wp.com\/www.grieta.org.mx\/wp-content\/uploads\/2018\/08\/e79f9ab95a7e67afc0cee36b98399873_XL.jpg?resize=700%2C400&ssl=1 2x"},"classes":[]},{"id":14474,"url":"https:\/\/www.grieta.org.mx\/index.php\/2016\/06\/17\/vecinos-se-oponen-a-contruccion-de-vaso-regulador-en-san-prdo-cholula-puebla\/","url_meta":{"origin":27224,"position":2},"title":"Vecinos contra contrucci\u00f3n de vaso regulador en San Pedro Cholula (Puebla)","author":"grieta","date":"17 junio, 2016","format":false,"excerpt":"17\/06\/16. Cholultecas marchan contra Jos\u00e9 Juan Espinosa; acusan \u201cun mal gobierno\u201d \u00c1ngulo 7 13\/06\/16. Impiden en Cocoyotla, Puebla, que comuna expropie terreno para vaso regulador Municipios Puebla 09\/06\/16. Familias de Cocoyotla denuncian acoso de edil de San Pedro para vender predios Municipios Puebla 07\/06\/16. Vecinos evitan expropiaci\u00f3n de predio para\u2026","rel":"","context":"En &quot;NOTICIAS NACIONALES&quot;","block_context":{"text":"NOTICIAS NACIONALES","link":"https:\/\/www.grieta.org.mx\/index.php\/category\/noticias-nacionales\/"},"img":{"alt_text":"","src":"https:\/\/i0.wp.com\/www.grieta.org.mx\/wp-content\/uploads\/2018\/03\/14524434_1106112876131411_958039263622046936_o.jpg?resize=350%2C200&ssl=1","width":350,"height":200,"srcset":"https:\/\/i0.wp.com\/www.grieta.org.mx\/wp-content\/uploads\/2018\/03\/14524434_1106112876131411_958039263622046936_o.jpg?resize=350%2C200&ssl=1 1x, https:\/\/i0.wp.com\/www.grieta.org.mx\/wp-content\/uploads\/2018\/03\/14524434_1106112876131411_958039263622046936_o.jpg?resize=525%2C300&ssl=1 1.5x, https:\/\/i0.wp.com\/www.grieta.org.mx\/wp-content\/uploads\/2018\/03\/14524434_1106112876131411_958039263622046936_o.jpg?resize=700%2C400&ssl=1 2x"},"classes":[]},{"id":14469,"url":"https:\/\/www.grieta.org.mx\/index.php\/2016\/06\/07\/vecinos-evitan-expropiacion-de-predio-para-vaso-regulador-en-san-pedro-puebla\/","url_meta":{"origin":27224,"position":3},"title":"Vecinos evitan expropiaci\u00f3n de predio para vaso regulador en San Pedro (Puebla)","author":"grieta","date":"7 junio, 2016","format":false,"excerpt":"Por Arturo Manzano San Pedro Cholula, Pue.- Vecinos de la junta auxiliar de San Mat\u00edas Cocoyotla se inconformaron por el retiro de una malla que proteg\u00eda el predio Acayac por elementos de la fuerza p\u00fablica, lo cual consideraron un acto de alevos\u00eda y ventaja del presidente municipal de San Pedro\u2026","rel":"","context":"En &quot;CINTILLO&quot;","block_context":{"text":"CINTILLO","link":"https:\/\/www.grieta.org.mx\/index.php\/category\/cintillo\/"},"img":{"alt_text":"","src":"https:\/\/i0.wp.com\/www.grieta.org.mx\/wp-content\/uploads\/2018\/03\/14524434_1106112876131411_958039263622046936_o.jpg?resize=350%2C200&ssl=1","width":350,"height":200,"srcset":"https:\/\/i0.wp.com\/www.grieta.org.mx\/wp-content\/uploads\/2018\/03\/14524434_1106112876131411_958039263622046936_o.jpg?resize=350%2C200&ssl=1 1x, https:\/\/i0.wp.com\/www.grieta.org.mx\/wp-content\/uploads\/2018\/03\/14524434_1106112876131411_958039263622046936_o.jpg?resize=525%2C300&ssl=1 1.5x, https:\/\/i0.wp.com\/www.grieta.org.mx\/wp-content\/uploads\/2018\/03\/14524434_1106112876131411_958039263622046936_o.jpg?resize=700%2C400&ssl=1 2x"},"classes":[]},{"id":11606,"url":"https:\/\/www.grieta.org.mx\/index.php\/2015\/12\/24\/oposicion-a-proyecto-turistico-integral-necaxa-en-puebla\/","url_meta":{"origin":27224,"position":4},"title":"Oposici\u00f3n a Proyecto Tur\u00edstico Integral Necaxa en Puebla","author":"grieta","date":"24 diciembre, 2015","format":false,"excerpt":"24\/12\/15. Deterioro social y ambiental dejar\u00eda plan tur\u00edstico en Sierra Norte Radio Expresi\u00f3n 16\/12\/15. Proyectos extractivos arriesgan patrimonio ind\u00edgena en Puebla Municipios Puebla 17\/08\/15. Polic\u00eda Rural atemoriza Xaltepec y la ligan con proyecto tur\u00edstico e-consulta 16\/08\/15. Estado alienta zona tur\u00edstica de lujo en presas de Huauchinango Municipios Puebla","rel":"","context":"En &quot;Puebla&quot;","block_context":{"text":"Puebla","link":"https:\/\/www.grieta.org.mx\/index.php\/category\/noticias-nacionales\/puebla\/"},"img":{"alt_text":"","src":"https:\/\/i0.wp.com\/www.grieta.org.mx\/wp-content\/uploads\/2018\/03\/14524434_1106112876131411_958039263622046936_o.jpg?resize=350%2C200&ssl=1","width":350,"height":200,"srcset":"https:\/\/i0.wp.com\/www.grieta.org.mx\/wp-content\/uploads\/2018\/03\/14524434_1106112876131411_958039263622046936_o.jpg?resize=350%2C200&ssl=1 1x, https:\/\/i0.wp.com\/www.grieta.org.mx\/wp-content\/uploads\/2018\/03\/14524434_1106112876131411_958039263622046936_o.jpg?resize=525%2C300&ssl=1 1.5x, https:\/\/i0.wp.com\/www.grieta.org.mx\/wp-content\/uploads\/2018\/03\/14524434_1106112876131411_958039263622046936_o.jpg?resize=700%2C400&ssl=1 2x"},"classes":[]},{"id":26959,"url":"https:\/\/www.grieta.org.mx\/index.php\/2018\/10\/02\/apedrean-a-edil-electo-de-quecholac-cuando-intento-reabrir-autopista-puebla\/","url_meta":{"origin":27224,"position":5},"title":"Apedrean a edil electo de Quecholac cuando intent\u00f3 reabrir autopista (Puebla)","author":"grieta","date":"2 octubre, 2018","format":false,"excerpt":"Quecholac, Pue.- El alcalde electo de Quecholac, Alejandro Mart\u00ednez Fuentes acudi\u00f3 a dialogar con los manifestantes que tienen bloqueada la autopista Puebla-Orizaba a la altura del kil\u00f3metro 185, sin embargo lo corrieron entre consignas y a pedradas. Incluso, amenazaron con destituirlo de seguir apoyando a las autoridades. Nuevamente entra Ej\u00e9rcito\u2026","rel":"","context":"En &quot;CINTILLO&quot;","block_context":{"text":"CINTILLO","link":"https:\/\/www.grieta.org.mx\/index.php\/category\/cintillo\/"},"img":{"alt_text":"","src":"https:\/\/i0.wp.com\/www.grieta.org.mx\/wp-content\/uploads\/2018\/10\/cieerre2.jpg?resize=350%2C200&ssl=1","width":350,"height":200,"srcset":"https:\/\/i0.wp.com\/www.grieta.org.mx\/wp-content\/uploads\/2018\/10\/cieerre2.jpg?resize=350%2C200&ssl=1 1x, https:\/\/i0.wp.com\/www.grieta.org.mx\/wp-content\/uploads\/2018\/10\/cieerre2.jpg?resize=525%2C300&ssl=1 1.5x"},"classes":[]}],"_links":{"self":[{"href":"https:\/\/www.grieta.org.mx\/index.php\/wp-json\/wp\/v2\/posts\/27224","targetHints":{"allow":["GET"]}}],"collection":[{"href":"https:\/\/www.grieta.org.mx\/index.php\/wp-json\/wp\/v2\/posts"}],"about":[{"href":"https:\/\/www.grieta.org.mx\/index.php\/wp-json\/wp\/v2\/types\/post"}],"author":[{"embeddable":true,"href":"https:\/\/www.grieta.org.mx\/index.php\/wp-json\/wp\/v2\/users\/2"}],"replies":[{"embeddable":true,"href":"https:\/\/www.grieta.org.mx\/index.php\/wp-json\/wp\/v2\/comments?post=27224"}],"version-history":[{"count":1,"href":"https:\/\/www.grieta.org.mx\/index.php\/wp-json\/wp\/v2\/posts\/27224\/revisions"}],"predecessor-version":[{"id":27226,"href":"https:\/\/www.grieta.org.mx\/index.php\/wp-json\/wp\/v2\/posts\/27224\/revisions\/27226"}],"wp:featuredmedia":[{"embeddable":true,"href":"https:\/\/www.grieta.org.mx\/index.php\/wp-json\/wp\/v2\/media\/27225"}],"wp:attachment":[{"href":"https:\/\/www.grieta.org.mx\/index.php\/wp-json\/wp\/v2\/media?parent=27224"}],"wp:term":[{"taxonomy":"category","embeddable":true,"href":"https:\/\/www.grieta.org.mx\/index.php\/wp-json\/wp\/v2\/categories?post=27224"},{"taxonomy":"post_tag","embeddable":true,"href":"https:\/\/www.grieta.org.mx\/index.php\/wp-json\/wp\/v2\/tags?post=27224"}],"curies":[{"name":"wp","href":"https:\/\/api.w.org\/{rel}","templated":true}]}}