{"id":27209,"date":"2018-10-15T18:12:11","date_gmt":"2018-10-15T23:12:11","guid":{"rendered":"http:\/\/www.grieta.org.mx\/?p=27209"},"modified":"2018-10-15T23:17:31","modified_gmt":"2018-10-16T04:17:31","slug":"la-profepa-confirma-derrame-causado-por-empresa-de-filial-canadiense-en-rio-el-coyote-oaxaca","status":"publish","type":"post","link":"https:\/\/www.grieta.org.mx\/index.php\/2018\/10\/15\/la-profepa-confirma-derrame-causado-por-empresa-de-filial-canadiense-en-rio-el-coyote-oaxaca\/","title":{"rendered":"La Profepa confirma derrame causado por empresa de filial canadiense en r\u00edo El Coyote, Oaxaca"},"content":{"rendered":"<p>Proceso.<\/p>\n<p>Pedro Mat\u00edas,<\/p>\n<p><img loading=\"lazy\" decoding=\"async\" data-attachment-id=\"27210\" data-permalink=\"https:\/\/www.grieta.org.mx\/index.php\/2018\/10\/15\/la-profepa-confirma-derrame-causado-por-empresa-de-filial-canadiense-en-rio-el-coyote-oaxaca\/p1-4\/\" data-orig-file=\"https:\/\/www.grieta.org.mx\/wp-content\/uploads\/2018\/10\/P1.jpg\" data-orig-size=\"702,385\" data-comments-opened=\"0\" data-image-meta=\"{&quot;aperture&quot;:&quot;0&quot;,&quot;credit&quot;:&quot;&quot;,&quot;camera&quot;:&quot;&quot;,&quot;caption&quot;:&quot;&quot;,&quot;created_timestamp&quot;:&quot;0&quot;,&quot;copyright&quot;:&quot;&quot;,&quot;focal_length&quot;:&quot;0&quot;,&quot;iso&quot;:&quot;0&quot;,&quot;shutter_speed&quot;:&quot;0&quot;,&quot;title&quot;:&quot;&quot;,&quot;orientation&quot;:&quot;0&quot;}\" data-image-title=\"P1\" data-image-description=\"\" data-image-caption=\"\" data-medium-file=\"https:\/\/www.grieta.org.mx\/wp-content\/uploads\/2018\/10\/P1-300x165.jpg\" data-large-file=\"https:\/\/www.grieta.org.mx\/wp-content\/uploads\/2018\/10\/P1.jpg\" src=\"http:\/\/www.grieta.org.mx\/wp-content\/uploads\/2018\/10\/P1-300x165.jpg\" alt=\"\" width=\"300\" height=\"165\" class=\"aligncenter size-medium wp-image-27210\" srcset=\"https:\/\/www.grieta.org.mx\/wp-content\/uploads\/2018\/10\/P1-300x165.jpg 300w, https:\/\/www.grieta.org.mx\/wp-content\/uploads\/2018\/10\/P1.jpg 702w\" sizes=\"auto, (max-width: 300px) 100vw, 300px\" \/><br \/>\nEl derrame fue de unos cuatro kil\u00f3metros por el arroyo El Coyote. Foto: Especial.<\/p>\n<p>Oaxaca, Oax.- La Procuradur\u00eda Federal de Protecci\u00f3n al Ambiente (Profepa) confirm\u00f3 el derrame de jales mineros generados por la \u201cCompa\u00f1\u00eda Minera Cuzcatl\u00e1n, S. A. de C. V.\u201d, en el municipio de San Jos\u00e9 del Progreso, que recorri\u00f3 aproximadamente cuatro kil\u00f3metros sobre el cauce del arroyo denominado El Coyote.<\/p>\n<p>En tanto, la compa\u00f1\u00eda canadiense Fortuna Silver Mines reconoci\u00f3 que el desbordamiento de la presa de jales ocurri\u00f3 porque durante dos horas tuvo un registro de mil 500 metros c\u00fabicos de agua, que transportaba sedimentos y peque\u00f1as cantidades de relaves finos, desde el sistema de drenaje de la instalaci\u00f3n hasta el mencionado r\u00edo.<\/p>\n<p>A su vez, las autoridades agrarias y municipales de Magdalena Ocotl\u00e1n denunciaron la contaminaci\u00f3n del afluente del R\u00edo del Coyote por un derrame de la presa de jales de la minera mencionada que opera el Proyecto Minero \u201cSan Jos\u00e9\u201d, en etapa de producci\u00f3n comercial desde 2011.<\/p>\n<p>Los pobladores manifestaron que la ma\u00f1ana del pasado lunes 8 de octubre se percataron que el afluente del r\u00edo El Coyote presentaba una corriente de agua \u201ccolor blanca\u201d que proviene de la parte alta de San Jos\u00e9 del Progreso, donde se ubica la presa de jales con deshechos mineros.<\/p>\n<p>Seg\u00fan explicaron, dicho afluente desemboca en el paraje conocido como \u201cLa Ci\u00e9nega\u201d en Magdalena Ocotl\u00e1n, donde se encuentra un ret\u00e9n de agua que sirve para pastoreo de animales, adem\u00e1s de pozos que abastecen de agua potable a la comunidad. Mencionaron que las lluvias registradas el domingo 7 son las que generaron el derrame.<\/p>\n<p>Ante la denuncia de las autoridades, la Profepa reconoci\u00f3 en un comunicado que atendi\u00f3 la denuncia al realizar una visita de inspecci\u00f3n en el lugar de los hechos y constat\u00f3 que en la minera existen dos presas de jales: una de acuosos y otra de secos. Durante la diligencia se observ\u00f3 que los hechos denunciados corresponden a un desborde de la presa de jales secos.<\/p>\n<p>La Profepa verific\u00f3 que la presa de jales secos cuenta con una pileta de colecci\u00f3n y monitoreo del sistema de drenaje superficial, con una capacidad de siete mil metros c\u00fabicos; esta pileta fue saturada a su m\u00e1xima capacidad, provocando el rebase de las aguas de escurrimiento debido a que la bomba que recircula el l\u00edquido de captaci\u00f3n de la mencionada pileta hacia la presa de jales secos no tuvo la capacidad para rebombear la totalidad del agua que capta la pileta.<\/p>\n<p>La dependencia federal resalt\u00f3 que esta pileta cuenta con una bomba con una capacidad de 600 metros c\u00fabicos por hora, originando que el excedente del agua desbordara por gravedad hacia el cauce de un arroyo de corriente permanente denominado El Coyote, cuyas aguas desembocan al r\u00edo Magdalena, y este a su vez al r\u00edo Atoyac.<\/p>\n<p>Personal de la Procuradur\u00eda detect\u00f3 que el desborde suscitado corresponde a una salida de agua con lodos y finos de jales mineros, mismos que escurrieron a lo largo de aproximadamente cuatro kil\u00f3metros sobre el cauce del arroyo denominado El Coyote, observ\u00e1ndose impregnaciones sobre suelo natural en los m\u00e1rgenes del arroyo.<\/p>\n<p>Es de resaltar que, durante el recorrido de inspecci\u00f3n por el lugar o zona de los hechos, no se comprob\u00f3 ninguna fractura a la presa de jales acuosos o da\u00f1os a la cortina de la misma, que dieran lugar a la liberaci\u00f3n de jales almacenados en dicha presa.<\/p>\n<p>Por tal raz\u00f3n, la Profepa inform\u00f3 que realizar\u00e1 el respectivo procedimiento administrativo contra la Minera Cuzcatl\u00e1n, S. A. de C. V., y que, en caso de que se acredite una contaminaci\u00f3n de suelo con motivo del desborde y escurrimiento de agua con lodos y finos de jales mineros, se aplicar\u00e1n las acciones y sanciones que conforme a derecho procedan.<\/p>\n<p><a href=\"https:\/\/www.proceso.com.mx\/555455\/la-profepa-confirma-derrame-causado-por-empresa-de-filial-canadiense-en-rio-el-coyote-oaxaca\" rel=\"noopener\" target=\"_blank\">https:\/\/www.proceso.com.mx\/555455\/la-profepa-confirma-derrame-causado-por-empresa-de-filial-canadiense-en-rio-el-coyote-oaxaca<\/a><\/p>\n","protected":false},"excerpt":{"rendered":"<p>Proceso. Pedro Mat\u00edas, El derrame fue de unos cuatro kil\u00f3metros por el arroyo El Coyote. Foto: Especial. Oaxaca, Oax.- La Procuradur\u00eda Federal de Protecci\u00f3n al Ambiente (Profepa) confirm\u00f3 el derrame &hellip; <a href=\"https:\/\/www.grieta.org.mx\/index.php\/2018\/10\/15\/la-profepa-confirma-derrame-causado-por-empresa-de-filial-canadiense-en-rio-el-coyote-oaxaca\/\" class=\"more-link\">Leer m\u00e1s<\/a><\/p>\n","protected":false},"author":2,"featured_media":27210,"comment_status":"closed","ping_status":"closed","sticky":false,"template":"","format":"standard","meta":{"ngg_post_thumbnail":0,"_jetpack_newsletter_access":"","_jetpack_dont_email_post_to_subs":false,"_jetpack_newsletter_tier_id":0,"_jetpack_memberships_contains_paywalled_content":false,"_jetpack_memberships_contains_paid_content":false,"footnotes":""},"categories":[80,1357,2,25],"tags":[],"class_list":["post-27209","post","type-post","status-publish","format-standard","has-post-thumbnail","hentry","category-cintillo","category-conflictos-mineros-en-oaxaca","category-noticias-nacionales","category-oaxaca","entry"],"jetpack_featured_media_url":"https:\/\/www.grieta.org.mx\/wp-content\/uploads\/2018\/10\/P1.jpg","jetpack_sharing_enabled":true,"jetpack_shortlink":"https:\/\/wp.me\/p7ZJR4-74R","jetpack_likes_enabled":false,"jetpack-related-posts":[{"id":70110,"url":"https:\/\/www.grieta.org.mx\/index.php\/2024\/10\/08\/minera-cuzcatlan-contamina-arroyo-en-oaxaca-y-profepa-ignora-la-denuncia-de-los-pueblos-afectados\/","url_meta":{"origin":27209,"position":0},"title":"Minera Cuzcatl\u00e1n contamina arroyo en Oaxaca y Profepa ignora la denuncia de los pueblos afectados","author":"grieta","date":"8 octubre, 2024","format":false,"excerpt":"Imagen: Istmo Press Diana Manzo \/ Itsmo Press #Oaxaca 8 Oct (#Istmopress) \u2013 Ante la indiferencia y omisi\u00f3n de la Procuradur\u00eda Federal de Protecci\u00f3n Ambiental (Profepa), pueblos zapotecas que integran el Frente No a la Miner\u00eda por un Futuro de Todas y Todos, denunciaron que dicha dependencia no ha entregado\u2026","rel":"","context":"En &quot;CINTILLO&quot;","block_context":{"text":"CINTILLO","link":"https:\/\/www.grieta.org.mx\/index.php\/category\/cintillo\/"},"img":{"alt_text":"","src":"https:\/\/i0.wp.com\/www.grieta.org.mx\/wp-content\/uploads\/2024\/10\/1728478024028-1024x576-1.jpg?resize=350%2C200&ssl=1","width":350,"height":200,"srcset":"https:\/\/i0.wp.com\/www.grieta.org.mx\/wp-content\/uploads\/2024\/10\/1728478024028-1024x576-1.jpg?resize=350%2C200&ssl=1 1x, https:\/\/i0.wp.com\/www.grieta.org.mx\/wp-content\/uploads\/2024\/10\/1728478024028-1024x576-1.jpg?resize=525%2C300&ssl=1 1.5x, https:\/\/i0.wp.com\/www.grieta.org.mx\/wp-content\/uploads\/2024\/10\/1728478024028-1024x576-1.jpg?resize=700%2C400&ssl=1 2x"},"classes":[]},{"id":58651,"url":"https:\/\/www.grieta.org.mx\/index.php\/2021\/03\/26\/minera-cuzcatlan-con-licencia-para-contaminar-oaxaca\/","url_meta":{"origin":27209,"position":1},"title":"Minera Cuzcatl\u00e1n: con Licencia para contaminar (Oaxaca)","author":"grieta","date":"26 marzo, 2021","format":false,"excerpt":"Avispa Midia \/ Santiago Navarro F. y Renata Bessi. La empresa de capital canadiense Compa\u00f1\u00eda Minera Cuzcatl\u00e1n es la sexta mayor productora de plata en M\u00e9xico. En 2018, debido a un derrame de desechos, una de sus minas afect\u00f3 un arroyo de Oaxaca. El suceso desat\u00f3 una intensa controversia, documentada\u2026","rel":"","context":"En &quot;CINTILLO&quot;","block_context":{"text":"CINTILLO","link":"https:\/\/www.grieta.org.mx\/index.php\/category\/cintillo\/"},"img":{"alt_text":"","src":"https:\/\/i0.wp.com\/www.grieta.org.mx\/wp-content\/uploads\/2021\/04\/Screenshot_2021-04-13-Minera-Cuzcatlan-CON-LICENCIA-PARA-CONTAMINAR.jpg?resize=350%2C200&ssl=1","width":350,"height":200,"srcset":"https:\/\/i0.wp.com\/www.grieta.org.mx\/wp-content\/uploads\/2021\/04\/Screenshot_2021-04-13-Minera-Cuzcatlan-CON-LICENCIA-PARA-CONTAMINAR.jpg?resize=350%2C200&ssl=1 1x, https:\/\/i0.wp.com\/www.grieta.org.mx\/wp-content\/uploads\/2021\/04\/Screenshot_2021-04-13-Minera-Cuzcatlan-CON-LICENCIA-PARA-CONTAMINAR.jpg?resize=525%2C300&ssl=1 1.5x, https:\/\/i0.wp.com\/www.grieta.org.mx\/wp-content\/uploads\/2021\/04\/Screenshot_2021-04-13-Minera-Cuzcatlan-CON-LICENCIA-PARA-CONTAMINAR.jpg?resize=700%2C400&ssl=1 2x"},"classes":[]},{"id":27206,"url":"https:\/\/www.grieta.org.mx\/index.php\/2018\/10\/15\/incertidumbre-tras-derrame-minero-en-arroyo-de-magdalena-ocotlan-oaxaca\/","url_meta":{"origin":27209,"position":2},"title":"Incertidumbre, tras derrame minero en arroyo de Magdalena Ocotl\u00e1n (Oaxaca)","author":"grieta","date":"15 octubre, 2018","format":false,"excerpt":"Regeneraci\u00f3n Radio. Daniel Arellano \/ Sandra Suaste Es \"como si le hubieran echado cal a todo el arroyo\", present\u00f3 un olor a \u00f3xido o azufre y se ve de color blanco, se\u00f1alaron los habitantes de Magdalena Ocotl\u00e1n, Oaxaca, luego de un derrumbe de lodo causado por Minera Cuzcatl\u00e1n [Fotuna Silver\u2026","rel":"","context":"En &quot;CINTILLO&quot;","block_context":{"text":"CINTILLO","link":"https:\/\/www.grieta.org.mx\/index.php\/category\/cintillo\/"},"img":{"alt_text":"","src":"https:\/\/i0.wp.com\/www.grieta.org.mx\/wp-content\/uploads\/2018\/10\/RN1.png?resize=350%2C200&ssl=1","width":350,"height":200,"srcset":"https:\/\/i0.wp.com\/www.grieta.org.mx\/wp-content\/uploads\/2018\/10\/RN1.png?resize=350%2C200&ssl=1 1x, https:\/\/i0.wp.com\/www.grieta.org.mx\/wp-content\/uploads\/2018\/10\/RN1.png?resize=525%2C300&ssl=1 1.5x"},"classes":[]},{"id":27084,"url":"https:\/\/www.grieta.org.mx\/index.php\/2018\/10\/10\/lluvia-desborda-presa-de-la-minera-cuzcatlan-y-contamina-afluente-del-rio-del-coyote-en-magdalena-ocotlan-oaxaca\/","url_meta":{"origin":27209,"position":3},"title":"Lluvia desborda presa de la minera Cuzcatl\u00e1n y contamina afluente del R\u00edo del Coyote en Magdalena Ocotl\u00e1n (Oaxaca)","author":"grieta","date":"10 octubre, 2018","format":false,"excerpt":"P\u00e1gina 3. Pedro Mat\u00edas, En la foto puede apreciarse un hilo de agua en color diferente, que podr\u00eda estar contaminando el afluente. Imagen de: http:\/\/denunciaoaxaca.org\/presa-de-jales-contamina-rio-del-coyote-en-magdalena-ocotlan\/ Oaxaca, Oax.- Las autoridades agrarias y municipales de Magdalena Ocotl\u00e1n denunciaron la contaminaci\u00f3n del afluente del R\u00edo del Coyote por un derrame de la presa\u2026","rel":"","context":"En &quot;CINTILLO&quot;","block_context":{"text":"CINTILLO","link":"https:\/\/www.grieta.org.mx\/index.php\/category\/cintillo\/"},"img":{"alt_text":"","src":"https:\/\/i0.wp.com\/www.grieta.org.mx\/wp-content\/uploads\/2018\/10\/jales-agua-contaminada.jpg?resize=350%2C200&ssl=1","width":350,"height":200,"srcset":"https:\/\/i0.wp.com\/www.grieta.org.mx\/wp-content\/uploads\/2018\/10\/jales-agua-contaminada.jpg?resize=350%2C200&ssl=1 1x, https:\/\/i0.wp.com\/www.grieta.org.mx\/wp-content\/uploads\/2018\/10\/jales-agua-contaminada.jpg?resize=525%2C300&ssl=1 1.5x, https:\/\/i0.wp.com\/www.grieta.org.mx\/wp-content\/uploads\/2018\/10\/jales-agua-contaminada.jpg?resize=700%2C400&ssl=1 2x"},"classes":[]},{"id":58642,"url":"https:\/\/www.grieta.org.mx\/index.php\/2021\/03\/25\/sobre-la-investigacion-minera-cuzcatlan-con-licencia-para-contaminar-oaxaca\/","url_meta":{"origin":27209,"position":4},"title":"Sobre la investigaci\u00f3n \u201cMinera Cuzcatl\u00e1n: con licencia para contaminar\u201d (Oaxaca)","author":"grieta","date":"25 marzo, 2021","format":false,"excerpt":"Avispa Midia \/ Santiago Navarro F. y Renata Bessi. Mont\u00edculos de jales secos de Compa\u00f1\u00eda Minera Cuzcatl\u00e1n, ubicado a escasos 800 metros de la comunidad de Magdalena Ocotl\u00e1n. Foto por Santiago Navarro F. El pasado mi\u00e9rcoles 24 de marzo se ha publicado de forma conjunta, con Avispa Midia, Aristegui Noticias,\u2026","rel":"","context":"En &quot;CINTILLO&quot;","block_context":{"text":"CINTILLO","link":"https:\/\/www.grieta.org.mx\/index.php\/category\/cintillo\/"},"img":{"alt_text":"","src":"https:\/\/i0.wp.com\/www.grieta.org.mx\/wp-content\/uploads\/2021\/04\/1-1.jpg?resize=350%2C200&ssl=1","width":350,"height":200,"srcset":"https:\/\/i0.wp.com\/www.grieta.org.mx\/wp-content\/uploads\/2021\/04\/1-1.jpg?resize=350%2C200&ssl=1 1x, https:\/\/i0.wp.com\/www.grieta.org.mx\/wp-content\/uploads\/2021\/04\/1-1.jpg?resize=525%2C300&ssl=1 1.5x, https:\/\/i0.wp.com\/www.grieta.org.mx\/wp-content\/uploads\/2021\/04\/1-1.jpg?resize=700%2C400&ssl=1 2x, https:\/\/i0.wp.com\/www.grieta.org.mx\/wp-content\/uploads\/2021\/04\/1-1.jpg?resize=1050%2C600&ssl=1 3x"},"classes":[]},{"id":61242,"url":"https:\/\/www.grieta.org.mx\/index.php\/2021\/08\/19\/pobladores-de-san-pedro-apostol-oaxaca-exigen-a-semarnat-no-ceder-a-presiones-de-minera\/","url_meta":{"origin":27209,"position":5},"title":"Pobladores de San Pedro Ap\u00f3stol, Oaxaca exigen a Semarnat no ceder a presiones de minera","author":"grieta","date":"19 agosto, 2021","format":false,"excerpt":"Noticias \/ Octavio V\u00e9lez. El Ayuntamiento de San Pedro Ap\u00f3stol, Ocotl\u00e1n, demand\u00f3 a la Secretar\u00eda del Medio Ambiente y Recursos Naturales (Semarnat) no ceder a las presiones de la Compa\u00f1\u00eda Minera Cuzcatl\u00e1n y ratificar su negativa de autorizaci\u00f3n a la Manifestaci\u00f3n de Impacto Ambiental (MIA), para desarrollar el proyecto San\u2026","rel":"","context":"En &quot;CINTILLO&quot;","block_context":{"text":"CINTILLO","link":"https:\/\/www.grieta.org.mx\/index.php\/category\/cintillo\/"},"img":{"alt_text":"","src":"https:\/\/i0.wp.com\/www.grieta.org.mx\/wp-content\/uploads\/2021\/08\/x-1.jpg?resize=350%2C200&ssl=1","width":350,"height":200,"srcset":"https:\/\/i0.wp.com\/www.grieta.org.mx\/wp-content\/uploads\/2021\/08\/x-1.jpg?resize=350%2C200&ssl=1 1x, https:\/\/i0.wp.com\/www.grieta.org.mx\/wp-content\/uploads\/2021\/08\/x-1.jpg?resize=525%2C300&ssl=1 1.5x, https:\/\/i0.wp.com\/www.grieta.org.mx\/wp-content\/uploads\/2021\/08\/x-1.jpg?resize=700%2C400&ssl=1 2x, https:\/\/i0.wp.com\/www.grieta.org.mx\/wp-content\/uploads\/2021\/08\/x-1.jpg?resize=1050%2C600&ssl=1 3x"},"classes":[]}],"_links":{"self":[{"href":"https:\/\/www.grieta.org.mx\/index.php\/wp-json\/wp\/v2\/posts\/27209","targetHints":{"allow":["GET"]}}],"collection":[{"href":"https:\/\/www.grieta.org.mx\/index.php\/wp-json\/wp\/v2\/posts"}],"about":[{"href":"https:\/\/www.grieta.org.mx\/index.php\/wp-json\/wp\/v2\/types\/post"}],"author":[{"embeddable":true,"href":"https:\/\/www.grieta.org.mx\/index.php\/wp-json\/wp\/v2\/users\/2"}],"replies":[{"embeddable":true,"href":"https:\/\/www.grieta.org.mx\/index.php\/wp-json\/wp\/v2\/comments?post=27209"}],"version-history":[{"count":1,"href":"https:\/\/www.grieta.org.mx\/index.php\/wp-json\/wp\/v2\/posts\/27209\/revisions"}],"predecessor-version":[{"id":27213,"href":"https:\/\/www.grieta.org.mx\/index.php\/wp-json\/wp\/v2\/posts\/27209\/revisions\/27213"}],"wp:featuredmedia":[{"embeddable":true,"href":"https:\/\/www.grieta.org.mx\/index.php\/wp-json\/wp\/v2\/media\/27210"}],"wp:attachment":[{"href":"https:\/\/www.grieta.org.mx\/index.php\/wp-json\/wp\/v2\/media?parent=27209"}],"wp:term":[{"taxonomy":"category","embeddable":true,"href":"https:\/\/www.grieta.org.mx\/index.php\/wp-json\/wp\/v2\/categories?post=27209"},{"taxonomy":"post_tag","embeddable":true,"href":"https:\/\/www.grieta.org.mx\/index.php\/wp-json\/wp\/v2\/tags?post=27209"}],"curies":[{"name":"wp","href":"https:\/\/api.w.org\/{rel}","templated":true}]}}