{"id":272,"date":"2015-05-21T05:18:41","date_gmt":"2015-05-21T05:18:41","guid":{"rendered":"http:\/\/50.22.11.12\/~grietaor\/?p=272"},"modified":"2016-03-01T02:06:26","modified_gmt":"2016-03-01T02:06:26","slug":"caravana-fuego-de-la-digna-resistencia-llega-a-toluca","status":"publish","type":"post","link":"https:\/\/www.grieta.org.mx\/index.php\/2015\/05\/21\/caravana-fuego-de-la-digna-resistencia-llega-a-toluca\/","title":{"rendered":"Caravana \u201cFuego de la Digna Resistencia\u201d llega a Toluca"},"content":{"rendered":"<p>El 15 de Mayo, la Caravana Fuego de la digna resistencia lleg\u00f3 a Toluca, previamente hab\u00eda recorrido diversos municipios de nuestro estado, de Oriente a Poniente, buscando hermanar las luchas de las comunidades en defensa de sus recursos naturales y contra la criminalizaci\u00f3n de los activistas sociales.<\/p>\n<p>Como recordar\u00e1n el Fuego estuvo en el Plant\u00f3n ubicado afuera del Penal Molino de Flores, de ahi paso a Atenco y posteriormente a Chicoloapan, de ahi a Chimalhuacan, los reyes, neza\u2026 etc..<\/p>\n<p>La movilizaci\u00f3n empez\u00f3 en el monumento al maestro, con un contratiempo, ya que el gobierno del estado, implement\u00f3 un operativo para bloquear los autobuses de activistas provenientes de municipios fuera de Toluca, de tal modo que muchos tuvieron que recorrer caminos alternos para poder llegar, o del plano llegar corriendo.<\/p>\n<p>En la marcha participaron representantes de diversas comunidades de nuestro estado, quien luchan contra la destrucci\u00f3n de sus bosques, la urbanizaci\u00f3n salvaje, las altas tarifas electr\u00edcas, el aeropuerto en Texcoco, la criminalizaci\u00f3n de los luchadores sociales, etc\u2026 todos estos da\u00f1os promovidos por el gobierno estatal en alianza con empresarios, utilizando como carne de ca\u00f1on a gente corrupta del PRI.<\/p>\n<p>Por parte de Chicoloapan, particip\u00f3 un contingente de profesores de la Prepa 55, universidad revoluci\u00f3n y de la escuela PLENUM XXI.<\/p>\n<p>tambien se expres\u00f3 la solidaridad con los normalistas desaparecidos de Ayotzinapa<\/p>\n<p>En la pr\u00f3ximidad de la plaza de los martires, estaba el evento oficial de los maestros del sindicato oficial.<\/p>\n<p>Los organizadores de dicho evento, al ver a los manifestantes, nuevamente subieron el volumen su evento al m\u00e1ximo.<\/p>\n<p>Frente al palacio de gobierno, se coloc\u00f3 la ofrenda que dio soporte al fuego de la digna resistencia, despues de una ceremonia<\/p>\n<p>A la par, se realiz\u00f3 el mit\u00edn, donde representantes de las comunidades expresaron la situaci\u00f3n en sus regiones.<\/p>\n<p>Al final, se acord\u00f3 seguir trabajando en conjunto en la defensa se los recursos naturales de sus comunidades.<\/p>\n<p>fuego digna resistencia<\/p>\n<p>M\u00e1s fotos en la galer\u00eda. sanvicentechicoloapan.com.mx\/galeria\/thumbnails.php?album=98<\/p>\n<p>A continuaci\u00f3n v\u00eddeos con fragmentos de las actividades.<\/p>\n<div class=\"jetpack-video-wrapper\"><iframe loading=\"lazy\" title=\"Fragmentos de la marcha Fuego de la digna resistencia\" width=\"1170\" height=\"658\" src=\"https:\/\/www.youtube.com\/embed\/TUwjIT3AcZI?feature=oembed\" frameborder=\"0\" allow=\"accelerometer; autoplay; clipboard-write; encrypted-media; gyroscope; picture-in-picture\" allowfullscreen><\/iframe><\/div>\n<div class=\"jetpack-video-wrapper\"><iframe loading=\"lazy\" title=\"Marcha, Fuego de la Digna Resistencia\" width=\"1170\" height=\"878\" src=\"https:\/\/www.youtube.com\/embed\/Yo4uMEzNICs?feature=oembed\" frameborder=\"0\" allow=\"accelerometer; autoplay; clipboard-write; encrypted-media; gyroscope; picture-in-picture\" allowfullscreen><\/iframe><\/div>\n<div class=\"jetpack-video-wrapper\"><iframe loading=\"lazy\" title=\"Ceremonia Fuego de la Digna Resistencia\" width=\"1170\" height=\"878\" src=\"https:\/\/www.youtube.com\/embed\/Y9bd2o-CgrU?feature=oembed\" frameborder=\"0\" allow=\"accelerometer; autoplay; clipboard-write; encrypted-media; gyroscope; picture-in-picture\" allowfullscreen><\/iframe><\/div>\n<div class=\"jetpack-video-wrapper\"><iframe loading=\"lazy\" title=\"Fragmentos del Mit\u00edn. Fuego de la Digan resistencia\" width=\"1170\" height=\"878\" src=\"https:\/\/www.youtube.com\/embed\/hOYEd5iMtdk?feature=oembed\" frameborder=\"0\" allow=\"accelerometer; autoplay; clipboard-write; encrypted-media; gyroscope; picture-in-picture\" allowfullscreen><\/iframe><\/div>\n<p><a href=\"http:\/\/sanvicentechicoloapan.com.mx\/noticias\/estado-de-mexico\/4165-caravana-fuego-de-la-digna-resistencia-llega-a-toluca-2\" target=\"_blank\">sanvicentechicoloapan.com.mx\/noticias\/estado-de-mexico\/4165-caravana-fuego-de-la-digna-resistencia-llega-a-toluca-2<\/a><\/p>\n","protected":false},"excerpt":{"rendered":"<p>El 15 de Mayo, la Caravana Fuego de la digna resistencia lleg\u00f3 a Toluca, previamente hab\u00eda recorrido diversos municipios de nuestro estado, de Oriente a Poniente, buscando hermanar las luchas &hellip; <a href=\"https:\/\/www.grieta.org.mx\/index.php\/2015\/05\/21\/caravana-fuego-de-la-digna-resistencia-llega-a-toluca\/\" class=\"more-link\">Leer m\u00e1s<\/a><\/p>\n","protected":false},"author":2,"featured_media":21928,"comment_status":"closed","ping_status":"open","sticky":false,"template":"","format":"standard","meta":{"ngg_post_thumbnail":0,"_jetpack_newsletter_access":"","_jetpack_dont_email_post_to_subs":false,"_jetpack_newsletter_tier_id":0,"_jetpack_memberships_contains_paywalled_content":false,"_jetpack_memberships_contains_paid_content":false,"footnotes":""},"categories":[80],"tags":[92],"class_list":["post-272","post","type-post","status-publish","format-standard","has-post-thumbnail","hentry","category-cintillo","tag-estado-de-mexico","entry"],"jetpack_featured_media_url":"https:\/\/www.grieta.org.mx\/wp-content\/uploads\/2018\/03\/14524434_1106112876131411_958039263622046936_o.jpg","jetpack_sharing_enabled":true,"jetpack_shortlink":"https:\/\/wp.me\/p7ZJR4-4o","jetpack_likes_enabled":false,"jetpack-related-posts":[{"id":298,"url":"https:\/\/www.grieta.org.mx\/index.php\/2015\/05\/22\/caravana-el-fuego-de-la-digna-resistencia\/","url_meta":{"origin":272,"position":0},"title":"Caravana El fuego de la digna resistencia","author":"grieta","date":"22 mayo, 2015","format":false,"excerpt":"21\/05\/15. Caravana \u201cFuego de la Digna Resistencia\u201d llega a TolucaEl Portal de Chicoloapan 16\/05\/15. \u201cToma simb\u00f3lica\u201d en Toluca por Magisterio Mexiquense y Caravana del Fuego de la Digna ResistenciaRevista Andar-es 13\/05\/15. El Fuego de la Digna Resistencia ha caminado y hermanado el Estado de M\u00e9xico,Resiste eDHomex 10\/05\/15. El fuego de\u2026","rel":"","context":"En &quot;Estado de M\u00e9xico&quot;","block_context":{"text":"Estado de M\u00e9xico","link":"https:\/\/www.grieta.org.mx\/index.php\/category\/noticias-nacionales\/estado-de-mexico\/"},"img":{"alt_text":"","src":"https:\/\/i0.wp.com\/www.grieta.org.mx\/wp-content\/uploads\/2018\/03\/14524434_1106112876131411_958039263622046936_o.jpg?resize=350%2C200&ssl=1","width":350,"height":200,"srcset":"https:\/\/i0.wp.com\/www.grieta.org.mx\/wp-content\/uploads\/2018\/03\/14524434_1106112876131411_958039263622046936_o.jpg?resize=350%2C200&ssl=1 1x, https:\/\/i0.wp.com\/www.grieta.org.mx\/wp-content\/uploads\/2018\/03\/14524434_1106112876131411_958039263622046936_o.jpg?resize=525%2C300&ssl=1 1.5x, https:\/\/i0.wp.com\/www.grieta.org.mx\/wp-content\/uploads\/2018\/03\/14524434_1106112876131411_958039263622046936_o.jpg?resize=700%2C400&ssl=1 2x"},"classes":[]},{"id":275,"url":"https:\/\/www.grieta.org.mx\/index.php\/2015\/05\/16\/toma-simbolica-en-toluca-por-magisterio-mexiquense-y-caravana-del-fuego-de-la-digna-resistencia\/","url_meta":{"origin":272,"position":1},"title":"\u201cToma simb\u00f3lica\u201d en Toluca por Magisterio Mexiquense y Caravana del Fuego de la Digna Resistencia","author":"grieta","date":"16 mayo, 2015","format":false,"excerpt":"Por Rosalba Garcia. M\u00e9xico D.F., a 16 mayo de 2015. Este quince de mayo, d\u00eda del Maestro, en la ciudad de Toluca marcharon cientos de profesores de distintas organizaciones entre la que se destac\u00f3 el Magisterio Mexiquense y la Caravana de la Digna Resistestencia. El magisterio y los pueblos que\u2026","rel":"","context":"En &quot;CINTILLO&quot;","block_context":{"text":"CINTILLO","link":"https:\/\/www.grieta.org.mx\/index.php\/category\/cintillo\/"},"img":{"alt_text":"","src":"https:\/\/i0.wp.com\/www.grieta.org.mx\/wp-content\/uploads\/2018\/03\/14524434_1106112876131411_958039263622046936_o.jpg?resize=350%2C200&ssl=1","width":350,"height":200,"srcset":"https:\/\/i0.wp.com\/www.grieta.org.mx\/wp-content\/uploads\/2018\/03\/14524434_1106112876131411_958039263622046936_o.jpg?resize=350%2C200&ssl=1 1x, https:\/\/i0.wp.com\/www.grieta.org.mx\/wp-content\/uploads\/2018\/03\/14524434_1106112876131411_958039263622046936_o.jpg?resize=525%2C300&ssl=1 1.5x, https:\/\/i0.wp.com\/www.grieta.org.mx\/wp-content\/uploads\/2018\/03\/14524434_1106112876131411_958039263622046936_o.jpg?resize=700%2C400&ssl=1 2x"},"classes":[]},{"id":289,"url":"https:\/\/www.grieta.org.mx\/index.php\/2015\/04\/30\/caravana-de-el-fuego-de-la-digna-resistencia-exige-justicia-en-texcoco\/","url_meta":{"origin":272,"position":2},"title":"Caravana de \u201cEl Fuego de la Digna Resistencia\u201d exige justicia en Texcoco","author":"grieta","date":"30 abril, 2015","format":false,"excerpt":"Por Jos\u00e9 A. Garc\u00eda D\u00edaz TEXCOCO, Mx.- En el Penal del Molino de Flores, inici\u00f3 la Caravana de \u201cEl Fuego de la Digna Resistencia\u201d, una movilizaci\u00f3n en busca de justicia para cada uno de los sectores inmersos en el Estado de M\u00e9xico, as\u00ed como para detener los despojos de recursos\u2026","rel":"","context":"En &quot;CINTILLO&quot;","block_context":{"text":"CINTILLO","link":"https:\/\/www.grieta.org.mx\/index.php\/category\/cintillo\/"},"img":{"alt_text":"","src":"https:\/\/i0.wp.com\/www.grieta.org.mx\/wp-content\/uploads\/2018\/03\/14524434_1106112876131411_958039263622046936_o.jpg?resize=350%2C200&ssl=1","width":350,"height":200,"srcset":"https:\/\/i0.wp.com\/www.grieta.org.mx\/wp-content\/uploads\/2018\/03\/14524434_1106112876131411_958039263622046936_o.jpg?resize=350%2C200&ssl=1 1x, https:\/\/i0.wp.com\/www.grieta.org.mx\/wp-content\/uploads\/2018\/03\/14524434_1106112876131411_958039263622046936_o.jpg?resize=525%2C300&ssl=1 1.5x, https:\/\/i0.wp.com\/www.grieta.org.mx\/wp-content\/uploads\/2018\/03\/14524434_1106112876131411_958039263622046936_o.jpg?resize=700%2C400&ssl=1 2x"},"classes":[]},{"id":278,"url":"https:\/\/www.grieta.org.mx\/index.php\/2015\/05\/16\/el-fuego-de-la-digna-resistencia-ha-caminado-y-hermanado-el-estado-de-mexico\/","url_meta":{"origin":272,"position":3},"title":"El Fuego de la Digna Resistencia ha caminado y hermanado el Estado de M\u00e9xico","author":"grieta","date":"16 mayo, 2015","format":false,"excerpt":"El Fuego de la Digna Resistencia ha caminado y hermanado el Estado de M\u00e9xico, el primer caminar culmina en Toluca Los ind\u00edgenas otom\u00edes de la monta\u00f1a y del valle, quienes han defendido sus bosques, su autonom\u00eda, un santuario del agua, sus usos y costumbres, han caminado con los Coyotes del\u2026","rel":"","context":"En &quot;CINTILLO&quot;","block_context":{"text":"CINTILLO","link":"https:\/\/www.grieta.org.mx\/index.php\/category\/cintillo\/"},"img":{"alt_text":"","src":"https:\/\/i0.wp.com\/www.grieta.org.mx\/wp-content\/uploads\/2018\/03\/14524434_1106112876131411_958039263622046936_o.jpg?resize=350%2C200&ssl=1","width":350,"height":200,"srcset":"https:\/\/i0.wp.com\/www.grieta.org.mx\/wp-content\/uploads\/2018\/03\/14524434_1106112876131411_958039263622046936_o.jpg?resize=350%2C200&ssl=1 1x, https:\/\/i0.wp.com\/www.grieta.org.mx\/wp-content\/uploads\/2018\/03\/14524434_1106112876131411_958039263622046936_o.jpg?resize=525%2C300&ssl=1 1.5x, https:\/\/i0.wp.com\/www.grieta.org.mx\/wp-content\/uploads\/2018\/03\/14524434_1106112876131411_958039263622046936_o.jpg?resize=700%2C400&ssl=1 2x"},"classes":[]},{"id":9908,"url":"https:\/\/www.grieta.org.mx\/index.php\/2016\/04\/05\/movilizaciones-en-toluca-frente-al-congreso-por-rechazo-a-la-ley-atenco\/","url_meta":{"origin":272,"position":4},"title":"Movilizaciones en Toluca frente al Congreso por rechazo a la \u201cLey Atenco\u201d","author":"grieta","date":"5 abril, 2016","format":false,"excerpt":"* Lanzan invitaci\u00f3n mundial para visitar el Edom\u00e9x y comprobar la violaci\u00f3n sistem\u00e1tica de derechos humanos de las autoridades a los pueblos por imponer obras y despojaros de sus tierras y recursos TOLUCA, M\u00e9x. Organizaciones sociales que forman la alianza \u201cFuego de la Digna Resistencia\u201d se movilizaron hoy al Congreso\u2026","rel":"","context":"En &quot;CINTILLO&quot;","block_context":{"text":"CINTILLO","link":"https:\/\/www.grieta.org.mx\/index.php\/category\/cintillo\/"},"img":{"alt_text":"","src":"https:\/\/i0.wp.com\/www.grieta.org.mx\/wp-content\/uploads\/2018\/03\/14524434_1106112876131411_958039263622046936_o.jpg?resize=350%2C200&ssl=1","width":350,"height":200,"srcset":"https:\/\/i0.wp.com\/www.grieta.org.mx\/wp-content\/uploads\/2018\/03\/14524434_1106112876131411_958039263622046936_o.jpg?resize=350%2C200&ssl=1 1x, https:\/\/i0.wp.com\/www.grieta.org.mx\/wp-content\/uploads\/2018\/03\/14524434_1106112876131411_958039263622046936_o.jpg?resize=525%2C300&ssl=1 1.5x, https:\/\/i0.wp.com\/www.grieta.org.mx\/wp-content\/uploads\/2018\/03\/14524434_1106112876131411_958039263622046936_o.jpg?resize=700%2C400&ssl=1 2x"},"classes":[]},{"id":50299,"url":"https:\/\/www.grieta.org.mx\/index.php\/2020\/06\/01\/suspenden-pagos-desde-mayo-a-300-maestros-cnte-toma-toluca-estado-de-mexico\/","url_meta":{"origin":272,"position":5},"title":"Suspenden pagos desde mayo a 300 maestros: CNTE toma Toluca (Estado de M\u00e9xico)","author":"grieta","date":"1 junio, 2020","format":false,"excerpt":"Fotograf\u00edas: Rams\u00e9s Mercado. Viceversa Noticias Toluca, M\u00e9xico, primero de junio de 2020. La suspensi\u00f3n desde mayo de pagos a cerca de 300 maestros de los niveles de educaci\u00f3n b\u00e1sica y superior moviliz\u00f3 a militantes de la Coordinadora Nacional de Trabajadores de la Educaci\u00f3n, que reclamaron tambi\u00e9n las reducciones que sufri\u00f3\u2026","rel":"","context":"En &quot;CINTILLO&quot;","block_context":{"text":"CINTILLO","link":"https:\/\/www.grieta.org.mx\/index.php\/category\/cintillo\/"},"img":{"alt_text":"","src":"https:\/\/i0.wp.com\/www.grieta.org.mx\/wp-content\/uploads\/2020\/06\/Suspenden-pagos-desde-mayo-a-300-maestros-CNTE-toma-Toluca-edomex-jun.jpg?resize=350%2C200&ssl=1","width":350,"height":200,"srcset":"https:\/\/i0.wp.com\/www.grieta.org.mx\/wp-content\/uploads\/2020\/06\/Suspenden-pagos-desde-mayo-a-300-maestros-CNTE-toma-Toluca-edomex-jun.jpg?resize=350%2C200&ssl=1 1x, https:\/\/i0.wp.com\/www.grieta.org.mx\/wp-content\/uploads\/2020\/06\/Suspenden-pagos-desde-mayo-a-300-maestros-CNTE-toma-Toluca-edomex-jun.jpg?resize=525%2C300&ssl=1 1.5x, https:\/\/i0.wp.com\/www.grieta.org.mx\/wp-content\/uploads\/2020\/06\/Suspenden-pagos-desde-mayo-a-300-maestros-CNTE-toma-Toluca-edomex-jun.jpg?resize=700%2C400&ssl=1 2x"},"classes":[]}],"_links":{"self":[{"href":"https:\/\/www.grieta.org.mx\/index.php\/wp-json\/wp\/v2\/posts\/272","targetHints":{"allow":["GET"]}}],"collection":[{"href":"https:\/\/www.grieta.org.mx\/index.php\/wp-json\/wp\/v2\/posts"}],"about":[{"href":"https:\/\/www.grieta.org.mx\/index.php\/wp-json\/wp\/v2\/types\/post"}],"author":[{"embeddable":true,"href":"https:\/\/www.grieta.org.mx\/index.php\/wp-json\/wp\/v2\/users\/2"}],"replies":[{"embeddable":true,"href":"https:\/\/www.grieta.org.mx\/index.php\/wp-json\/wp\/v2\/comments?post=272"}],"version-history":[{"count":1,"href":"https:\/\/www.grieta.org.mx\/index.php\/wp-json\/wp\/v2\/posts\/272\/revisions"}],"predecessor-version":[{"id":273,"href":"https:\/\/www.grieta.org.mx\/index.php\/wp-json\/wp\/v2\/posts\/272\/revisions\/273"}],"wp:featuredmedia":[{"embeddable":true,"href":"https:\/\/www.grieta.org.mx\/index.php\/wp-json\/wp\/v2\/media\/21928"}],"wp:attachment":[{"href":"https:\/\/www.grieta.org.mx\/index.php\/wp-json\/wp\/v2\/media?parent=272"}],"wp:term":[{"taxonomy":"category","embeddable":true,"href":"https:\/\/www.grieta.org.mx\/index.php\/wp-json\/wp\/v2\/categories?post=272"},{"taxonomy":"post_tag","embeddable":true,"href":"https:\/\/www.grieta.org.mx\/index.php\/wp-json\/wp\/v2\/tags?post=272"}],"curies":[{"name":"wp","href":"https:\/\/api.w.org\/{rel}","templated":true}]}}