{"id":27186,"date":"2018-10-15T11:44:33","date_gmt":"2018-10-15T16:44:33","guid":{"rendered":"http:\/\/www.grieta.org.mx\/?p=27186"},"modified":"2018-10-15T12:32:00","modified_gmt":"2018-10-15T17:32:00","slug":"niegan-aplicar-ley-de-amnistia-a-luis-fernando-sotelo-preso-politico-desde-2014-cdmx","status":"publish","type":"post","link":"https:\/\/www.grieta.org.mx\/index.php\/2018\/10\/15\/niegan-aplicar-ley-de-amnistia-a-luis-fernando-sotelo-preso-politico-desde-2014-cdmx\/","title":{"rendered":"Niegan aplicar Ley de Amnist\u00eda a Luis Fernando Sotelo, preso pol\u00edtico desde 2014 (CDMX)"},"content":{"rendered":"<figure id=\"attachment_27192\" aria-describedby=\"caption-attachment-27192\" style=\"width: 701px\" class=\"wp-caption aligncenter\"><img loading=\"lazy\" decoding=\"async\" data-attachment-id=\"27192\" data-permalink=\"https:\/\/www.grieta.org.mx\/index.php\/2018\/10\/15\/niegan-aplicar-ley-de-amnistia-a-luis-fernando-sotelo-preso-politico-desde-2014-cdmx\/whatsapp-image-2018-10-07-at-8-27-31-pm-2\/\" data-orig-file=\"https:\/\/www.grieta.org.mx\/wp-content\/uploads\/2018\/10\/WhatsApp-Image-2018-10-07-at-8.27.31-PM-1.jpeg\" data-orig-size=\"1280,721\" data-comments-opened=\"0\" data-image-meta=\"{&quot;aperture&quot;:&quot;0&quot;,&quot;credit&quot;:&quot;&quot;,&quot;camera&quot;:&quot;&quot;,&quot;caption&quot;:&quot;&quot;,&quot;created_timestamp&quot;:&quot;0&quot;,&quot;copyright&quot;:&quot;&quot;,&quot;focal_length&quot;:&quot;0&quot;,&quot;iso&quot;:&quot;0&quot;,&quot;shutter_speed&quot;:&quot;0&quot;,&quot;title&quot;:&quot;&quot;,&quot;orientation&quot;:&quot;0&quot;}\" data-image-title=\"WhatsApp Image 2018-10-07 at 8.27.31 PM\" data-image-description=\"\" data-image-caption=\"&lt;p&gt;Mitinpor la libertad de Luis Fernando Sotelo afuera del Reclusorio Sur.  Foto: Colectivo Grieta.&lt;\/p&gt;\n\" data-medium-file=\"https:\/\/www.grieta.org.mx\/wp-content\/uploads\/2018\/10\/WhatsApp-Image-2018-10-07-at-8.27.31-PM-1-300x169.jpeg\" data-large-file=\"https:\/\/www.grieta.org.mx\/wp-content\/uploads\/2018\/10\/WhatsApp-Image-2018-10-07-at-8.27.31-PM-1-1024x577.jpeg\" class=\"size-large wp-image-27192\" src=\"http:\/\/www.grieta.org.mx\/wp-content\/uploads\/2018\/10\/WhatsApp-Image-2018-10-07-at-8.27.31-PM-1-1024x577.jpeg\" alt=\"\" width=\"701\" height=\"468\" \/><figcaption id=\"caption-attachment-27192\" class=\"wp-caption-text\">Mitin por la libertad de Luis Fernando Sotelo afuera del Reclusorio Sur. Foto: Colectivo Grieta.<\/figcaption><\/figure>\n<p>Colectivo Grieta<\/p>\n<p>El 5 de octubre, se llev\u00f3 a cabo la audiencia en el Juzgado 32 de lo penal del Reclusorio Sur de la Ciudad de M\u00e9xico para vertir las pruebas y solicitar la aplicaci\u00f3n de la Ley de Amnist\u00eda a Luis Fernando Sotelo, preso pol\u00edtico adherente a la Sexta Declaraci\u00f3n de la Selva Lacandona.<br \/>\nUna comisi\u00f3n de varias organizaciones pol\u00edticas y colectivos adherentes a la Sexta entr\u00f3 a las 11 de la ma\u00f1ana para acompa\u00f1ar a Luis Fernando durante la audiencia de casi una hora. A las afueras del penal, unas 150 personas, muchas quienes han acompa\u00f1ado la lucha por la libertad de Luis Fernando desde hace 4 a\u00f1os, realizaron un mit\u00edn donde denunciaron las irregularidades y contradicciones en el proceso jur\u00eddico.<br \/>\n<img loading=\"lazy\" decoding=\"async\" data-attachment-id=\"27188\" data-permalink=\"https:\/\/www.grieta.org.mx\/index.php\/2018\/10\/15\/niegan-aplicar-ley-de-amnistia-a-luis-fernando-sotelo-preso-politico-desde-2014-cdmx\/whatsapp-image-2018-10-10-at-5-01-35-pm\/\" data-orig-file=\"https:\/\/www.grieta.org.mx\/wp-content\/uploads\/2018\/10\/WhatsApp-Image-2018-10-10-at-5.01.35-PM.jpeg\" data-orig-size=\"1280,721\" data-comments-opened=\"0\" data-image-meta=\"{&quot;aperture&quot;:&quot;0&quot;,&quot;credit&quot;:&quot;&quot;,&quot;camera&quot;:&quot;&quot;,&quot;caption&quot;:&quot;&quot;,&quot;created_timestamp&quot;:&quot;0&quot;,&quot;copyright&quot;:&quot;&quot;,&quot;focal_length&quot;:&quot;0&quot;,&quot;iso&quot;:&quot;0&quot;,&quot;shutter_speed&quot;:&quot;0&quot;,&quot;title&quot;:&quot;&quot;,&quot;orientation&quot;:&quot;0&quot;}\" data-image-title=\"WhatsApp Image 2018-10-10 at 5.01.35 PM\" data-image-description=\"\" data-image-caption=\"\" data-medium-file=\"https:\/\/www.grieta.org.mx\/wp-content\/uploads\/2018\/10\/WhatsApp-Image-2018-10-10-at-5.01.35-PM-300x169.jpeg\" data-large-file=\"https:\/\/www.grieta.org.mx\/wp-content\/uploads\/2018\/10\/WhatsApp-Image-2018-10-10-at-5.01.35-PM-1024x577.jpeg\" class=\"aligncenter size-large wp-image-27188\" src=\"http:\/\/www.grieta.org.mx\/wp-content\/uploads\/2018\/10\/WhatsApp-Image-2018-10-10-at-5.01.35-PM-1024x577.jpeg\" alt=\"\" width=\"702\" height=\"468\" \/><\/p>\n<figure id=\"attachment_27189\" aria-describedby=\"caption-attachment-27189\" style=\"width: 702px\" class=\"wp-caption aligncenter\"><img loading=\"lazy\" decoding=\"async\" data-attachment-id=\"27189\" data-permalink=\"https:\/\/www.grieta.org.mx\/index.php\/2018\/10\/15\/niegan-aplicar-ley-de-amnistia-a-luis-fernando-sotelo-preso-politico-desde-2014-cdmx\/whatsapp-image-2018-10-10-at-2-55-53-pm\/\" data-orig-file=\"https:\/\/www.grieta.org.mx\/wp-content\/uploads\/2018\/10\/WhatsApp-Image-2018-10-10-at-2.55.53-PM.jpeg\" data-orig-size=\"1280,721\" data-comments-opened=\"0\" data-image-meta=\"{&quot;aperture&quot;:&quot;0&quot;,&quot;credit&quot;:&quot;&quot;,&quot;camera&quot;:&quot;&quot;,&quot;caption&quot;:&quot;&quot;,&quot;created_timestamp&quot;:&quot;0&quot;,&quot;copyright&quot;:&quot;&quot;,&quot;focal_length&quot;:&quot;0&quot;,&quot;iso&quot;:&quot;0&quot;,&quot;shutter_speed&quot;:&quot;0&quot;,&quot;title&quot;:&quot;&quot;,&quot;orientation&quot;:&quot;0&quot;}\" data-image-title=\"WhatsApp Image 2018-10-10 at 2.55.53 PM\" data-image-description=\"\" data-image-caption=\"&lt;p&gt;Muchas personas han apoyado la lucha de Luis Fernando desde hace 4 a\u00f1os. Foto: Colectivo Grieta.&lt;\/p&gt;\n\" data-medium-file=\"https:\/\/www.grieta.org.mx\/wp-content\/uploads\/2018\/10\/WhatsApp-Image-2018-10-10-at-2.55.53-PM-300x169.jpeg\" data-large-file=\"https:\/\/www.grieta.org.mx\/wp-content\/uploads\/2018\/10\/WhatsApp-Image-2018-10-10-at-2.55.53-PM-1024x577.jpeg\" class=\"size-large wp-image-27189\" src=\"http:\/\/www.grieta.org.mx\/wp-content\/uploads\/2018\/10\/WhatsApp-Image-2018-10-10-at-2.55.53-PM-1024x577.jpeg\" alt=\"\" width=\"702\" height=\"468\" \/><figcaption id=\"caption-attachment-27189\" class=\"wp-caption-text\">Muchas personas han apoyado la lucha por la libertad de Luis Fernando desde hace 4 a\u00f1os. Foto: Colectivo Grieta.<\/figcaption><\/figure>\n<p>Con micr\u00f3fono en mano, una de las abogadas que apoyan la lucha por la libertad de Luis Fernando denunci\u00f3 la actitud de los jueces frente al caso como \u201cuna burla\u201d: \u201cEl ministerio p\u00fablico est\u00e1 negando la aplicaci\u00f3n de la Ley de Amnist\u00eda, igual que la vez pasada, con el argumento de que la declaraci\u00f3n de Luis Fernando dice que no es un \u201cmanifestante\u201d, ya que no particip\u00f3 en una \u201cmanifestaci\u00f3n\u201d sino en una \u201cjornada\u201d (la Tercera Jornada Global por la aparici\u00f3n de los 43 normalistas de Ayotizinapa), por lo cual no entra dentro de la Ley de Amnist\u00eda. Y es lo que repetimos, es lo que decimos, que es un juego, una burla. Es un circo, su creaci\u00f3n de justicia, y sus teor\u00edas de buscar la verdad, porque la verdad es siempre lo que le acomoda al Estado y a las instituciones que lo sostienen\u2026\u201d<br \/>\nAsimimo, la abogada expres\u00f3 la absoluta falta de confianza en el sistema penal mexicano y afirm\u00f3 su certeza de que la protesta es lo \u00fanico que ha permitido que el caso avance: \u201cNo les creemos, no estamos esperanzados en su justicia, sabemos que lo que se llegue a lograr es gracias a la organizaci\u00f3n, como esto que estamos haciendo el d\u00eda de hoy, aqu\u00ed\u2026\u201d.<br \/>\nEn el mismo tenor, denunci\u00f3 las medidas de restricci\u00f3n que se han aplicado en contra de los que apoyan la lucha de Luis Fernando y explic\u00f3 que les negaron la entrada a las audiencia que se supone son p\u00fablicas: \u201cQue nos digan que solamente tres pueden entrar es parte de las condiciones que ellos generan a su conveniencia. Pero con todo esto en contra, nosotros tenemos una memoria digna, que busca justicia y que solamente ser\u00e1 construida desde abajo y a la izquierda\u201d.<br \/>\nDurante las dos horas de espera de la resoluci\u00f3n del juez, los manifestantes dieron muestras de apoyo y solidaridad a Luis Fernando y a su familia. La madre de Luis Fernando Sotelo ley\u00f3 una carta escrita por \u00e9l en un papel desde el interior del penal donde enviaba un saludo \u201ca las personas adherentes a la Sexta Declaraci\u00f3n\u201d y enviaba un abrazo a quienes entend\u00edan \u201cla lucha m\u00e1s all\u00e1 de la filosof\u00eda y las aulas escolares; a quien le golpea la represi\u00f3n brutal y a quienes no hablan sino act\u00faan\u201d.<\/p>\n<p><img loading=\"lazy\" decoding=\"async\" data-attachment-id=\"27190\" data-permalink=\"https:\/\/www.grieta.org.mx\/index.php\/2018\/10\/15\/niegan-aplicar-ley-de-amnistia-a-luis-fernando-sotelo-preso-politico-desde-2014-cdmx\/whatsapp-image-2018-10-09-at-12-24-28-pm\/\" data-orig-file=\"https:\/\/www.grieta.org.mx\/wp-content\/uploads\/2018\/10\/WhatsApp-Image-2018-10-09-at-12.24.28-PM.jpeg\" data-orig-size=\"1280,721\" data-comments-opened=\"0\" data-image-meta=\"{&quot;aperture&quot;:&quot;0&quot;,&quot;credit&quot;:&quot;&quot;,&quot;camera&quot;:&quot;&quot;,&quot;caption&quot;:&quot;&quot;,&quot;created_timestamp&quot;:&quot;0&quot;,&quot;copyright&quot;:&quot;&quot;,&quot;focal_length&quot;:&quot;0&quot;,&quot;iso&quot;:&quot;0&quot;,&quot;shutter_speed&quot;:&quot;0&quot;,&quot;title&quot;:&quot;&quot;,&quot;orientation&quot;:&quot;0&quot;}\" data-image-title=\"WhatsApp Image 2018-10-09 at 12.24.28 PM\" data-image-description=\"\" data-image-caption=\"\" data-medium-file=\"https:\/\/www.grieta.org.mx\/wp-content\/uploads\/2018\/10\/WhatsApp-Image-2018-10-09-at-12.24.28-PM-300x169.jpeg\" data-large-file=\"https:\/\/www.grieta.org.mx\/wp-content\/uploads\/2018\/10\/WhatsApp-Image-2018-10-09-at-12.24.28-PM-1024x577.jpeg\" class=\"aligncenter size-large wp-image-27190\" src=\"http:\/\/www.grieta.org.mx\/wp-content\/uploads\/2018\/10\/WhatsApp-Image-2018-10-09-at-12.24.28-PM-1024x577.jpeg\" alt=\"\" width=\"702\" height=\"468\" \/><\/p>\n<figure id=\"attachment_27191\" aria-describedby=\"caption-attachment-27191\" style=\"width: 702px\" class=\"wp-caption aligncenter\"><img loading=\"lazy\" decoding=\"async\" data-attachment-id=\"27191\" data-permalink=\"https:\/\/www.grieta.org.mx\/index.php\/2018\/10\/15\/niegan-aplicar-ley-de-amnistia-a-luis-fernando-sotelo-preso-politico-desde-2014-cdmx\/whatsapp-image-2018-10-09-at-12-24-13-pm\/\" data-orig-file=\"https:\/\/www.grieta.org.mx\/wp-content\/uploads\/2018\/10\/WhatsApp-Image-2018-10-09-at-12.24.13-PM.jpeg\" data-orig-size=\"1280,721\" data-comments-opened=\"0\" data-image-meta=\"{&quot;aperture&quot;:&quot;0&quot;,&quot;credit&quot;:&quot;&quot;,&quot;camera&quot;:&quot;&quot;,&quot;caption&quot;:&quot;&quot;,&quot;created_timestamp&quot;:&quot;0&quot;,&quot;copyright&quot;:&quot;&quot;,&quot;focal_length&quot;:&quot;0&quot;,&quot;iso&quot;:&quot;0&quot;,&quot;shutter_speed&quot;:&quot;0&quot;,&quot;title&quot;:&quot;&quot;,&quot;orientation&quot;:&quot;0&quot;}\" data-image-title=\"WhatsApp Image 2018-10-09 at 12.24.13 PM\" data-image-description=\"\" data-image-caption=\"&lt;p&gt;Carta de Luis Fernando Sotelo a los asistentes del mitin. Foto: Colectivo Grieta.&lt;\/p&gt;\n\" data-medium-file=\"https:\/\/www.grieta.org.mx\/wp-content\/uploads\/2018\/10\/WhatsApp-Image-2018-10-09-at-12.24.13-PM-300x169.jpeg\" data-large-file=\"https:\/\/www.grieta.org.mx\/wp-content\/uploads\/2018\/10\/WhatsApp-Image-2018-10-09-at-12.24.13-PM-1024x577.jpeg\" class=\"size-large wp-image-27191\" src=\"http:\/\/www.grieta.org.mx\/wp-content\/uploads\/2018\/10\/WhatsApp-Image-2018-10-09-at-12.24.13-PM-1024x577.jpeg\" alt=\"\" width=\"702\" height=\"468\" \/><figcaption id=\"caption-attachment-27191\" class=\"wp-caption-text\">Carta de Luis Fernando Sotelo a los asistentes del mitin. Foto: Colectivo Grieta.<\/figcaption><\/figure>\n<p>Con la resoluci\u00f3n del juez a\u00fan pendiente, la carta de Luis Fernando mostraba con raz\u00f3n el recelo del joven frente a las decisiones de un juez \u201cquien obedeci\u00f3 al sistema dominante\u201d en el 2014. \u201cEl juez hab\u00eda intentando, con una sentencia de 33 a\u00f1os, aterrorizarme y enterrarme por toda mi vida (casi ) en sus mazmorras\u2026as\u00ed que reafirmo mi posici\u00f3n en contra del teatro alrededor de esta audiencia\u201d expresaba en su carta.<\/p>\n<p>Al cabo de una hora, las palabras de Luis Fernando tuvieron resonancia al darse el anuncio de que el juez Ubando, quien hab\u00eda dictado sentencia de 33 a\u00f1os a Luis Fernando Sotelo Zambrano despu\u00e9s del 5 de noviembre de 2014, negaba la posibilidad de que el joven accediera a la Ley de Amnist\u00eda que otorga la Ciudad de M\u00e9xico para presos pol\u00edticos que hubieran participado en acciones de protesta, a pesar de que Luis Fernando hubiera presentado los volantes que lo involucraban como participante de esas acciones de protesta, y que, en su momento, fueron usados en su contra para acusarlo por la quema del Metrobus.<br \/>\nEn entrevista, el abogado defensor, del colectivo &#8220;Los Otros Abogadoz&#8221;, coment\u00f3 que, a pesar de todo, se abr\u00eda la posibilidad de apelar esta resoluci\u00f3n: \u201cVamos apelar esta resoluci\u00f3n, el lunes estaremos presentando nuestro documento y la sala penal va a tener que analizarlo. Si la sala considera que el juez estuvo en lo correcto confirmar\u00e1 esa sentencia incidental. Si la sala considera que el juez no hizo una valoraci\u00f3n correcta, tendr\u00e1 que revocar su decisi\u00f3n o, en su defecto, conceder el beneficio que nos ha sido negado\u201d.<\/p>\n","protected":false},"excerpt":{"rendered":"<p>Colectivo Grieta El 5 de octubre, se llev\u00f3 a cabo la audiencia en el Juzgado 32 de lo penal del Reclusorio Sur de la Ciudad de M\u00e9xico para vertir las &hellip; <a href=\"https:\/\/www.grieta.org.mx\/index.php\/2018\/10\/15\/niegan-aplicar-ley-de-amnistia-a-luis-fernando-sotelo-preso-politico-desde-2014-cdmx\/\" class=\"more-link\">Leer m\u00e1s<\/a><\/p>\n","protected":false},"author":2,"featured_media":27192,"comment_status":"closed","ping_status":"closed","sticky":false,"template":"","format":"standard","meta":{"ngg_post_thumbnail":0,"_jetpack_newsletter_access":"","_jetpack_dont_email_post_to_subs":false,"_jetpack_newsletter_tier_id":0,"_jetpack_memberships_contains_paywalled_content":false,"_jetpack_memberships_contains_paid_content":false,"footnotes":""},"categories":[80,14,1775,2,1699],"tags":[1812,238,131,1692,1090],"class_list":["post-27186","post","type-post","status-publish","format-standard","has-post-thumbnail","hentry","category-cintillo","category-ciudad-de-mexico","category-colectivo-grieta","category-noticias-nacionales","category-represion-a-estudiantes-en-la-ciudad-de-mexico","tag-adherentes-a-la-sexta","tag-estudiantes","tag-presos-politicos","tag-represion-a-estudiantes","tag-represion-de-la-protesta-social","entry"],"jetpack_featured_media_url":"https:\/\/www.grieta.org.mx\/wp-content\/uploads\/2018\/10\/WhatsApp-Image-2018-10-07-at-8.27.31-PM-1.jpeg","jetpack_sharing_enabled":true,"jetpack_shortlink":"https:\/\/wp.me\/p7ZJR4-74u","jetpack_likes_enabled":false,"jetpack-related-posts":[{"id":36368,"url":"https:\/\/www.grieta.org.mx\/index.php\/2019\/07\/17\/luis-fernando-sotelo-libre-tras-casi-5-anos-de-injusta-prision\/","url_meta":{"origin":27186,"position":0},"title":"Luis Fernando Sotelo libre tras casi 5 a\u00f1os de injusta prisi\u00f3n","author":"grieta","date":"17 julio, 2019","format":false,"excerpt":"Colectivo Grieta, 15 de julio de 2019. Ciudad de M\u00e9xico.- El pasado 12 de julio Luis Fernando Sotelo Zambrano abandon\u00f3 el Reclusorio Sur luego de 4 a\u00f1os y ocho meses de injusta prisi\u00f3n. Acompa\u00f1ado de colectivos, organizaciones, compa\u00f1eros y compa\u00f1eras, Luis subray\u00f3 la importancia del esfuerzo colectivo y del estado\u2026","rel":"","context":"En &quot;CINTILLO&quot;","block_context":{"text":"CINTILLO","link":"https:\/\/www.grieta.org.mx\/index.php\/category\/cintillo\/"},"img":{"alt_text":"","src":"https:\/\/i0.wp.com\/www.grieta.org.mx\/wp-content\/uploads\/2019\/07\/1c946ee3-437b-49c8-a66f-24eb68fad85e.jpg?resize=350%2C200&ssl=1","width":350,"height":200},"classes":[]},{"id":26175,"url":"https:\/\/www.grieta.org.mx\/index.php\/2018\/09\/04\/detencion-arbitraria-e-irregularidades-en-el-proceso-juridico-de-luis-fernando-sotelo-preso-politico\/","url_meta":{"origin":27186,"position":1},"title":"Detenci\u00f3n arbitraria e irregularidades en el proceso jur\u00eddico de Luis Fernando Sotelo, preso pol\u00edtico","author":"grieta","date":"4 septiembre, 2018","format":false,"excerpt":"Colectivo Grieta En entrevista el abogado defensor de Luis Fernando Sotelo, estudiante preso pol\u00edtico en el contexto de las manifestaciones contra de desaparici\u00f3n forzada de los 43 de Ayotzinapa, denuncia una serie de irregularidades en el proceso legal. Luis Fernando est\u00e1 detenido desde noviembre de 2014 acusado principalmente de ataques\u2026","rel":"","context":"En &quot;CINTILLO&quot;","block_context":{"text":"CINTILLO","link":"https:\/\/www.grieta.org.mx\/index.php\/category\/cintillo\/"},"img":{"alt_text":"","src":"https:\/\/i0.wp.com\/www.grieta.org.mx\/wp-content\/uploads\/2018\/09\/eadc378d6776735f192ddbb2a51f03c6_XL.jpg?resize=350%2C200&ssl=1","width":350,"height":200,"srcset":"https:\/\/i0.wp.com\/www.grieta.org.mx\/wp-content\/uploads\/2018\/09\/eadc378d6776735f192ddbb2a51f03c6_XL.jpg?resize=350%2C200&ssl=1 1x, https:\/\/i0.wp.com\/www.grieta.org.mx\/wp-content\/uploads\/2018\/09\/eadc378d6776735f192ddbb2a51f03c6_XL.jpg?resize=525%2C300&ssl=1 1.5x, https:\/\/i0.wp.com\/www.grieta.org.mx\/wp-content\/uploads\/2018\/09\/eadc378d6776735f192ddbb2a51f03c6_XL.jpg?resize=700%2C400&ssl=1 2x"},"classes":[]},{"id":459,"url":"https:\/\/www.grieta.org.mx\/index.php\/2015\/10\/27\/encuentro-nacional-por-nuestrs-presos-de-la-red-vs-represion\/","url_meta":{"origin":27186,"position":2},"title":"Encuentro Nacional por Nuestr@s Preso@s de la Red vs Represi\u00f3n","author":"grieta","date":"27 octubre, 2015","format":false,"excerpt":"Radio Zapatista El s\u00e1bado 24 de octubre, organizaciones, colectivos e individuos se reunieron en la comunidad de Tlanixco, en el estado de M\u00e9xico, en el \u201cEncuentro Nacional por Nuestro@s Preso@s\u201c convocado por la Red Vs Represi\u00f3n. En el encuentro se habl\u00f3 de los casos de: Luis Fernando B\u00e1rcenas, Luis Fernando\u2026","rel":"","context":"En &quot;CINTILLO&quot;","block_context":{"text":"CINTILLO","link":"https:\/\/www.grieta.org.mx\/index.php\/category\/cintillo\/"},"img":{"alt_text":"","src":"https:\/\/i0.wp.com\/www.grieta.org.mx\/wp-content\/uploads\/2018\/03\/14524434_1106112876131411_958039263622046936_o.jpg?resize=350%2C200&ssl=1","width":350,"height":200,"srcset":"https:\/\/i0.wp.com\/www.grieta.org.mx\/wp-content\/uploads\/2018\/03\/14524434_1106112876131411_958039263622046936_o.jpg?resize=350%2C200&ssl=1 1x, https:\/\/i0.wp.com\/www.grieta.org.mx\/wp-content\/uploads\/2018\/03\/14524434_1106112876131411_958039263622046936_o.jpg?resize=525%2C300&ssl=1 1.5x, https:\/\/i0.wp.com\/www.grieta.org.mx\/wp-content\/uploads\/2018\/03\/14524434_1106112876131411_958039263622046936_o.jpg?resize=700%2C400&ssl=1 2x"},"classes":[]},{"id":43401,"url":"https:\/\/www.grieta.org.mx\/index.php\/2020\/01\/23\/liberan-a-estudiantes-de-filosofia-y-letras-detenidas-injustificadamente-ciudad-de-mexico\/","url_meta":{"origin":27186,"position":3},"title":"LIBERAN A ESTUDIANTES DE FILOSOF\u00cdA Y LETRAS DETENIDAS INJUSTIFICADAMENTE (Ciudad de M\u00e9xico)","author":"grieta","date":"23 enero, 2020","format":false,"excerpt":"Reporte \u00cdndigo Tres estudiantes de la Facultad de Filosof\u00eda y Letras de la UNAM. fueron detenidas despu\u00e9s de buscar un trato justo para una menor de edad acusada de robo Tres estudiantes de la Facultad de Filosof\u00eda y Letras de la UNAM fueron liberadas despu\u00e9s de que no se encontraran\u2026","rel":"","context":"En &quot;Abuso policiaco y tortura en la Ciudad de M\u00e9xico&quot;","block_context":{"text":"Abuso policiaco y tortura en la Ciudad de M\u00e9xico","link":"https:\/\/www.grieta.org.mx\/index.php\/category\/noticias-nacionales\/ciudad-de-mexico\/abuso-policiaco-y-tortura-en-la-ciudad-de-mexico\/"},"img":{"alt_text":"","src":"https:\/\/i0.wp.com\/www.grieta.org.mx\/wp-content\/uploads\/2020\/01\/LIBERAN-A-ESTUDIANTES-DE-FILOSOF%C3%8DA-Y-LETRAS-DETENIDAS-INJUSTIFICADAMENTE-cdmx-ene.jpg?resize=350%2C200","width":350,"height":200},"classes":[]},{"id":65002,"url":"https:\/\/www.grieta.org.mx\/index.php\/2022\/09\/03\/desde-la-resistencia-se-celebra-el-festival-por-la-vida-y-por-la-paz-vivan-los-caracoles-zapatistas\/","url_meta":{"origin":27186,"position":4},"title":"Desde la resistencia se celebra el &#8220;Festival por la Vida y por la Paz. Vivan los Caracoles Zapatistas&#8221;","author":"grieta","date":"3 septiembre, 2022","format":false,"excerpt":"- Alto a la guerra contra las comunidades zapatistas, se exigi\u00f3 en la explanada de la Biblioteca Central de la UNAM - Decenas de colectivos y organizaciones respondieron al llamado de estudiantes, profesores y pueblo en general a celebrar la resistencia de los Caracoles Zapatistas. - Con m\u00fasica, baile, talleres\u2026","rel":"","context":"En &quot;CINTILLO&quot;","block_context":{"text":"CINTILLO","link":"https:\/\/www.grieta.org.mx\/index.php\/category\/cintillo\/"},"img":{"alt_text":"","src":"https:\/\/i0.wp.com\/www.grieta.org.mx\/wp-content\/uploads\/2022\/09\/Expo2.jpg?resize=350%2C200&ssl=1","width":350,"height":200,"srcset":"https:\/\/i0.wp.com\/www.grieta.org.mx\/wp-content\/uploads\/2022\/09\/Expo2.jpg?resize=350%2C200&ssl=1 1x, https:\/\/i0.wp.com\/www.grieta.org.mx\/wp-content\/uploads\/2022\/09\/Expo2.jpg?resize=525%2C300&ssl=1 1.5x, https:\/\/i0.wp.com\/www.grieta.org.mx\/wp-content\/uploads\/2022\/09\/Expo2.jpg?resize=700%2C400&ssl=1 2x, https:\/\/i0.wp.com\/www.grieta.org.mx\/wp-content\/uploads\/2022\/09\/Expo2.jpg?resize=1050%2C600&ssl=1 3x, https:\/\/i0.wp.com\/www.grieta.org.mx\/wp-content\/uploads\/2022\/09\/Expo2.jpg?resize=1400%2C800&ssl=1 4x"},"classes":[]},{"id":69720,"url":"https:\/\/www.grieta.org.mx\/index.php\/2024\/09\/12\/facultad-de-arquitectura-unam-estudiantes-de-extension-universitaria-realizan-carteles-en-solidaridad-con-xochimilco-y-los-difunden-en-la-facultad-de-arquitectura-ciudad-de-mexico\/","url_meta":{"origin":27186,"position":5},"title":"Facultad de Arquitectura\/UNAM: Estudiantes de Extensi\u00f3n Universitaria realizan carteles en solidaridad con Xochimilco y los difunden en la Facultad de Arquitectura (Ciudad de M\u00e9xico)","author":"grieta","date":"12 septiembre, 2024","format":false,"excerpt":"Texto y fotos tomadas de: La Voz del An\u00e1huac Estudiantes del \u00e1rea de Extensi\u00f3n Universitaria de la Facultad de Arquitectura, ponen el dise\u00f1o al servicio del pueblo y realizan carteles en solidaridad con la movilizaci\u00f3n de este 12 de septiembre, en contra de la represi\u00f3n del d\u00eda 5 en las\u2026","rel":"","context":"En &quot;Abuso policiaco y tortura en la Ciudad de M\u00e9xico&quot;","block_context":{"text":"Abuso policiaco y tortura en la Ciudad de M\u00e9xico","link":"https:\/\/www.grieta.org.mx\/index.php\/category\/noticias-nacionales\/ciudad-de-mexico\/abuso-policiaco-y-tortura-en-la-ciudad-de-mexico\/"},"img":{"alt_text":"","src":"https:\/\/i0.wp.com\/www.grieta.org.mx\/wp-content\/uploads\/2024\/09\/Facultad-de-ArquitecturaUNAM-Estudiantes-de-Extension-Universitaria-realizan-carteles-en-solidaridad-con-Xochimilco-y-los-difunden-en-la-Facultad-de-Arquitectura-1.jpg?resize=350%2C200&ssl=1","width":350,"height":200},"classes":[]}],"_links":{"self":[{"href":"https:\/\/www.grieta.org.mx\/index.php\/wp-json\/wp\/v2\/posts\/27186","targetHints":{"allow":["GET"]}}],"collection":[{"href":"https:\/\/www.grieta.org.mx\/index.php\/wp-json\/wp\/v2\/posts"}],"about":[{"href":"https:\/\/www.grieta.org.mx\/index.php\/wp-json\/wp\/v2\/types\/post"}],"author":[{"embeddable":true,"href":"https:\/\/www.grieta.org.mx\/index.php\/wp-json\/wp\/v2\/users\/2"}],"replies":[{"embeddable":true,"href":"https:\/\/www.grieta.org.mx\/index.php\/wp-json\/wp\/v2\/comments?post=27186"}],"version-history":[{"count":1,"href":"https:\/\/www.grieta.org.mx\/index.php\/wp-json\/wp\/v2\/posts\/27186\/revisions"}],"predecessor-version":[{"id":27197,"href":"https:\/\/www.grieta.org.mx\/index.php\/wp-json\/wp\/v2\/posts\/27186\/revisions\/27197"}],"wp:featuredmedia":[{"embeddable":true,"href":"https:\/\/www.grieta.org.mx\/index.php\/wp-json\/wp\/v2\/media\/27192"}],"wp:attachment":[{"href":"https:\/\/www.grieta.org.mx\/index.php\/wp-json\/wp\/v2\/media?parent=27186"}],"wp:term":[{"taxonomy":"category","embeddable":true,"href":"https:\/\/www.grieta.org.mx\/index.php\/wp-json\/wp\/v2\/categories?post=27186"},{"taxonomy":"post_tag","embeddable":true,"href":"https:\/\/www.grieta.org.mx\/index.php\/wp-json\/wp\/v2\/tags?post=27186"}],"curies":[{"name":"wp","href":"https:\/\/api.w.org\/{rel}","templated":true}]}}