{"id":27034,"date":"2018-08-21T22:18:02","date_gmt":"2018-08-22T03:18:02","guid":{"rendered":"http:\/\/www.grieta.org.mx\/?p=27034"},"modified":"2018-10-08T22:23:57","modified_gmt":"2018-10-09T03:23:57","slug":"habitantes-denuncian-presunto-desalojo-en-colon-queretaro","status":"publish","type":"post","link":"https:\/\/www.grieta.org.mx\/index.php\/2018\/08\/21\/habitantes-denuncian-presunto-desalojo-en-colon-queretaro\/","title":{"rendered":"Habitantes denuncian presunto desalojo en Col\u00f3n  (Quer\u00e9taro)"},"content":{"rendered":"<figure id=\"attachment_27037\" aria-describedby=\"caption-attachment-27037\" style=\"width: 300px\" class=\"wp-caption aligncenter\"><img loading=\"lazy\" decoding=\"async\" data-attachment-id=\"27037\" data-permalink=\"https:\/\/www.grieta.org.mx\/index.php\/2018\/08\/21\/habitantes-denuncian-presunto-desalojo-en-colon-queretaro\/whatsapp-image-2018-08-21-at-06-53-10-1140x580\/\" data-orig-file=\"https:\/\/www.grieta.org.mx\/wp-content\/uploads\/2018\/10\/WhatsApp-Image-2018-08-21-at-06.53.10-1140x580.jpeg\" data-orig-size=\"1140,580\" data-comments-opened=\"0\" data-image-meta=\"{&quot;aperture&quot;:&quot;0&quot;,&quot;credit&quot;:&quot;&quot;,&quot;camera&quot;:&quot;&quot;,&quot;caption&quot;:&quot;&quot;,&quot;created_timestamp&quot;:&quot;0&quot;,&quot;copyright&quot;:&quot;&quot;,&quot;focal_length&quot;:&quot;0&quot;,&quot;iso&quot;:&quot;0&quot;,&quot;shutter_speed&quot;:&quot;0&quot;,&quot;title&quot;:&quot;&quot;,&quot;orientation&quot;:&quot;0&quot;}\" data-image-title=\"WhatsApp-Image-2018-08-21-at-06.53.10-1140&amp;#215;580\" data-image-description=\"\" data-image-caption=\"&lt;p&gt;Foto: Especial&lt;\/p&gt;\n\" data-medium-file=\"https:\/\/www.grieta.org.mx\/wp-content\/uploads\/2018\/10\/WhatsApp-Image-2018-08-21-at-06.53.10-1140x580-300x153.jpeg\" data-large-file=\"https:\/\/www.grieta.org.mx\/wp-content\/uploads\/2018\/10\/WhatsApp-Image-2018-08-21-at-06.53.10-1140x580-1024x521.jpeg\" src=\"http:\/\/www.grieta.org.mx\/wp-content\/uploads\/2018\/10\/WhatsApp-Image-2018-08-21-at-06.53.10-1140x580-300x153.jpeg\" alt=\"\" width=\"600\" height=\"306\" class=\"size-medium wp-image-27037\" srcset=\"https:\/\/www.grieta.org.mx\/wp-content\/uploads\/2018\/10\/WhatsApp-Image-2018-08-21-at-06.53.10-1140x580-300x153.jpeg 300w, https:\/\/www.grieta.org.mx\/wp-content\/uploads\/2018\/10\/WhatsApp-Image-2018-08-21-at-06.53.10-1140x580-768x391.jpeg 768w, https:\/\/www.grieta.org.mx\/wp-content\/uploads\/2018\/10\/WhatsApp-Image-2018-08-21-at-06.53.10-1140x580-1024x521.jpeg 1024w, https:\/\/www.grieta.org.mx\/wp-content\/uploads\/2018\/10\/WhatsApp-Image-2018-08-21-at-06.53.10-1140x580-983x500.jpeg 983w, https:\/\/www.grieta.org.mx\/wp-content\/uploads\/2018\/10\/WhatsApp-Image-2018-08-21-at-06.53.10-1140x580.jpeg 1140w\" sizes=\"auto, (max-width: 600px) 100vw, 600px\" \/><figcaption id=\"caption-attachment-27037\" class=\"wp-caption-text\">Foto: Especial<\/figcaption><\/figure>\n<p>Redacci\u00f3n Quadrat\u00edn | 21 de agosto de 2018 |<\/p>\n<p>Este contenido se encuentra protegido por la ley. Si lo cita, por favor mencione la fuente y haga un enlace a la nota original de donde usted lo ha tomado. Agencia Quadrat\u00edn. Todos los Derechos Reservados \u00a9 2016.<br \/>\nQUER\u00c9TARO, Qro., 21 de agosto de 2018.- Habitantes de San Jos\u00e9 la Pe\u00f1uela, en el municipio de Col\u00f3n, denuncian que est\u00e1n siendo despojados de sus tierras por parte de la presidencia municipal. De acuerdo a un comunicado a trav\u00e9s de redes sociales los habitantes de esta comunidad de Col\u00f3n realizan una denuncia p\u00fablica del despojo de tierras que pretende realizar el Presidente Municipal Alejandro Ochoa Valencia.<br \/>\nDe acuerdo a los habitantes de la Pe\u00f1uela el predio les ha perteneciendo durante generaciones, pues se\u00f1alan es un lugar donde se pastorea animales, se realizan carreras de caballos, tienen las canchas de b\u00e1squetbol y una fosa s\u00e9ptica. As\u00ed mismo se\u00f1alan que se realiz\u00f3 del uso de la fuerza p\u00fablica \u201cquien sin presentar una orden expedida por un Juez pretende despojarnos de nuestros predio\u201d, se\u00f1alan. Ante esta problem\u00e1tica solicitan la intervenci\u00f3n de las autoridades Estatales y Federales para solucionar dicho conflicto.<br \/>\nEn tanto las autoridades de Col\u00f3n se\u00f1alan que es este predio es propiedad municipal por lo que no afecta a ning\u00fan ejido y que las obras que se realizar\u00e1n en la zona es para el bien com\u00fan de la poblaci\u00f3n.<\/p>\n<p><a href=\"https:\/\/queretaro.quadratin.com.mx\/habitantes-denuncian-presunto-desalojo-en-colon\/\">https:\/\/queretaro.quadratin.com.mx\/habitantes-denuncian-presunto-desalojo-en-colon\/<\/a><\/p>\n","protected":false},"excerpt":{"rendered":"<p>Redacci\u00f3n Quadrat\u00edn | 21 de agosto de 2018 | Este contenido se encuentra protegido por la ley. Si lo cita, por favor mencione la fuente y haga un enlace a &hellip; <a href=\"https:\/\/www.grieta.org.mx\/index.php\/2018\/08\/21\/habitantes-denuncian-presunto-desalojo-en-colon-queretaro\/\" class=\"more-link\">Leer m\u00e1s<\/a><\/p>\n","protected":false},"author":2,"featured_media":27037,"comment_status":"closed","ping_status":"closed","sticky":false,"template":"","format":"standard","meta":{"ngg_post_thumbnail":0,"_jetpack_newsletter_access":"","_jetpack_dont_email_post_to_subs":false,"_jetpack_newsletter_tier_id":0,"_jetpack_memberships_contains_paywalled_content":false,"_jetpack_memberships_contains_paid_content":false,"footnotes":""},"categories":[80,1277,359,27],"tags":[1065],"class_list":{"0":"post-27034","1":"post","2":"type-post","3":"status-publish","4":"format-standard","5":"has-post-thumbnail","6":"hentry","7":"category-cintillo","8":"category-despojo-de-tierras-en-queretaro","9":"category-queretaro","11":"tag-despojo-de-agua-y-tierras","12":"entry"},"jetpack_featured_media_url":"https:\/\/www.grieta.org.mx\/wp-content\/uploads\/2018\/10\/WhatsApp-Image-2018-08-21-at-06.53.10-1140x580.jpeg","jetpack_sharing_enabled":true,"jetpack_shortlink":"https:\/\/wp.me\/p7ZJR4-722","jetpack_likes_enabled":false,"jetpack-related-posts":[{"id":23304,"url":"https:\/\/www.grieta.org.mx\/index.php\/2018\/04\/23\/habitantes-de-el-coyote-denuncian-despojo-de-tierras-en-ezequiel-montes-queretaro\/","url_meta":{"origin":27034,"position":0},"title":"Habitantes de El Coyote denuncian despojo de tierras, en Ezequiel Montes (Quer\u00e9taro)","author":"grieta","date":"23 abril, 2018","format":false,"excerpt":"\u201cMetieron maquinaria derrumbando \u00e1rboles no les importo nada, nosotros cuidando nuestras tierras; metieron perros, ten\u00edamos nuestros animales, y les echaron los perritos a nuestros animalitos, y nuestros animalitos fueron muertos\u201d, Silvia Ch\u00e1vez\/ Diario Rotativo Quer\u00e9taro, 23 Abril 2018.- Frente a Palacio de Gobierno, un grupo de habitantes de la comunidad\u2026","rel":"","context":"En &quot;CINTILLO&quot;","block_context":{"text":"CINTILLO","link":"https:\/\/www.grieta.org.mx\/index.php\/category\/cintillo\/"},"img":{"alt_text":"","src":"https:\/\/i0.wp.com\/www.grieta.org.mx\/wp-content\/uploads\/2018\/05\/habitantes-de-el-coyote-denuncian-despojo.jpg?resize=350%2C200&ssl=1","width":350,"height":200,"srcset":"https:\/\/i0.wp.com\/www.grieta.org.mx\/wp-content\/uploads\/2018\/05\/habitantes-de-el-coyote-denuncian-despojo.jpg?resize=350%2C200&ssl=1 1x, https:\/\/i0.wp.com\/www.grieta.org.mx\/wp-content\/uploads\/2018\/05\/habitantes-de-el-coyote-denuncian-despojo.jpg?resize=525%2C300&ssl=1 1.5x, https:\/\/i0.wp.com\/www.grieta.org.mx\/wp-content\/uploads\/2018\/05\/habitantes-de-el-coyote-denuncian-despojo.jpg?resize=700%2C400&ssl=1 2x"},"classes":[]},{"id":55464,"url":"https:\/\/www.grieta.org.mx\/index.php\/2020\/11\/25\/denuncian-ante-semarnat-y-profepa-la-construccion-de-punto-olivo-en-queretaro\/","url_meta":{"origin":27034,"position":1},"title":"Denuncian ante Semarnat y Profepa la construcci\u00f3n de \u201cPunto Olivo\u201d, en Quer\u00e9taro","author":"grieta","date":"25 noviembre, 2020","format":false,"excerpt":"Las car\u00e1tulas de las denuncias que difunden desde la p\u00e1gina \u201cCiudadanos Reforestando Quer\u00e9taro\u201d. Iv\u00e1n Aldama Garnica \/ Liberta de Palabra En un video promocional, es difundido que el desarrollo se ubica \u201centre dos hermosas \u00e1reas naturales protegidas\u201d. Quer\u00e9taro, Qro.- Federico Orozco Mouret y Jessica Guerrero Nieto anunciaron que interpusieron una\u2026","rel":"","context":"En &quot;CINTILLO&quot;","block_context":{"text":"CINTILLO","link":"https:\/\/www.grieta.org.mx\/index.php\/category\/cintillo\/"},"img":{"alt_text":"","src":"https:\/\/i0.wp.com\/www.grieta.org.mx\/wp-content\/uploads\/2020\/11\/Denuncian-ante-Semarnat-y-Profepa-la-construccio%CC%81n-de-Punto-Olivo-en-Quere%CC%81taro-1024x536-1.jpg?resize=350%2C200&ssl=1","width":350,"height":200,"srcset":"https:\/\/i0.wp.com\/www.grieta.org.mx\/wp-content\/uploads\/2020\/11\/Denuncian-ante-Semarnat-y-Profepa-la-construccio%CC%81n-de-Punto-Olivo-en-Quere%CC%81taro-1024x536-1.jpg?resize=350%2C200&ssl=1 1x, https:\/\/i0.wp.com\/www.grieta.org.mx\/wp-content\/uploads\/2020\/11\/Denuncian-ante-Semarnat-y-Profepa-la-construccio%CC%81n-de-Punto-Olivo-en-Quere%CC%81taro-1024x536-1.jpg?resize=525%2C300&ssl=1 1.5x, https:\/\/i0.wp.com\/www.grieta.org.mx\/wp-content\/uploads\/2020\/11\/Denuncian-ante-Semarnat-y-Profepa-la-construccio%CC%81n-de-Punto-Olivo-en-Quere%CC%81taro-1024x536-1.jpg?resize=700%2C400&ssl=1 2x"},"classes":[]},{"id":5243,"url":"https:\/\/www.grieta.org.mx\/index.php\/2016\/06\/27\/conflicto-minero-en-queretaro\/","url_meta":{"origin":27034,"position":2},"title":"Conflicto minero en Quer\u00e9taro","author":"grieta","date":"27 junio, 2016","format":false,"excerpt":"27\/06\/16. Quer\u00e9taro es lugar 20 en producci\u00f3n minera El Economista 25\/03\/15. Acusan ejidatarios a minera de da\u00f1ar tierras AM Quer\u00e9taro 25\/03\/15. Acusan a minera por contaminar en Col\u00f3n El Sol de Sinaloa","rel":"","context":"En &quot;Miner\u00eda&quot;","block_context":{"text":"Miner\u00eda","link":"https:\/\/www.grieta.org.mx\/index.php\/category\/megaproyectos\/mineria\/"},"img":{"alt_text":"","src":"https:\/\/i0.wp.com\/www.grieta.org.mx\/wp-content\/uploads\/2018\/03\/14524434_1106112876131411_958039263622046936_o.jpg?resize=350%2C200&ssl=1","width":350,"height":200,"srcset":"https:\/\/i0.wp.com\/www.grieta.org.mx\/wp-content\/uploads\/2018\/03\/14524434_1106112876131411_958039263622046936_o.jpg?resize=350%2C200&ssl=1 1x, https:\/\/i0.wp.com\/www.grieta.org.mx\/wp-content\/uploads\/2018\/03\/14524434_1106112876131411_958039263622046936_o.jpg?resize=525%2C300&ssl=1 1.5x, https:\/\/i0.wp.com\/www.grieta.org.mx\/wp-content\/uploads\/2018\/03\/14524434_1106112876131411_958039263622046936_o.jpg?resize=700%2C400&ssl=1 2x"},"classes":[]},{"id":23308,"url":"https:\/\/www.grieta.org.mx\/index.php\/2018\/03\/10\/dealojan-a-indigenas-ezequiel-montes-queretaro\/","url_meta":{"origin":27034,"position":3},"title":"Desalojan a ind\u00edgenas (Ezequiel Montes, Quer\u00e9taro)","author":"grieta","date":"10 marzo, 2018","format":false,"excerpt":"Fernando Venegas \/ Plaza de Armas Habitantes de la comunidad ind\u00edgena de El Coyote, en el Municipio de Ezequiel Montes, con m\u00e1s de 100 a\u00f1os de antig\u00fcedad, denunciaron el despojo de sus tierras, a pesar de tener una suspensi\u00f3n dictada por el juez IV de Distrito contra la orden de\u2026","rel":"","context":"En &quot;CINTILLO&quot;","block_context":{"text":"CINTILLO","link":"https:\/\/www.grieta.org.mx\/index.php\/category\/cintillo\/"},"img":{"alt_text":"","src":"https:\/\/i0.wp.com\/www.grieta.org.mx\/wp-content\/uploads\/2018\/05\/e6cc77da-7fd4-49b4-9776-f7dd2a9ca7b5.jpeg?resize=350%2C200&ssl=1","width":350,"height":200,"srcset":"https:\/\/i0.wp.com\/www.grieta.org.mx\/wp-content\/uploads\/2018\/05\/e6cc77da-7fd4-49b4-9776-f7dd2a9ca7b5.jpeg?resize=350%2C200&ssl=1 1x, https:\/\/i0.wp.com\/www.grieta.org.mx\/wp-content\/uploads\/2018\/05\/e6cc77da-7fd4-49b4-9776-f7dd2a9ca7b5.jpeg?resize=525%2C300&ssl=1 1.5x, https:\/\/i0.wp.com\/www.grieta.org.mx\/wp-content\/uploads\/2018\/05\/e6cc77da-7fd4-49b4-9776-f7dd2a9ca7b5.jpeg?resize=700%2C400&ssl=1 2x"},"classes":[]},{"id":5166,"url":"https:\/\/www.grieta.org.mx\/index.php\/2015\/09\/13\/denuncian-triquis-queretanos-despojo-de-sus-puestos-de-venta\/","url_meta":{"origin":27034,"position":4},"title":"Denuncian triquis queretanos despojo de sus puestos de venta","author":"grieta","date":"13 septiembre, 2015","format":false,"excerpt":"13\/09\/15. Triquis piden respeto total de sus derechos al Gobierno de Quer\u00e9taro M\u00e1s de 131 08\/09\/15. Exigen triquis intervenci\u00f3n de Gobierno de Quer\u00e9taro ADN Informativo","rel":"","context":"En &quot;NOTICIAS NACIONALES&quot;","block_context":{"text":"NOTICIAS NACIONALES","link":"https:\/\/www.grieta.org.mx\/index.php\/category\/noticias-nacionales\/"},"img":{"alt_text":"","src":"https:\/\/i0.wp.com\/www.grieta.org.mx\/wp-content\/uploads\/2018\/03\/14524434_1106112876131411_958039263622046936_o.jpg?resize=350%2C200&ssl=1","width":350,"height":200,"srcset":"https:\/\/i0.wp.com\/www.grieta.org.mx\/wp-content\/uploads\/2018\/03\/14524434_1106112876131411_958039263622046936_o.jpg?resize=350%2C200&ssl=1 1x, https:\/\/i0.wp.com\/www.grieta.org.mx\/wp-content\/uploads\/2018\/03\/14524434_1106112876131411_958039263622046936_o.jpg?resize=525%2C300&ssl=1 1.5x, https:\/\/i0.wp.com\/www.grieta.org.mx\/wp-content\/uploads\/2018\/03\/14524434_1106112876131411_958039263622046936_o.jpg?resize=700%2C400&ssl=1 2x"},"classes":[]},{"id":63749,"url":"https:\/\/www.grieta.org.mx\/index.php\/2022\/03\/19\/poblados-de-hercules-y-la-canada-confrontan-a-inmobiliarias-para-defender-sus-tierras-queretaro\/","url_meta":{"origin":27034,"position":5},"title":"Poblados de H\u00e9rcules y La Ca\u00f1ada confrontan a inmobiliarias para defender sus tierras (Quer\u00e9taro)","author":"grieta","date":"19 marzo, 2022","format":false,"excerpt":"Paco Segura Amaro \/ V\u00eda Tr3s Vigilan los desarrollos para evitar da\u00f1os a la zona por inundaciones, deslaves, reblandecimiento de los cimientos y ecocidio Pobladores de La Ca\u00f1ada y de H\u00e9rcules, localidades continuas a la zona metropolitana de Quer\u00e9taro, implementaron medidas de vigilancia, patrullajes y plantones en las zonas naturales\u2026","rel":"","context":"En &quot;CINTILLO&quot;","block_context":{"text":"CINTILLO","link":"https:\/\/www.grieta.org.mx\/index.php\/category\/cintillo\/"},"img":{"alt_text":"","src":"https:\/\/i0.wp.com\/www.grieta.org.mx\/wp-content\/uploads\/2018\/03\/14524434_1106112876131411_958039263622046936_o.jpg?resize=350%2C200&ssl=1","width":350,"height":200,"srcset":"https:\/\/i0.wp.com\/www.grieta.org.mx\/wp-content\/uploads\/2018\/03\/14524434_1106112876131411_958039263622046936_o.jpg?resize=350%2C200&ssl=1 1x, https:\/\/i0.wp.com\/www.grieta.org.mx\/wp-content\/uploads\/2018\/03\/14524434_1106112876131411_958039263622046936_o.jpg?resize=525%2C300&ssl=1 1.5x, https:\/\/i0.wp.com\/www.grieta.org.mx\/wp-content\/uploads\/2018\/03\/14524434_1106112876131411_958039263622046936_o.jpg?resize=700%2C400&ssl=1 2x"},"classes":[]}],"_links":{"self":[{"href":"https:\/\/www.grieta.org.mx\/index.php\/wp-json\/wp\/v2\/posts\/27034","targetHints":{"allow":["GET"]}}],"collection":[{"href":"https:\/\/www.grieta.org.mx\/index.php\/wp-json\/wp\/v2\/posts"}],"about":[{"href":"https:\/\/www.grieta.org.mx\/index.php\/wp-json\/wp\/v2\/types\/post"}],"author":[{"embeddable":true,"href":"https:\/\/www.grieta.org.mx\/index.php\/wp-json\/wp\/v2\/users\/2"}],"replies":[{"embeddable":true,"href":"https:\/\/www.grieta.org.mx\/index.php\/wp-json\/wp\/v2\/comments?post=27034"}],"version-history":[{"count":1,"href":"https:\/\/www.grieta.org.mx\/index.php\/wp-json\/wp\/v2\/posts\/27034\/revisions"}],"predecessor-version":[{"id":27039,"href":"https:\/\/www.grieta.org.mx\/index.php\/wp-json\/wp\/v2\/posts\/27034\/revisions\/27039"}],"wp:featuredmedia":[{"embeddable":true,"href":"https:\/\/www.grieta.org.mx\/index.php\/wp-json\/wp\/v2\/media\/27037"}],"wp:attachment":[{"href":"https:\/\/www.grieta.org.mx\/index.php\/wp-json\/wp\/v2\/media?parent=27034"}],"wp:term":[{"taxonomy":"category","embeddable":true,"href":"https:\/\/www.grieta.org.mx\/index.php\/wp-json\/wp\/v2\/categories?post=27034"},{"taxonomy":"post_tag","embeddable":true,"href":"https:\/\/www.grieta.org.mx\/index.php\/wp-json\/wp\/v2\/tags?post=27034"}],"curies":[{"name":"wp","href":"https:\/\/api.w.org\/{rel}","templated":true}]}}