{"id":27005,"date":"2018-09-17T22:30:34","date_gmt":"2018-09-18T03:30:34","guid":{"rendered":"http:\/\/www.grieta.org.mx\/?p=27005"},"modified":"2018-10-04T22:50:50","modified_gmt":"2018-10-05T03:50:50","slug":"alertan-abogados-estrategias-de-privatizacion-de-tierras-colectivas-en-mexico-oaxaca","status":"publish","type":"post","link":"https:\/\/www.grieta.org.mx\/index.php\/2018\/09\/17\/alertan-abogados-estrategias-de-privatizacion-de-tierras-colectivas-en-mexico-oaxaca\/","title":{"rendered":"Alertan abogados estrategias de privatizaci\u00f3n de tierras colectivas en M\u00e9xico (Oaxaca)"},"content":{"rendered":"<p>Avispa Midia.<\/p>\n<p>Renata Bessi,<\/p>\n<p>M\u00e9xico es una excepci\u00f3n en el mundo. Alrededor de 50% de su territorio nacional es compuesto por propiedad colectiva, o sea, tierras ejidales o comunales. \u201cEsta proporci\u00f3n no se repite en ning\u00fan otro pa\u00eds del mundo. El pa\u00eds que m\u00e1s se acerca a M\u00e9xico es Bolivia, que tiene 33% de propiedad social\u201d, aclara para Avispa Midia la abogada Claudia G\u00f3mez Godoy, especialista en Derechos Humanos y Pueblos Ind\u00edgena e integrante de la Red Mexicana de Afectados por la Miner\u00eda (REMA).<\/p>\n<p>\u201cLa funci\u00f3n de los ejidos y comunidades no es solamente para la producci\u00f3n de alimentos sino como lugares de residencia y sustento de las poblaciones ind\u00edgenas y campesinas, as\u00ed como espacios de reproducci\u00f3n cultural, identitaria y de organizaci\u00f3n pol\u00edtico-administrativa\u201d, as\u00ed describe el Informe llamado Jurisdicci\u00f3n Agraria y los Derechos Humanos de los Pueblos Ind\u00edgenas y Campesinos en M\u00e9xico, que tiene como coautora a Godoy.<\/p>\n<p>La figura de los ejidos y de las comunidades surgieron en M\u00e9xico con el reparto agrario impulsado tras la lucha revolucionaria iniciada en 1910 y nacieron con el car\u00e1cter inalienable, intrasmisible, imprescriptible, inembargable e indivisible.<\/p>\n<p>La protecci\u00f3n a la propiedad social empez\u00f3 a vulnerarse en 1992, con la reforma del art\u00edculo 27 de la Constituci\u00f3n mexicana que rige los bienes y recursos de la naci\u00f3n, incluyendo la tierra, el subsuelo y las aguas. La reforma tuvo varios objetivos, entre ellos finalizar el reparto de tierras v\u00eda la reforma agraria iniciada en 1915 tras la revoluci\u00f3n mexicana. La argumentaci\u00f3n para la titulaci\u00f3n parcelaria de las tierras se bas\u00f3 en ofrecer la seguridad jur\u00eddica de la tenencia de la tierra.<\/p>\n<p>La abogada especializada Godoy asume que las leyes y pol\u00edticas del Estado mexicano, llevadas a cabo desde entonces, est\u00e1n promoviendo la privatizaci\u00f3n de las tierras. \u201cCuando en 1992 se hace la reforma al art\u00edculo 27, se le quita la protecci\u00f3n a una de estas formas de propiedad colectiva, la ejidal. Y se queda solamente con una protecci\u00f3n especial la propiedad comunal\u201d, explica Godoy.<\/p>\n<p>La principal herramienta de la privatizaci\u00f3n, prevista por la Ley Agraria, son los programas de certificaci\u00f3n de las tierras, del gobierno federal, inicialmente llamado Programa de Certificaci\u00f3n de Derechos Ejidales y Titulaci\u00f3n de Solares (Procede).<\/p>\n<p>Programa de Certificaci\u00f3n<\/p>\n<p>Su objetivo fundamental es regularizar los ejidos y comunidades con los certificados de derechos de usufructo parcelario, de derechos de usufructo proporcional de las tierras de la zona com\u00fan y los t\u00edtulos de propiedad de los solares, se inicia con la incorporaci\u00f3n voluntaria del n\u00facleo agrario, a trav\u00e9s de su \u00fanica autoridad, la Asamblea.<\/p>\n<p>Programa de Certificaci\u00f3n de Derechos Ejidales y Titulaci\u00f3n de Solares (Procede) se inici\u00f3 en 1992 primero en los ejidos y en 1998 dio inicio PROCECOM en las comunidades. Ambos programas cerraron en el 2006 y 2007 respectivamente, con una cobertura de certificaci\u00f3n del 92% de los n\u00facleos agrarios del pa\u00eds y fueron continuados por el programa de certificaci\u00f3n Regularizaci\u00f3n y Registro de Actos Jur\u00eddicos Agrarios (RRAJA-FANAR), en aquellos ejidos y comunidades que por diferentes razones no lograron ser titulados.<\/p>\n<p>Tanto Godoy como el abogado Armando Cruz Cort\u00e9s de Tequio Jur\u00eddico AC en Oaxaca, afirman de forma separada para Avispa Midia, que estos programas de privatizaci\u00f3n de la tierra tienen un objetivo claro y ama\u00f1ado. \u201cSe hace un censo de los ejidatarios. Se delimita la superficie general del ejido; se otorga un plan general; se hacen las parcelas y se le da a los ejidatarios su certificado de derecho parcelario; parcelan los solares y se entrega un titulo sobre el solar. Cuando ya se otorg\u00f3 a todos un certificado de derecho parcelario, un titulo, es com\u00fan que se provoque una asamblea para que la propia comunidad termine pidiendo que se les otorgue el dominio pleno\u201d, explica Cruz.<\/p>\n<p>El dominio pleno lo que hace es deshacer el ejido y fragmenta la parcela en una propiedad privada. \u201cLa cuesti\u00f3n es que percibimos mucha desinformaci\u00f3n entre los ejidatarios sobre lo que de verdad significa declarar dominio pleno\u201d, sostiene el abogado.<\/p>\n<p>El objetivo del programa de certificaci\u00f3n es facilitar la entrada en los territorios ind\u00edgenas y campesinos a los proyectos extractivistas. \u201cA estos proyectos les interesan negociar con individuos. No es lo mismo combatir una asamblea, que tiene una propiedad colectiva, a tener que hablar con un individuo que tiene propiedad privada, que puede vender su tierra f\u00e1cilmente. La asamblea pierde su importancia\u201d, se\u00f1ala el abogado Cruz.<\/p>\n<p>Godoy aclara que el programa de certificaci\u00f3n es voluntario, o sea, los ejidatarios no son obligados a hacerlo y, adem\u00e1s, no necesariamente se tienen que ajustar a todos los recursos determinados por los diversos programas de regularizaci\u00f3n de la tierra. \u201cUn ejemplo es que pueden delimitar las tierras del ejido en su conjunto para tener la limitaci\u00f3n definida con comunidades vecinas, pero pueden decidir no parcelar las tierras internamente en el ejido. Otro ejemplo es que pueden parcelar la tierra, pero pueden decidir no declarar el dominio pleno\u201d, dice Godoy. Los ejidatarios tienen que tener total conciencia de lo que significa el dominio pleno y tratar de evitarlo a toda costa, aconseja Cruz.<\/p>\n<p>Otorgar dominio pleno, explica el abogado, significa que el certificado que tienen registrado en el Registro Agrario Nacional (RAN) se cancela porque ya no es propiedad agraria y pasa a ser propiedad privada. Entonces la tierra que esta registrada en el registro publico de la propiedad pierde su car\u00e1cter. \u201cAs\u00ed ya empiezan a cobrar impuestos sobre ella. Entonces ya se puede notoriar esta escritura. Ya no es un asunto agrario, pasa a ser propiedad privada\u201d, explica. \u201cTodo este proceso es hecho de forma voluntaria por los ejidatarios, que muchas veces no tienen plena conciencia de las consecuencias&#8221;.<\/p>\n<p>Una vez convertidas las tierras colectivas en propiedad privada, pierden competencia en los tribunales agrarios, que son los facultados para los temas de propiedad colectiva agraria. \u201cEntonces, en caso de inconformidad, todo lo van a tener que resolver individualmente con un juez mixto de primera instancia o juez civil. Los ind\u00edgenas y campesinos van a necesitar un abogado civilista, que cobra mucho y esto los pondr\u00e1 en desventaja frente a los megaproyectos, porque ellos tienen un ejercito de abogados\u201d.<\/p>\n<p><img loading=\"lazy\" decoding=\"async\" data-attachment-id=\"27006\" data-permalink=\"https:\/\/www.grieta.org.mx\/index.php\/2018\/09\/17\/alertan-abogados-estrategias-de-privatizacion-de-tierras-colectivas-en-mexico-oaxaca\/av1\/\" data-orig-file=\"https:\/\/www.grieta.org.mx\/wp-content\/uploads\/2018\/10\/av1.jpg\" data-orig-size=\"1024,687\" data-comments-opened=\"0\" data-image-meta=\"{&quot;aperture&quot;:&quot;0&quot;,&quot;credit&quot;:&quot;&quot;,&quot;camera&quot;:&quot;&quot;,&quot;caption&quot;:&quot;&quot;,&quot;created_timestamp&quot;:&quot;0&quot;,&quot;copyright&quot;:&quot;&quot;,&quot;focal_length&quot;:&quot;0&quot;,&quot;iso&quot;:&quot;0&quot;,&quot;shutter_speed&quot;:&quot;0&quot;,&quot;title&quot;:&quot;&quot;,&quot;orientation&quot;:&quot;0&quot;}\" data-image-title=\"av1\" data-image-description=\"\" data-image-caption=\"\" data-medium-file=\"https:\/\/www.grieta.org.mx\/wp-content\/uploads\/2018\/10\/av1-300x201.jpg\" data-large-file=\"https:\/\/www.grieta.org.mx\/wp-content\/uploads\/2018\/10\/av1-1024x687.jpg\" src=\"http:\/\/www.grieta.org.mx\/wp-content\/uploads\/2018\/10\/av1-300x201.jpg\" alt=\"\" width=\"300\" height=\"201\" class=\"aligncenter size-medium wp-image-27006\" srcset=\"https:\/\/www.grieta.org.mx\/wp-content\/uploads\/2018\/10\/av1-300x201.jpg 300w, https:\/\/www.grieta.org.mx\/wp-content\/uploads\/2018\/10\/av1-768x515.jpg 768w, https:\/\/www.grieta.org.mx\/wp-content\/uploads\/2018\/10\/av1.jpg 1024w, https:\/\/www.grieta.org.mx\/wp-content\/uploads\/2018\/10\/av1-745x500.jpg 745w\" sizes=\"auto, (max-width: 300px) 100vw, 300px\" \/><\/p>\n<p>Las comunidades<\/p>\n<p>Las tierras comunales contin\u00faan con protecci\u00f3n especial, o sea, no se puede vender o usar para prestamos. \u201cLa comunidad para llegar a un dominio pleno de la tierra comunal primero tendr\u00e1n que convertirla en un ejido. As\u00ed lo plantea la Ley Agraria, como tambi\u00e9n plantea la posibilidad de que un ejido puede volverse comunidad\u201d, explica Godoy.<\/p>\n<p>Diferencia entre tierras comunales y tierras ejidales<\/p>\n<p>Las formas de acceso a la tierra para grupos campesinos e ind\u00edgenas en el marco de la reforma agraria (1915 y 1992), de acuerdo con el Informe, eran:<\/p>\n<p>Restituci\u00f3n, Reconocimiento y conformaci\u00f3n de tierras: El derecho a las tierras comunales tiene su origen en la \u00e9poca colonial cuando por disposici\u00f3n de la Corona espa\u00f1ola, las poblaciones ind\u00edgenas adquirieron derecho sobre las tierras donde se encontraban asentadas. El art\u00edculo 27 de la Constituci\u00f3n de 1917, promovi\u00f3 la restituci\u00f3n de tierras para aquellos que demostraran haber sido despojados de sus leg\u00edtimos derechos. Para ello, deb\u00edan presentar los t\u00edtulos de propiedad otorgados durante el periodo colonial, as\u00ed como demostrar su despojo durante el periodo de las Leyes de desamortizaci\u00f3n o \u201cleyes Lerdo\u201d (1857-1910). Esta v\u00eda fue un proceso complicado y de imposible cumplimiento para muchos pueblos. En 1934 se incorpora al C\u00f3digo agrario, la acci\u00f3n agraria de reconocimiento y confirmaci\u00f3n de aquellas comunidades de hecho a fin de darles certeza jur\u00eddica sobre sus posesiones (la acci\u00f3n agraria se conoce como reconocimiento y titulaci\u00f3n de bienes comunales). La forma legal de tenencia obtenida a trav\u00e9s de la restituci\u00f3n y reconocimiento de tierras fue la de bienes comunales o comunidad.<\/p>\n<p>La dotaci\u00f3n de tierras: Es la acci\u00f3n mediante la cual se otorgaba tierras a los n\u00facleos de poblaci\u00f3n carentes de estas. Para la dotaci\u00f3n de tierras era requisito formar un grupo de al menos 20 campesinos que cumplieran con los siguientes requisitos: para los hombres era necesario ser mayor de edad, mexicano y campesino, para las mujeres ser jefa de familia, mexicana y campesina. La gesti\u00f3n pod\u00eda tardar varios a\u00f1os ya que la solicitud pasaba por distintas instancias gubernamentales y el Presidente de la Rep\u00fablica ten\u00eda que firmar la resoluci\u00f3n definitiva. La forma legal de tenencia, es el ejido.<\/p>\n<p>Ver tambi\u00e9n:A trav\u00e9s de Am\u00e9rica Latina, la lucha por la tierra comunal y la autonom\u00eda ind\u00edgena<\/p>\n<p>La v\u00eda de restituci\u00f3n fue un proceso complicado y de dif\u00edcil cumplimiento, que en t\u00e9rminos de control pol\u00edtico no fue de inter\u00e9s para el Estado, de ah\u00ed que la mayor\u00eda de pueblos que iniciaron sus peticiones en t\u00e9rminos de restituci\u00f3n, recibieron ejidos en dotaci\u00f3n. \u201cPor eso es que tenemos muchos pueblos ind\u00edgenas en tierras privadas o ejidales\u201d, explica Godoy.<\/p>\n<p>Entre 1916 y 1980 solo el 17% de las solicitudes de restituciones fueron concedidas, lo cual contrasta con el 79% de solicitudes de dotaci\u00f3n ejidal otorgadas, de acuerdo con el Informe.<\/p>\n<p><em>Tierras en M\u00e9xico<\/p>\n<p>En M\u00e9xico hay tres tipos de propiedad. Propiedad p\u00fablica, que es la propiedad del Estado, la propiedad privada, y la propiedad social, los ejidos y comunidades. Tambi\u00e9n est\u00e1 reconocido por los tratados internacionales que los pueblos ind\u00edgenas tienen otro tipo de propiedad, que seria la propiedad ind\u00edgena. No est\u00e1 oficialmente reconocida en las leyes mexicanas, pero s\u00ed al nivel internacional, aunque ya haya por lo menos una sentencia que reconoce este cuarto tipo de propiedad que es la propiedad ind\u00edgena.<\/em><\/p>\n<p><em><br \/>\nCon las propias manos<\/p>\n<p>Desde su fundaci\u00f3n hasta el fin del reparto agrario, en 1992, el acceso a la tierra ejidal y comunal supon\u00eda un conjunto de obligaciones individuales como el trabajar la tierra con las propias manos y un perfil socioecon\u00f3mico espec\u00edfico del beneficiario: campesinos y residente del n\u00facleo agrario dotado, restituido o reconocido. \u201cLa regulaci\u00f3n y dominio de ejidos y comunidades resid\u00eda, adem\u00e1s, no en los sujetos agrarios individuales (ejidatarios y comuneros), sino en la asamblea general integrada por estos, es decir, un sujeto colectivo, que era la autoridad m\u00e1xima con capacidad de decisi\u00f3n sobre todos los asuntos relativos a la vida ejidal o comunal\u201d, de acuerdo al Informe.<\/em><\/p>\n<p>\u00bfC\u00f3mo evoluciona el Procede?<\/p>\n<p>La mayor\u00eda de los que entraron al Procede \u2013 lo que representa 92% de los n\u00facleos agrarios del pa\u00eds \u2013 no llegaron al Dominio Pleno, no se volvieron propiedad privada. \u201cEntraron solamente para medir su per\u00edmetro y hacer el censo de ejidatarios. Muchos de los que entraron no parcelaron, se mantuvieron con la propiedad de uso com\u00fan. Otros entraron al Procede a penas para delimitar la tierra con sus vecinos y al interior de la comunidad se quedo todo como uso com\u00fan\u201d, explica Godoy.<\/p>\n<p>Seg\u00fan el Registro Agrario Nacional (RAN), afirma el abogado de Tequio Juridico, el porcentaje de dominio pleno apenas es el 1,2%. \u201cEso es alentador porque no han cumplido con el programa de certificaci\u00f3n. Pero s\u00ed hay que quedarse alerta pues nada impide que todav\u00eda lleguen al dominio pleno, sobre eso van y no van a descansar hasta que todas las tierras colectivas pasen a ser privadas\u201d.<\/p>\n<p>El abogado alerta que el programa RRaja, implementado a trav\u00e9s de la Procuradur\u00eda Agraria, est\u00e1 presionando muy fuertemente a las asambleas y a las comunidades para que acepten el programa. \u201cHay que hacer frente a la Procuradur\u00eda Agraria. Su funci\u00f3n es de acompa\u00f1amiento estrictamente social, es decir, de orientar, acompa\u00f1ar, asesorar el campesino. No de imponer un programa como ese, que va a poner en riesgo la integralidad de sus tierras\u201d.<\/p>\n<p>\u201cUna opini\u00f3n extendida entre comunidades, organizaciones de sociedad civil y usuarios en general, es que estas instituciones han dado un giro en cuanto a su prop\u00f3sito institucional hacia el impulso y protecci\u00f3n de la propiedad privada de las nuevas inversiones nacionales o extranjeras sobre la tierra agraria en M\u00e9xico\u201d, corrobora el informe.<\/p>\n<p>\u00bfVoluntarias?<\/p>\n<p>Numerosas organizaciones campesinas e ind\u00edgenas denunciaron la implementaci\u00f3n forzada del Procede. A pesar de que en su estatuto la participaci\u00f3n en el Procede se presentaba como \u201clibre y voluntaria\u201d, en la realidad, el programa establec\u00eda cierta obligatoriedad al generar restricciones en el acceso a programas de desarrollo rural, en particular provenientes de la Secretaria de Agricultura Federal (Sagarpa), y de la Comisi\u00f3n Nacional Forestal (Conafor), dependiente de la Secretar\u00eda del Medio Ambiente y Recursos Naturales (Semarnat).<\/p>\n<p>Efectos negativos<\/p>\n<p>El Informe especifica una serie de efectos negativos con el Procede. \u201cEstos efectos fueron identificados por m\u00faltiples acad\u00e9micos y activistas: conflictos, en ocasiones violentos entre ejidos y comunidades que surgieron al proponerse trazar los l\u00edmites entre n\u00facleos agrarios vecinos, sobre todo en los estados de Oaxaca, Chiapas y Guerrero; la parcelaci\u00f3n de tierras de uso com\u00fan con cubierta forestal y el consecuente proceso de deforestaci\u00f3n; la fragmentaci\u00f3n de la unidad de dotaci\u00f3n que conllev\u00f3 hacia un mayor minifundismo; la acumulaci\u00f3n de tierras o formalizaci\u00f3n de la acumulaci\u00f3n de estas por caciques o acaparadores locales y el debilitamiento de la asamblea ejidal como \u00f3rgano de gobernanza local\u201d.<\/p>\n<p>Y m\u00e1s: \u201cEn ciertos contextos donde el valor de la tierra es alto, en particular en ejidos y comunidades id\u00f3neos para el desarrollo urbano y tur\u00edstico, el Procede permiti\u00f3 la incorporaci\u00f3n de empresarios que no eran residentes de los ejidos\u201d.<\/p>\n<p><img loading=\"lazy\" decoding=\"async\" data-attachment-id=\"27007\" data-permalink=\"https:\/\/www.grieta.org.mx\/index.php\/2018\/09\/17\/alertan-abogados-estrategias-de-privatizacion-de-tierras-colectivas-en-mexico-oaxaca\/av2\/\" data-orig-file=\"https:\/\/www.grieta.org.mx\/wp-content\/uploads\/2018\/10\/av2.jpg\" data-orig-size=\"1024,683\" data-comments-opened=\"0\" data-image-meta=\"{&quot;aperture&quot;:&quot;0&quot;,&quot;credit&quot;:&quot;&quot;,&quot;camera&quot;:&quot;&quot;,&quot;caption&quot;:&quot;&quot;,&quot;created_timestamp&quot;:&quot;0&quot;,&quot;copyright&quot;:&quot;&quot;,&quot;focal_length&quot;:&quot;0&quot;,&quot;iso&quot;:&quot;0&quot;,&quot;shutter_speed&quot;:&quot;0&quot;,&quot;title&quot;:&quot;&quot;,&quot;orientation&quot;:&quot;0&quot;}\" data-image-title=\"av2\" data-image-description=\"\" data-image-caption=\"\" data-medium-file=\"https:\/\/www.grieta.org.mx\/wp-content\/uploads\/2018\/10\/av2-300x200.jpg\" data-large-file=\"https:\/\/www.grieta.org.mx\/wp-content\/uploads\/2018\/10\/av2-1024x683.jpg\" src=\"http:\/\/www.grieta.org.mx\/wp-content\/uploads\/2018\/10\/av2-300x200.jpg\" alt=\"\" width=\"300\" height=\"200\" class=\"aligncenter size-medium wp-image-27007\" srcset=\"https:\/\/www.grieta.org.mx\/wp-content\/uploads\/2018\/10\/av2-300x200.jpg 300w, https:\/\/www.grieta.org.mx\/wp-content\/uploads\/2018\/10\/av2-768x512.jpg 768w, https:\/\/www.grieta.org.mx\/wp-content\/uploads\/2018\/10\/av2.jpg 1024w, https:\/\/www.grieta.org.mx\/wp-content\/uploads\/2018\/10\/av2-750x500.jpg 750w\" sizes=\"auto, (max-width: 300px) 100vw, 300px\" \/><\/p>\n<p>La certificaci\u00f3n individualizada de las tierras ejidales ha generado un \u201cnuevo mercado de tierras ejidales en el que participan empresarios for\u00e1neos. Este mercado, aunque legalmente permitido, significa el despojo del patrimonio comunitario principalmente para las mujeres, j\u00f3venes y ni\u00f1os residentes de los ejidos y comunidades que no tienen derecho a participar en la toma de decisiones sobre el destino de las tierras ejidales y comunales, que por lo general son poco beneficiados de los ingresos monetarios obtenidos con la venta de tierras\u201d, se\u00f1ala el informe.<\/p>\n<p><a href=\"https:\/\/avispa.org\/alertan-abogados-estrategias-de-privatizacion-de-tierras-colectivas-en-mexico\/\" rel=\"noopener\" target=\"_blank\">https:\/\/avispa.org\/alertan-abogados-estrategias-de-privatizacion-de-tierras-colectivas-en-mexico\/<\/a><\/p>\n","protected":false},"excerpt":{"rendered":"<p>Avispa Midia. Renata Bessi, M\u00e9xico es una excepci\u00f3n en el mundo. Alrededor de 50% de su territorio nacional es compuesto por propiedad colectiva, o sea, tierras ejidales o comunales. \u201cEsta &hellip; <a href=\"https:\/\/www.grieta.org.mx\/index.php\/2018\/09\/17\/alertan-abogados-estrategias-de-privatizacion-de-tierras-colectivas-en-mexico-oaxaca\/\" class=\"more-link\">Leer m\u00e1s<\/a><\/p>\n","protected":false},"author":2,"featured_media":27006,"comment_status":"closed","ping_status":"closed","sticky":false,"template":"","format":"standard","meta":{"ngg_post_thumbnail":0,"_jetpack_newsletter_access":"","_jetpack_dont_email_post_to_subs":false,"_jetpack_newsletter_tier_id":0,"_jetpack_memberships_contains_paywalled_content":false,"_jetpack_memberships_contains_paid_content":false,"footnotes":""},"categories":[80,1357,1358,1306,1708,2,25],"tags":[],"class_list":["post-27005","post","type-post","status-publish","format-standard","has-post-thumbnail","hentry","category-cintillo","category-conflictos-mineros-en-oaxaca","category-conflictos-por-megaproyectos-en-oaxaca","category-conflictos-por-parques-eolicos-en-oaxaca","category-corredor-del-istmo-de-tehuantepec","category-noticias-nacionales","category-oaxaca","entry"],"jetpack_featured_media_url":"https:\/\/www.grieta.org.mx\/wp-content\/uploads\/2018\/10\/av1.jpg","jetpack_sharing_enabled":true,"jetpack_shortlink":"https:\/\/wp.me\/p7ZJR4-71z","jetpack_likes_enabled":false,"jetpack-related-posts":[{"id":67031,"url":"https:\/\/www.grieta.org.mx\/index.php\/2023\/06\/16\/aun-con-resistencia-mexico-emite-concesiones-mineras-hasta-en-areas-protegidas-oaxaca\/","url_meta":{"origin":27005,"position":0},"title":"A\u00fan con resistencia, M\u00e9xico emite concesiones mineras hasta en \u00e1reas protegidas (Oaxaca)","author":"grieta","date":"16 junio, 2023","format":false,"excerpt":"Imagen: Avispa Midia Santiago Navarro \/ Avispa Midia Keving Hern\u00e1n S\u00e1nchez es un ind\u00edgena zoque de San Miguel Chimalapas que dej\u00f3 su comunidad a temprana edad para migrar hacia la ciudad capital de Oaxaca para aprender literatura. Pero nunca imagin\u00f3 que al graduarse y regresar a su territorio tendr\u00eda que\u2026","rel":"","context":"En &quot;CINTILLO&quot;","block_context":{"text":"CINTILLO","link":"https:\/\/www.grieta.org.mx\/index.php\/category\/cintillo\/"},"img":{"alt_text":"","src":"https:\/\/i0.wp.com\/www.grieta.org.mx\/wp-content\/uploads\/2023\/06\/Portada-e1674111505571.jpg?resize=350%2C200&ssl=1","width":350,"height":200,"srcset":"https:\/\/i0.wp.com\/www.grieta.org.mx\/wp-content\/uploads\/2023\/06\/Portada-e1674111505571.jpg?resize=350%2C200&ssl=1 1x, https:\/\/i0.wp.com\/www.grieta.org.mx\/wp-content\/uploads\/2023\/06\/Portada-e1674111505571.jpg?resize=525%2C300&ssl=1 1.5x, https:\/\/i0.wp.com\/www.grieta.org.mx\/wp-content\/uploads\/2023\/06\/Portada-e1674111505571.jpg?resize=700%2C400&ssl=1 2x, https:\/\/i0.wp.com\/www.grieta.org.mx\/wp-content\/uploads\/2023\/06\/Portada-e1674111505571.jpg?resize=1050%2C600&ssl=1 3x"},"classes":[]},{"id":51973,"url":"https:\/\/www.grieta.org.mx\/index.php\/2020\/07\/22\/documental-la-historia-de-un-pueblo-en-oaxaca-que-quieren-desaparecer\/","url_meta":{"origin":27005,"position":1},"title":"Documental, la historia de un pueblo en Oaxaca que quieren desaparecer","author":"grieta","date":"22 julio, 2020","format":false,"excerpt":"Avispa Midia \/ Santiago Navarro F. Una centena de ind\u00edgenas zapotecos, campesinos en su mayor\u00eda, viven en constante tensi\u00f3n desde que un grupo armado acompa\u00f1ado con maquinaria pesada intent\u00f3 desalojarlos de sus tierras en el mes de mayo del 2019. Los habitantes de los parajes los Arquitos, el Rebolledo y\u2026","rel":"","context":"En &quot;CINTILLO&quot;","block_context":{"text":"CINTILLO","link":"https:\/\/www.grieta.org.mx\/index.php\/category\/cintillo\/"},"img":{"alt_text":"","src":"https:\/\/i0.wp.com\/www.grieta.org.mx\/wp-content\/uploads\/2020\/07\/1-2.jpg?resize=350%2C200&ssl=1","width":350,"height":200,"srcset":"https:\/\/i0.wp.com\/www.grieta.org.mx\/wp-content\/uploads\/2020\/07\/1-2.jpg?resize=350%2C200&ssl=1 1x, https:\/\/i0.wp.com\/www.grieta.org.mx\/wp-content\/uploads\/2020\/07\/1-2.jpg?resize=525%2C300&ssl=1 1.5x, https:\/\/i0.wp.com\/www.grieta.org.mx\/wp-content\/uploads\/2020\/07\/1-2.jpg?resize=700%2C400&ssl=1 2x"},"classes":[]},{"id":66213,"url":"https:\/\/www.grieta.org.mx\/index.php\/2023\/02\/07\/amlo-decreta-expropiacion-de-tierras-en-el-istmo-para-construccion-de-parques-industriales-oaxaca\/","url_meta":{"origin":27005,"position":2},"title":"AMLO decreta expropiaci\u00f3n de tierras en el Istmo para construcci\u00f3n de parques industriales (Oaxaca)","author":"grieta","date":"7 febrero, 2023","format":false,"excerpt":"Imagen: Avispa Midia Redacci\u00f3n \/ Avispa Midia El pasado jueves 2 de febrero, el presidente de M\u00e9xico, Andr\u00e9s Manuel L\u00f3pez Obrador, public\u00f3 en el Diario Oficial de la Federaci\u00f3n (DOF) dos decretos que consolidan la expropiaci\u00f3n de 412 hect\u00e1reas de tierras comunales en\u00a0Ciudad Ixtepec\u00a0y de 502 en\u00a0Santa Mar\u00eda Mixtequilla, en\u2026","rel":"","context":"En &quot;CINTILLO&quot;","block_context":{"text":"CINTILLO","link":"https:\/\/www.grieta.org.mx\/index.php\/category\/cintillo\/"},"img":{"alt_text":"","src":"https:\/\/i0.wp.com\/www.grieta.org.mx\/wp-content\/uploads\/2023\/02\/Istmo.jpg?resize=350%2C200&ssl=1","width":350,"height":200,"srcset":"https:\/\/i0.wp.com\/www.grieta.org.mx\/wp-content\/uploads\/2023\/02\/Istmo.jpg?resize=350%2C200&ssl=1 1x, https:\/\/i0.wp.com\/www.grieta.org.mx\/wp-content\/uploads\/2023\/02\/Istmo.jpg?resize=525%2C300&ssl=1 1.5x, https:\/\/i0.wp.com\/www.grieta.org.mx\/wp-content\/uploads\/2023\/02\/Istmo.jpg?resize=700%2C400&ssl=1 2x"},"classes":[]},{"id":52502,"url":"https:\/\/www.grieta.org.mx\/index.php\/2020\/07\/29\/video-que-dijo-amlo-a-campesinos-de-oaxaca-sobre-contaminacion-minera\/","url_meta":{"origin":27005,"position":3},"title":"Video: \u00bfQu\u00e9 dijo Amlo a campesinos de Oaxaca sobre contaminaci\u00f3n minera?","author":"grieta","date":"29 julio, 2020","format":false,"excerpt":"Avispa Midia \/ Santiago Navarro F. El pasado 10 de julio, mujeres y hombres de la comunidad de Magdalena Ocotl\u00e1n, Oaxaca, ubicada al sur de M\u00e9xico, se alertaron por una nueva contaminaci\u00f3n en las aguas que bebe su ganado y de d\u00f3nde se nutren sus cultivos. La comunidad tom\u00f3 acciones\u2026","rel":"","context":"En &quot;CINTILLO&quot;","block_context":{"text":"CINTILLO","link":"https:\/\/www.grieta.org.mx\/index.php\/category\/cintillo\/"},"img":{"alt_text":"","src":"https:\/\/i0.wp.com\/www.grieta.org.mx\/wp-content\/uploads\/2018\/03\/14524434_1106112876131411_958039263622046936_o.jpg?resize=350%2C200&ssl=1","width":350,"height":200,"srcset":"https:\/\/i0.wp.com\/www.grieta.org.mx\/wp-content\/uploads\/2018\/03\/14524434_1106112876131411_958039263622046936_o.jpg?resize=350%2C200&ssl=1 1x, https:\/\/i0.wp.com\/www.grieta.org.mx\/wp-content\/uploads\/2018\/03\/14524434_1106112876131411_958039263622046936_o.jpg?resize=525%2C300&ssl=1 1.5x, https:\/\/i0.wp.com\/www.grieta.org.mx\/wp-content\/uploads\/2018\/03\/14524434_1106112876131411_958039263622046936_o.jpg?resize=700%2C400&ssl=1 2x"},"classes":[]},{"id":69548,"url":"https:\/\/www.grieta.org.mx\/index.php\/2024\/09\/02\/oaxaca-zapotecos-denuncian-que-minera-continua-extraccion-ilegal-de-minerales\/","url_meta":{"origin":27005,"position":4},"title":"Oaxaca: Zapotecos denuncian que minera contin\u00faa extracci\u00f3n ilegal de minerales","author":"grieta","date":"2 septiembre, 2024","format":false,"excerpt":"Imagen: Avispa Midia Sare Frabes \/ Avispa Midia Autoridades de la\u00a0comunidad zapoteca de Capul\u00e1lpam de M\u00e9ndez,\u00a0en la Sierra Norte de Oaxaca, confiscaron en la madrugada del 31 de agosto\u00a0minerales extra\u00eddos\u00a0clandestinamente por la\u00a0minera Natividad y Anexas S.A. de C.V.,\u00a0filial de la canadiense\u00a0Fortuna Silver Mines, pese al cierre de la mina por\u2026","rel":"","context":"En &quot;CINTILLO&quot;","block_context":{"text":"CINTILLO","link":"https:\/\/www.grieta.org.mx\/index.php\/category\/cintillo\/"},"img":{"alt_text":"","src":"https:\/\/i0.wp.com\/www.grieta.org.mx\/wp-content\/uploads\/2024\/09\/Recortar-Conferencia-de-prensa-comunidades-unidas-de-la-Sierra-Norte-Por-Santiago-Navarro-F.jpg?resize=350%2C200&ssl=1","width":350,"height":200,"srcset":"https:\/\/i0.wp.com\/www.grieta.org.mx\/wp-content\/uploads\/2024\/09\/Recortar-Conferencia-de-prensa-comunidades-unidas-de-la-Sierra-Norte-Por-Santiago-Navarro-F.jpg?resize=350%2C200&ssl=1 1x, https:\/\/i0.wp.com\/www.grieta.org.mx\/wp-content\/uploads\/2024\/09\/Recortar-Conferencia-de-prensa-comunidades-unidas-de-la-Sierra-Norte-Por-Santiago-Navarro-F.jpg?resize=525%2C300&ssl=1 1.5x, https:\/\/i0.wp.com\/www.grieta.org.mx\/wp-content\/uploads\/2024\/09\/Recortar-Conferencia-de-prensa-comunidades-unidas-de-la-Sierra-Norte-Por-Santiago-Navarro-F.jpg?resize=700%2C400&ssl=1 2x, https:\/\/i0.wp.com\/www.grieta.org.mx\/wp-content\/uploads\/2024\/09\/Recortar-Conferencia-de-prensa-comunidades-unidas-de-la-Sierra-Norte-Por-Santiago-Navarro-F.jpg?resize=1050%2C600&ssl=1 3x"},"classes":[]},{"id":63723,"url":"https:\/\/www.grieta.org.mx\/index.php\/2022\/03\/03\/oaxaca-comunidades-afectadas-por-cuzcatlan-acusan-a-semarnat-de-traicion\/","url_meta":{"origin":27005,"position":5},"title":"Oaxaca: Comunidades afectadas por Cuzcatl\u00e1n acusan a Semarnat de traici\u00f3n","author":"grieta","date":"3 marzo, 2022","format":false,"excerpt":"Avispa Midia \/ Sara Frabes. La ma\u00f1ana de este mi\u00e9rcoles (2), doce comunidades afectadas por minera Cuzcatl\u00e1n, filial de la canadiense Fortuna Silver Mines, realizaron la ocupaci\u00f3n simb\u00f3lica de la sede de la Secretar\u00eda de Medio Ambiente y Recursos Naturales (Semarnat), en la ciudad de Oaxaca, en protesta contra la\u2026","rel":"","context":"En &quot;CINTILLO&quot;","block_context":{"text":"CINTILLO","link":"https:\/\/www.grieta.org.mx\/index.php\/category\/cintillo\/"},"img":{"alt_text":"","src":"https:\/\/i0.wp.com\/www.grieta.org.mx\/wp-content\/uploads\/2022\/03\/2.jpeg?resize=350%2C200&ssl=1","width":350,"height":200,"srcset":"https:\/\/i0.wp.com\/www.grieta.org.mx\/wp-content\/uploads\/2022\/03\/2.jpeg?resize=350%2C200&ssl=1 1x, https:\/\/i0.wp.com\/www.grieta.org.mx\/wp-content\/uploads\/2022\/03\/2.jpeg?resize=525%2C300&ssl=1 1.5x, https:\/\/i0.wp.com\/www.grieta.org.mx\/wp-content\/uploads\/2022\/03\/2.jpeg?resize=700%2C400&ssl=1 2x"},"classes":[]}],"_links":{"self":[{"href":"https:\/\/www.grieta.org.mx\/index.php\/wp-json\/wp\/v2\/posts\/27005","targetHints":{"allow":["GET"]}}],"collection":[{"href":"https:\/\/www.grieta.org.mx\/index.php\/wp-json\/wp\/v2\/posts"}],"about":[{"href":"https:\/\/www.grieta.org.mx\/index.php\/wp-json\/wp\/v2\/types\/post"}],"author":[{"embeddable":true,"href":"https:\/\/www.grieta.org.mx\/index.php\/wp-json\/wp\/v2\/users\/2"}],"replies":[{"embeddable":true,"href":"https:\/\/www.grieta.org.mx\/index.php\/wp-json\/wp\/v2\/comments?post=27005"}],"version-history":[{"count":1,"href":"https:\/\/www.grieta.org.mx\/index.php\/wp-json\/wp\/v2\/posts\/27005\/revisions"}],"predecessor-version":[{"id":27008,"href":"https:\/\/www.grieta.org.mx\/index.php\/wp-json\/wp\/v2\/posts\/27005\/revisions\/27008"}],"wp:featuredmedia":[{"embeddable":true,"href":"https:\/\/www.grieta.org.mx\/index.php\/wp-json\/wp\/v2\/media\/27006"}],"wp:attachment":[{"href":"https:\/\/www.grieta.org.mx\/index.php\/wp-json\/wp\/v2\/media?parent=27005"}],"wp:term":[{"taxonomy":"category","embeddable":true,"href":"https:\/\/www.grieta.org.mx\/index.php\/wp-json\/wp\/v2\/categories?post=27005"},{"taxonomy":"post_tag","embeddable":true,"href":"https:\/\/www.grieta.org.mx\/index.php\/wp-json\/wp\/v2\/tags?post=27005"}],"curies":[{"name":"wp","href":"https:\/\/api.w.org\/{rel}","templated":true}]}}