{"id":26965,"date":"2018-03-07T13:48:20","date_gmt":"2018-03-07T19:48:20","guid":{"rendered":"http:\/\/www.grieta.org.mx\/?p=26965"},"modified":"2018-10-03T14:00:50","modified_gmt":"2018-10-03T19:00:50","slug":"camara-registra-el-rapto-de-una-nina-en-tlaxcala-pero-la-procuraduria-perdio-el-video","status":"publish","type":"post","link":"https:\/\/www.grieta.org.mx\/index.php\/2018\/03\/07\/camara-registra-el-rapto-de-una-nina-en-tlaxcala-pero-la-procuraduria-perdio-el-video\/","title":{"rendered":"C\u00e1mara registra el rapto de una ni\u00f1a en Tlaxcala, pero la procuradur\u00eda perdi\u00f3 el video"},"content":{"rendered":"<p><img loading=\"lazy\" decoding=\"async\" data-attachment-id=\"26966\" data-permalink=\"https:\/\/www.grieta.org.mx\/index.php\/2018\/03\/07\/camara-registra-el-rapto-de-una-nina-en-tlaxcala-pero-la-procuraduria-perdio-el-video\/tlaxcala-960x500\/\" data-orig-file=\"https:\/\/www.grieta.org.mx\/wp-content\/uploads\/2018\/10\/Tlaxcala-960x500.jpg\" data-orig-size=\"960,500\" data-comments-opened=\"0\" data-image-meta=\"{&quot;aperture&quot;:&quot;0&quot;,&quot;credit&quot;:&quot;&quot;,&quot;camera&quot;:&quot;&quot;,&quot;caption&quot;:&quot;&quot;,&quot;created_timestamp&quot;:&quot;0&quot;,&quot;copyright&quot;:&quot;&quot;,&quot;focal_length&quot;:&quot;0&quot;,&quot;iso&quot;:&quot;0&quot;,&quot;shutter_speed&quot;:&quot;0&quot;,&quot;title&quot;:&quot;&quot;,&quot;orientation&quot;:&quot;0&quot;}\" data-image-title=\"Tlaxcala-960&amp;#215;500\" data-image-description=\"\" data-image-caption=\"\" data-medium-file=\"https:\/\/www.grieta.org.mx\/wp-content\/uploads\/2018\/10\/Tlaxcala-960x500-300x156.jpg\" data-large-file=\"https:\/\/www.grieta.org.mx\/wp-content\/uploads\/2018\/10\/Tlaxcala-960x500.jpg\" src=\"http:\/\/www.grieta.org.mx\/wp-content\/uploads\/2018\/10\/Tlaxcala-960x500.jpg\" alt=\"\" width=\"702\" height=\"468\" class=\"aligncenter size-full wp-image-26966\" \/><\/p>\n<p>El pasado 13 de enero, la ni\u00f1a Karla Romero Tezmol, de 11 a\u00f1os de edad, desapareci\u00f3 en el trayecto a su escuela, ubicada a unas cuadras de su casa, en el municipio de San Pablo del Monte, Tlaxcala.<br \/>\nSeg\u00fan testigos de los hechos, la ni\u00f1a fue sustra\u00edda por los tripulantes de un veh\u00edculo negro, a la altura de la calle 20 de Noviembre, lo cual fue registrado por una c\u00e1mara de vigilancia particular, instalada en un negocio de esta vialidad.<\/p>\n<p>Estas im\u00e1genes, sin embargo, se perdieron definitivamente, debido a que la Procuradur\u00eda estatal err\u00f3 la fecha de los videos al solicitarlos al due\u00f1o de la c\u00e1mara que los capt\u00f3 y, en consecuencia, las autoridades no obtuvieron la grabaci\u00f3n del 13 de enero, sino la del d\u00eda siguiente.<\/p>\n<p>Para el momento en que este error fue detectado, las im\u00e1genes correspondientes al d\u00eda del secuestro de Karla ya hab\u00edan sido borradas por el sistema de videovigilancia que las hab\u00eda almacenado.<\/p>\n<p>\u201cLa familia de Karla fue la que detect\u00f3 la existencia de esa c\u00e1mara \u2013se\u00f1ala en entrevista Miriam Pascual, abogada de la Red Reto\u00f1o y del Grupo de Acci\u00f3n por los Derechos Humanos y la Justicia Social\u2013, oportunamente dio aviso a la Procuradur\u00eda y los polic\u00edas fueron a solicitarle el video al due\u00f1o del negocio, quien lo facilit\u00f3 inmediatamente.<\/p>\n<p>El video que la Procuradur\u00eda le mostr\u00f3 a la familia de Karla no registra nada, no se ve a Karla pasar, ni a su hermanito, que poco despu\u00e9s hizo el mismo recorrido, para dejarle llevarle el lonche.\u201d Cuando los padres de Karla detectaron esta anomal\u00eda, revisaron la fecha del video y se dieron cuenta de que, en realidad, no correspond\u00eda al d\u00eda en que Karla fue raptada.<\/p>\n<p>\u201cCuando nos percatamos de esta irregularidad, los videos del 13 de enero ya hab\u00edan sido borrados por el particular, puesto que no le hab\u00edan sido requeridos por la polic\u00eda. Entonces, esa informaci\u00f3n valios\u00edsima se perdi\u00f3, por incompetencia de la polic\u00eda\u201d, se\u00f1ala la abogada.<\/p>\n<p><img loading=\"lazy\" decoding=\"async\" data-attachment-id=\"26967\" data-permalink=\"https:\/\/www.grieta.org.mx\/index.php\/2018\/03\/07\/camara-registra-el-rapto-de-una-nina-en-tlaxcala-pero-la-procuraduria-perdio-el-video\/karla-foto-e1457360230539\/\" data-orig-file=\"https:\/\/www.grieta.org.mx\/wp-content\/uploads\/2018\/10\/Karla-foto-e1457360230539.jpg\" data-orig-size=\"650,650\" data-comments-opened=\"0\" data-image-meta=\"{&quot;aperture&quot;:&quot;0&quot;,&quot;credit&quot;:&quot;&quot;,&quot;camera&quot;:&quot;&quot;,&quot;caption&quot;:&quot;&quot;,&quot;created_timestamp&quot;:&quot;0&quot;,&quot;copyright&quot;:&quot;&quot;,&quot;focal_length&quot;:&quot;0&quot;,&quot;iso&quot;:&quot;0&quot;,&quot;shutter_speed&quot;:&quot;0&quot;,&quot;title&quot;:&quot;&quot;,&quot;orientation&quot;:&quot;0&quot;}\" data-image-title=\"Karla-foto-e1457360230539\" data-image-description=\"\" data-image-caption=\"\" data-medium-file=\"https:\/\/www.grieta.org.mx\/wp-content\/uploads\/2018\/10\/Karla-foto-e1457360230539-300x300.jpg\" data-large-file=\"https:\/\/www.grieta.org.mx\/wp-content\/uploads\/2018\/10\/Karla-foto-e1457360230539.jpg\" src=\"http:\/\/www.grieta.org.mx\/wp-content\/uploads\/2018\/10\/Karla-foto-e1457360230539.jpg\" alt=\"\" width=\"650\" height=\"650\" class=\"aligncenter size-full wp-image-26967\" srcset=\"https:\/\/www.grieta.org.mx\/wp-content\/uploads\/2018\/10\/Karla-foto-e1457360230539.jpg 650w, https:\/\/www.grieta.org.mx\/wp-content\/uploads\/2018\/10\/Karla-foto-e1457360230539-150x150.jpg 150w, https:\/\/www.grieta.org.mx\/wp-content\/uploads\/2018\/10\/Karla-foto-e1457360230539-300x300.jpg 300w, https:\/\/www.grieta.org.mx\/wp-content\/uploads\/2018\/10\/Karla-foto-e1457360230539-130x130.jpg 130w, https:\/\/www.grieta.org.mx\/wp-content\/uploads\/2018\/10\/Karla-foto-e1457360230539-500x500.jpg 500w\" sizes=\"auto, (max-width: 650px) 100vw, 650px\" \/><\/p>\n<p>Karla Romero Tezmol, de 11 a\u00f1os, desapareci\u00f3 el 13 de enero en el cintur\u00f3n de la trata en Tlaxcala.<br \/>\nEvidencias ignoradas<\/p>\n<p>La destrucci\u00f3n de estas evidencias se suma a una larga cadena de irreglaridades, cometidas por las autoridades.<\/p>\n<p>En primera instancia, a pesar de que la desaparici\u00f3n de Karla fue reportada horas despu\u00e9s de su rapto, la Procuradur\u00eda de Tlaxcala se neg\u00f3 a emitir la Alerta Amber durante los siguientes 21 d\u00edas.<\/p>\n<p>La Alerta Amber, cabe destacar, obliga a difundir el rostro y los datos de identificaci\u00f3n de aquellos menores de edad secuestrados, extraviados, desaparecidos, o cuya ausencia es indicio de que pueden ser v\u00edctimas de alg\u00fan delito, y se trata de un protocolo cuya efectividad depende de que sea activado en las primeras horas tras la desaparici\u00f3n.<\/p>\n<p>\u201cLa Alerta sirve para que las y los ni\u00f1os puedan ser detectados en centrales camioneras, en salidas carreteras, el aeropuertos, su objetivo es crear un cerco que impida que las v\u00edctimas sean extra\u00eddas de su localidad de origen\u2026 Pero en el caso de Karla no ocurri\u00f3 as\u00ed: la Procuradur\u00eda de Tlaxcala les dio 21 d\u00edas a los secuestradores para que sacaran a la ni\u00f1a del estado, y ya que hab\u00eda pasado todo ese tiempo, emitieron la Alerta, pero s\u00f3lo como tr\u00e1mite\u201d, destaca la abogada.<\/p>\n<p>Ante esa respuesta omisa, la familia de Karla elabor\u00f3 volantes con su fotograf\u00eda y datos de identificaci\u00f3n, para repartir por cuenta propia en Tlaxcala y Puebla, e incluso esto fue motivo de una reprimenda: \u201cLa Procuradur\u00eda le reclam\u00f3 a la familia andar volanteando en casetas carreteras, les dijo que con eso pon\u00edan en riesgo la vida de Karla, que se atuvieran a las consecuencias, y que se atuvieran a los da\u00f1os psicol\u00f3gicos que eso les iba a ocasionar\u2026 Pero lo que en realidad no quer\u00edan las autoridades del estado es que este caso se diera a conocer p\u00fablicamente\u201d, destaca la abogada.<\/p>\n<p>Otra de las irregularidades denunciadas por la familia de Karla es que, hasta la fecha, la Procuradur\u00eda tlaxcalteca se ha negado a iniciar una averiguaci\u00f3n previa por los hechos, a pesar de que existen testigos del secuestro, y de que los familiares recibieron llamadas an\u00f3nimas de los presuntos plagiarios.<\/p>\n<p>Incluso, la familia recibi\u00f3 informes an\u00f3nimos de que Karla estaba siendo explotada sexualmente en la zona de prostituci\u00f3n tolerada en la capital de Puebla, entidad con la que colinda el municipio donde la menor fue secuestrada.<\/p>\n<p>La Procuradur\u00eda de Tlaxclala, sin embargo, desestim\u00f3 toda esa informaci\u00f3n y, hasta la fecha, \u201cse niega a iniciar una averiguaci\u00f3n y a abrir una carpeta de investigaci\u00f3n. Por ahora, en Tlaxcala s\u00f3lo hay un \u2018acta circunstanciada\u2019, es decir, una hoja que dice que la familia fue a denunciar la desaparici\u00f3n y ya\u2026 eso es equivalente a nada\u201d, se lamenta la abogada.<\/p>\n<div style=\"position:relative;height:0;padding-bottom:56.21%\"><iframe loading=\"lazy\" src=\"https:\/\/www.youtube.com\/embed\/IycISOQR3hw?ecver=2\" style=\"position:absolute;width:100%;height:100%;left:0\" width=\"640\" height=\"360\" frameborder=\"0\" allow=\"autoplay; encrypted-media\" allowfullscreen><\/iframe><\/div>\n<p>Simulaci\u00f3n y montajes<\/p>\n<p>Cada vez que los pap\u00e1s de Karla recibieron llamadas an\u00f3nimas lo reportaron inmediatamente a la Procuradur\u00eda estatal. Pero ah\u00ed \u201cnos dec\u00edan que no hici\u00e9ramos caso, que eran llamadas de extorsi\u00f3n\u2026 nunca investigaban, s\u00f3lo descartaban la informaci\u00f3n que les d\u00e1bamos\u201d, se\u00f1ala la se\u00f1ora Olga Tezmol, mam\u00e1 de Karla.<\/p>\n<p>\u201cPor eso, cuando nos hablaron (de forma an\u00f3nima) para decirnos que a Karla la ten\u00edan en el Hotel R\u00edo, en la calle 14 Oriente, de Puebla, decidimos no decirle a la Procuradur\u00eda, sino que fuimos directamente a ese lugar y cuando llegu\u00e9 fue horrible ver lo que hab\u00eda ah\u00ed: decenas y decenas de muchachitas y adolescentes, ni\u00f1as de 16, de 15, y m\u00e1s peque\u00f1as, siendo prostituidas en la calle, a la vista de todos; y en las esquinas, gente vigil\u00e1ndolas.<\/p>\n<p>Unos familiares se hicieron pasar por hombres que buscaban un servicio sexual y se acercaron a unas muchachas, ellas les dijeron dos cosas: que no pod\u00edan salirse de la 14 Oriente, que no lo ten\u00edan permitido, y que tampoco pod\u00edan en ese momento dar servicio en su hotel (el R\u00edo), porque estaban esperando que llegara un operativo.\u201d<\/p>\n<p>Efectivamente, destaca la abogada Miriam Pascual, ese d\u00eda, 2 de febrero, a trav\u00e9s de un oficio formal, la Procuradur\u00eda de Tlaxcala hab\u00eda solicitado a su hom\u00f3loga de Puebla que realizara una inspecci\u00f3n en el Hotel R\u00edo, en busca de Karla, pero queda algo sin aclarar: \u00bfc\u00f3mo hicieron las autoridades de Tlaxcala para determinar que Karla estaba en el hotel R\u00edo?<\/p>\n<p>Esta inconsistencia la expone con mayor claridad la mam\u00e1 de Karla: \u201cCuando las prostitutas le dijeron a mis familiares que estaban esperando un operativo en el hotel R\u00edo, decidimos retirarnos, est\u00e1bamos muy confundidos. Se nos hac\u00eda muy raro todo, porque \u00bfc\u00f3mo que iba a haber operativo, si no hab\u00edamos dicho a nadie sobre la llamada que hab\u00edamos recibido? O sea, la Procuradur\u00eda de Tlaxcala estaba respondiendo ante una informaci\u00f3n que todav\u00eda no les proporcion\u00e1bamos\u2026 Y lo peor es que estaba respondiendo pero s\u00f3lo de forma simulada, porque antes de realizar el operativo, se les avis\u00f3 a las mafias que explotan a las muchachitas, para que tomaran sus previsiones\u201d.<\/p>\n<p>Por parte de las autoridades tlaxcaltecas la b\u00fasqueda de Karla s\u00f3lo ha sido \u201csimulada\u201d, destaca la abogada Miriam Pascual, y pone un ejemplo: \u201cA finales de febrero tuvimos una reuni\u00f3n con la procuradora estatal, Alicia Fragoso, en donde nos notific\u00f3 que hab\u00edan realizado un rastreo con 100 elementos en barrancas del estado. Pero, si no hay una carpeta de investigaci\u00f3n, tampoco hay l\u00edneas de investigaci\u00f3n, y sin \u00e9stas: \u00bfc\u00f3mo determinas en qu\u00e9 lugar buscar? Salir a buscar as\u00ed, a ciegas, eligiendo al azar los puntos de rastreo, es s\u00f3lo simular que buscas\u201d.<\/p>\n<p>Este domingo, 6 de marzo, personal de la Secretar\u00eda de Comunicaciones y Transportes impidi\u00f3 a la familia de Karla repartir entre conductores su cartel de b\u00fasqueda.<\/p>\n<p>Culpar a la v\u00edctima<\/p>\n<p>En ese mismo encuentro con la procuradora tlaxcalteca, destaca Miriam Pascual, el director de Servicios Periciales, Nahu Ju\u00e1rez Meza, \u201cnos notific\u00f3 que est\u00e1n realizando una \u2018necropsia psicol\u00f3gica\u2019 de Karla, y eso nos parece muy negativo, porque este an\u00e1lisis suele usarse en M\u00e9xico para responsabilizar a la v\u00edctima de los agravios que sufri\u00f3. Por ejemplo, en el caso de Digna Ochoa, la necropsia psicol\u00f3gica fue la prueba usada por la Procuradur\u00eda del DF, para afirmar que Digna se suicid\u00f3. Igualmente, la necropsia psicol\u00f3gica fue la herramienta usada por las autoridades del Estado de M\u00e9xico para convertir el feminicidio de Mariana Lima en un suicidio.\u201d<\/p>\n<p>Esta herramienta pericial, se\u00f1ala la abogada, \u201cen M\u00e9xico se usa solamente para responsabilizar a la v\u00edctima, se usa para decir: ah, es que estaba loca, ten\u00eda trastornos, y por esta v\u00eda quitarle la calidad de v\u00edctima. Y nosotros presumimos que eso es lo que quiere hacer Tlaxcala en el caso de Karla: quieren hacer pasar a la menor como una ni\u00f1a caprichosa, que se fue de casa, y que eso es culpa de los padres\u201d.<\/p>\n<p>El pasado 2 de marzo, mientras Animal Pol\u00edtico entrevistaba a la familia de Karla en su domicilio, a este inmueble arribaron tres peritos de la Procuradur\u00eda de Tlaxcala, un crimin\u00f3logo, una psic\u00f3loga y una trabajadora social, para formular lo que ellos denominaron \u201cconsultas de rutina\u201d.<\/p>\n<p>Las preguntas que formulan los peritos, sin embargo, sorprenden a todos: \u201c\u00bfKarla menstr\u00faa? \u00bfKarla tiene novio? \u00bfKarla es muy enojona?\u201d<\/p>\n<p>Es decir, detalla la abogada Miriam Pascual, que a pesar de que hay testimonios y evidencias que se\u00f1alan a que Karla fue raptada, posiblemente con fines de explotaci\u00f3n sexual comercial, la Procuradur\u00eda estatal insiste en su hip\u00f3tesis inicial: que la ni\u00f1a se fue con el novio.<\/p>\n<p>\u2013\u00bfKarla ten\u00eda novio? \u2013se pregunta a su mam\u00e1.<\/p>\n<p>\u2013No\u2026 Karla es una ni\u00f1ita, todav\u00eda juega con mu\u00f1ecas, es una ni\u00f1ita de primaria\u2026 Pero suponiendo, sin conceder, que as\u00ed fuera, que Karlita ten\u00eda novio y se escap\u00f3 con \u00e9l, eso en realidad no cambia nada: Karla es una menor de edad y no aplica ninguna clase de consentimiento.<\/p>\n<p>Si Karla se fue con alguien, esa persona est\u00e1 cometiendo un delito, y Karla est\u00e1 siendo su v\u00edctima. Y si ese fuera el caso, de todas formas, la Procuradur\u00eda tiene la obligaci\u00f3n de actuar, en vez de permanecer con los brazos cruzados. Pero insisto, Karla no se fue por su propia voluntad, Karla no se fue con el novio, Karla no huy\u00f3\u2026 a Karla se la llevaron, y ya vamos para dos meses y seguimos sin saber nada de ella.<\/p>\n<p>Ep\u00edlogo: el gobernador<\/p>\n<p>El pasado viernes, 4 de marzo, a petici\u00f3n del a familia de Krla, el Congreso de Tlaxcala aprob\u00f3 citar a comparecer ante el Poder Legislativo a la procuradora Alicia Fragoso, al considerar que la problem\u00e1tica de desaparici\u00f3n de ni\u00f1as y mujeres, as\u00ed como la trata de personas, han crecido en la entidad de manera descontrolada.<\/p>\n<p>El objetivo de la comparecencia es que la funcionaria d\u00e9 una explicaci\u00f3n sobre las anomal\u00edas en las que ha incurrido la dependencia a su cargo, en torno a la desaparici\u00f3n de Karla; asimismo, se pretende que explique qu\u00e9 ha hecho la actual administraci\u00f3n estatal \u2013encabezada por Mariano Gonz\u00e1lez Zarur\u2013 para prevenir y eliminar la trata de personas en Tlaxcala.<\/p>\n<p>Esta comparecencia fue aprobada por el pleno de los diputados tlaxcaltecas, sin embargo, la Constituci\u00f3n estatal prev\u00e9 que, cualquier comparecencia ordenada por el Poder Legislativo deber\u00e1 ser antes aprobada por el gobernador.<\/p>\n<p>As\u00ed, queda en manos de Mariano Gonz\u00e1lez Zarur determinar si, efectivamente, la procuradora estatal rinde cuentas sobre su desempe\u00f1o, o si este procedimiento es vetado.<\/p>\n<p><a href=\"https:\/\/www.animalpolitico.com\/2016\/03\/camara-registra-el-rapto-de-una-nina-en-tlaxcala-pero-la-procuraduria-perdio-el-video\/\">https:\/\/www.animalpolitico.com\/2016\/03\/camara-registra-el-rapto-de-una-nina-en-tlaxcala-pero-la-procuraduria-perdio-el-video\/<\/a><\/p>\n","protected":false},"excerpt":{"rendered":"<p>El pasado 13 de enero, la ni\u00f1a Karla Romero Tezmol, de 11 a\u00f1os de edad, desapareci\u00f3 en el trayecto a su escuela, ubicada a unas cuadras de su casa, en &hellip; <a href=\"https:\/\/www.grieta.org.mx\/index.php\/2018\/03\/07\/camara-registra-el-rapto-de-una-nina-en-tlaxcala-pero-la-procuraduria-perdio-el-video\/\" class=\"more-link\">Leer m\u00e1s<\/a><\/p>\n","protected":false},"author":2,"featured_media":26967,"comment_status":"closed","ping_status":"closed","sticky":false,"template":"","format":"standard","meta":{"ngg_post_thumbnail":0,"_jetpack_newsletter_access":"","_jetpack_dont_email_post_to_subs":false,"_jetpack_newsletter_tier_id":0,"_jetpack_memberships_contains_paywalled_content":false,"_jetpack_memberships_contains_paid_content":false,"footnotes":""},"categories":[80,87,1420,2,83,34,1266],"tags":[631,121,1434,1433,417],"class_list":["post-26965","post","type-post","status-publish","format-standard","has-post-thumbnail","hentry","category-cintillo","category-desaparecidos","category-desaparecidos-en-tlaxcala","category-noticias-nacionales","category-temas-nacionales","category-tlaxcala","category-trata-de-personas-en-tlaxcala","tag-desaparecidas","tag-desaparecidos","tag-ninas-desaparecidas","tag-ninos-desaparecidos","tag-trata-de-personas","entry"],"jetpack_featured_media_url":"https:\/\/www.grieta.org.mx\/wp-content\/uploads\/2018\/10\/Karla-foto-e1457360230539.jpg","jetpack_sharing_enabled":true,"jetpack_shortlink":"https:\/\/wp.me\/p7ZJR4-70V","jetpack_likes_enabled":false,"jetpack-related-posts":[{"id":6067,"url":"https:\/\/www.grieta.org.mx\/index.php\/2016\/01\/19\/mujeres-jovenes-perfil-de-desaparecidas-entre-puebla-y-tlaxcala-2\/","url_meta":{"origin":26965,"position":0},"title":"Mujeres j\u00f3venes, perfil de desaparecidas entre Puebla y Tlaxcala","author":"grieta","date":"19 enero, 2016","format":false,"excerpt":"Samantha P\u00e1ez\/e-tlaxcala El perfil de personas desaparecidas en Tlaxcala es de mujeres j\u00f3venes, de acuerdo con datos del Registro Nacional de Datos de Personas Extraviadas o Desaparecidas. De los 19 casos reportados, de 2009 a 2015, nueve son mujeres y siete de ellas tienen menos de 18 a\u00f1os de edad.\u2026","rel":"","context":"En &quot;CINTILLO&quot;","block_context":{"text":"CINTILLO","link":"https:\/\/www.grieta.org.mx\/index.php\/category\/cintillo\/"},"img":{"alt_text":"","src":"https:\/\/i0.wp.com\/www.grieta.org.mx\/wp-content\/uploads\/2018\/03\/14524434_1106112876131411_958039263622046936_o.jpg?resize=350%2C200&ssl=1","width":350,"height":200,"srcset":"https:\/\/i0.wp.com\/www.grieta.org.mx\/wp-content\/uploads\/2018\/03\/14524434_1106112876131411_958039263622046936_o.jpg?resize=350%2C200&ssl=1 1x, https:\/\/i0.wp.com\/www.grieta.org.mx\/wp-content\/uploads\/2018\/03\/14524434_1106112876131411_958039263622046936_o.jpg?resize=525%2C300&ssl=1 1.5x, https:\/\/i0.wp.com\/www.grieta.org.mx\/wp-content\/uploads\/2018\/03\/14524434_1106112876131411_958039263622046936_o.jpg?resize=700%2C400&ssl=1 2x"},"classes":[]},{"id":6065,"url":"https:\/\/www.grieta.org.mx\/index.php\/2016\/02\/09\/tlaxcala-tierra-de-desaparecidos-2\/","url_meta":{"origin":26965,"position":1},"title":"Tlaxcala, tierra de desaparecidos","author":"grieta","date":"9 febrero, 2016","format":false,"excerpt":"Pedro Sierra\/e-tlaxcala Tan s\u00f3lo en los primeros d\u00edas de febrero se han sumado dos desaparecidos m\u00e1s a la larga lista de personas que son publicadas en las redes sociales para su b\u00fasqueda, confirmando que Tlaxcala ha venido sufriendo de este fen\u00f3meno con mayor intensidad en los \u00faltimos a\u00f1os. El pasado\u2026","rel":"","context":"En &quot;CINTILLO&quot;","block_context":{"text":"CINTILLO","link":"https:\/\/www.grieta.org.mx\/index.php\/category\/cintillo\/"},"img":{"alt_text":"","src":"https:\/\/i0.wp.com\/www.grieta.org.mx\/wp-content\/uploads\/2018\/03\/14524434_1106112876131411_958039263622046936_o.jpg?resize=350%2C200&ssl=1","width":350,"height":200,"srcset":"https:\/\/i0.wp.com\/www.grieta.org.mx\/wp-content\/uploads\/2018\/03\/14524434_1106112876131411_958039263622046936_o.jpg?resize=350%2C200&ssl=1 1x, https:\/\/i0.wp.com\/www.grieta.org.mx\/wp-content\/uploads\/2018\/03\/14524434_1106112876131411_958039263622046936_o.jpg?resize=525%2C300&ssl=1 1.5x, https:\/\/i0.wp.com\/www.grieta.org.mx\/wp-content\/uploads\/2018\/03\/14524434_1106112876131411_958039263622046936_o.jpg?resize=700%2C400&ssl=1 2x"},"classes":[]},{"id":24354,"url":"https:\/\/www.grieta.org.mx\/index.php\/2015\/08\/04\/hoy-marchan-padres-de-43-desaparecidos-de-ayotzinapa-en-tlaxcala-2\/","url_meta":{"origin":26965,"position":2},"title":"Hoy marchan padres de 43 desaparecidos de Ayotzinapa en Tlaxcala","author":"grieta","date":"4 agosto, 2015","format":false,"excerpt":"Xico Corona poco m\u00e1s de diez meses de la desaparici\u00f3n de 43 estudiantes de la escuela normal \u201cRa\u00fal Isidro Burgos\u201d de Ayotzinapa Guerrero, nuevamente llegar\u00e1 a Tlaxcala la caravana de padres de familia de los \u201c43 que faltan\u201d para marchar y exigir al gobierno federal el paradero de los j\u00f3venes,\u2026","rel":"","context":"En &quot;CINTILLO&quot;","block_context":{"text":"CINTILLO","link":"https:\/\/www.grieta.org.mx\/index.php\/category\/cintillo\/"},"img":{"alt_text":"","src":"https:\/\/i0.wp.com\/www.grieta.org.mx\/wp-content\/uploads\/2018\/07\/nota_ayotzinapa.jpg?resize=350%2C200&ssl=1","width":350,"height":200,"srcset":"https:\/\/i0.wp.com\/www.grieta.org.mx\/wp-content\/uploads\/2018\/07\/nota_ayotzinapa.jpg?resize=350%2C200&ssl=1 1x, https:\/\/i0.wp.com\/www.grieta.org.mx\/wp-content\/uploads\/2018\/07\/nota_ayotzinapa.jpg?resize=525%2C300&ssl=1 1.5x"},"classes":[]},{"id":7582,"url":"https:\/\/www.grieta.org.mx\/index.php\/2015\/08\/04\/hoy-marchan-padres-de-43-desaparecidos-de-ayotzinapa-en-tlaxcala\/","url_meta":{"origin":26965,"position":3},"title":"Hoy marchan padres de 43 desaparecidos de Ayotzinapa en Tlaxcala","author":"grieta","date":"4 agosto, 2015","format":false,"excerpt":"Xico Corona\/e-consulta A poco m\u00e1s de diez meses de la desaparici\u00f3n de 43 estudiantes de la escuela normal \u201cRa\u00fal Isidro Burgos\u201d de Ayotzinapa Guerrero, nuevamente llegar\u00e1 a Tlaxcala la caravana de padres de familia de los \u201c43 que faltan\u201d para marchar y exigir al gobierno federal el paradero de los\u2026","rel":"","context":"En &quot;CINTILLO&quot;","block_context":{"text":"CINTILLO","link":"https:\/\/www.grieta.org.mx\/index.php\/category\/cintillo\/"},"img":{"alt_text":"","src":"https:\/\/i0.wp.com\/www.grieta.org.mx\/wp-content\/uploads\/2018\/03\/14524434_1106112876131411_958039263622046936_o.jpg?resize=350%2C200&ssl=1","width":350,"height":200,"srcset":"https:\/\/i0.wp.com\/www.grieta.org.mx\/wp-content\/uploads\/2018\/03\/14524434_1106112876131411_958039263622046936_o.jpg?resize=350%2C200&ssl=1 1x, https:\/\/i0.wp.com\/www.grieta.org.mx\/wp-content\/uploads\/2018\/03\/14524434_1106112876131411_958039263622046936_o.jpg?resize=525%2C300&ssl=1 1.5x, https:\/\/i0.wp.com\/www.grieta.org.mx\/wp-content\/uploads\/2018\/03\/14524434_1106112876131411_958039263622046936_o.jpg?resize=700%2C400&ssl=1 2x"},"classes":[]},{"id":6062,"url":"https:\/\/www.grieta.org.mx\/index.php\/2016\/03\/12\/omision-de-autoridades-en-tlaxcala-ha-permitido-que-en-35-municipios-haya-redes-de-trata-hay-politica-de-simulacion-en-torno-al-fenomeno\/","url_meta":{"origin":26965,"position":4},"title":"Omisi\u00f3n de autoridades en Tlaxcala ha permitido que en 35 municipios haya redes de trata; \u201chay pol\u00edtica de simulaci\u00f3n en torno al fen\u00f3meno\u201d","author":"grieta","date":"12 marzo, 2016","format":false,"excerpt":"Edgar Rosas\/Revoluci\u00f3n Tres Punto Cero El fen\u00f3meno de la desaparici\u00f3n de ni\u00f1as y mujeres en Tlaxcala, que est\u00e1 relacionado con las redes de trata que imperan en la entidad, ha crecido de manera alarmante en los \u00faltimos a\u00f1os. Esta problem\u00e1tica se ha incrementado por la omisi\u00f3n de las autoridades, que\u2026","rel":"","context":"En &quot;CINTILLO&quot;","block_context":{"text":"CINTILLO","link":"https:\/\/www.grieta.org.mx\/index.php\/category\/cintillo\/"},"img":{"alt_text":"","src":"https:\/\/i0.wp.com\/www.grieta.org.mx\/wp-content\/uploads\/2018\/03\/14524434_1106112876131411_958039263622046936_o.jpg?resize=350%2C200&ssl=1","width":350,"height":200,"srcset":"https:\/\/i0.wp.com\/www.grieta.org.mx\/wp-content\/uploads\/2018\/03\/14524434_1106112876131411_958039263622046936_o.jpg?resize=350%2C200&ssl=1 1x, https:\/\/i0.wp.com\/www.grieta.org.mx\/wp-content\/uploads\/2018\/03\/14524434_1106112876131411_958039263622046936_o.jpg?resize=525%2C300&ssl=1 1.5x, https:\/\/i0.wp.com\/www.grieta.org.mx\/wp-content\/uploads\/2018\/03\/14524434_1106112876131411_958039263622046936_o.jpg?resize=700%2C400&ssl=1 2x"},"classes":[]},{"id":7410,"url":"https:\/\/www.grieta.org.mx\/index.php\/2015\/12\/05\/caravana-de-madres-centroamericanas-en-tlaxcala\/","url_meta":{"origin":26965,"position":5},"title":"Caravana de Madres Centroamericanas en Tlaxcala","author":"grieta","date":"5 diciembre, 2015","format":false,"excerpt":"05\/12\/15. Pasa por Tlaxcala la Caravana de Madres Centroamericanas e-consulta","rel":"","context":"En &quot;Migrantes&quot;","block_context":{"text":"Migrantes","link":"https:\/\/www.grieta.org.mx\/index.php\/category\/temas-nacionales\/migrantes\/"},"img":{"alt_text":"","src":"https:\/\/i0.wp.com\/www.grieta.org.mx\/wp-content\/uploads\/2018\/03\/14524434_1106112876131411_958039263622046936_o.jpg?resize=350%2C200&ssl=1","width":350,"height":200,"srcset":"https:\/\/i0.wp.com\/www.grieta.org.mx\/wp-content\/uploads\/2018\/03\/14524434_1106112876131411_958039263622046936_o.jpg?resize=350%2C200&ssl=1 1x, https:\/\/i0.wp.com\/www.grieta.org.mx\/wp-content\/uploads\/2018\/03\/14524434_1106112876131411_958039263622046936_o.jpg?resize=525%2C300&ssl=1 1.5x, https:\/\/i0.wp.com\/www.grieta.org.mx\/wp-content\/uploads\/2018\/03\/14524434_1106112876131411_958039263622046936_o.jpg?resize=700%2C400&ssl=1 2x"},"classes":[]}],"_links":{"self":[{"href":"https:\/\/www.grieta.org.mx\/index.php\/wp-json\/wp\/v2\/posts\/26965","targetHints":{"allow":["GET"]}}],"collection":[{"href":"https:\/\/www.grieta.org.mx\/index.php\/wp-json\/wp\/v2\/posts"}],"about":[{"href":"https:\/\/www.grieta.org.mx\/index.php\/wp-json\/wp\/v2\/types\/post"}],"author":[{"embeddable":true,"href":"https:\/\/www.grieta.org.mx\/index.php\/wp-json\/wp\/v2\/users\/2"}],"replies":[{"embeddable":true,"href":"https:\/\/www.grieta.org.mx\/index.php\/wp-json\/wp\/v2\/comments?post=26965"}],"version-history":[{"count":1,"href":"https:\/\/www.grieta.org.mx\/index.php\/wp-json\/wp\/v2\/posts\/26965\/revisions"}],"predecessor-version":[{"id":26968,"href":"https:\/\/www.grieta.org.mx\/index.php\/wp-json\/wp\/v2\/posts\/26965\/revisions\/26968"}],"wp:featuredmedia":[{"embeddable":true,"href":"https:\/\/www.grieta.org.mx\/index.php\/wp-json\/wp\/v2\/media\/26967"}],"wp:attachment":[{"href":"https:\/\/www.grieta.org.mx\/index.php\/wp-json\/wp\/v2\/media?parent=26965"}],"wp:term":[{"taxonomy":"category","embeddable":true,"href":"https:\/\/www.grieta.org.mx\/index.php\/wp-json\/wp\/v2\/categories?post=26965"},{"taxonomy":"post_tag","embeddable":true,"href":"https:\/\/www.grieta.org.mx\/index.php\/wp-json\/wp\/v2\/tags?post=26965"}],"curies":[{"name":"wp","href":"https:\/\/api.w.org\/{rel}","templated":true}]}}