{"id":26951,"date":"2018-09-04T12:44:50","date_gmt":"2018-09-04T17:44:50","guid":{"rendered":"http:\/\/www.grieta.org.mx\/?p=26951"},"modified":"2018-10-03T12:54:18","modified_gmt":"2018-10-03T17:54:18","slug":"con-policia-imponen-granja-para-mas-de-un-millon-de-cerdos-en-puebla","status":"publish","type":"post","link":"https:\/\/www.grieta.org.mx\/index.php\/2018\/09\/04\/con-policia-imponen-granja-para-mas-de-un-millon-de-cerdos-en-puebla\/","title":{"rendered":"Con polic\u00eda imponen granja para m\u00e1s de un mill\u00f3n de cerdos en Puebla"},"content":{"rendered":"<figure id=\"attachment_26953\" aria-describedby=\"caption-attachment-26953\" style=\"width: 704px\" class=\"wp-caption aligncenter\"><img loading=\"lazy\" decoding=\"async\" data-attachment-id=\"26953\" data-permalink=\"https:\/\/www.grieta.org.mx\/index.php\/2018\/09\/04\/con-policia-imponen-granja-para-mas-de-un-millon-de-cerdos-en-puebla\/direct-8\/\" data-orig-file=\"https:\/\/www.grieta.org.mx\/wp-content\/uploads\/2018\/10\/direct.jpg\" data-orig-size=\"704,353\" data-comments-opened=\"0\" data-image-meta=\"{&quot;aperture&quot;:&quot;0&quot;,&quot;credit&quot;:&quot;&quot;,&quot;camera&quot;:&quot;&quot;,&quot;caption&quot;:&quot;&quot;,&quot;created_timestamp&quot;:&quot;0&quot;,&quot;copyright&quot;:&quot;&quot;,&quot;focal_length&quot;:&quot;0&quot;,&quot;iso&quot;:&quot;0&quot;,&quot;shutter_speed&quot;:&quot;0&quot;,&quot;title&quot;:&quot;&quot;,&quot;orientation&quot;:&quot;0&quot;}\" data-image-title=\"direct\" data-image-description=\"\" data-image-caption=\"&lt;p&gt;Polic\u00eda estatal de Puebla y empleados de Granjas Carrol, atravesaron maquinaria sobre campos de cultivo. 1.25 millones de cerdos dejar\u00e1 sin agua y con suelos inf\u00e9rtiles a pueblo de Cuyoaco.&lt;\/p&gt;\n\" data-medium-file=\"https:\/\/www.grieta.org.mx\/wp-content\/uploads\/2018\/10\/direct-300x150.jpg\" data-large-file=\"https:\/\/www.grieta.org.mx\/wp-content\/uploads\/2018\/10\/direct.jpg\" src=\"http:\/\/www.grieta.org.mx\/wp-content\/uploads\/2018\/10\/direct.jpg\" alt=\"\" width=\"704\" height=\"353\" class=\"size-full wp-image-26953\" srcset=\"https:\/\/www.grieta.org.mx\/wp-content\/uploads\/2018\/10\/direct.jpg 704w, https:\/\/www.grieta.org.mx\/wp-content\/uploads\/2018\/10\/direct-300x150.jpg 300w\" sizes=\"auto, (max-width: 704px) 100vw, 704px\" \/><figcaption id=\"caption-attachment-26953\" class=\"wp-caption-text\">Polic\u00eda estatal de Puebla y empleados de Granjas Carrol, atravesaron maquinaria sobre campos de cultivo. 1.25 millones de cerdos dejar\u00e1 sin agua y con suelos inf\u00e9rtiles a pueblo de Cuyoaco.<\/figcaption><\/figure>\n<p>Gabriel Ram\u00edrez Cuevas \/ <em>Regeneraci\u00f3n<\/em><\/p>\n<p>Regeneraci\u00f3n, 4 de septiembre del 2018. Cuyoaco, Puebla.- Custodiados por elementos de la Polic\u00eda Estatal empleados de Granjas Carrol irrumpieron en terrenos agr\u00edcolas de Cuyuaco pese a la oposici\u00f3n de pobladores que les reclamaron su actitud y minutos m\u00e1s tarde, gendarmes intentaron detener a Oswaldo Villegas, defensor del agua y el territorio en la cuenca Libres-Oriental.<\/p>\n<p>De acuerdo con un video difundido por los campesinos de Cuyuaco, los empleados de la transnacional dedicada a la producci\u00f3n de cerdos, llegaron a bordo de grandes maquinarias que atravesaron por sus maizales para acceder a una nueva planta en la que con una inversi\u00f3n de 150 millones de pesos se producir\u00e1n miles de vientres porcinos al a\u00f1o.<\/p>\n<p>El proyecto ha desatado la inconformidad de pobladores debido a la enorme cantidad de agua que se necesitar\u00e1 para producir y mantener una poblaci\u00f3n \u201cen promedio de 1.25 millones de cerdos con un crecimiento anual de 12 por ciento, adem\u00e1s de provocar, a un mediano y largo plazo, suelos inf\u00e9rtiles\u201d.<\/p>\n<p>DENUNCIA INTENTO DE DETENCION<\/p>\n<p>Por su parte, Oswaldo Villegas Mart\u00ednez dirigente del Movimiento en Defensa del Agua y la Tierra de la Coordinadora Nacional Plan de Ayala (Modat-CNPA-MN) denunci\u00f3 la intentona de elementos de la Polic\u00eda Estatal de detenerlo, \u201cbajo acusaciones de robo de mi propio veh\u00edculo\u201d, luego de la irrupci\u00f3n de la empresa porc\u00edcola en la regi\u00f3n.<\/p>\n<p>De acuerdo con otro video que hizo circular el propio Villegas la polic\u00eda lo quer\u00eda detener \u201cacus\u00e1ndome del robo de mi propio veh\u00edculo y por estar sujeto a una supuesta investigaci\u00f3n. Al mismo tiempo Granjas Carrol entraba a Cuyoaco con ayuda de la polic\u00eda estatal poblana, pero logramos salir adelante todos unidos y organizados\u201d, se\u00f1al\u00f3.<\/p>\n<p>Villegas se opuso a bajar de su autom\u00f3vil y que los oficiales lo inspeccionaran con el argumento de que el veh\u00edculo era propiedad privada y permaneci\u00f3 en el lugar del ret\u00e9n instalado por los elementos hasta que checaron a trav\u00e9s de Plataforma M\u00e9xico que el mismo no tuviera reporte de robo, como aconteci\u00f3.<\/p>\n<p>Desde el 2014, Oswaldo Villegas ha participado en la defensa del agua y los recursos naturales del municipio de Ocotepec, ante el intento de empresas impulsoras de megaproyectos de apropiarse del agua de la cuenca Libres-Oriental por medio de fundaciones estadunidenses como la Living Water, presidida por petroleros del pa\u00eds del norte.<\/p>\n<p>El l\u00edder cuenta con el mecanismo de protecci\u00f3n a defensores de derechos humanos y periodistas, a partir de agresiones ocurridas el 20 de febrero de 2017 \u201clos defensores del Movimiento por la Defensa del Agua y otros Recursos Naturales en Ocotepec, cuando fueron agredidos verbalmente les fueron arrebatados carteles, mantas y hasta el aparato de sonido que llevaban.<\/p>\n<p>Ocotepec es un peque\u00f1o municipio ubicado al occidente de Ixtacamaxtitl\u00e1n y al norte de Libres, dos demarcaciones en donde se han concesionado varios miles de hect\u00e1reas de tierra a la minera canadiense Almaden Minerals.<\/p>\n<p><a href=\"https:\/\/regeneracion.mx\/con-policia-imponen-granja-para-mas-de-un-millon-de-cerdos-en-puebla\/\">https:\/\/regeneracion.mx\/con-policia-imponen-granja-para-mas-de-un-millon-de-cerdos-en-puebla\/<\/a><\/p>\n","protected":false},"excerpt":{"rendered":"<p>Gabriel Ram\u00edrez Cuevas \/ Regeneraci\u00f3n Regeneraci\u00f3n, 4 de septiembre del 2018. Cuyoaco, Puebla.- Custodiados por elementos de la Polic\u00eda Estatal empleados de Granjas Carrol irrumpieron en terrenos agr\u00edcolas de Cuyuaco &hellip; <a href=\"https:\/\/www.grieta.org.mx\/index.php\/2018\/09\/04\/con-policia-imponen-granja-para-mas-de-un-millon-de-cerdos-en-puebla\/\" class=\"more-link\">Leer m\u00e1s<\/a><\/p>\n","protected":false},"author":2,"featured_media":26953,"comment_status":"closed","ping_status":"closed","sticky":false,"template":"","format":"standard","meta":{"ngg_post_thumbnail":0,"_jetpack_newsletter_access":"","_jetpack_dont_email_post_to_subs":false,"_jetpack_newsletter_tier_id":0,"_jetpack_memberships_contains_paywalled_content":false,"_jetpack_memberships_contains_paid_content":false,"footnotes":""},"categories":[80,1255,2,26],"tags":[425,1022,1377],"class_list":["post-26951","post","type-post","status-publish","format-standard","has-post-thumbnail","hentry","category-cintillo","category-contaminacion-del-agua-por-industria-en-puebla","category-noticias-nacionales","category-puebla","tag-contaminacion-agua","tag-granja-porcicola","tag-violencia-de-fuerzas-represivas","entry"],"jetpack_featured_media_url":"https:\/\/www.grieta.org.mx\/wp-content\/uploads\/2018\/10\/direct.jpg","jetpack_sharing_enabled":true,"jetpack_shortlink":"https:\/\/wp.me\/p7ZJR4-70H","jetpack_likes_enabled":false,"jetpack-related-posts":[{"id":56858,"url":"https:\/\/www.grieta.org.mx\/index.php\/2020\/11\/18\/la-guerra-de-san-antonio-de-las-cuchillas-contra-una-granja-de-cerdos-puebla\/","url_meta":{"origin":26951,"position":0},"title":"La guerra de San Antonio de las Cuchillas contra una granja de cerdos (Puebla)","author":"Admin","date":"18 noviembre, 2020","format":false,"excerpt":"Texto : Kau Sirenio Pioquinto Fotos: Alexis de la Cruz ALJOJUCA, PUEBLA.- Los gritos y correderas de los\u00a0 ni\u00f1os en las calles de San Antonio de las Cuchillas son felicidad. Para ellos, no hay momento triste ni de preocupaci\u00f3n, porque a pesar del fr\u00edo los juegos nunca terminan. Aqu\u00ed, los\u2026","rel":"","context":"En &quot;CINTILLO&quot;","block_context":{"text":"CINTILLO","link":"https:\/\/www.grieta.org.mx\/index.php\/category\/cintillo\/"},"img":{"alt_text":"","src":"https:\/\/i0.wp.com\/www.grieta.org.mx\/wp-content\/uploads\/2021\/02\/Granja_Carrol_ALexis_de_la_Cruz.jpg?resize=350%2C200&ssl=1","width":350,"height":200,"srcset":"https:\/\/i0.wp.com\/www.grieta.org.mx\/wp-content\/uploads\/2021\/02\/Granja_Carrol_ALexis_de_la_Cruz.jpg?resize=350%2C200&ssl=1 1x, https:\/\/i0.wp.com\/www.grieta.org.mx\/wp-content\/uploads\/2021\/02\/Granja_Carrol_ALexis_de_la_Cruz.jpg?resize=525%2C300&ssl=1 1.5x, https:\/\/i0.wp.com\/www.grieta.org.mx\/wp-content\/uploads\/2021\/02\/Granja_Carrol_ALexis_de_la_Cruz.jpg?resize=700%2C400&ssl=1 2x"},"classes":[]},{"id":66379,"url":"https:\/\/www.grieta.org.mx\/index.php\/2023\/03\/03\/yucatan-antimotines-para-custodiar-alimento-para-cerdos-de-keken-pueblo-maya-de-sitilpech-denuncia-nuevamente-represion-policiaca-por-protesta-contra-mega-granjas-porcicolas\/","url_meta":{"origin":26951,"position":1},"title":"Yucat\u00e1n | Antimotines para custodiar alimento para cerdos de Kek\u00e9n: Pueblo maya de Sitilpech denuncia nuevamente represi\u00f3n policiaca por protesta contra mega granjas porc\u00edcolas","author":"grieta","date":"3 marzo, 2023","format":false,"excerpt":"Noticaribe M\u00c9RIDA, MX.- Una vez m\u00e1s, las y los habitantes de Sitilpech denuncian y exhiben represi\u00f3n policiaca ante el bloqueo que mantienen en una de las granjas porc\u00edcolas en sus tierras. Las personas que mantienen un bloqueo a las afueras de la granja denunciaron que elementos de la Secretar\u00eda de\u2026","rel":"","context":"En &quot;Agroindustria&quot;","block_context":{"text":"Agroindustria","link":"https:\/\/www.grieta.org.mx\/index.php\/category\/megaproyectos\/agroindustria\/"},"img":{"alt_text":"","src":"https:\/\/i0.wp.com\/www.grieta.org.mx\/wp-content\/uploads\/2023\/03\/Antimotines-e1677881381914.jpg?resize=350%2C200&ssl=1","width":350,"height":200,"srcset":"https:\/\/i0.wp.com\/www.grieta.org.mx\/wp-content\/uploads\/2023\/03\/Antimotines-e1677881381914.jpg?resize=350%2C200&ssl=1 1x, https:\/\/i0.wp.com\/www.grieta.org.mx\/wp-content\/uploads\/2023\/03\/Antimotines-e1677881381914.jpg?resize=525%2C300&ssl=1 1.5x, https:\/\/i0.wp.com\/www.grieta.org.mx\/wp-content\/uploads\/2023\/03\/Antimotines-e1677881381914.jpg?resize=700%2C400&ssl=1 2x"},"classes":[]},{"id":31353,"url":"https:\/\/www.grieta.org.mx\/index.php\/2019\/03\/26\/mineras-e-hidroelectricas-ya-funcionan-en-puebla-con-aval-federal\/","url_meta":{"origin":26951,"position":2},"title":"Mineras e hidroel\u00e9ctricas ya funcionan en Puebla con aval federal","author":"grieta","date":"26 marzo, 2019","format":false,"excerpt":"Samuel Vera Cort\u00e9s \/ Megal\u00f3polis Los municipios en que se ubican esas transnacionales son: Ixtacamaxtitl\u00e1n, Libres, Cuyoaco, Tepeyahualco, Tlatlauquitepec y Tetela de Ocampo. A pesar de que el Presidente de la Rep\u00fablica, Andr\u00e9s Manuel L\u00f3pez Obrador, asegur\u00f3 que solo el 40 por ciento del territorio mexicano est\u00e1 concesionado, el representante\u2026","rel":"","context":"En &quot;26. Sierra Puebla&quot;","block_context":{"text":"26. Sierra Puebla","link":"https:\/\/www.grieta.org.mx\/index.php\/category\/espejos-de-la-resistencia\/26-sierra-puebla\/"},"img":{"alt_text":"","src":"https:\/\/i0.wp.com\/www.grieta.org.mx\/wp-content\/uploads\/2019\/03\/mineras-e-hidroelectricas-ya-funcionan-en-puebla-con-aval-federal.jpg?resize=350%2C200&ssl=1","width":350,"height":200,"srcset":"https:\/\/i0.wp.com\/www.grieta.org.mx\/wp-content\/uploads\/2019\/03\/mineras-e-hidroelectricas-ya-funcionan-en-puebla-con-aval-federal.jpg?resize=350%2C200&ssl=1 1x, https:\/\/i0.wp.com\/www.grieta.org.mx\/wp-content\/uploads\/2019\/03\/mineras-e-hidroelectricas-ya-funcionan-en-puebla-con-aval-federal.jpg?resize=525%2C300&ssl=1 1.5x, https:\/\/i0.wp.com\/www.grieta.org.mx\/wp-content\/uploads\/2019\/03\/mineras-e-hidroelectricas-ya-funcionan-en-puebla-con-aval-federal.jpg?resize=700%2C400&ssl=1 2x, https:\/\/i0.wp.com\/www.grieta.org.mx\/wp-content\/uploads\/2019\/03\/mineras-e-hidroelectricas-ya-funcionan-en-puebla-con-aval-federal.jpg?resize=1050%2C600&ssl=1 3x"},"classes":[]},{"id":60702,"url":"https:\/\/www.grieta.org.mx\/index.php\/2021\/07\/19\/demandan-a-otra-megagranja-de-cerdos-contamina-a-sitilpech-yucatan\/","url_meta":{"origin":26951,"position":3},"title":"Demandan a otra megagranja de cerdos: Contamina a Sitilpech  (Yucat\u00e1n)","author":"grieta","date":"19 julio, 2021","format":false,"excerpt":"Claudia Arriaga \/ Haz Ruido La granja porc\u00edcola \u201cKancabchen II\u201d opera desde hace dos a\u00f1os y al estar casi a 700 metros de distancia de la comisar\u00eda, la poblaci\u00f3n percibe malos olores y le preocupa la contaminaci\u00f3n de los pozos y cenotes de donde obtienen agua. M\u00e9rida, Yucat\u00e1n, 16 de\u2026","rel":"","context":"En &quot;Agroindustria&quot;","block_context":{"text":"Agroindustria","link":"https:\/\/www.grieta.org.mx\/index.php\/category\/megaproyectos\/agroindustria\/"},"img":{"alt_text":"","src":"","width":0,"height":0},"classes":[]},{"id":56486,"url":"https:\/\/www.grieta.org.mx\/index.php\/2021\/01\/28\/poblacion-maya-paraliza-granja-de-cerdos-que-contamina-chapab-yucatan\/","url_meta":{"origin":26951,"position":4},"title":"Poblaci\u00f3n maya paraliza granja de cerdos que contamina Chapab (Yucat\u00e1n)","author":"grieta","date":"28 enero, 2021","format":false,"excerpt":"Haz Ruido Promovieron un juicio de amparo ante la contaminaci\u00f3n, el uso indebido de sus tierras y porque las autoridades les negaron informaci\u00f3n sobre permisos ambientales. M\u00e9rida, Yucat\u00e1n, 28 de enero de 2021.-El Juzgado Tercero de Distrito, con sede en Yucat\u00e1n, admiti\u00f3 una demanda de amparo y concedi\u00f3 la suspensi\u00f3n\u2026","rel":"","context":"En &quot;Agroindustria&quot;","block_context":{"text":"Agroindustria","link":"https:\/\/www.grieta.org.mx\/index.php\/category\/megaproyectos\/agroindustria\/"},"img":{"alt_text":"","src":"https:\/\/i0.wp.com\/www.grieta.org.mx\/wp-content\/uploads\/2021\/01\/Chapab.png?resize=350%2C200&ssl=1","width":350,"height":200,"srcset":"https:\/\/i0.wp.com\/www.grieta.org.mx\/wp-content\/uploads\/2021\/01\/Chapab.png?resize=350%2C200&ssl=1 1x, https:\/\/i0.wp.com\/www.grieta.org.mx\/wp-content\/uploads\/2021\/01\/Chapab.png?resize=525%2C300&ssl=1 1.5x, https:\/\/i0.wp.com\/www.grieta.org.mx\/wp-content\/uploads\/2021\/01\/Chapab.png?resize=700%2C400&ssl=1 2x"},"classes":[]},{"id":63859,"url":"https:\/\/www.grieta.org.mx\/index.php\/2022\/03\/13\/contaminacion-por-excremento-de-cerdos-igual-a-la-que-generan-habitantes-de-ciudad-caucel-yucatan\/","url_meta":{"origin":26951,"position":5},"title":"Contaminaci\u00f3n por excremento de cerdos, igual a la que generan habitantes de Ciudad Caucel (Yucat\u00e1n)","author":"grieta","date":"13 marzo, 2022","format":false,"excerpt":"Rub\u00e9n Dar\u00edo Hau \/Fotos Mart\u00edn Zetina \/ PorEsto! \"Es una falsa idea decir que en Yucat\u00e1n hay mucha agua y de buena calidad como atractivo para atraer empresas\", expuso el especialista de la UNAM ante la contaminaci\u00f3n de granjas porc\u00edcolas Yucat\u00e1n ocupa el tercer lugar en producci\u00f3n de carne de\u2026","rel":"","context":"En &quot;16. Pueblo Maya&quot;","block_context":{"text":"16. Pueblo Maya","link":"https:\/\/www.grieta.org.mx\/index.php\/category\/espejos-de-la-resistencia\/16-pueblo-maya\/"},"img":{"alt_text":"","src":"https:\/\/i0.wp.com\/www.grieta.org.mx\/wp-content\/uploads\/2022\/03\/Cerdos-e1648493629766.png?resize=350%2C200&ssl=1","width":350,"height":200,"srcset":"https:\/\/i0.wp.com\/www.grieta.org.mx\/wp-content\/uploads\/2022\/03\/Cerdos-e1648493629766.png?resize=350%2C200&ssl=1 1x, https:\/\/i0.wp.com\/www.grieta.org.mx\/wp-content\/uploads\/2022\/03\/Cerdos-e1648493629766.png?resize=525%2C300&ssl=1 1.5x, https:\/\/i0.wp.com\/www.grieta.org.mx\/wp-content\/uploads\/2022\/03\/Cerdos-e1648493629766.png?resize=700%2C400&ssl=1 2x"},"classes":[]}],"_links":{"self":[{"href":"https:\/\/www.grieta.org.mx\/index.php\/wp-json\/wp\/v2\/posts\/26951","targetHints":{"allow":["GET"]}}],"collection":[{"href":"https:\/\/www.grieta.org.mx\/index.php\/wp-json\/wp\/v2\/posts"}],"about":[{"href":"https:\/\/www.grieta.org.mx\/index.php\/wp-json\/wp\/v2\/types\/post"}],"author":[{"embeddable":true,"href":"https:\/\/www.grieta.org.mx\/index.php\/wp-json\/wp\/v2\/users\/2"}],"replies":[{"embeddable":true,"href":"https:\/\/www.grieta.org.mx\/index.php\/wp-json\/wp\/v2\/comments?post=26951"}],"version-history":[{"count":1,"href":"https:\/\/www.grieta.org.mx\/index.php\/wp-json\/wp\/v2\/posts\/26951\/revisions"}],"predecessor-version":[{"id":26954,"href":"https:\/\/www.grieta.org.mx\/index.php\/wp-json\/wp\/v2\/posts\/26951\/revisions\/26954"}],"wp:featuredmedia":[{"embeddable":true,"href":"https:\/\/www.grieta.org.mx\/index.php\/wp-json\/wp\/v2\/media\/26953"}],"wp:attachment":[{"href":"https:\/\/www.grieta.org.mx\/index.php\/wp-json\/wp\/v2\/media?parent=26951"}],"wp:term":[{"taxonomy":"category","embeddable":true,"href":"https:\/\/www.grieta.org.mx\/index.php\/wp-json\/wp\/v2\/categories?post=26951"},{"taxonomy":"post_tag","embeddable":true,"href":"https:\/\/www.grieta.org.mx\/index.php\/wp-json\/wp\/v2\/tags?post=26951"}],"curies":[{"name":"wp","href":"https:\/\/api.w.org\/{rel}","templated":true}]}}