{"id":26925,"date":"2018-09-26T12:18:47","date_gmt":"2018-09-26T17:18:47","guid":{"rendered":"http:\/\/www.grieta.org.mx\/?p=26925"},"modified":"2018-10-02T12:50:37","modified_gmt":"2018-10-02T17:50:37","slug":"protestan-y-toman-escuela-estudiantes-de-la-normal-rural-de-hecelchakan-campeche","status":"publish","type":"post","link":"https:\/\/www.grieta.org.mx\/index.php\/2018\/09\/26\/protestan-y-toman-escuela-estudiantes-de-la-normal-rural-de-hecelchakan-campeche\/","title":{"rendered":"Protestan y toman escuela estudiantes de la Normal Rural de Hecelchak\u00e1n (Campeche)"},"content":{"rendered":"<p><img loading=\"lazy\" decoding=\"async\" data-attachment-id=\"26926\" data-permalink=\"https:\/\/www.grieta.org.mx\/index.php\/2018\/09\/26\/protestan-y-toman-escuela-estudiantes-de-la-normal-rural-de-hecelchakan-campeche\/ptr\/\" data-orig-file=\"https:\/\/www.grieta.org.mx\/wp-content\/uploads\/2018\/10\/IMG_20180926_181613.jpg\" data-orig-size=\"3648,2736\" data-comments-opened=\"0\" data-image-meta=\"{&quot;aperture&quot;:&quot;0&quot;,&quot;credit&quot;:&quot;&quot;,&quot;camera&quot;:&quot;&quot;,&quot;caption&quot;:&quot;ptr&quot;,&quot;created_timestamp&quot;:&quot;1537985773&quot;,&quot;copyright&quot;:&quot;&quot;,&quot;focal_length&quot;:&quot;0&quot;,&quot;iso&quot;:&quot;0&quot;,&quot;shutter_speed&quot;:&quot;0&quot;,&quot;title&quot;:&quot;ptr&quot;,&quot;orientation&quot;:&quot;0&quot;}\" data-image-title=\"ptr\" data-image-description=\"\" data-image-caption=\"&lt;p&gt;ptr&lt;\/p&gt;\n\" data-medium-file=\"https:\/\/www.grieta.org.mx\/wp-content\/uploads\/2018\/10\/IMG_20180926_181613-300x225.jpg\" data-large-file=\"https:\/\/www.grieta.org.mx\/wp-content\/uploads\/2018\/10\/IMG_20180926_181613-1024x768.jpg\" src=\"http:\/\/www.grieta.org.mx\/wp-content\/uploads\/2018\/10\/IMG_20180926_181613-1024x768.jpg\" alt=\"\" width=\"819\" height=\"614\" class=\"size-large wp-image-26926\" srcset=\"https:\/\/www.grieta.org.mx\/wp-content\/uploads\/2018\/10\/IMG_20180926_181613-1024x768.jpg 1024w, https:\/\/www.grieta.org.mx\/wp-content\/uploads\/2018\/10\/IMG_20180926_181613-300x225.jpg 300w, https:\/\/www.grieta.org.mx\/wp-content\/uploads\/2018\/10\/IMG_20180926_181613-768x576.jpg 768w, https:\/\/www.grieta.org.mx\/wp-content\/uploads\/2018\/10\/IMG_20180926_181613-667x500.jpg 667w\" sizes=\"auto, (max-width: 819px) 100vw, 819px\" \/> <\/p>\n<blockquote><p>Denuncian la falta de transparencia de las autoridades de la escuela con los recursos del PACTEN (Programa Fortalecimiento de la Calidad Educativa), por 23 millones de pesos, los cuales se debieron aportar en la rehabilitaci\u00f3n y modernizaci\u00f3n de la instituci\u00f3n.<\/p><\/blockquote>\n<p>Por: Ronny Aguilar\/P\u00e1gin@bierta<br \/>\nHecelchak\u00e1n, Cam., a 26 de septiembre de 2018.- Este mi\u00e9rcoles, los normalistas de la escuela \u201cJusto Sierra M\u00e9ndez\u201d marcharon para exigir la presentaci\u00f3n con vida de los 43 estudiantes de Ayotzinapa, Guerrero, a 4 a\u00f1os de su desaparici\u00f3n forzada, quienes desde el lunes mantienen tomadas las instalaciones del plantel por inconsistencias en la aplicaci\u00f3n de los 23 millones de pesos del \u201cPrograma Fortalecimiento de la Calidad Educativa\u201d.<br \/>\nEl d\u00eda de hoy, se cumplieron 4 a\u00f1os de uno de los cr\u00edmenes de estado m\u00e1s recientes en la historia de M\u00e9xico, la desaparici\u00f3n de los 43 estudiantes de la normal Rural \u201cIsidro Burgos\u201d, en Ayotzinapa, Guerrero, por lo que los normalistas de Hecelchak\u00e1n marcharon exigiendo la presentaci\u00f3n con vida de sus 43 compa\u00f1eros, saliendo de la normal rural hasta el Palacio Municipal, en donde pronunciaron consignas y demandaron al Gobierno Federal que retome las cuatro l\u00edneas de investigaci\u00f3n se\u00f1aladas por los peritos argentinos.<\/p>\n<p>Todo esto mientras se mantienen tomadas desde el d\u00eda lunes las instalaciones de la normal Justo Sierra Mendez, debido a la falta de transparencia de las autoridades de la escuela con los recursos del PACTEN (Programa Fortalecimiento de la Calidad Educativa).<br \/>\nLos normalistas, pidiendo que se mantenga la discreci\u00f3n de sus liderazgos por temor a represalias, concedieron una breve entrevista con P\u00e1ginabierta.mx, en la que dieron a conocer las razones principales del porqu\u00e9 se procedi\u00f3 a cerrar el plantel.<br \/>\nExplicaron que desde el 2015 llegaron recursos del programa se\u00f1alado por la cantidad de 23 millones de pesos, los cuales se debieron usar en la rehabilitaci\u00f3n y modernizaci\u00f3n de la instituci\u00f3n, principalmente en la infraestructura del \u00e1rea acad\u00e9mica y el internado.<br \/>\nSin embargo, se\u00f1alaron hoy los directivos de la instituci\u00f3n que s\u00f3lo reconocen 21 millones de pesos del programa, los cuales ya han sido usados, aunque los estudiantes ignoran su aplicaci\u00f3n puesto que no han visto mejoras importantes al plantel, por lo que exigieron que se haga una auditor\u00eda que el Estado se ha negado a realizar.<br \/>\n\u201cEn la Secretar\u00eda de Educaci\u00f3n nos dicen siempre que todo lleva un proceso, tiene tres a\u00f1os que viene realizando la auditor\u00eda y a\u00fan no llega, a nivel nacional una de las normales ya logr\u00f3 la auditor\u00eda y se pudo comprobar el desv\u00edo de recursos, por eso necesitamos que se haga una auditor\u00eda aqu\u00ed para comprobar\u201d, declararon.<br \/>\nSe\u00f1alaron que hoy el proyecto ya est\u00e1 entregado, aunque no les dicen qui\u00e9n entreg\u00f3 el proyecto y con qu\u00e9 sustento. Aunado a lo anterior, relataron que el mi\u00e9rcoles pasado tuvieron una reuni\u00f3n con los directivos de la escuela, pero al salir de dicha reuni\u00f3n un compa\u00f1ero de ellos sali\u00f3 a comprar y en una camioneta le intentaron dar un levant\u00f3n, amenaz\u00e1ndolo para que se dejara de meter en el tema del PACTEN.<br \/>\nPor otra parte, se suma la lucha permanente por un presupuesto digno para alimentos, pues desde inicios de a\u00f1o se est\u00e1 luchando por aumentar los 50 pesos diarios para alimento por estudiante, pues aseguran que 16 pesos por comida es irracional.<\/p>\n<p>De todo esto, las autoridades educativas tienen un pliego petitorio al cual no han dado soluci\u00f3n, aun cuando hay compromisos firmados para cumplirlos; esto, m\u00e1s los hechos recientes, los hicieron tomar la decisi\u00f3n de tomar las instalaciones hasta que haya una soluci\u00f3n definitiva.<br \/>\nExpresaron que una de sus demandas es que Alejandro Moreno C\u00e1rdenas se presente en las instalaciones para que de viva voz le hagan de conocimiento de las diferentes problem\u00e1ticas y las corrupciones al interior, pero \u00e9ste se ha negado a presentarse a dialogar con ellos.<br \/>\nPor el contrario, hoy la escuela estuvo siendo vigilada por antimotines que permanecieron en la gasolinera que se encuentra a las espaldas de la normal, as\u00ed como unidades policiacas estacionadas en varios puntos de alrededor de la escuela.<br \/>\nLos normalistas aseguraron que hay veh\u00edculos particulares que han estado vigilando la escuela, lo que los hace estar en alerta, responsabilizando a las autoridades de los tres \u00f3rganos de gobierno de cualquier cosa que suceda contra la integridad de los estudiantes.<\/p>\n<p><a href=\"http:\/\/paginabierta.mx\/protestan-toman-escuela-estudiantes-la-normal-rural-hecelchaka\/\" rel=\"noopener\" target=\"_blank\">http:\/\/paginabierta.mx\/protestan-toman-escuela-estudiantes-la-normal-rural-hecelchaka\/<\/a><\/p>\n","protected":false},"excerpt":{"rendered":"<p>Denuncian la falta de transparencia de las autoridades de la escuela con los recursos del PACTEN (Programa Fortalecimiento de la Calidad Educativa), por 23 millones de pesos, los cuales se &hellip; <a href=\"https:\/\/www.grieta.org.mx\/index.php\/2018\/09\/26\/protestan-y-toman-escuela-estudiantes-de-la-normal-rural-de-hecelchakan-campeche\/\" class=\"more-link\">Leer m\u00e1s<\/a><\/p>\n","protected":false},"author":2,"featured_media":26926,"comment_status":"closed","ping_status":"closed","sticky":false,"template":"","format":"standard","meta":{"ngg_post_thumbnail":0,"_jetpack_newsletter_access":"","_jetpack_dont_email_post_to_subs":false,"_jetpack_newsletter_tier_id":0,"_jetpack_memberships_contains_paywalled_content":false,"_jetpack_memberships_contains_paid_content":false,"footnotes":""},"categories":[11,80,916,2,1601,83],"tags":[225],"class_list":["post-26925","post","type-post","status-publish","format-standard","has-post-thumbnail","hentry","category-campeche","category-cintillo","category-privatizacion-del-la-educacion-publica","category-noticias-nacionales","category-privatizacion-de-la-educacion-publica-en-campeche","category-temas-nacionales","tag-normalistas","entry"],"jetpack_featured_media_url":"https:\/\/www.grieta.org.mx\/wp-content\/uploads\/2018\/10\/IMG_20180926_181613.jpg","jetpack_sharing_enabled":true,"jetpack_shortlink":"https:\/\/wp.me\/p7ZJR4-70h","jetpack_likes_enabled":false,"jetpack-related-posts":[{"id":25567,"url":"https:\/\/www.grieta.org.mx\/index.php\/2018\/08\/15\/amenazan-con-cerrar-escuela-rural-campeche\/","url_meta":{"origin":26925,"position":0},"title":"Amenazan con cerrar escuela rural (Campeche)","author":"grieta","date":"15 agosto, 2018","format":false,"excerpt":"HECELCHAK\u00c1N. En un caso inusual en donde la Escuela Normal Rural \u201cJusto Sierra M\u00e9ndez\u201d, neg\u00f3 el derecho a la educaci\u00f3n a pobladores de la comunidad de Hecelchak\u00e1n, alumnos colocaron una manta en demanda de una matr\u00edcula de 100 estudiantes de nuevo ingreso para el nuevo ciclo escolar 2018-2019, los directivos\u2026","rel":"","context":"En &quot;Campeche&quot;","block_context":{"text":"Campeche","link":"https:\/\/www.grieta.org.mx\/index.php\/category\/noticias-nacionales\/campeche\/"},"img":{"alt_text":"","src":"http:\/\/www.grieta.org.mx\/wp-content\/uploads\/2018\/08\/Campeche-Hoy-Hecelchaka?n-640x480.jpg","width":350,"height":200,"srcset":"http:\/\/www.grieta.org.mx\/wp-content\/uploads\/2018\/08\/Campeche-Hoy-Hecelchaka?n-640x480.jpg 1x, http:\/\/www.grieta.org.mx\/wp-content\/uploads\/2018\/08\/Campeche-Hoy-Hecelchaka?n-640x480.jpg 1.5x"},"classes":[]},{"id":69873,"url":"https:\/\/www.grieta.org.mx\/index.php\/2024\/09\/26\/normalistas-de-hecelchakan-marchan-por-los-43-desaparecidos-a-10-anos-de-ayotzinapa-campeche\/","url_meta":{"origin":26925,"position":1},"title":"Normalistas de Hecelchak\u00e1n marchan por los 43 desaparecidos a 10 a\u00f1os de Ayotzinapa (Campeche)","author":"grieta","date":"26 septiembre, 2024","format":false,"excerpt":"Jorge Amado Caamal \/ Por Esto! Una d\u00e9cada que desaparecieron nuestros 43 compa\u00f1eros normalistas de la Escuela Normal de Ayotzinapa situada en Guerrero por los malos gobiernos de M\u00e9xico, cuando estaban viajando para una protesta pac\u00edfica por los asesinatos de octubre de Tlatelolco, dijeron los estudiantes de la Escuela Normal\u2026","rel":"","context":"En &quot;Acciones por Desaparecidos&quot;","block_context":{"text":"Acciones por Desaparecidos","link":"https:\/\/www.grieta.org.mx\/index.php\/category\/noticias-nacionales\/campeche\/acciones-por-desaparecidos-campeche\/"},"img":{"alt_text":"","src":"https:\/\/i0.wp.com\/www.grieta.org.mx\/wp-content\/uploads\/2024\/09\/Hecelchakan-e1727491654998.jpg?resize=350%2C200&ssl=1","width":350,"height":200,"srcset":"https:\/\/i0.wp.com\/www.grieta.org.mx\/wp-content\/uploads\/2024\/09\/Hecelchakan-e1727491654998.jpg?resize=350%2C200&ssl=1 1x, https:\/\/i0.wp.com\/www.grieta.org.mx\/wp-content\/uploads\/2024\/09\/Hecelchakan-e1727491654998.jpg?resize=525%2C300&ssl=1 1.5x, https:\/\/i0.wp.com\/www.grieta.org.mx\/wp-content\/uploads\/2024\/09\/Hecelchakan-e1727491654998.jpg?resize=700%2C400&ssl=1 2x"},"classes":[]},{"id":15604,"url":"https:\/\/www.grieta.org.mx\/index.php\/2016\/06\/29\/normalistas-protestan-frente-al-ayuntamiento-campeche\/","url_meta":{"origin":26925,"position":2},"title":"Normalistas protestan frente al Ayuntamiento (Campeche)","author":"grieta","date":"29 junio, 2016","format":false,"excerpt":"Rechazan represi\u00f3n contra maestros en Oaxaca (Lenni Coll\u00ed Ehu\u00e1n) HECECHAKAN, Cam., 29 de junio.- Normalistas se plantaron frente al palacio municipal, en se\u00f1al de protesta contra los actos de represi\u00f3n contra docentes de la CNTE en el estado de Oaxaca, y manifestaron el luto por la p\u00e9rdida de vidas humanas\u2026","rel":"","context":"En &quot;campeche&quot;","block_context":{"text":"campeche","link":"https:\/\/www.grieta.org.mx\/index.php\/category\/campeche\/"},"img":{"alt_text":"","src":"https:\/\/i0.wp.com\/www.grieta.org.mx\/wp-content\/uploads\/2018\/03\/14524434_1106112876131411_958039263622046936_o.jpg?resize=350%2C200&ssl=1","width":350,"height":200,"srcset":"https:\/\/i0.wp.com\/www.grieta.org.mx\/wp-content\/uploads\/2018\/03\/14524434_1106112876131411_958039263622046936_o.jpg?resize=350%2C200&ssl=1 1x, https:\/\/i0.wp.com\/www.grieta.org.mx\/wp-content\/uploads\/2018\/03\/14524434_1106112876131411_958039263622046936_o.jpg?resize=525%2C300&ssl=1 1.5x, https:\/\/i0.wp.com\/www.grieta.org.mx\/wp-content\/uploads\/2018\/03\/14524434_1106112876131411_958039263622046936_o.jpg?resize=700%2C400&ssl=1 2x"},"classes":[]},{"id":16892,"url":"https:\/\/www.grieta.org.mx\/index.php\/2016\/07\/12\/campeche-presente-en-las-negociaciones-de-cnte-con-gobernacion\/","url_meta":{"origin":26925,"position":3},"title":"Campeche presente en las negociaciones de CNTE con Gobernaci\u00f3n","author":"grieta","date":"12 julio, 2016","format":false,"excerpt":"HECELCHAKAN, Cam. 12 de julio del 2016.- Luego de una marcha en la cabecera municipal de Hecelchak\u00e1n, el representante de la Coordinadora Estatal de los Trabajadores de la Educaci\u00f3n de Campeche (CETEC), Silverio Tuz G\u00f3ngora, se\u00f1al\u00f3 que esta manifestaci\u00f3n es para fortalecer el apoyo a la CNTE en la apertura\u2026","rel":"","context":"En &quot;campeche&quot;","block_context":{"text":"campeche","link":"https:\/\/www.grieta.org.mx\/index.php\/category\/campeche\/"},"img":{"alt_text":"","src":"https:\/\/i0.wp.com\/www.grieta.org.mx\/wp-content\/uploads\/2018\/03\/14524434_1106112876131411_958039263622046936_o.jpg?resize=350%2C200&ssl=1","width":350,"height":200,"srcset":"https:\/\/i0.wp.com\/www.grieta.org.mx\/wp-content\/uploads\/2018\/03\/14524434_1106112876131411_958039263622046936_o.jpg?resize=350%2C200&ssl=1 1x, https:\/\/i0.wp.com\/www.grieta.org.mx\/wp-content\/uploads\/2018\/03\/14524434_1106112876131411_958039263622046936_o.jpg?resize=525%2C300&ssl=1 1.5x, https:\/\/i0.wp.com\/www.grieta.org.mx\/wp-content\/uploads\/2018\/03\/14524434_1106112876131411_958039263622046936_o.jpg?resize=700%2C400&ssl=1 2x"},"classes":[]},{"id":39316,"url":"https:\/\/www.grieta.org.mx\/index.php\/2019\/07\/21\/advierten-estudiantes-de-ayotzinapa-que-lucharan-contra-intentos-de-cerrar-esa-escuela-guerrero\/","url_meta":{"origin":26925,"position":4},"title":"Advierten estudiantes de Ayotzinapa que luchar\u00e1n contra intentos de cerrar esa escuela (Guerrero)","author":"Admin","date":"21 julio, 2019","format":false,"excerpt":"Redacci\u00f3n \/ Digital Guerrero Los integrantes del Comit\u00e9 \u201cRicardo Flores Mag\u00f3n\u201d destacaron que la consigna que tienen los alumnos es impedir el cierre de Ayotzinapa, \u201ca pesar de la intenci\u00f3n de algunos\u201d. A trav\u00e9s de un comunicado p\u00fablico, los estudiantes recordaron que lo que se ha logrado en la Normal\u2026","rel":"","context":"En &quot;Caso Ayotzinapa&quot;","block_context":{"text":"Caso Ayotzinapa","link":"https:\/\/www.grieta.org.mx\/index.php\/category\/noticias-nacionales\/guerrero\/caso-ayotzinapa\/"},"img":{"alt_text":"","src":"https:\/\/i0.wp.com\/www.grieta.org.mx\/wp-content\/uploads\/2019\/09\/https-_www.digitalguerrero.com_.mx_wp-content_uploads_2019_07_ayotzi.jpg?resize=350%2C200&ssl=1","width":350,"height":200,"srcset":"https:\/\/i0.wp.com\/www.grieta.org.mx\/wp-content\/uploads\/2019\/09\/https-_www.digitalguerrero.com_.mx_wp-content_uploads_2019_07_ayotzi.jpg?resize=350%2C200&ssl=1 1x, https:\/\/i0.wp.com\/www.grieta.org.mx\/wp-content\/uploads\/2019\/09\/https-_www.digitalguerrero.com_.mx_wp-content_uploads_2019_07_ayotzi.jpg?resize=525%2C300&ssl=1 1.5x, https:\/\/i0.wp.com\/www.grieta.org.mx\/wp-content\/uploads\/2019\/09\/https-_www.digitalguerrero.com_.mx_wp-content_uploads_2019_07_ayotzi.jpg?resize=700%2C400&ssl=1 2x"},"classes":[]},{"id":56917,"url":"https:\/\/www.grieta.org.mx\/index.php\/2021\/02\/08\/normalistas-de-tamazulapam-marchan-en-contra-de-recorte-presupuestal-de-su-institucion-oaxaca\/","url_meta":{"origin":26925,"position":5},"title":"Normalistas de Tamazulapam marchan en contra de recorte presupuestal de su instituci\u00f3n (Oaxaca)","author":"grieta","date":"8 febrero, 2021","format":false,"excerpt":"Noticias \/ Redacci\u00f3n. Estudiantes de la Escuela Normal Vanguardia de Tamazulapam iniciaron movilizaciones en la capital de Oaxaca para protestar contra del recorte presupuestal de esta instituci\u00f3n para 2021. Los integrantes iniciaron una marcha desde el paseo Ju\u00e1rez El Llano con destino al kiosko del z\u00f3calo capitalino en donde mediante\u2026","rel":"","context":"En &quot;CINTILLO&quot;","block_context":{"text":"CINTILLO","link":"https:\/\/www.grieta.org.mx\/index.php\/category\/cintillo\/"},"img":{"alt_text":"","src":"https:\/\/i0.wp.com\/www.grieta.org.mx\/wp-content\/uploads\/2021\/02\/A.jpeg?resize=350%2C200&ssl=1","width":350,"height":200,"srcset":"https:\/\/i0.wp.com\/www.grieta.org.mx\/wp-content\/uploads\/2021\/02\/A.jpeg?resize=350%2C200&ssl=1 1x, https:\/\/i0.wp.com\/www.grieta.org.mx\/wp-content\/uploads\/2021\/02\/A.jpeg?resize=525%2C300&ssl=1 1.5x, https:\/\/i0.wp.com\/www.grieta.org.mx\/wp-content\/uploads\/2021\/02\/A.jpeg?resize=700%2C400&ssl=1 2x, https:\/\/i0.wp.com\/www.grieta.org.mx\/wp-content\/uploads\/2021\/02\/A.jpeg?resize=1050%2C600&ssl=1 3x"},"classes":[]}],"_links":{"self":[{"href":"https:\/\/www.grieta.org.mx\/index.php\/wp-json\/wp\/v2\/posts\/26925","targetHints":{"allow":["GET"]}}],"collection":[{"href":"https:\/\/www.grieta.org.mx\/index.php\/wp-json\/wp\/v2\/posts"}],"about":[{"href":"https:\/\/www.grieta.org.mx\/index.php\/wp-json\/wp\/v2\/types\/post"}],"author":[{"embeddable":true,"href":"https:\/\/www.grieta.org.mx\/index.php\/wp-json\/wp\/v2\/users\/2"}],"replies":[{"embeddable":true,"href":"https:\/\/www.grieta.org.mx\/index.php\/wp-json\/wp\/v2\/comments?post=26925"}],"version-history":[{"count":1,"href":"https:\/\/www.grieta.org.mx\/index.php\/wp-json\/wp\/v2\/posts\/26925\/revisions"}],"predecessor-version":[{"id":26928,"href":"https:\/\/www.grieta.org.mx\/index.php\/wp-json\/wp\/v2\/posts\/26925\/revisions\/26928"}],"wp:featuredmedia":[{"embeddable":true,"href":"https:\/\/www.grieta.org.mx\/index.php\/wp-json\/wp\/v2\/media\/26926"}],"wp:attachment":[{"href":"https:\/\/www.grieta.org.mx\/index.php\/wp-json\/wp\/v2\/media?parent=26925"}],"wp:term":[{"taxonomy":"category","embeddable":true,"href":"https:\/\/www.grieta.org.mx\/index.php\/wp-json\/wp\/v2\/categories?post=26925"},{"taxonomy":"post_tag","embeddable":true,"href":"https:\/\/www.grieta.org.mx\/index.php\/wp-json\/wp\/v2\/tags?post=26925"}],"curies":[{"name":"wp","href":"https:\/\/api.w.org\/{rel}","templated":true}]}}