{"id":26885,"date":"2018-09-25T20:27:54","date_gmt":"2018-09-26T01:27:54","guid":{"rendered":"http:\/\/www.grieta.org.mx\/?p=26885"},"modified":"2018-09-28T20:51:41","modified_gmt":"2018-09-29T01:51:41","slug":"amlo-sin-postura-ante-la-minera-baja-california-sur","status":"publish","type":"post","link":"https:\/\/www.grieta.org.mx\/index.php\/2018\/09\/25\/amlo-sin-postura-ante-la-minera-baja-california-sur\/","title":{"rendered":"AMLO sin postura ante la minera (Baja California Sur)"},"content":{"rendered":"<p><img decoding=\"async\" data-attachment-id=\"26887\" data-permalink=\"https:\/\/www.grieta.org.mx\/index.php\/2018\/09\/25\/amlo-sin-postura-ante-la-minera-baja-california-sur\/1-consulta-ciudadana-resultado-de-compromisos-con-grupo-salinas-1-2\/\" data-orig-file=\"https:\/\/www.grieta.org.mx\/wp-content\/uploads\/2018\/09\/ezenario-BCS-792-1.jpg\" data-orig-size=\"620,349\" data-comments-opened=\"0\" data-image-meta=\"{&quot;aperture&quot;:&quot;0&quot;,&quot;credit&quot;:&quot;&quot;,&quot;camera&quot;:&quot;&quot;,&quot;caption&quot;:&quot;1 Consulta ciudadana, resultado de compromisos con Grupo Salinas (1)&quot;,&quot;created_timestamp&quot;:&quot;0&quot;,&quot;copyright&quot;:&quot;&quot;,&quot;focal_length&quot;:&quot;0&quot;,&quot;iso&quot;:&quot;0&quot;,&quot;shutter_speed&quot;:&quot;0&quot;,&quot;title&quot;:&quot;1 Consulta ciudadana, resultado de compromisos con Grupo Salinas (1)&quot;,&quot;orientation&quot;:&quot;0&quot;}\" data-image-title=\"1 Consulta ciudadana, resultado de compromisos con Grupo Salinas (1)\" data-image-description=\"\" data-image-caption=\"&lt;p&gt;1 Consulta ciudadana, resultado de compromisos con Grupo Salinas (1)&lt;\/p&gt;\n\" data-medium-file=\"https:\/\/www.grieta.org.mx\/wp-content\/uploads\/2018\/09\/ezenario-BCS-792-1-300x169.jpg\" data-large-file=\"https:\/\/www.grieta.org.mx\/wp-content\/uploads\/2018\/09\/ezenario-BCS-792-1.jpg\" class=\"size-medium wp-image-26887\" src=\"http:\/\/www.grieta.org.mx\/wp-content\/uploads\/2018\/09\/ezenario-BCS-792-1-300x169.jpg\" alt=\"\" width=\"100%\" srcset=\"https:\/\/www.grieta.org.mx\/wp-content\/uploads\/2018\/09\/ezenario-BCS-792-1-300x169.jpg 300w, https:\/\/www.grieta.org.mx\/wp-content\/uploads\/2018\/09\/ezenario-BCS-792-1.jpg 620w\" sizes=\"(max-width: 300px) 100vw, 300px\" \/><br \/>\nFotos: Antonio de Jesus Cervantes<\/p>\n<p>Antonio Cervantes<\/p>\n<p>Fue el pasado lunes 17 de septiembre cuando el presidente electo de M\u00e9xico, Andr\u00e9s Manuel L\u00f3pez Obrador, arrib\u00f3 a la ciudad de La Paz, luego de que en su \u00faltima visita, a\u00fan como candidato a la presidencia, se comprometi\u00f3 a que de ganar, visitar\u00eda de nuevo Baja California Sur antes de su toma de protesta.<\/p>\n<p>Miles de ciudadanos entusiasmados con la visita de Andr\u00e9s Manuel, se dieron cita en el kiosco del malec\u00f3n de La Paz, muchos de ellos originarios de esta ciudad y otros tantos procedentes de los distintos municipios del Estado, que viajaron hasta encontrarse con el actual presidente electo.<\/p>\n<p>Eran apenas las 5:00 p.m., cuando el kiosco de la ciudad se encontraba repleto de ciudadanos, la mayor\u00eda de ellos encabezando una sola causa, \u201cimplorar\u201d a Andr\u00e9s Manuel L\u00f3pez Obrador para que rechace los proyectos mineros que pretenden establecerse en la zona de la Reserva de la Biosfera Sierra de la Laguna, en Baja California Sur, y que se encuentran en una constante lucha con las autoridades municipales para su instalaci\u00f3n.<\/p>\n<p>\u201cNosotros estamos aqu\u00ed para pedirle a nuestro presidente que nos ayude. Cada vez sentimos m\u00e1s cerca la posibilidad de que la empresa Los Cardones quiera instalarse en nuestras tierras y tememos por eso; sabemos que Andr\u00e9s Manuel nos va escuchar, porque somos muchos\u201d, se\u00f1al\u00f3 Joel Vald\u00e9s, un ciudadano que sosten\u00eda un cartel que dec\u00eda \u201cS\u00ed a la vida, no a la mina\u201d.<\/p>\n<p>Apenas arrib\u00f3 L\u00f3pez Obrador, cuando se escuch\u00f3 una sola voz que exclamaba \u201c\u00a1No a  la mina, no a la mina!\u201d, por lo que apenas al subir al escenario, el presidente electo inici\u00f3 su discurso con ese tema, donde determin\u00f3 que la instalaci\u00f3n de la mina lo va a decidir la gente.<\/p>\n<p>\u201cY de una vez para no andar con rodeos, lo de la mina lo va a decidir el pueblo de Baja California Sur\u201d, se\u00f1al\u00f3 L\u00f3pez Obrador.<\/p>\n<p>A lo que la gente respondi\u00f3 con gritos y aplausos de alegr\u00eda, sin embargo, apenas pasaron un par de minutos cuando todo el escenario cambi\u00f3, el presidente electo determin\u00f3 bajo qu\u00e9 procedimiento se iba decidir, situaci\u00f3n que cambi\u00f3 los \u00e1nimos en el p\u00fablico sudcaliforniano.<\/p>\n<p>\u201cSer\u00e1 a trav\u00e9s de un consulta ciudadana, esto para darle toda la legitimidad y no hay que tenerle miedo al pueblo, la gente sabe lo que conviene y lo que no conviene. El pueblo es sabio\u201d, agregando que \u201csin pasar por alto el estado de derecho\u201d.<\/p>\n<p>Sin duda, la consulta ciudadana no era justamente la respuesta que la gente buscaba, es por ello que mientras Andr\u00e9s Manuel daba su discurso, la gente gritaba que ya lo hab\u00edan decidido, sin importar incluso las palabras que en ese momento estaba dando el presidente electo.<\/p>\n<p>\u201cYa lo decidimos, ya lo decidimos\u201d, exclamaba la gente en el escenario, pero eso parec\u00eda ya no importar.<\/p>\n<p>Apenas finaliz\u00f3 el evento y las pancartas empezaban a bajar, los \u00e1nimos estaban ca\u00eddos y la molestia era evidente.<\/p>\n<figure id=\"attachment_26888\" aria-describedby=\"caption-attachment-26888\" style=\"width: 300px\" class=\"wp-caption aligncenter\"><img decoding=\"async\" data-attachment-id=\"26888\" data-permalink=\"https:\/\/www.grieta.org.mx\/index.php\/2018\/09\/25\/amlo-sin-postura-ante-la-minera-baja-california-sur\/1-consulta-ciudadana-resultado-de-compromisos-con-grupo-salinas-1-3\/\" data-orig-file=\"https:\/\/www.grieta.org.mx\/wp-content\/uploads\/2018\/09\/ezenario-BCS-792b.jpg\" data-orig-size=\"620,349\" data-comments-opened=\"0\" data-image-meta=\"{&quot;aperture&quot;:&quot;0&quot;,&quot;credit&quot;:&quot;&quot;,&quot;camera&quot;:&quot;&quot;,&quot;caption&quot;:&quot;1 Consulta ciudadana, resultado de compromisos con Grupo Salinas (1)&quot;,&quot;created_timestamp&quot;:&quot;0&quot;,&quot;copyright&quot;:&quot;&quot;,&quot;focal_length&quot;:&quot;0&quot;,&quot;iso&quot;:&quot;0&quot;,&quot;shutter_speed&quot;:&quot;0&quot;,&quot;title&quot;:&quot;1 Consulta ciudadana, resultado de compromisos con Grupo Salinas (1)&quot;,&quot;orientation&quot;:&quot;0&quot;}\" data-image-title=\"1 Consulta ciudadana, resultado de compromisos con Grupo Salinas (1)\" data-image-description=\"\" data-image-caption=\"&lt;p&gt;1 Consulta ciudadana, resultado de compromisos con Grupo Salinas (1)&lt;\/p&gt;\n\" data-medium-file=\"https:\/\/www.grieta.org.mx\/wp-content\/uploads\/2018\/09\/ezenario-BCS-792b-300x169.jpg\" data-large-file=\"https:\/\/www.grieta.org.mx\/wp-content\/uploads\/2018\/09\/ezenario-BCS-792b.jpg\" src=\"http:\/\/www.grieta.org.mx\/wp-content\/uploads\/2018\/09\/ezenario-BCS-792b-300x169.jpg\" alt=\"\" width=\"100%\" class=\"size-medium wp-image-26888\" srcset=\"https:\/\/www.grieta.org.mx\/wp-content\/uploads\/2018\/09\/ezenario-BCS-792b-300x169.jpg 300w, https:\/\/www.grieta.org.mx\/wp-content\/uploads\/2018\/09\/ezenario-BCS-792b.jpg 620w\" sizes=\"(max-width: 300px) 100vw, 300px\" \/><figcaption id=\"caption-attachment-26888\" class=\"wp-caption-text\">1 Consulta ciudadana, resultado de compromisos con Grupo Salinas (1)<\/figcaption><\/figure>\n<p>Nosotros ya lo decidimos, por eso estamos aqu\u00ed luchando, no queremos a Los Cardones, no queremos a ninguna empresa disfrazada de sustentable, quieren enga\u00f1arnos\u2026No queremos a la mina Los Cardones ni a ninguna otra mina en nuestra tierra; contaminan toda nuestra agua\u2026No ocupamos proyectos mineros, nosotros vivimos del turismo, no necesitamos la mina\u201d, remarcaron ciudadanos inc\u00f3modos tras la respuesta de Andr\u00e9s Manuel L\u00f3pez Obrador.<\/p>\n<p>De acuerdo a los antecedentes, se ha dicho que Andr\u00e9s Manuel L\u00f3pez Obrador tiene grandes compromisos con Salinas Pliego, mismo propietario de la empresa Desarrollo Zapal a trav\u00e9s de Grupo Salinas, que pretende establecer la minera Los Cardones en la Reserva de la Biosfera Sierra de la Laguna, lo que ha generado que ciudadanos consideren la consulta ciudadana como una alternativa para ganar tiempo y negociar con el empresario del Grupo Salinas.<\/p>\n<p>Por su parte, el coordinador de comunicaci\u00f3n del proyecto minero Los Cardones asegur\u00f3 que la posibilidad de una consulta ciudadana les tom\u00f3 por sorpresa.<\/p>\n<p>\u201cLa reacci\u00f3n es en dos vertientes, primero sorpresa. La verdad nos sorprendi\u00f3 el anuncio del presidente electo L\u00f3pez Obrador, no esper\u00e1bamos que se anunciara que nuestro proyecto, un proyecto en el que hemos venido trabajando durante tantas a\u00f1os, fuera a ser sometido a consulta; y por otro lado, pues nos entusiasma que se le pregunte a los sudcalifornianos qu\u00e9 es lo que opinan de este proyecto y sobre todo, qu\u00e9 opinan del futuro del Estado\u201d, coment\u00f3 el coordinador de comunicaci\u00f3n, Jorge D\u00edaz Cuervo.<\/p>\n<p>El proyecto minero Los Cardones, lleva m\u00e1s de cuatro a\u00f1os pretendiendo establecerse en las tierras de Baja California Sur, por lo que en contraparte a ellos, el vocero del Frente Ciudadano para la Defensa del Agua y la Vida y presidente del Consejo Asesor de la Reserva de la Biosfera Sierra La Laguna, Jes\u00fas Echavarr\u00eda, reconoce que m\u00e1s que una consulta, se debe revisar el proyecto para conocer lo que ellos llaman \u201cclaras violaciones a la Ley\u201d, pues ese debi\u00f3 ser el compromiso de AMLO.<\/p>\n<p>\u201cNo nos parece procedente que se realice una consulta, cuando hay un estado de derecho, y m\u00e1s grave a\u00fan, cuando las consultas no son vinculantes. Esa situaci\u00f3n nos pone una situaci\u00f3n de indefensi\u00f3n. Lo que es un hecho concreto es que, aun cuando tiene 19 condicionantes, tiene una autorizaci\u00f3n la empresa y esa parte no la podemos quitar, resultado de una consulta\u201d, refiri\u00f3 Jes\u00fas Echavarr\u00eda.<\/p>\n<p>Finalmente, ciudadanos de Baja California Sur tendr\u00e1n que esperar por lo menos dos meses y medio a que tome protesta el Andr\u00e9s Manuel L\u00f3pez Obrador como Presidente de M\u00e9xico para saber los resultados de la consulta ciudadana, la cual asegur\u00f3, se llevar\u00eda a cabo antes de su toma de protesta.<\/p>\n<p>Ha dejado en claro el Frente Ciudadano que el problema nace por una omisi\u00f3n de la Secretar\u00eda de Medio Ambiente y Recursos Naturales (Semarnat), al no dar cumplimiento a la Ley, lo cual ha generado un problema que pudo haber sido evitado, sobre todo, ni la misma autoridad ha respetado la Ley.<\/p>\n<p>\u201cSi Semarnat hubiera cumplido con la obligaci\u00f3n de cumplir con lo que dicen las leyes, reglamentos, normas oficiales mexicanas (NOM); el decreto de creaci\u00f3n y el programa de manejo de Sierra de la Laguna, nunca hubi\u00e9ramos charlando sobre ese tema, jam\u00e1s, a la presentaci\u00f3n de la solicitud, la Semarnat con la misma se debi\u00f3 haber rechazado en solicitud, porque no cumple con los requisitos legales\u201d, explic\u00f3 Jes\u00fas Echavarr\u00eda.<\/p>\n<p>En el marco de la visita del presidente electo de M\u00e9xico, el gobernador del Estado y diputados locales sostuvieron una reuni\u00f3n con L\u00f3pez Obrador, donde tocaron temas de gran importancia para este Estado, tal es el caso de la disminuci\u00f3n del IVA al 8%, la disminuci\u00f3n del ISR al 20% y otros temas de particular importancia en beneficio de los sudcalifornianos.<\/p>\n<p><a href=\"http:\/\/zetatijuana.com\/2018\/09\/amlo-sin-postura-ante-la-minera\/\" rel=\"noopener\" target=\"_blank\">http:\/\/zetatijuana.com\/2018\/09\/amlo-sin-postura-ante-la-minera\/<\/a><\/p>\n","protected":false},"excerpt":{"rendered":"<p>Fotos: Antonio de Jesus Cervantes Antonio Cervantes Fue el pasado lunes 17 de septiembre cuando el presidente electo de M\u00e9xico, Andr\u00e9s Manuel L\u00f3pez Obrador, arrib\u00f3 a la ciudad de La &hellip; <a href=\"https:\/\/www.grieta.org.mx\/index.php\/2018\/09\/25\/amlo-sin-postura-ante-la-minera-baja-california-sur\/\" class=\"more-link\">Leer m\u00e1s<\/a><\/p>\n","protected":false},"author":2,"featured_media":26887,"comment_status":"closed","ping_status":"closed","sticky":false,"template":"","format":"standard","meta":{"ngg_post_thumbnail":0,"_jetpack_newsletter_access":"","_jetpack_dont_email_post_to_subs":false,"_jetpack_newsletter_tier_id":0,"_jetpack_memberships_contains_paywalled_content":false,"_jetpack_memberships_contains_paid_content":false,"footnotes":""},"categories":[10,80,1649,2],"tags":[1779,1650,1778],"class_list":["post-26885","post","type-post","status-publish","format-standard","has-post-thumbnail","hentry","category-baja-california-sur","category-cintillo","category-conflicto-en-minera-los-cordones-baja-california-sur","category-noticias-nacionales","tag-consultas-ciudadanas","tag-minera-los-cardones","tag-simulacion-de-lopez-obrador","entry"],"jetpack_featured_media_url":"https:\/\/www.grieta.org.mx\/wp-content\/uploads\/2018\/09\/ezenario-BCS-792-1.jpg","jetpack_sharing_enabled":true,"jetpack_shortlink":"https:\/\/wp.me\/p7ZJR4-6ZD","jetpack_likes_enabled":false,"jetpack-related-posts":[{"id":25839,"url":"https:\/\/www.grieta.org.mx\/index.php\/2018\/08\/22\/la-mineria-sigue-a-ruben-munoz-los-cardones-ha-vuelto-y-quiere-autorizacion-en-la-paz-baja-california-sur\/","url_meta":{"origin":26885,"position":0},"title":"La miner\u00eda sigue a Rub\u00e9n Mu\u00f1oz; Los Cardones ha vuelto, y quiere autorizaci\u00f3n en La Paz (Baja California Sur)","author":"grieta","date":"22 agosto, 2018","format":false,"excerpt":"Cascada Ca\u00f1\u00f3n de La Zorra (Foto: Got travel) Redacci\u00f3n La empresa responsable del proyecto minero Los Cardones, pretende hacer uso de suelo de 18 predios en una zona de la Sierra La Laguna; para ello, buscar\u00e1 la autorizaci\u00f3n del Ayuntamiento de La Paz La Paz, Baja California Sur (BCS). A\u2026","rel":"","context":"En &quot;Baja California Sur&quot;","block_context":{"text":"Baja California Sur","link":"https:\/\/www.grieta.org.mx\/index.php\/category\/noticias-nacionales\/baja-california-sur\/"},"img":{"alt_text":"","src":"https:\/\/i0.wp.com\/www.grieta.org.mx\/wp-content\/uploads\/2018\/08\/Cascada-de-la-zorra-990x660.jpg?resize=350%2C200&ssl=1","width":350,"height":200,"srcset":"https:\/\/i0.wp.com\/www.grieta.org.mx\/wp-content\/uploads\/2018\/08\/Cascada-de-la-zorra-990x660.jpg?resize=350%2C200&ssl=1 1x, https:\/\/i0.wp.com\/www.grieta.org.mx\/wp-content\/uploads\/2018\/08\/Cascada-de-la-zorra-990x660.jpg?resize=525%2C300&ssl=1 1.5x, https:\/\/i0.wp.com\/www.grieta.org.mx\/wp-content\/uploads\/2018\/08\/Cascada-de-la-zorra-990x660.jpg?resize=700%2C400&ssl=1 2x"},"classes":[]},{"id":21144,"url":"https:\/\/www.grieta.org.mx\/index.php\/2016\/08\/26\/veda-en-golfo-de-ulloa-es-para-establecer-minera-submarina-don-diego-asegura-victor-castro\/","url_meta":{"origin":26885,"position":1},"title":"Veda en golfo de Ulloa es para establecer minera submarina Don Diego, asegura V\u00edctor Castro","author":"grieta","date":"26 agosto, 2016","format":false,"excerpt":"a Paz, Baja California Sur (BCS). El coordinador de Comit\u00e9s Municipales del Movimiento de Regeneraci\u00f3n Nacional (Morena) en Baja California Sur, V\u00edctor Castro Cos\u00edo, asever\u00f3 que el \u00fanico inter\u00e9s de imponer la veda a los pescadores del Golfo de Ulloa es el establecimiento de la minera submarina \u2018Don Diego\u2019. \u201cQuiero\u2026","rel":"","context":"En &quot;CINTILLO&quot;","block_context":{"text":"CINTILLO","link":"https:\/\/www.grieta.org.mx\/index.php\/category\/cintillo\/"},"img":{"alt_text":"","src":"https:\/\/i0.wp.com\/www.grieta.org.mx\/wp-content\/uploads\/2018\/03\/14524434_1106112876131411_958039263622046936_o.jpg?resize=350%2C200&ssl=1","width":350,"height":200,"srcset":"https:\/\/i0.wp.com\/www.grieta.org.mx\/wp-content\/uploads\/2018\/03\/14524434_1106112876131411_958039263622046936_o.jpg?resize=350%2C200&ssl=1 1x, https:\/\/i0.wp.com\/www.grieta.org.mx\/wp-content\/uploads\/2018\/03\/14524434_1106112876131411_958039263622046936_o.jpg?resize=525%2C300&ssl=1 1.5x, https:\/\/i0.wp.com\/www.grieta.org.mx\/wp-content\/uploads\/2018\/03\/14524434_1106112876131411_958039263622046936_o.jpg?resize=700%2C400&ssl=1 2x"},"classes":[]},{"id":9184,"url":"https:\/\/www.grieta.org.mx\/index.php\/2016\/08\/16\/conflictos-mineros-en-baja-california-sur\/","url_meta":{"origin":26885,"position":2},"title":"Conflictos mineros en Baja California Sur","author":"grieta","date":"16 agosto, 2016","format":false,"excerpt":"Minera Canadiense se ampara en contra de SEMARNAT por proyecto 'La Pitalla' 16\/08\/16. Delegado de Semarnat en BCS dice que \u201cno tiene mucho que decir\u201d en el tema de La Pitalla BCS Noticias 01\/08\/16. Logra amparo minera canadiense Pen\u00ednsula Digital 29\/07\/16. Minera canadiense logra amparo para proyecto en La Paz,\u2026","rel":"","context":"En &quot;\u00c1reas naturales protegidas&quot;","block_context":{"text":"\u00c1reas naturales protegidas","link":"https:\/\/www.grieta.org.mx\/index.php\/category\/megaproyectos\/areas-naturales-protegidas\/"},"img":{"alt_text":"","src":"https:\/\/i0.wp.com\/www.grieta.org.mx\/wp-content\/uploads\/2018\/03\/14524434_1106112876131411_958039263622046936_o.jpg?resize=350%2C200&ssl=1","width":350,"height":200,"srcset":"https:\/\/i0.wp.com\/www.grieta.org.mx\/wp-content\/uploads\/2018\/03\/14524434_1106112876131411_958039263622046936_o.jpg?resize=350%2C200&ssl=1 1x, https:\/\/i0.wp.com\/www.grieta.org.mx\/wp-content\/uploads\/2018\/03\/14524434_1106112876131411_958039263622046936_o.jpg?resize=525%2C300&ssl=1 1.5x, https:\/\/i0.wp.com\/www.grieta.org.mx\/wp-content\/uploads\/2018\/03\/14524434_1106112876131411_958039263622046936_o.jpg?resize=700%2C400&ssl=1 2x"},"classes":[]},{"id":20370,"url":"https:\/\/www.grieta.org.mx\/index.php\/2016\/07\/29\/minera-canadiense-logra-amparo-para-proyecto-en-la-paz-bcs\/","url_meta":{"origin":26885,"position":3},"title":"Minera canadiense logra amparo para proyecto en La Paz, BCS","author":"grieta","date":"29 julio, 2016","format":false,"excerpt":"Por La Redacci\u00f3n , 29 julio, 2016 CIUDAD DE MEXICO (apro).- La minera La Pitalla, que pretende instalarse en San Antonio, al sur de La Paz, Baja California Sur, consigui\u00f3 que una Corte federal otorgara un amparo en contra del resolutivo negativo de la Semarnat. La trasnacional Argonaut Gold destac\u00f3\u2026","rel":"","context":"En &quot;CINTILLO&quot;","block_context":{"text":"CINTILLO","link":"https:\/\/www.grieta.org.mx\/index.php\/category\/cintillo\/"},"img":{"alt_text":"","src":"https:\/\/i0.wp.com\/www.grieta.org.mx\/wp-content\/uploads\/2018\/03\/14524434_1106112876131411_958039263622046936_o.jpg?resize=350%2C200&ssl=1","width":350,"height":200,"srcset":"https:\/\/i0.wp.com\/www.grieta.org.mx\/wp-content\/uploads\/2018\/03\/14524434_1106112876131411_958039263622046936_o.jpg?resize=350%2C200&ssl=1 1x, https:\/\/i0.wp.com\/www.grieta.org.mx\/wp-content\/uploads\/2018\/03\/14524434_1106112876131411_958039263622046936_o.jpg?resize=525%2C300&ssl=1 1.5x, https:\/\/i0.wp.com\/www.grieta.org.mx\/wp-content\/uploads\/2018\/03\/14524434_1106112876131411_958039263622046936_o.jpg?resize=700%2C400&ssl=1 2x"},"classes":[]},{"id":25845,"url":"https:\/\/www.grieta.org.mx\/index.php\/2018\/08\/25\/en-la-paz-y-los-cabos-protestaran-en-contra-de-los-cardones-baja-california-sur\/","url_meta":{"origin":26885,"position":4},"title":"En La Paz y Los Cabos protestar\u00e1n en contra de Los Cardones (Baja California Sur)","author":"grieta","date":"25 agosto, 2018","format":false,"excerpt":"Foto propiedad de: Internet Redacci\u00f3n El mi\u00e9rcoles 29 de agosto realizar\u00e1n manifestaciones en ambos municipios de BCS en contra la miner\u00eda a cielo abierto, con el fin de evitar que Consejo Estatal Forestal otorgue el cambio de uso de suelo al proyecto en sierra La Laguna. M\u00e9xico. En La Paz\u2026","rel":"","context":"En &quot;Baja California Sur&quot;","block_context":{"text":"Baja California Sur","link":"https:\/\/www.grieta.org.mx\/index.php\/category\/noticias-nacionales\/baja-california-sur\/"},"img":{"alt_text":"","src":"https:\/\/i0.wp.com\/www.grieta.org.mx\/wp-content\/uploads\/2018\/08\/1652_mineria-toxica_620x350.jpg?resize=350%2C200&ssl=1","width":350,"height":200,"srcset":"https:\/\/i0.wp.com\/www.grieta.org.mx\/wp-content\/uploads\/2018\/08\/1652_mineria-toxica_620x350.jpg?resize=350%2C200&ssl=1 1x, https:\/\/i0.wp.com\/www.grieta.org.mx\/wp-content\/uploads\/2018\/08\/1652_mineria-toxica_620x350.jpg?resize=525%2C300&ssl=1 1.5x"},"classes":[]},{"id":21147,"url":"https:\/\/www.grieta.org.mx\/index.php\/2016\/05\/12\/minera-don-diego-intentara-por-tercera-vez-dragar-el-fosfato-del-mar-baja-california-sur-2\/","url_meta":{"origin":26885,"position":5},"title":"Minera Don Diego intentar\u00e1 por tercera vez dragar el fosfato del mar Baja California Sur","author":"grieta","date":"12 mayo, 2016","format":false,"excerpt":"La Paz, Baja California Sur (BCS). La empresa denominada Exploraciones Oce\u00e1nicas (filial de Oddysser Marine Exploration), en conjunto con Altos Hornos de M\u00e9xico anunciaron que, por tercera vez, elaborar\u00e1n una manifestaci\u00f3n de impacto ambiental para conseguir la autorizaci\u00f3n para dragar las aguas sudcalifornianas, a trav\u00e9s su proyecto de miner\u00eda submarina\u2026","rel":"","context":"En &quot;CINTILLO&quot;","block_context":{"text":"CINTILLO","link":"https:\/\/www.grieta.org.mx\/index.php\/category\/cintillo\/"},"img":{"alt_text":"","src":"https:\/\/i0.wp.com\/www.grieta.org.mx\/wp-content\/uploads\/2018\/03\/14524434_1106112876131411_958039263622046936_o.jpg?resize=350%2C200&ssl=1","width":350,"height":200,"srcset":"https:\/\/i0.wp.com\/www.grieta.org.mx\/wp-content\/uploads\/2018\/03\/14524434_1106112876131411_958039263622046936_o.jpg?resize=350%2C200&ssl=1 1x, https:\/\/i0.wp.com\/www.grieta.org.mx\/wp-content\/uploads\/2018\/03\/14524434_1106112876131411_958039263622046936_o.jpg?resize=525%2C300&ssl=1 1.5x, https:\/\/i0.wp.com\/www.grieta.org.mx\/wp-content\/uploads\/2018\/03\/14524434_1106112876131411_958039263622046936_o.jpg?resize=700%2C400&ssl=1 2x"},"classes":[]}],"_links":{"self":[{"href":"https:\/\/www.grieta.org.mx\/index.php\/wp-json\/wp\/v2\/posts\/26885","targetHints":{"allow":["GET"]}}],"collection":[{"href":"https:\/\/www.grieta.org.mx\/index.php\/wp-json\/wp\/v2\/posts"}],"about":[{"href":"https:\/\/www.grieta.org.mx\/index.php\/wp-json\/wp\/v2\/types\/post"}],"author":[{"embeddable":true,"href":"https:\/\/www.grieta.org.mx\/index.php\/wp-json\/wp\/v2\/users\/2"}],"replies":[{"embeddable":true,"href":"https:\/\/www.grieta.org.mx\/index.php\/wp-json\/wp\/v2\/comments?post=26885"}],"version-history":[{"count":1,"href":"https:\/\/www.grieta.org.mx\/index.php\/wp-json\/wp\/v2\/posts\/26885\/revisions"}],"predecessor-version":[{"id":26889,"href":"https:\/\/www.grieta.org.mx\/index.php\/wp-json\/wp\/v2\/posts\/26885\/revisions\/26889"}],"wp:featuredmedia":[{"embeddable":true,"href":"https:\/\/www.grieta.org.mx\/index.php\/wp-json\/wp\/v2\/media\/26887"}],"wp:attachment":[{"href":"https:\/\/www.grieta.org.mx\/index.php\/wp-json\/wp\/v2\/media?parent=26885"}],"wp:term":[{"taxonomy":"category","embeddable":true,"href":"https:\/\/www.grieta.org.mx\/index.php\/wp-json\/wp\/v2\/categories?post=26885"},{"taxonomy":"post_tag","embeddable":true,"href":"https:\/\/www.grieta.org.mx\/index.php\/wp-json\/wp\/v2\/tags?post=26885"}],"curies":[{"name":"wp","href":"https:\/\/api.w.org\/{rel}","templated":true}]}}