{"id":26876,"date":"2018-09-25T16:04:54","date_gmt":"2018-09-25T21:04:54","guid":{"rendered":"http:\/\/www.grieta.org.mx\/?p=26876"},"modified":"2018-09-28T16:11:47","modified_gmt":"2018-09-28T21:11:47","slug":"alumnos-con-faldas-y-alumnas-con-pantalones-denuncian-acoso-sexual-en-el-cobao-de-cuilapan-oaxaca","status":"publish","type":"post","link":"https:\/\/www.grieta.org.mx\/index.php\/2018\/09\/25\/alumnos-con-faldas-y-alumnas-con-pantalones-denuncian-acoso-sexual-en-el-cobao-de-cuilapan-oaxaca\/","title":{"rendered":"Alumnos con faldas y alumnas con pantalones denuncian acoso sexual en el Cobao de Cuilapan (Oaxaca)"},"content":{"rendered":"<p>P\u00e1gina 3.<\/p>\n<p>Pedro Mat\u00edas,<\/p>\n<p>Oaxaca, Oax.- Por no creer en la palabra de una alumna acosada sexualmente por el intendente, estudiantes del plantel 32 del Colegio de Bachilleres de Oaxaca (Cobao) de Cuilapan de Guerrero realizaron hoy una protesta contra las autoridades educativas por proteger a un trabajador en lugar de sancionarlo.<\/p>\n<p><img loading=\"lazy\" decoding=\"async\" data-attachment-id=\"26877\" data-permalink=\"https:\/\/www.grieta.org.mx\/index.php\/2018\/09\/25\/alumnos-con-faldas-y-alumnas-con-pantalones-denuncian-acoso-sexual-en-el-cobao-de-cuilapan-oaxaca\/protesta-en-cobao-32-cuilapan-adrian-gaytan-3-e1537836616999-960x500\/\" data-orig-file=\"https:\/\/www.grieta.org.mx\/wp-content\/uploads\/2018\/09\/Protesta-en-COBAO-32-Cuilapan-adrian-gaytan-3-e1537836616999-960x500.jpg\" data-orig-size=\"960,480\" data-comments-opened=\"0\" data-image-meta=\"{&quot;aperture&quot;:&quot;0&quot;,&quot;credit&quot;:&quot;&quot;,&quot;camera&quot;:&quot;&quot;,&quot;caption&quot;:&quot;&quot;,&quot;created_timestamp&quot;:&quot;0&quot;,&quot;copyright&quot;:&quot;&quot;,&quot;focal_length&quot;:&quot;0&quot;,&quot;iso&quot;:&quot;0&quot;,&quot;shutter_speed&quot;:&quot;0&quot;,&quot;title&quot;:&quot;&quot;,&quot;orientation&quot;:&quot;0&quot;}\" data-image-title=\"Protesta-en-COBAO-32-Cuilapan-adrian-gaytan-3-e1537836616999-960&amp;#215;500\" data-image-description=\"\" data-image-caption=\"\" data-medium-file=\"https:\/\/www.grieta.org.mx\/wp-content\/uploads\/2018\/09\/Protesta-en-COBAO-32-Cuilapan-adrian-gaytan-3-e1537836616999-960x500-300x150.jpg\" data-large-file=\"https:\/\/www.grieta.org.mx\/wp-content\/uploads\/2018\/09\/Protesta-en-COBAO-32-Cuilapan-adrian-gaytan-3-e1537836616999-960x500.jpg\" src=\"http:\/\/www.grieta.org.mx\/wp-content\/uploads\/2018\/09\/Protesta-en-COBAO-32-Cuilapan-adrian-gaytan-3-e1537836616999-960x500-300x150.jpg\" alt=\"\" width=\"300\" height=\"150\" class=\"aligncenter size-medium wp-image-26877\" srcset=\"https:\/\/www.grieta.org.mx\/wp-content\/uploads\/2018\/09\/Protesta-en-COBAO-32-Cuilapan-adrian-gaytan-3-e1537836616999-960x500-300x150.jpg 300w, https:\/\/www.grieta.org.mx\/wp-content\/uploads\/2018\/09\/Protesta-en-COBAO-32-Cuilapan-adrian-gaytan-3-e1537836616999-960x500-768x384.jpg 768w, https:\/\/www.grieta.org.mx\/wp-content\/uploads\/2018\/09\/Protesta-en-COBAO-32-Cuilapan-adrian-gaytan-3-e1537836616999-960x500.jpg 960w\" sizes=\"auto, (max-width: 300px) 100vw, 300px\" \/><\/p>\n<p>Los alumnos con faldas y las alumnas con pantalones portaron cartulinas con leyendas como: \u201cEl opresor no ser\u00eda tan fuerte si no tuviese c\u00f3mplices\u201d, \u201cAlto al acoso\u201d, \u201cSer mujer no deber\u00eda ser factor de riesgo\u201d, \u201cfalda es una prenda de vestir femenina que no deber\u00eda usarse con miedo\u201d, \u201cnos ense\u00f1an a cuidarnos pero no te ense\u00f1an a respetarnos \u00a1alto al acoso sexual!\u201d.<\/p>\n<p>En una carta enviada a trav\u00e9s de las redes sociales, la alumna se queja de las autoridades educativas del plantel del Cobao de Cuilapan porque prefirieron confiar en la palabra del trabajador y no de la estudiante.<\/p>\n<p>\u201cNos pidieron que confi\u00e1ramos en su palabra de que en el celular del intendente no hab\u00eda ninguna foto (de las estudiantes) y as\u00ed fue como concluy\u00f3 esa situaci\u00f3n (de la denuncia de acoso sexual). A lo que voy es que \u00bfc\u00f3mo quieren que yo crea en su palabra si no creen en la m\u00eda? (y de otros 42 alumnos)\u201d, cuestion\u00f3.<\/p>\n<p>Y agreg\u00f3: \u201choy expreso con toda mi libertad mi situaci\u00f3n como v\u00edctima y testigo de lo que ocurre en mi instituci\u00f3n, de los lamentables hechos que hoy me ocurren en un lugar donde he cursado mis estudios durante dos a\u00f1os. Jam\u00e1s en mi vida me lo imagin\u00e9 de lo vulnerable que podemos ser todas y todos en cualquier sitio y de la poca importancia que le dan las dem\u00e1s personas a estas situaciones\u201d.<\/p>\n<p>Es por ellos que \u201cdecid\u00ed compartir nuestra historia, digo nuestra porque no fui la \u00fanica afectada y no s\u00e9 a cuantas m\u00e1s les ha pasado sin darse cuenta o se han quedado calladas. Convoco a mis dem\u00e1s compa\u00f1eras de \u00e9sta situaci\u00f3n que si han sido v\u00edctimas de acoso o cualquier tipo de falta de respeto por parte del personal por favor hablen, es el momento\u201d. La estudiante del quinto semestre narr\u00f3 que \u201choy tomaba mis clases como todos los d\u00edas, al dirigirme a mi \u00faltima clase (psicolog\u00eda) en el aula XV de 14:00 a 15:00 horas vimos que mi profesora no se encontraba en el aula y estaba cerrada, por lo que est\u00e1bamos esperando a que llegara\u201d.<\/p>\n<p>\u201cComo saben el uniforme de COBAO para las mujeres consta de una falda, nos encontr\u00e1bamos platicando cuando una de mis amigas me comenta en voz baja \u2018te est\u00e1 tomando fotos el tipo de ac\u00e1\u2019 haci\u00e9ndonos gestos, no entend\u00edamos que pasaba por lo que avanzamos un par de pasos y al mirar en la parte en la que est\u00e1bamos nos percatamos de que un sujeto del personal del COBAO (intendente) estaba sentando en el corredor (\u2026) y pasaba su tel\u00e9fono debajo de las faldas de las chicas y estaba fotografiando\u201d.<\/p>\n<p>\u201cEl sujeto que responde al nombre de Reynaldo se dio cuenta de que lo observ\u00e1bamos y r\u00e1pidamente se levant\u00f3 del lugar y se dirigi\u00f3 a una habitaci\u00f3n d\u00f3nde se encuentra una peque\u00f1a oficina del personal. Inmediatamente fui con el director mientras tanto otros de mis compa\u00f1eros fueron detr\u00e1s del sujeto para confrontar la situaci\u00f3n y evitar que borrar\u00e1 las fotos\u201d.<\/p>\n<p>La subdirectora solo le dijo a la alumna que \u201cel d\u00eda lunes llevara un oficio para que se pudiera tomar cartas en el asunto ya que el director no se encontraba, sal\u00ed de su oficina frustrada y me dirig\u00ed al lugar donde estaban mis otros compa\u00f1eros con el sujeto en cuesti\u00f3n al llegar ya se encontraban otros superiores del \u00e1rea y ya hab\u00edan llamado por tel\u00e9fono al director y subdirectora mismos que llegaron minutos despu\u00e9s (de lo cual me sorprend\u00ed puesto que me hab\u00edan dicho que el director no se encontraba en la instituci\u00f3n), en esos momentos el intendente se encontraba muy nervioso\u201d.<\/p>\n<p>Los directivos le pidieron al intendente que mostrar\u00e1 su tel\u00e9fono y galer\u00eda, sin embargo, este dio muchas excusas para no hacerlo pasaron poco m\u00e1s de 10 minutos para que se lograr\u00e1 que el sujeto mostrar\u00e1 el tel\u00e9fono con la condici\u00f3n de que s\u00f3lo el director y subdirectora lo revisar\u00e1n. Al ver la galer\u00eda los directores pusieron en el rostro miradas reprobatorias y siguieron revisando despu\u00e9s nos pidieron que los alumnos sali\u00e9ramos de la oficina para que pudieran ver unos v\u00eddeos. El director nos dijo que no hab\u00eda encontrado ninguna imagen relacionada con alg\u00fan alumno o alumna de la instituci\u00f3n, despu\u00e9s nos dijo que lo que deb\u00edamos hacer era un oficio para que se procediera\u201d.<\/p>\n<p>La Comisi\u00f3n Mixta Disciplinaria del Colegio de Bachilleres de Oaxaca (Cobao) present\u00f3 la denuncia en las oficinas centrales y si se comprueba la denuncia, el trabajador ser\u00e1 sancionado.<\/p>\n<p><a href=\"https:\/\/pagina3.mx\/2018\/09\/alumnos-con-faldas-y-alumnas-con-pantalones-denuncian-acoso-sexual-en-el-cobao-de-cuilapan\/\" rel=\"noopener\" target=\"_blank\">https:\/\/pagina3.mx\/2018\/09\/alumnos-con-faldas-y-alumnas-con-pantalones-denuncian-acoso-sexual-en-el-cobao-de-cuilapan\/<\/a><\/p>\n","protected":false},"excerpt":{"rendered":"<p>P\u00e1gina 3. Pedro Mat\u00edas, Oaxaca, Oax.- Por no creer en la palabra de una alumna acosada sexualmente por el intendente, estudiantes del plantel 32 del Colegio de Bachilleres de Oaxaca &hellip; <a href=\"https:\/\/www.grieta.org.mx\/index.php\/2018\/09\/25\/alumnos-con-faldas-y-alumnas-con-pantalones-denuncian-acoso-sexual-en-el-cobao-de-cuilapan-oaxaca\/\" class=\"more-link\">Leer m\u00e1s<\/a><\/p>\n","protected":false},"author":2,"featured_media":26877,"comment_status":"closed","ping_status":"closed","sticky":false,"template":"","format":"standard","meta":{"ngg_post_thumbnail":0,"_jetpack_newsletter_access":"","_jetpack_dont_email_post_to_subs":false,"_jetpack_newsletter_tier_id":0,"_jetpack_memberships_contains_paywalled_content":false,"_jetpack_memberships_contains_paid_content":false,"footnotes":""},"categories":[80,2,25,1665],"tags":[],"class_list":["post-26876","post","type-post","status-publish","format-standard","has-post-thumbnail","hentry","category-cintillo","category-noticias-nacionales","category-oaxaca","category-violencia-contra-las-mujeres-en-oaxaca","entry"],"jetpack_featured_media_url":"https:\/\/www.grieta.org.mx\/wp-content\/uploads\/2018\/09\/Protesta-en-COBAO-32-Cuilapan-adrian-gaytan-3-e1537836616999-960x500.jpg","jetpack_sharing_enabled":true,"jetpack_shortlink":"https:\/\/wp.me\/p7ZJR4-6Zu","jetpack_likes_enabled":false,"jetpack-related-posts":[{"id":46003,"url":"https:\/\/www.grieta.org.mx\/index.php\/2020\/03\/05\/detienen-a-presunto-maestro-acosador-tras-protesta-de-bachilleres-en-oaxaca-videos\/","url_meta":{"origin":26876,"position":0},"title":"Detienen a presunto maestro acosador tras protesta de bachilleres en Oaxaca (Videos)","author":"grieta","date":"5 marzo, 2020","format":false,"excerpt":"Proceso \/ Pedro Mat\u00edas. Protesta en el Colegio de Bachilleres de Oaxaca (Cobao) 39 de Nazareno Etla. Foto: Twitter @metricasocial_ OAXACA, Oax. (apro).- \u201cEstamos cansadas de que nos pidan dinero o favores sexuales. A nadie le interesa ir contigo por un raspado. Mi cuerpo no vale tu calificaci\u00f3n\u201d, fueron los\u2026","rel":"","context":"En &quot;CINTILLO&quot;","block_context":{"text":"CINTILLO","link":"https:\/\/www.grieta.org.mx\/index.php\/category\/cintillo\/"},"img":{"alt_text":"","src":"https:\/\/i0.wp.com\/www.grieta.org.mx\/wp-content\/uploads\/2020\/03\/bachilleres-870x522.jpg?resize=350%2C200&ssl=1","width":350,"height":200,"srcset":"https:\/\/i0.wp.com\/www.grieta.org.mx\/wp-content\/uploads\/2020\/03\/bachilleres-870x522.jpg?resize=350%2C200&ssl=1 1x, https:\/\/i0.wp.com\/www.grieta.org.mx\/wp-content\/uploads\/2020\/03\/bachilleres-870x522.jpg?resize=525%2C300&ssl=1 1.5x, https:\/\/i0.wp.com\/www.grieta.org.mx\/wp-content\/uploads\/2020\/03\/bachilleres-870x522.jpg?resize=700%2C400&ssl=1 2x"},"classes":[]},{"id":45807,"url":"https:\/\/www.grieta.org.mx\/index.php\/2020\/03\/07\/dicen-que-cesan-a-11-trabajadores-del-cobao-ante-rebelion-estudiantil-pero-no-dan-nombres-oaxaca\/","url_meta":{"origin":26876,"position":1},"title":"Dicen que cesan a 11 trabajadores del Cobao ante rebeli\u00f3n estudiantil pero no dan nombres (Oaxaca)","author":"grieta","date":"7 marzo, 2020","format":false,"excerpt":"P\u00e1gina 3 \/ Pedro Mat\u00edas. *Tanto el director general del Cobao como el l\u00edder sindical se han dedicado a proteger a presuntos acosadores sexuales. Estudiantes del COBAO denunciaron que llevan a\u00f1os sin respuestas a los se\u00f1alamientos de acoso sexual que enfrentan. Imagen: Estaci\u00f3n Foto. OAXACA, Oax.- Aunque el director General\u2026","rel":"","context":"En &quot;CINTILLO&quot;","block_context":{"text":"CINTILLO","link":"https:\/\/www.grieta.org.mx\/index.php\/category\/cintillo\/"},"img":{"alt_text":"","src":"https:\/\/i0.wp.com\/www.grieta.org.mx\/wp-content\/uploads\/2020\/03\/Cobao-denuncian-acoso-sexual-696x340.png?resize=350%2C200&ssl=1","width":350,"height":200,"srcset":"https:\/\/i0.wp.com\/www.grieta.org.mx\/wp-content\/uploads\/2020\/03\/Cobao-denuncian-acoso-sexual-696x340.png?resize=350%2C200&ssl=1 1x, https:\/\/i0.wp.com\/www.grieta.org.mx\/wp-content\/uploads\/2020\/03\/Cobao-denuncian-acoso-sexual-696x340.png?resize=525%2C300&ssl=1 1.5x"},"classes":[]},{"id":45850,"url":"https:\/\/www.grieta.org.mx\/index.php\/2020\/03\/06\/a-flote-podredumbre-en-cobao-acoso-sexual-y-venta-de-calificaciones-envuelven-a-ese-sistema-educativo-oaxaca\/","url_meta":{"origin":26876,"position":2},"title":"A flote podredumbre en COBAO; acoso sexual y venta de calificaciones envuelven a ese sistema educativo (Oaxaca)","author":"grieta","date":"6 marzo, 2020","format":false,"excerpt":"P\u00e1gina 3 \/ Ma. de los \u00c1ngeles Niv\u00f3n. \u00a1Qu\u00e9 esc\u00e1ndalo! Para nadie es un secreto la protecci\u00f3n que el Sindicato \u00danico de Trabajadores del Colegio de Bachilleres de Oaxaca (COBAO) a cargo de Rufino Olea Gonz\u00e1lez y hasta el propio director general, Rodrigo Gonz\u00e1lez Illescas han hecho al encubrir a\u2026","rel":"","context":"En &quot;CINTILLO&quot;","block_context":{"text":"CINTILLO","link":"https:\/\/www.grieta.org.mx\/index.php\/category\/cintillo\/"},"img":{"alt_text":"","src":"https:\/\/i0.wp.com\/www.grieta.org.mx\/wp-content\/uploads\/2020\/03\/primeralinea.jpg?resize=350%2C200&ssl=1","width":350,"height":200,"srcset":"https:\/\/i0.wp.com\/www.grieta.org.mx\/wp-content\/uploads\/2020\/03\/primeralinea.jpg?resize=350%2C200&ssl=1 1x, https:\/\/i0.wp.com\/www.grieta.org.mx\/wp-content\/uploads\/2020\/03\/primeralinea.jpg?resize=525%2C300&ssl=1 1.5x"},"classes":[]},{"id":46095,"url":"https:\/\/www.grieta.org.mx\/index.php\/2020\/03\/11\/cero-tolerancia-a-acosadores-en-cobao-08-oaxaca\/","url_meta":{"origin":26876,"position":3},"title":"Cero tolerancia a acosadores en COBAO 08 (Oaxaca)","author":"grieta","date":"11 marzo, 2020","format":false,"excerpt":"Noticias \/ Leslie Aguilar. HUAJUAPAN DE LE\u00d3N, Oaxaca.- Luego de que un grupo de mujeres march\u00f3 el 8 de marzo en las calles de Huajuapan, las feministas colocaron un tendedero de denuncias, en el que muchas de ellas expusieron ser v\u00edctimas de acoso por parte de cuatro docentes del Colegio\u2026","rel":"","context":"En &quot;CINTILLO&quot;","block_context":{"text":"CINTILLO","link":"https:\/\/www.grieta.org.mx\/index.php\/category\/cintillo\/"},"img":{"alt_text":"","src":"https:\/\/i0.wp.com\/www.grieta.org.mx\/wp-content\/uploads\/2020\/03\/copia_de_principal_2_11.jpg?resize=350%2C200&ssl=1","width":350,"height":200,"srcset":"https:\/\/i0.wp.com\/www.grieta.org.mx\/wp-content\/uploads\/2020\/03\/copia_de_principal_2_11.jpg?resize=350%2C200&ssl=1 1x, https:\/\/i0.wp.com\/www.grieta.org.mx\/wp-content\/uploads\/2020\/03\/copia_de_principal_2_11.jpg?resize=525%2C300&ssl=1 1.5x, https:\/\/i0.wp.com\/www.grieta.org.mx\/wp-content\/uploads\/2020\/03\/copia_de_principal_2_11.jpg?resize=700%2C400&ssl=1 2x, https:\/\/i0.wp.com\/www.grieta.org.mx\/wp-content\/uploads\/2020\/03\/copia_de_principal_2_11.jpg?resize=1050%2C600&ssl=1 3x"},"classes":[]},{"id":46438,"url":"https:\/\/www.grieta.org.mx\/index.php\/2020\/03\/19\/por-acoso-exhiben-a-profesores-de-medicina-oaxaca\/","url_meta":{"origin":26876,"position":4},"title":"Por acoso exhiben a profesores de Medicina (Oaxaca)","author":"grieta","date":"19 marzo, 2020","format":false,"excerpt":"Noticias \/ Nadia Altamirano. Los se\u00f1alamientos p\u00fablicos por agresiones sexuales de parte de profesores aparecieron ayer en la Facultad de Medicina y Cirug\u00eda de la Universidad Aut\u00f3noma Benito Ju\u00e1rez de Oaxaca (UABJO) en forma de tendederos. Kira, una de las universitarias que ayud\u00f3 a colgar un centenar de hojas en\u2026","rel":"","context":"En &quot;CINTILLO&quot;","block_context":{"text":"CINTILLO","link":"https:\/\/www.grieta.org.mx\/index.php\/category\/cintillo\/"},"img":{"alt_text":"","src":"https:\/\/i0.wp.com\/www.grieta.org.mx\/wp-content\/uploads\/2020\/03\/copia_de_foto_para_nota_principal_16.jpg?resize=350%2C200&ssl=1","width":350,"height":200,"srcset":"https:\/\/i0.wp.com\/www.grieta.org.mx\/wp-content\/uploads\/2020\/03\/copia_de_foto_para_nota_principal_16.jpg?resize=350%2C200&ssl=1 1x, https:\/\/i0.wp.com\/www.grieta.org.mx\/wp-content\/uploads\/2020\/03\/copia_de_foto_para_nota_principal_16.jpg?resize=525%2C300&ssl=1 1.5x, https:\/\/i0.wp.com\/www.grieta.org.mx\/wp-content\/uploads\/2020\/03\/copia_de_foto_para_nota_principal_16.jpg?resize=700%2C400&ssl=1 2x, https:\/\/i0.wp.com\/www.grieta.org.mx\/wp-content\/uploads\/2020\/03\/copia_de_foto_para_nota_principal_16.jpg?resize=1050%2C600&ssl=1 3x"},"classes":[]},{"id":46006,"url":"https:\/\/www.grieta.org.mx\/index.php\/2020\/03\/10\/periodista-acusa-al-lider-del-pri-en-oaxaca-de-amenazarla\/","url_meta":{"origin":26876,"position":5},"title":"Periodista acusa al l\u00edder del PRI en Oaxaca de amenazarla","author":"grieta","date":"10 marzo, 2020","format":false,"excerpt":"Proceso \/ Pedro Mat\u00edas Jorge Gonz\u00e1lez Ilescas, lider del PRI en Oaxaca. Foto: @PRIOaxacaCDE OAXACA, Oax. (apro).- \u201cMaldita enferma\u201d, \u201cHay que saludarla\u2026 bien\u201d, fue la amenaza que le mand\u00f3 el dirigente estatal del PRI en Oaxaca, Jorge Gonz\u00e1lez Ilescas, a la periodista Mar\u00eda de los \u00c1ngeles Niv\u00f3n. La amenaza se\u2026","rel":"","context":"En &quot;CINTILLO&quot;","block_context":{"text":"CINTILLO","link":"https:\/\/www.grieta.org.mx\/index.php\/category\/cintillo\/"},"img":{"alt_text":"","src":"https:\/\/i0.wp.com\/www.grieta.org.mx\/wp-content\/uploads\/2020\/03\/pri-oaxaca-OK-870x522.jpg?resize=350%2C200&ssl=1","width":350,"height":200,"srcset":"https:\/\/i0.wp.com\/www.grieta.org.mx\/wp-content\/uploads\/2020\/03\/pri-oaxaca-OK-870x522.jpg?resize=350%2C200&ssl=1 1x, https:\/\/i0.wp.com\/www.grieta.org.mx\/wp-content\/uploads\/2020\/03\/pri-oaxaca-OK-870x522.jpg?resize=525%2C300&ssl=1 1.5x, https:\/\/i0.wp.com\/www.grieta.org.mx\/wp-content\/uploads\/2020\/03\/pri-oaxaca-OK-870x522.jpg?resize=700%2C400&ssl=1 2x"},"classes":[]}],"_links":{"self":[{"href":"https:\/\/www.grieta.org.mx\/index.php\/wp-json\/wp\/v2\/posts\/26876","targetHints":{"allow":["GET"]}}],"collection":[{"href":"https:\/\/www.grieta.org.mx\/index.php\/wp-json\/wp\/v2\/posts"}],"about":[{"href":"https:\/\/www.grieta.org.mx\/index.php\/wp-json\/wp\/v2\/types\/post"}],"author":[{"embeddable":true,"href":"https:\/\/www.grieta.org.mx\/index.php\/wp-json\/wp\/v2\/users\/2"}],"replies":[{"embeddable":true,"href":"https:\/\/www.grieta.org.mx\/index.php\/wp-json\/wp\/v2\/comments?post=26876"}],"version-history":[{"count":1,"href":"https:\/\/www.grieta.org.mx\/index.php\/wp-json\/wp\/v2\/posts\/26876\/revisions"}],"predecessor-version":[{"id":26878,"href":"https:\/\/www.grieta.org.mx\/index.php\/wp-json\/wp\/v2\/posts\/26876\/revisions\/26878"}],"wp:featuredmedia":[{"embeddable":true,"href":"https:\/\/www.grieta.org.mx\/index.php\/wp-json\/wp\/v2\/media\/26877"}],"wp:attachment":[{"href":"https:\/\/www.grieta.org.mx\/index.php\/wp-json\/wp\/v2\/media?parent=26876"}],"wp:term":[{"taxonomy":"category","embeddable":true,"href":"https:\/\/www.grieta.org.mx\/index.php\/wp-json\/wp\/v2\/categories?post=26876"},{"taxonomy":"post_tag","embeddable":true,"href":"https:\/\/www.grieta.org.mx\/index.php\/wp-json\/wp\/v2\/tags?post=26876"}],"curies":[{"name":"wp","href":"https:\/\/api.w.org\/{rel}","templated":true}]}}