{"id":2686,"date":"2015-03-28T10:54:41","date_gmt":"2015-03-28T10:54:41","guid":{"rendered":"http:\/\/50.22.11.12\/~grietaor\/?p=2686"},"modified":"2016-03-13T10:56:41","modified_gmt":"2016-03-13T10:56:41","slug":"el-miedo-se-nos-quito-cuando-nuestros-hijos-desaparecieron-madres-de-normalistas-de-ayotzinapa","status":"publish","type":"post","link":"https:\/\/www.grieta.org.mx\/index.php\/2015\/03\/28\/el-miedo-se-nos-quito-cuando-nuestros-hijos-desaparecieron-madres-de-normalistas-de-ayotzinapa\/","title":{"rendered":"El miedo se nos quit\u00f3 cuando nuestros hijos desaparecieron: madres de normalistas de Ayotzinapa"},"content":{"rendered":"<p>Colima 3.0<\/p>\n<p>Por: Dilva Ch\u00e1vez \/ 28 marzo, 2015<\/p>\n<p>\u201cNosotros no tenemos miedo; el miedo se nos quit\u00f3 cuando nuestros hijos desaparecieron\u201d afirm\u00f3 Mar\u00eda In\u00e9s Abrajam, madre de Ad\u00e1n Abrajam, uno de los 43 estudiantes desaparecidos de Ayotzinapa, Guerrero.<\/p>\n<p>En el marco del foro \u201cDefensa del territorio, desapariciones y terrorismo de estado\u201d, organizado por el Consejo Ind\u00edgena en Defensa del Territorio de Zacualpan (CIDTZ), estuvieron presentes tres de las madres de los j\u00f3venes desaparecidos y dos de los sobrevivientes, quienes expresaron su desaprobaci\u00f3n al inconcluso caso y repudiaron la posibilidad de elecciones en el estado de Guerrero.<\/p>\n<p>\u201cNo vamos a permitir las elecciones. Nos vamos a organizar, porque descaradamente el INE va a vernos a la casa: que quiere que mi hijo participe; si mi hijo est\u00e1 desaparecido, \u00bfc\u00f3mo creen que mi hijo va a participar? Que desagraciados son\u201d, se\u00f1al\u00f3 Mar\u00eda In\u00e9s.<\/p>\n<p>Por su parte, Bertha Nava Mart\u00ednez, madre de Julio C\u00e9sar Ram\u00edrez Nava, quien fue asesinado durante el ataque del 26 de septiembre en Iguala, dijo sobre los desaparecidos: \u201cEstamos busc\u00e1ndolos en vida, porque vivos se los llevaron, vivos los queremos. No los queremos muertos como nos los quieren entregar, en fosas, quemados o tirados en el r\u00edo San Juan\u201d.<\/p>\n<p>Respecto a las fosas clandestinas que fueron encontradas las semanas consecutivas a la desaparici\u00f3n de los 43 j\u00f3venes de la Normal Rural Ra\u00fal Isidro Burgos, cuestion\u00f3:<\/p>\n<p>\u201c\u00bfQu\u00e9 hace el presidente municipal?, \u00bfqu\u00e9 hace el gobierno?, \u00bfqu\u00e9 hace el gobernador? A \u00e9l le viene valiendo sombrilla porque no es su familia, no son sus hijos, pero si fuera su hermano, de volada lo encontrar\u00eda. \u00bfPor qu\u00e9? Porque les sobra el dinero y a nosotros nos falta, pero no nos faltan las fuerzas y el amor a estos muchachos. Hasta encontrarlos vamos a parar\u201d.<\/p>\n<p>Hilda Legide\u00f1o, madre de Jorge Antonio Tizapa Legide\u00f1o, indic\u00f3: \u201cNuestra lucha es hacia el gobierno, porque fueron los polic\u00edas municipales quienes se llevaron a nuestros hijos en complicidad con los militares. A ustedes, madres: quiero que piensen en sus hijos, en sus hermanos, en su familia. A los j\u00f3venes que est\u00e1n empezando a vivir: tienen que levantar la voz; si no quieren hacerlo por nosotros, h\u00e1ganlo por ustedes mismos, para que no les suceda, porque nadie est\u00e1 exento de lo que pueda suceder\u201d.<\/p>\n<p>Francisco S\u00e1nchez, uno de los estudiantes sobrevivientes, lament\u00f3 el desinter\u00e9s por parte del p\u00fablico joven colimense en la b\u00fasqueda de los normalistas.<\/p>\n<p>\u201cEl 26 de septiembre es una noche la cual no se la deseamos a nadie; estar indefenso ante una multitud de polic\u00edas municipales que te est\u00e1n disparando sin compasi\u00f3n alguna es algo terrible. No veo la parte de la juventud, de los estudiantes. Qu\u00e9 lamentable [porque] de nosotros depende el futuro de M\u00e9xico\u201d.<br \/>\nDilva Pe\u00f1a, integrante del CIDTZ, afirm\u00f3 que ese mismo d\u00eda, durante la visita de los familiares de los desaparecidos de Ayotzinapa a la comunidad de Zacualpan, fueron v\u00edctimas de amenazas por parte del grupo de Carlos Guzm\u00e1n, responsable del bloqueo del manantial \u201cOjo de Agua\u201d, que a trav\u00e9s de perifoneo exig\u00eda la retirada de los visitantes.<\/p>\n<p><a href=\"http:\/\/colimatrespuntocero.com\/el-miedo-se-nos-quito-cuando-nuestros-hijos-desaparecieron-madres-de-normalistas-de-ayotzinapa\/\" target=\"_blank\">http:\/\/colimatrespuntocero.com\/el-miedo-se-nos-quito-cuando-nuestros-hijos-desaparecieron-madres-de-normalistas-de-ayotzinapa\/<\/a><\/p>\n","protected":false},"excerpt":{"rendered":"<p>Colima 3.0 Por: Dilva Ch\u00e1vez \/ 28 marzo, 2015 \u201cNosotros no tenemos miedo; el miedo se nos quit\u00f3 cuando nuestros hijos desaparecieron\u201d afirm\u00f3 Mar\u00eda In\u00e9s Abrajam, madre de Ad\u00e1n Abrajam, &hellip; <a href=\"https:\/\/www.grieta.org.mx\/index.php\/2015\/03\/28\/el-miedo-se-nos-quito-cuando-nuestros-hijos-desaparecieron-madres-de-normalistas-de-ayotzinapa\/\" class=\"more-link\">Leer m\u00e1s<\/a><\/p>\n","protected":false},"author":2,"featured_media":21928,"comment_status":"closed","ping_status":"open","sticky":false,"template":"","format":"standard","meta":{"ngg_post_thumbnail":0,"_jetpack_newsletter_access":"","_jetpack_dont_email_post_to_subs":false,"_jetpack_newsletter_tier_id":0,"_jetpack_memberships_contains_paywalled_content":false,"_jetpack_memberships_contains_paid_content":false,"footnotes":""},"categories":[80,108],"tags":[229],"class_list":["post-2686","post","type-post","status-publish","format-standard","has-post-thumbnail","hentry","category-cintillo","category-colima","tag-solidaridad-con-ayotzinapa","entry"],"jetpack_featured_media_url":"https:\/\/www.grieta.org.mx\/wp-content\/uploads\/2018\/03\/14524434_1106112876131411_958039263622046936_o.jpg","jetpack_sharing_enabled":true,"jetpack_shortlink":"https:\/\/wp.me\/p7ZJR4-Hk","jetpack_likes_enabled":false,"jetpack-related-posts":[{"id":2002,"url":"https:\/\/www.grieta.org.mx\/index.php\/2016\/01\/26\/movilizaciones-por-ayotzinapa-en-colima\/","url_meta":{"origin":2686,"position":0},"title":"Movilizaciones por Ayotzinapa en Colima","author":"grieta","date":"26 enero, 2016","format":false,"excerpt":"26\/01\/16. \u201cNo deseamos a nadie estar en nuestros zapatos\u201d: Familiares de AyotzinapaDiario Avanzada 26\/09\/15. En Colima marchan por Ayotzinapa a un a\u00f1o de la desaparici\u00f3n y asesinato de estudiantesAF Medios 26\/09\/15. Marchan Maestros en Manzanillo Hasta la PGR en Apoyo a los 43Noticias Manzanillo 11\/08\/15. \u201cNo los olviden\u201d piden padres\u2026","rel":"","context":"En &quot;Colima&quot;","block_context":{"text":"Colima","link":"https:\/\/www.grieta.org.mx\/index.php\/category\/noticias-nacionales\/colima\/"},"img":{"alt_text":"","src":"https:\/\/i0.wp.com\/www.grieta.org.mx\/wp-content\/uploads\/2018\/03\/14524434_1106112876131411_958039263622046936_o.jpg?resize=350%2C200&ssl=1","width":350,"height":200,"srcset":"https:\/\/i0.wp.com\/www.grieta.org.mx\/wp-content\/uploads\/2018\/03\/14524434_1106112876131411_958039263622046936_o.jpg?resize=350%2C200&ssl=1 1x, https:\/\/i0.wp.com\/www.grieta.org.mx\/wp-content\/uploads\/2018\/03\/14524434_1106112876131411_958039263622046936_o.jpg?resize=525%2C300&ssl=1 1.5x, https:\/\/i0.wp.com\/www.grieta.org.mx\/wp-content\/uploads\/2018\/03\/14524434_1106112876131411_958039263622046936_o.jpg?resize=700%2C400&ssl=1 2x"},"classes":[]},{"id":5583,"url":"https:\/\/www.grieta.org.mx\/index.php\/2015\/03\/27\/justicia-para-los-43\/","url_meta":{"origin":2686,"position":1},"title":"\u201c\u00a1Justicia para los 43!\u201d","author":"grieta","date":"27 marzo, 2015","format":false,"excerpt":"Por Rafael Hern\u00e1ndez Gu\u00edzar El gobierno federal no debe dar carpetazo: Madres de Ayotzinapa en Guadalajara A seis meses de la desaparici\u00f3n de los normalistas, exigen con vida a sus familiares, de quienes no se sabe nada desde el fatal s\u00e1bado 26 de septiembre pasado El gobierno federal no da\u2026","rel":"","context":"En &quot;CINTILLO&quot;","block_context":{"text":"CINTILLO","link":"https:\/\/www.grieta.org.mx\/index.php\/category\/cintillo\/"},"img":{"alt_text":"","src":"https:\/\/i0.wp.com\/www.grieta.org.mx\/wp-content\/uploads\/2018\/03\/14524434_1106112876131411_958039263622046936_o.jpg?resize=350%2C200&ssl=1","width":350,"height":200,"srcset":"https:\/\/i0.wp.com\/www.grieta.org.mx\/wp-content\/uploads\/2018\/03\/14524434_1106112876131411_958039263622046936_o.jpg?resize=350%2C200&ssl=1 1x, https:\/\/i0.wp.com\/www.grieta.org.mx\/wp-content\/uploads\/2018\/03\/14524434_1106112876131411_958039263622046936_o.jpg?resize=525%2C300&ssl=1 1.5x, https:\/\/i0.wp.com\/www.grieta.org.mx\/wp-content\/uploads\/2018\/03\/14524434_1106112876131411_958039263622046936_o.jpg?resize=700%2C400&ssl=1 2x"},"classes":[]},{"id":9695,"url":"https:\/\/www.grieta.org.mx\/index.php\/2015\/03\/28\/nosotros-no-nos-rendimos-por-nuestros-hijos-daremos-la-vida\/","url_meta":{"origin":2686,"position":2},"title":"Nosotros no nos rendimos, por nuestros hijos daremos la vida","author":"grieta","date":"28 marzo, 2015","format":false,"excerpt":"Regeneraci\u00f3n Radio Posted by: Sandra & Regenerazion En Guerrero no habr\u00e1 elecciones si no aparecen los normalistas Son seis meses de dolor, tristeza y pesadilla en Ayotzinapa. Seis meses de la desaparici\u00f3n forzada. 43 futuros profesores alejados de sus aulas y de sus casas. Con flores blancas en las manos,\u2026","rel":"","context":"En &quot;CINTILLO&quot;","block_context":{"text":"CINTILLO","link":"https:\/\/www.grieta.org.mx\/index.php\/category\/cintillo\/"},"img":{"alt_text":"","src":"https:\/\/i0.wp.com\/www.grieta.org.mx\/wp-content\/uploads\/2018\/03\/14524434_1106112876131411_958039263622046936_o.jpg?resize=350%2C200&ssl=1","width":350,"height":200,"srcset":"https:\/\/i0.wp.com\/www.grieta.org.mx\/wp-content\/uploads\/2018\/03\/14524434_1106112876131411_958039263622046936_o.jpg?resize=350%2C200&ssl=1 1x, https:\/\/i0.wp.com\/www.grieta.org.mx\/wp-content\/uploads\/2018\/03\/14524434_1106112876131411_958039263622046936_o.jpg?resize=525%2C300&ssl=1 1.5x, https:\/\/i0.wp.com\/www.grieta.org.mx\/wp-content\/uploads\/2018\/03\/14524434_1106112876131411_958039263622046936_o.jpg?resize=700%2C400&ssl=1 2x"},"classes":[]},{"id":18783,"url":"https:\/\/www.grieta.org.mx\/index.php\/2015\/03\/27\/estamos-con-la-misma-fuerza-y-con-la-misma-desesperacion-de-cuando-empezamos-madres-y-padres-de-ayotzinapa\/","url_meta":{"origin":2686,"position":3},"title":"\u00abEstamos con la misma fuerza y con la misma desesperaci\u00f3n de cuando empezamos\u00bb Madres y padres de Ayotzinapa","author":"grieta","date":"27 marzo, 2015","format":false,"excerpt":"Subversiones Heriberto Paredes Han pasado 6 meses desde la desaparici\u00f3n forzada de 43 estudiantes normalistas, sus familiares siguen busc\u00e1ndolos con todos los recursos que tienen a la mano. No han descansado ni un d\u00eda y han recorrido el pa\u00eds en todas sus direcciones llevando el rostro de sus hijos, llevando\u2026","rel":"","context":"En &quot;CINTILLO&quot;","block_context":{"text":"CINTILLO","link":"https:\/\/www.grieta.org.mx\/index.php\/category\/cintillo\/"},"img":{"alt_text":"","src":"https:\/\/i0.wp.com\/www.grieta.org.mx\/wp-content\/uploads\/2018\/03\/14524434_1106112876131411_958039263622046936_o.jpg?resize=350%2C200&ssl=1","width":350,"height":200,"srcset":"https:\/\/i0.wp.com\/www.grieta.org.mx\/wp-content\/uploads\/2018\/03\/14524434_1106112876131411_958039263622046936_o.jpg?resize=350%2C200&ssl=1 1x, https:\/\/i0.wp.com\/www.grieta.org.mx\/wp-content\/uploads\/2018\/03\/14524434_1106112876131411_958039263622046936_o.jpg?resize=525%2C300&ssl=1 1.5x, https:\/\/i0.wp.com\/www.grieta.org.mx\/wp-content\/uploads\/2018\/03\/14524434_1106112876131411_958039263622046936_o.jpg?resize=700%2C400&ssl=1 2x"},"classes":[]},{"id":17359,"url":"https:\/\/www.grieta.org.mx\/index.php\/2016\/07\/21\/madres-de-desaparecidos-en-colima-se-unen-a-protesta-en-la-cdmx-y-anuncian-huelga-de-hambre\/","url_meta":{"origin":2686,"position":4},"title":"Madres de desaparecidos en Colima se unen a protesta en la CDMX y anuncian huelga de hambre","author":"grieta","date":"21 julio, 2016","format":false,"excerpt":"Heidi de Le\u00f3n Guti\u00e9rrez Colima, M\u00e9xico (21 de julio de 2016) Aunque no se han revelado los nombres, ni cu\u00e1ntas son, en el grupo de mujeres que ayer se manifest\u00f3 sobre el Paseo de la Reforma en la ciudad de M\u00e9xico y que fue agredido por los polic\u00edas de ese\u2026","rel":"","context":"En &quot;CINTILLO&quot;","block_context":{"text":"CINTILLO","link":"https:\/\/www.grieta.org.mx\/index.php\/category\/cintillo\/"},"img":{"alt_text":"","src":"https:\/\/i0.wp.com\/www.grieta.org.mx\/wp-content\/uploads\/2018\/03\/14524434_1106112876131411_958039263622046936_o.jpg?resize=350%2C200&ssl=1","width":350,"height":200,"srcset":"https:\/\/i0.wp.com\/www.grieta.org.mx\/wp-content\/uploads\/2018\/03\/14524434_1106112876131411_958039263622046936_o.jpg?resize=350%2C200&ssl=1 1x, https:\/\/i0.wp.com\/www.grieta.org.mx\/wp-content\/uploads\/2018\/03\/14524434_1106112876131411_958039263622046936_o.jpg?resize=525%2C300&ssl=1 1.5x, https:\/\/i0.wp.com\/www.grieta.org.mx\/wp-content\/uploads\/2018\/03\/14524434_1106112876131411_958039263622046936_o.jpg?resize=700%2C400&ssl=1 2x"},"classes":[]},{"id":4110,"url":"https:\/\/www.grieta.org.mx\/index.php\/2015\/02\/23\/padres-de-normalistas-dejan-istmo-con-marcha-exigen-presentacion-con-vida-de-sus-hijos\/","url_meta":{"origin":2686,"position":5},"title":"Padres de normalistas dejan Istmo; con marcha exigen presentaci\u00f3n con vida de sus hijos","author":"grieta","date":"23 febrero, 2015","format":false,"excerpt":"Diana Manzo, Oaxaca JUCHIT\u00c1N, OAX., (pagina3.mx).- Familiares de los normalistas desaparecidos de Ayotzinapa se despidieron de la ciudad zapoteca de Juchit\u00e1n con una marcha por las principales calles acompa\u00f1ados del Comit\u00e9 de Solidaridad por Ayotzinapa y exigieron al gobierno mexicano la presentaci\u00f3n con vida de los 43 normalistas que desaparecieron\u2026","rel":"","context":"En &quot;CINTILLO&quot;","block_context":{"text":"CINTILLO","link":"https:\/\/www.grieta.org.mx\/index.php\/category\/cintillo\/"},"img":{"alt_text":"","src":"https:\/\/i0.wp.com\/www.grieta.org.mx\/wp-content\/uploads\/2018\/03\/14524434_1106112876131411_958039263622046936_o.jpg?resize=350%2C200&ssl=1","width":350,"height":200,"srcset":"https:\/\/i0.wp.com\/www.grieta.org.mx\/wp-content\/uploads\/2018\/03\/14524434_1106112876131411_958039263622046936_o.jpg?resize=350%2C200&ssl=1 1x, https:\/\/i0.wp.com\/www.grieta.org.mx\/wp-content\/uploads\/2018\/03\/14524434_1106112876131411_958039263622046936_o.jpg?resize=525%2C300&ssl=1 1.5x, https:\/\/i0.wp.com\/www.grieta.org.mx\/wp-content\/uploads\/2018\/03\/14524434_1106112876131411_958039263622046936_o.jpg?resize=700%2C400&ssl=1 2x"},"classes":[]}],"_links":{"self":[{"href":"https:\/\/www.grieta.org.mx\/index.php\/wp-json\/wp\/v2\/posts\/2686","targetHints":{"allow":["GET"]}}],"collection":[{"href":"https:\/\/www.grieta.org.mx\/index.php\/wp-json\/wp\/v2\/posts"}],"about":[{"href":"https:\/\/www.grieta.org.mx\/index.php\/wp-json\/wp\/v2\/types\/post"}],"author":[{"embeddable":true,"href":"https:\/\/www.grieta.org.mx\/index.php\/wp-json\/wp\/v2\/users\/2"}],"replies":[{"embeddable":true,"href":"https:\/\/www.grieta.org.mx\/index.php\/wp-json\/wp\/v2\/comments?post=2686"}],"version-history":[{"count":1,"href":"https:\/\/www.grieta.org.mx\/index.php\/wp-json\/wp\/v2\/posts\/2686\/revisions"}],"predecessor-version":[{"id":2687,"href":"https:\/\/www.grieta.org.mx\/index.php\/wp-json\/wp\/v2\/posts\/2686\/revisions\/2687"}],"wp:featuredmedia":[{"embeddable":true,"href":"https:\/\/www.grieta.org.mx\/index.php\/wp-json\/wp\/v2\/media\/21928"}],"wp:attachment":[{"href":"https:\/\/www.grieta.org.mx\/index.php\/wp-json\/wp\/v2\/media?parent=2686"}],"wp:term":[{"taxonomy":"category","embeddable":true,"href":"https:\/\/www.grieta.org.mx\/index.php\/wp-json\/wp\/v2\/categories?post=2686"},{"taxonomy":"post_tag","embeddable":true,"href":"https:\/\/www.grieta.org.mx\/index.php\/wp-json\/wp\/v2\/tags?post=2686"}],"curies":[{"name":"wp","href":"https:\/\/api.w.org\/{rel}","templated":true}]}}