{"id":26829,"date":"2018-09-23T22:43:19","date_gmt":"2018-09-24T03:43:19","guid":{"rendered":"http:\/\/www.grieta.org.mx\/?p=26829"},"modified":"2020-04-13T23:19:17","modified_gmt":"2020-04-14T04:19:17","slug":"en-la-calle-roma-18-la-policia-ataca-y-roba-a-indigenas-otomies-de-las-redes-de-apoyo-al-cig-ciudad-de-mexico","status":"publish","type":"post","link":"https:\/\/www.grieta.org.mx\/index.php\/2018\/09\/23\/en-la-calle-roma-18-la-policia-ataca-y-roba-a-indigenas-otomies-de-las-redes-de-apoyo-al-cig-ciudad-de-mexico\/","title":{"rendered":"En la calle Roma #18, la polic\u00eda ataca y roba a ind\u00edgenas otom\u00edes de las redes de apoyo al CIG (Ciudad de M\u00e9xico)"},"content":{"rendered":"<figure id=\"attachment_26830\" aria-describedby=\"caption-attachment-26830\" style=\"width: 702px\" class=\"wp-caption aligncenter\"><img loading=\"lazy\" decoding=\"async\" data-attachment-id=\"26830\" data-permalink=\"https:\/\/www.grieta.org.mx\/index.php\/2018\/09\/23\/en-la-calle-roma-18-la-policia-ataca-y-roba-a-indigenas-otomies-de-las-redes-de-apoyo-al-cig-ciudad-de-mexico\/anterepresioorg\/\" data-orig-file=\"https:\/\/www.grieta.org.mx\/wp-content\/uploads\/2018\/09\/AnterepresioOrg.jpg\" data-orig-size=\"1106,821\" data-comments-opened=\"0\" data-image-meta=\"{&quot;aperture&quot;:&quot;0&quot;,&quot;credit&quot;:&quot;&quot;,&quot;camera&quot;:&quot;&quot;,&quot;caption&quot;:&quot;&quot;,&quot;created_timestamp&quot;:&quot;1537633512&quot;,&quot;copyright&quot;:&quot;&quot;,&quot;focal_length&quot;:&quot;0&quot;,&quot;iso&quot;:&quot;0&quot;,&quot;shutter_speed&quot;:&quot;0&quot;,&quot;title&quot;:&quot;&quot;,&quot;orientation&quot;:&quot;0&quot;}\" data-image-title=\"Aspecto del campamento otom\u00ed\" data-image-description=\"\" data-image-caption=\"&lt;p&gt;Cartel a la entrada del campamento otom\u00ed en Roma #18.&lt;\/p&gt;\n\" data-medium-file=\"https:\/\/www.grieta.org.mx\/wp-content\/uploads\/2018\/09\/AnterepresioOrg-300x223.jpg\" data-large-file=\"https:\/\/www.grieta.org.mx\/wp-content\/uploads\/2018\/09\/AnterepresioOrg-1024x760.jpg\" class=\"wp-image-26830 size-medium\" src=\"http:\/\/www.grieta.org.mx\/wp-content\/uploads\/2018\/09\/AnterepresioOrg-300x223.jpg\" alt=\"\" width=\"702\" height=\"468\"><figcaption id=\"caption-attachment-26830\" class=\"wp-caption-text\">Cartel a la entrada del campamento otom\u00ed en Roma #18.<\/figcaption><\/figure>\n<p>Colectivo Grieta\/ 23 de septiembre de 2018<\/p>\n<p>El pasado mi\u00e9rcoles 19 de septiembre, a un a\u00f1o de vivir en un campamento afuera del predio de la calle Roma #18 en la Colonia Ju\u00e1rez de la Ciudad de M\u00e9xico, ind\u00edgenas otom\u00edes afectados por el sismo del 19 de septiembre de 2017 fueron golpeados y robados por la polic\u00eda de la Ciudad de M\u00e9xico. El ataque ocurri\u00f3 cuando en el campamento donde habitan unas 90 familias otom\u00edes se present\u00f3 una representante de la Inmobiliaria Eduardo, alegando representar a los due\u00f1os del predio, sin presentar ning\u00fan tipo de documentaci\u00f3n ni orden de desalojo. Cuando los ind\u00edgenas, adherentes a la Sexta Declaraci\u00f3n de la Selva Lacandona y parte de las redes de apoyo al Concejo Ind\u00edgena de Gobierno (CIG) intentaban dialogar con esta persona, miembros del cuerpo de granaderos arremetieron contra j\u00f3venes ind\u00edgenas, golpeando incluso a una persona en silla de ruedas. El ataque tuvo como objetivo permitir que la Polic\u00eda Bancaria e Industrial se ocupara el predio, destruyendo lo poco que quedaba de las casas de madera y cart\u00f3n, robando en la operaci\u00f3n los productos que los artesanos ind\u00edgenas a\u00fan ten\u00edan al interior, as\u00ed como \u00fatiles escolares y uniformes de los ni\u00f1os de las familias que all\u00ed habitaban.<\/p>\n<p>Estas familias ind\u00edgenas migraron desde la comunidad de Santiago Mexquititl\u00e1n, Quer\u00e9taro, a la Ciudad de M\u00e9xico por necesidad de trabajo y se establecieron hace m\u00e1s de 20 a\u00f1os en la casona del n\u00famero 18 de la calle Roma, abandonada desde los sismos de 1985. Entrevistado por Grieta, Tel\u00e9sforo, miembro de la organizaci\u00f3n otom\u00ed, cont\u00f3 c\u00f3mo estas familias se organizaron e hicieron del predio no solamente su lugar de vivienda, sino un espacio de trabajo desde el cual todos los d\u00edas salen a vender artesan\u00edas y dulces a las calles de las colonias vecinas. \u201cSomos artesanos y trabajadores, nos sorprende que el gobierno haya llegado as\u00ed contra nosotros, no se vale\u201d, relat\u00f3.<br \/>\nLos ind\u00edgenas otom\u00edes contaron que desde hace unos 5 a\u00f1os se sumaron a los trabajos en torno a la Sexta Declaraci\u00f3n de la Selva Lacandona coordin\u00e1ndose dentro de la UPREZ y que a ra\u00edz de la iniciativa lanzada por el Congreso Nacional Ind\u00edgena de conformar el Concejo Ind\u00edgena de Gobierno, ellos se sumaron, apoyando los trabajos de la vocera Marichuy.<\/p>\n<figure id=\"attachment_26831\" aria-describedby=\"caption-attachment-26831\" style=\"width: 702px\" class=\"wp-caption aligncenter\"><img loading=\"lazy\" decoding=\"async\" data-attachment-id=\"26831\" data-permalink=\"https:\/\/www.grieta.org.mx\/index.php\/2018\/09\/23\/en-la-calle-roma-18-la-policia-ataca-y-roba-a-indigenas-otomies-de-las-redes-de-apoyo-al-cig-ciudad-de-mexico\/campamentootomi\/\" data-orig-file=\"https:\/\/www.grieta.org.mx\/wp-content\/uploads\/2018\/09\/Campamentootomi.jpg\" data-orig-size=\"1106,821\" data-comments-opened=\"0\" data-image-meta=\"{&quot;aperture&quot;:&quot;0&quot;,&quot;credit&quot;:&quot;&quot;,&quot;camera&quot;:&quot;&quot;,&quot;caption&quot;:&quot;&quot;,&quot;created_timestamp&quot;:&quot;1537632747&quot;,&quot;copyright&quot;:&quot;&quot;,&quot;focal_length&quot;:&quot;0&quot;,&quot;iso&quot;:&quot;0&quot;,&quot;shutter_speed&quot;:&quot;0&quot;,&quot;title&quot;:&quot;&quot;,&quot;orientation&quot;:&quot;0&quot;}\" data-image-title=\"Campamentootomi\" data-image-description=\"\" data-image-caption=\"&lt;p&gt;Campamento Otom\u00ed en Roma #18&lt;\/p&gt;\n\" data-medium-file=\"https:\/\/www.grieta.org.mx\/wp-content\/uploads\/2018\/09\/Campamentootomi-300x223.jpg\" data-large-file=\"https:\/\/www.grieta.org.mx\/wp-content\/uploads\/2018\/09\/Campamentootomi-1024x760.jpg\" class=\"wp-image-26831 size-medium\" src=\"http:\/\/www.grieta.org.mx\/wp-content\/uploads\/2018\/09\/Campamentootomi-300x223.jpg\" alt=\"\" width=\"702\" height=\"468\"><figcaption id=\"caption-attachment-26831\" class=\"wp-caption-text\">Campamento Otom\u00ed en Roma #18<\/figcaption><\/figure>\n<p>A ra\u00edz del sismo del 19 de septiembre de 2017, la casona que ocupa la mitad del predio qued\u00f3 en riesgo de colapso. Ello oblig\u00f3 a las familias ind\u00edgenas a instalarse a vivir en un campamento afuera del terreno, sin que las autoridades del gobierno de la Ciudad de M\u00e9xico les hayan apoyado para reconstruir. A lo largo de este a\u00f1o han enfrentado no solamente el silencio gubernamental, sino el racismo de algunos vecinos y personas que circulan por la zona, quienes los acusan de ser sucios, vagos o simplemente delincuentes. Seg\u00fan nos relat\u00f3 Tel\u00e9sforo, esta situaci\u00f3n ha cambiado solo con algunos vecinos que se han acercado o que han encontrado a los hombres y mujeres otom\u00edes realizando sus labores, vendiendo dulces o limpiando parabrisas, percat\u00e1ndose de la realidad de la vida de trabajo de estos ind\u00edgenas. Pero el campamento tambi\u00e9n ha recibido la solidaridad y el apoyo de estudiantes de Arquitectura de la UNAM que han ofrecido la construcci\u00f3n de una carpa, as\u00ed como el apoyo de los damnificados del Multifamiliar de Tlalpan, de los padres de los normalistas de Ayotzinapa y han tejido espacios de apoyo con otros ind\u00edgenas otom\u00edes que se encuentran en una situaci\u00f3n similar en una casa de la calle Guanajuato 200, en donde resisten m\u00e1s de 15 familias.<\/p>\n<figure id=\"attachment_26832\" aria-describedby=\"caption-attachment-26832\" style=\"width: 702px\" class=\"wp-caption aligncenter\"><img loading=\"lazy\" decoding=\"async\" data-attachment-id=\"26832\" data-permalink=\"https:\/\/www.grieta.org.mx\/index.php\/2018\/09\/23\/en-la-calle-roma-18-la-policia-ataca-y-roba-a-indigenas-otomies-de-las-redes-de-apoyo-al-cig-ciudad-de-mexico\/lasexta\/\" data-orig-file=\"https:\/\/www.grieta.org.mx\/wp-content\/uploads\/2018\/09\/LaSexta.jpg\" data-orig-size=\"1106,821\" data-comments-opened=\"0\" data-image-meta=\"{&quot;aperture&quot;:&quot;0&quot;,&quot;credit&quot;:&quot;&quot;,&quot;camera&quot;:&quot;&quot;,&quot;caption&quot;:&quot;&quot;,&quot;created_timestamp&quot;:&quot;1537633523&quot;,&quot;copyright&quot;:&quot;&quot;,&quot;focal_length&quot;:&quot;0&quot;,&quot;iso&quot;:&quot;0&quot;,&quot;shutter_speed&quot;:&quot;0&quot;,&quot;title&quot;:&quot;&quot;,&quot;orientation&quot;:&quot;0&quot;}\" data-image-title=\"LaSexta\" data-image-description=\"\" data-image-caption=\"&lt;p&gt;Manta en el campamento de damnificados  otomies&lt;\/p&gt;\n\" data-medium-file=\"https:\/\/www.grieta.org.mx\/wp-content\/uploads\/2018\/09\/LaSexta-300x223.jpg\" data-large-file=\"https:\/\/www.grieta.org.mx\/wp-content\/uploads\/2018\/09\/LaSexta-1024x760.jpg\" class=\"wp-image-26832 size-medium\" src=\"http:\/\/www.grieta.org.mx\/wp-content\/uploads\/2018\/09\/LaSexta-300x223.jpg\" alt=\"\" width=\"702\" height=\"468\"><figcaption id=\"caption-attachment-26832\" class=\"wp-caption-text\">Manta en el campamento de damnificados otomies<\/figcaption><\/figure>\n<p>La agresi\u00f3n y el robo que sufrieron el pasado mi\u00e9rcoles 19 ocurri\u00f3 cuando una representante de la empresa inmobiliaria Eduardo S.A. de C.V. se present\u00f3 ante el campamento de la Calle Roma #18 demandando la entrega inmediata del predio, amparada por un cord\u00f3n de granaderos que buscaban desde el principio, abrir el paso para que otra corporaci\u00f3n policiaca, la Bancaria e Industrial (PBI), se posesionara del predio. Todo esto de manera irregular e ilegal, pues jam\u00e1s se present\u00f3 una orden de desalojo o alg\u00fan documento con el que la inmobiliaria demostrase la propiedad sobre el inmueble. Es importante mencionar que la polic\u00eda bancaria, a pesar de estar bajo el mando de la Secretar\u00eda de Seguridad P\u00fablica del Distrito Federal, se ocupa de porveer, seg\u00fan su portal de internet, &#8220;servicios de vigilancia y protecci\u00f3n especializada intramuros a empresas p\u00fablicas y privadas asentadas en la capital y zona conurbana, tales como: Prestadoras de Servicios, Bancos, Industrias, Comercios, Plazas comerciales, Dependencia y Entidades. Tambi\u00e9n presta servicios de guardia y seguridad personal, as\u00ed como custodia a transportes de valores, materias primas y productos, entre otros&#8221;. Es decir, la PBI protege los intereses de empresarios y banqueros, a\u00fan cuando atenten contra la seguridad y los derechos de la poblaci\u00f3n, como es evidente en este caso. Ante los golpes que los granaderos comenzaron a repartir, sin distinci\u00f3n de edad, condici\u00f3n de g\u00e9nero o estado de salud, los damnificados se defendieron arrojando objetos y golpeando tambi\u00e9n a los granaderos.<br \/>\nEn la acci\u00f3n policial no s\u00f3lo se agredi\u00f3 a las familias ind\u00edgenas y se ocup\u00f3 ilegalmente el predio, sino que, de acuerdo a los testimonios que pudimos recabar, la polic\u00eda rob\u00f3 pertenencias de las personas, incluyendo \u00fatiles escolares y ropa, as\u00ed como dulces y refrescos que quienes trabajan como vendedores ambulantes suelen vender; se nos relat\u00f3: &#8220;Se comieron nuestra mercanc\u00eda, incluso se tomaron los refrescos de un compa\u00f1ero y lo vimos a plena luz del d\u00eda. Se llevaron nuestro dinero y cosas que guard\u00e1bamos adentro&#8221;. Seg\u00fan la secretar\u00eda de Seguridad P\u00fablica capitalina, hubo 10 polic\u00edas los cuales fueron atendidos en el hospital \u00c1ngeles Mocel. Sobre este asunto, la comunidad otom\u00ed explic\u00f3 que tuvieron 15 heridos, que fueron atendidos en el momento de la agresi\u00f3n policial por la Cruz Roja, y que la Inmobiliaria Eduardo hab\u00eda prometido que los llevar\u00eda a un hospital p\u00fablico para que los atendieran, pero tres d\u00edas hab\u00edan pasado y a\u00fan no sab\u00edan m\u00e1s al respecto. Refiri\u00e9ndose al gobierno, Tel\u00e9sforo se pregunta \u201c\u00bfPara ellos qu\u00e9 somos? \u00bfSomos basura? As\u00ed nos tratan, pero nosotros no somos basura, somos comerciantes dignos&#8221;. Los medios de comunicaci\u00f3n han manejado que se trat\u00f3 de un desalojo, pero es importante aclarar que lo sufrido por este grupo de ind\u00edgenas fue un acto de desprecio, despojo y represi\u00f3n. En los desalojos las cosas que se encuentran dentro de un bien inmueble que debe ser vaciado, deben respetarse y asegurar el estado en el que se encuentran; en este caso las pertenencias de los otom\u00edes fueron destruidas y robadas sin miramientos o reservas. Quienes mantienen el campamento otom\u00ed contaron que al d\u00eda siguiente de la ocupaci\u00f3n, mientras el Secretario de Gobierno de la Ciudad de M\u00e9xico promet\u00eda establecer alg\u00fan tipo de di\u00e1logo, la polic\u00eda bancaria realiz\u00f3 disparos desde dentro del predio, para amedrentarlos. Se pudo constatar directamente que sobre la calle de Londres, hacia la cual tambi\u00e9n colinda el predio, se encuentran estacionados varios modernos camiones y camionetas de la polic\u00eda bancaria e industrial.<\/p>\n<figure id=\"attachment_26833\" aria-describedby=\"caption-attachment-26833\" style=\"width: 702px\" class=\"wp-caption alignnone\"><img loading=\"lazy\" decoding=\"async\" data-attachment-id=\"26833\" data-permalink=\"https:\/\/www.grieta.org.mx\/index.php\/2018\/09\/23\/en-la-calle-roma-18-la-policia-ataca-y-roba-a-indigenas-otomies-de-las-redes-de-apoyo-al-cig-ciudad-de-mexico\/manzanasconchamoy\/\" data-orig-file=\"https:\/\/www.grieta.org.mx\/wp-content\/uploads\/2018\/09\/MAnzanasconchamoy.jpg\" data-orig-size=\"821,1106\" data-comments-opened=\"0\" data-image-meta=\"{&quot;aperture&quot;:&quot;0&quot;,&quot;credit&quot;:&quot;&quot;,&quot;camera&quot;:&quot;&quot;,&quot;caption&quot;:&quot;&quot;,&quot;created_timestamp&quot;:&quot;1537632729&quot;,&quot;copyright&quot;:&quot;&quot;,&quot;focal_length&quot;:&quot;0&quot;,&quot;iso&quot;:&quot;0&quot;,&quot;shutter_speed&quot;:&quot;0&quot;,&quot;title&quot;:&quot;&quot;,&quot;orientation&quot;:&quot;0&quot;}\" data-image-title=\"MAnzanasconchamoy\" data-image-description=\"\" data-image-caption=\"&lt;p&gt;Los comerciantes ind\u00edgenas de Roma #18  venden productos que ellos mismos elaboran.&lt;\/p&gt;\n\" data-medium-file=\"https:\/\/www.grieta.org.mx\/wp-content\/uploads\/2018\/09\/MAnzanasconchamoy-223x300.jpg\" data-large-file=\"https:\/\/www.grieta.org.mx\/wp-content\/uploads\/2018\/09\/MAnzanasconchamoy-760x1024.jpg\" class=\"wp-image-26833 size-medium\" src=\"http:\/\/www.grieta.org.mx\/wp-content\/uploads\/2018\/09\/MAnzanasconchamoy-223x300.jpg\" alt=\"\" width=\"702\" height=\"468\"><figcaption id=\"caption-attachment-26833\" class=\"wp-caption-text\">Los comerciantes ind\u00edgenas venden productos que ellos mismos elaboran.<\/figcaption><\/figure>\n<p>La casona y el terreno que para estas familias otom\u00edes es lugar de vivienda y trabajo se encuentra en el coraz\u00f3n de una zona altamente gentrificada, en la que la especulaci\u00f3n inmobiliaria hace proliferar edificios nuevos, donde abundan los caf\u00e9s y restaurantes para un p\u00fablico de altos ingresos econ\u00f3micos. Mientras realiz\u00e1bamos esta entrevista en el campamento de Roma #18, del otro lado del muro, dentro el predio, la polic\u00eda bancaria resguardaba la &#8220;propiedad privada&#8221; de una inmobiliaria, el valor de cambio era lo m\u00e1s importante. Afuera, los ni\u00f1os ind\u00edgenas jugaban y hac\u00edan rondas infantiles, las mujeres conversaban mientras cocinaban, los j\u00f3venes terminaban de preparar manzanas recubiertas con chamoy para salir a venderlas, a pesar de la lluvia que se cern\u00eda sobre los toldos, carpas y casas de campa\u00f1a, el trabajo vivo segu\u00eda acompa\u00f1ando una resistencia ind\u00edgena digna frente a la especulaci\u00f3n inmobiliaria.<\/p>\n<p>El Congreso Nacional Ind\u00edgena ha anunciado en su p\u00e1gina de internet que este 28 de septiembre Marichuy, vocera del CIG visitar\u00e1 a la comunidad Otom\u00ed en Roma #18, donde se realizar\u00e1 una conferencia de prensa a las 13 hrs. as\u00ed como una compartici\u00f3n con la comunidad otom\u00ed en resistencia (<a href=\"http:\/\/(http:\/\/www.congresonacionalindigena.org\/2018\/09\/27\/marichuy-visita-a-la-comunidad-otomi-residente-en-la-ciudad-de-mexico\/).\">(http:\/\/www.congresonacionalindigena.org\/2018\/09\/27\/marichuy-visita-a-la-comunidad-otomi-residente-en-la-ciudad-de-mexico\/).<\/a>)<\/p>\n<figure id=\"attachment_26866\" aria-describedby=\"caption-attachment-26866\" style=\"width: 702px\" class=\"wp-caption aligncenter\"><img loading=\"lazy\" decoding=\"async\" data-attachment-id=\"26866\" data-permalink=\"https:\/\/www.grieta.org.mx\/index.php\/2018\/09\/23\/en-la-calle-roma-18-la-policia-ataca-y-roba-a-indigenas-otomies-de-las-redes-de-apoyo-al-cig-ciudad-de-mexico\/nin%cc%83osotomiesjugando-2\/\" data-orig-file=\"https:\/\/www.grieta.org.mx\/wp-content\/uploads\/2018\/09\/Nin?osotomiesjugando-1.jpg\" data-orig-size=\"\" data-comments-opened=\"0\" data-image-meta=\"[]\" data-image-title=\"Nin?osotomiesjugando\" data-image-description=\"\" data-image-caption=\"&lt;p&gt;Sobre la calle Roma, frente al campamento&lt;\/p&gt;\n\" data-medium-file=\"https:\/\/www.grieta.org.mx\/wp-content\/uploads\/2018\/09\/Nin?osotomiesjugando-1.jpg\" data-large-file=\"https:\/\/www.grieta.org.mx\/wp-content\/uploads\/2018\/09\/Nin?osotomiesjugando-1.jpg\" class=\"size-medium wp-image-26866\" src=\"http:\/\/www.grieta.org.mx\/wp-content\/uploads\/2018\/09\/Nin?osotomiesjugando-1-300x223.jpg\" alt=\"\" width=\"702\" height=\"468\"><figcaption id=\"caption-attachment-26866\" class=\"wp-caption-text\">Sobre la calle Roma, frente al campamento<\/figcaption><\/figure>\n","protected":false},"excerpt":{"rendered":"<p>Colectivo Grieta\/ 23 de septiembre de 2018 El pasado mi\u00e9rcoles 19 de septiembre, a un a\u00f1o de vivir en un campamento afuera del predio de la calle Roma #18 en &hellip; <a href=\"https:\/\/www.grieta.org.mx\/index.php\/2018\/09\/23\/en-la-calle-roma-18-la-policia-ataca-y-roba-a-indigenas-otomies-de-las-redes-de-apoyo-al-cig-ciudad-de-mexico\/\" class=\"more-link\">Leer m\u00e1s<\/a><\/p>\n","protected":false},"author":2,"featured_media":26830,"comment_status":"closed","ping_status":"closed","sticky":false,"template":"","format":"standard","meta":{"ngg_post_thumbnail":0,"_jetpack_newsletter_access":"","_jetpack_dont_email_post_to_subs":false,"_jetpack_newsletter_tier_id":0,"_jetpack_memberships_contains_paywalled_content":false,"_jetpack_memberships_contains_paid_content":false,"footnotes":""},"categories":[909,80,340,14,1775,1026,2],"tags":[1005,1718,1717,790,1743],"class_list":{"0":"post-26829","1":"post","2":"type-post","3":"status-publish","4":"format-standard","5":"has-post-thumbnail","6":"hentry","7":"category-cig","8":"category-cintillo","9":"category-ciudad-de-mexico","11":"category-colectivo-grieta","12":"category-damnificados-por-el-sismo-del-19-de-septiembre","13":"category-noticias-nacionales","14":"tag-cig","15":"tag-desprecio-contra-indigenas","16":"tag-discriminacion-contra-indigenas","17":"tag-pueblos-indigenas","18":"tag-red-apoyo-cig","19":"entry"},"jetpack_featured_media_url":"https:\/\/www.grieta.org.mx\/wp-content\/uploads\/2018\/09\/AnterepresioOrg.jpg","jetpack_sharing_enabled":true,"jetpack_shortlink":"https:\/\/wp.me\/p7ZJR4-6YJ","jetpack_likes_enabled":false,"jetpack-related-posts":[{"id":26937,"url":"https:\/\/www.grieta.org.mx\/index.php\/2018\/09\/20\/comunicado-del-cni-cig-ante-la-represion-a-la-comunidad-otomi-radicada-en-la-cdmx\/","url_meta":{"origin":26829,"position":0},"title":"Comunicado del CNI-CIG ante la represi\u00f3n a la comunidad otom\u00ed, radicada en la CDMX","author":"grieta","date":"20 septiembre, 2018","format":false,"excerpt":"Al pueblo de M\u00e9xico A las redes de apoyo al CIG A la Sexta Nacional e Internacional A los medios de comunicaci\u00f3n Ante el ataque perpetrado por el mal gobierno en contra de nuestros compa\u00f1eros y compa\u00f1eras de la comunidad otom\u00ed radicada en la Ciudad de M\u00e9xico, el Congreso Nacional\u2026","rel":"","context":"En &quot;CIG&quot;","block_context":{"text":"CIG","link":"https:\/\/www.grieta.org.mx\/index.php\/category\/cig\/"},"img":{"alt_text":"","src":"https:\/\/i0.wp.com\/www.grieta.org.mx\/wp-content\/uploads\/2018\/03\/14524434_1106112876131411_958039263622046936_o.jpg?resize=350%2C200&ssl=1","width":350,"height":200,"srcset":"https:\/\/i0.wp.com\/www.grieta.org.mx\/wp-content\/uploads\/2018\/03\/14524434_1106112876131411_958039263622046936_o.jpg?resize=350%2C200&ssl=1 1x, https:\/\/i0.wp.com\/www.grieta.org.mx\/wp-content\/uploads\/2018\/03\/14524434_1106112876131411_958039263622046936_o.jpg?resize=525%2C300&ssl=1 1.5x, https:\/\/i0.wp.com\/www.grieta.org.mx\/wp-content\/uploads\/2018\/03\/14524434_1106112876131411_958039263622046936_o.jpg?resize=700%2C400&ssl=1 2x"},"classes":[]},{"id":22057,"url":"https:\/\/www.grieta.org.mx\/index.php\/2018\/02\/26\/cdmx-denuncian-intimidacion-de-policia-contra-damnificados-otomis\/","url_meta":{"origin":26829,"position":1},"title":"CDMX: Denuncian intimidaci\u00f3n de polic\u00eda contra damnificados otom\u00eds","author":"grieta","date":"26 febrero, 2018","format":false,"excerpt":"Elementos de polic\u00eda de la CDMX arribaron en horas de la madrugada al campamento de damnificados por sismo pertenecientes a comunidad otom\u00ed. Temen desalojo Regeneraci\u00f3n, 26 de febrero del 2018. Integrantes del campamento de damnificados otom\u00eds de la Ciudad de Mexico, denunciaron que hoy lunes 26 de febrero, aproximadamente a\u2026","rel":"","context":"En &quot;CINTILLO&quot;","block_context":{"text":"CINTILLO","link":"https:\/\/www.grieta.org.mx\/index.php\/category\/cintillo\/"},"img":{"alt_text":"","src":"https:\/\/i0.wp.com\/www.grieta.org.mx\/wp-content\/uploads\/2018\/03\/patrulla_.jpg?resize=350%2C200&ssl=1","width":350,"height":200,"srcset":"https:\/\/i0.wp.com\/www.grieta.org.mx\/wp-content\/uploads\/2018\/03\/patrulla_.jpg?resize=350%2C200&ssl=1 1x, https:\/\/i0.wp.com\/www.grieta.org.mx\/wp-content\/uploads\/2018\/03\/patrulla_.jpg?resize=525%2C300&ssl=1 1.5x, https:\/\/i0.wp.com\/www.grieta.org.mx\/wp-content\/uploads\/2018\/03\/patrulla_.jpg?resize=700%2C400&ssl=1 2x"},"classes":[]},{"id":54019,"url":"https:\/\/www.grieta.org.mx\/index.php\/2020\/09\/29\/la-resistencia-y-rebeldia-de-los-otomies-del-cni-en-la-ciudad-de-mexico\/","url_meta":{"origin":26829,"position":2},"title":"La resistencia y rebeld\u00eda de los otom\u00edes del CNI en la Ciudad de M\u00e9xico","author":"grieta","date":"29 septiembre, 2020","format":false,"excerpt":"Foto: Centro de Medios Libres Javier Hern\u00e1ndez Alp\u00edzar \/ Centro de Medios Libres Las mu\u00f1ecas de trapo multicolor que elaboran las artesanas otom\u00edes han sido aceptadas como \u00edcono del multiculturalismo en la Ciudad de M\u00e9xico. Sin embargo, pocos saben que algunas de estas artesanas, con sus hijas, hijos, beb\u00e9s, sus\u2026","rel":"","context":"En &quot;CINTILLO&quot;","block_context":{"text":"CINTILLO","link":"https:\/\/www.grieta.org.mx\/index.php\/category\/cintillo\/"},"img":{"alt_text":"","src":"https:\/\/i0.wp.com\/www.grieta.org.mx\/wp-content\/uploads\/2020\/10\/La-resistencia-y-rebeldia-de-los-otomies-del-CNI-en-la-Ciudad-de-Mexico-cdmx-oct.jpg?resize=350%2C200&ssl=1","width":350,"height":200,"srcset":"https:\/\/i0.wp.com\/www.grieta.org.mx\/wp-content\/uploads\/2020\/10\/La-resistencia-y-rebeldia-de-los-otomies-del-CNI-en-la-Ciudad-de-Mexico-cdmx-oct.jpg?resize=350%2C200&ssl=1 1x, https:\/\/i0.wp.com\/www.grieta.org.mx\/wp-content\/uploads\/2020\/10\/La-resistencia-y-rebeldia-de-los-otomies-del-CNI-en-la-Ciudad-de-Mexico-cdmx-oct.jpg?resize=525%2C300&ssl=1 1.5x, https:\/\/i0.wp.com\/www.grieta.org.mx\/wp-content\/uploads\/2020\/10\/La-resistencia-y-rebeldia-de-los-otomies-del-CNI-en-la-Ciudad-de-Mexico-cdmx-oct.jpg?resize=700%2C400&ssl=1 2x"},"classes":[]},{"id":35425,"url":"https:\/\/www.grieta.org.mx\/index.php\/2019\/06\/16\/estar-aqui-ha-sido-muy-duro-ciudad-de-mexico\/","url_meta":{"origin":26829,"position":3},"title":"\u2018Estar aqu\u00ed ha sido muy duro\u2019 (Ciudad de M\u00e9xico)","author":"grieta","date":"16 junio, 2019","format":false,"excerpt":"\u00a0 Texto y fotos: Arturo Contreras Camero\/Piedep\u00e1gina Las familias que acampan en la calle Roma, de la colonia Ju\u00e1rez, temen un nuevo desalojo como el que ocurri\u00f3 el 30 de mayo en la calle de Londres. Es la \u00fanica respuesta que les han dado las autoridades capitalinas a su demanda\u2026","rel":"","context":"En &quot;CINTILLO&quot;","block_context":{"text":"CINTILLO","link":"https:\/\/www.grieta.org.mx\/index.php\/category\/cintillo\/"},"img":{"alt_text":"","src":"https:\/\/i0.wp.com\/www.grieta.org.mx\/wp-content\/uploads\/2019\/06\/Nuevotama%C3%B1o-1140x570.jpg?resize=350%2C200&ssl=1","width":350,"height":200,"srcset":"https:\/\/i0.wp.com\/www.grieta.org.mx\/wp-content\/uploads\/2019\/06\/Nuevotama%C3%B1o-1140x570.jpg?resize=350%2C200&ssl=1 1x, https:\/\/i0.wp.com\/www.grieta.org.mx\/wp-content\/uploads\/2019\/06\/Nuevotama%C3%B1o-1140x570.jpg?resize=525%2C300&ssl=1 1.5x, https:\/\/i0.wp.com\/www.grieta.org.mx\/wp-content\/uploads\/2019\/06\/Nuevotama%C3%B1o-1140x570.jpg?resize=700%2C400&ssl=1 2x, https:\/\/i0.wp.com\/www.grieta.org.mx\/wp-content\/uploads\/2019\/06\/Nuevotama%C3%B1o-1140x570.jpg?resize=1050%2C600&ssl=1 3x"},"classes":[]},{"id":54514,"url":"https:\/\/www.grieta.org.mx\/index.php\/2020\/10\/16\/aqui-si-podemos-vivir-estabamos-en-la-calle-la-toma-otomi-del-inpi-ciudad-de-mexico\/","url_meta":{"origin":26829,"position":4},"title":"\u201cAqu\u00ed s\u00ed podemos vivir, est\u00e1bamos en la calle\u201d. La toma otom\u00ed del INPI (Ciudad de M\u00e9xico)","author":"grieta","date":"16 octubre, 2020","format":false,"excerpt":"Texto y Fotos: Arturo Contreras Camero \/ Pie de P\u00e1gina Desde el lunes tres comunidades otom\u00edes y una mazahua ocupan una parte del Instituto Nacional de Pueblos Ind\u00edgenas. Piden que el gobierno de la Ciudad de M\u00e9xico responda sus demandas de vivienda, mismas que llevan esperando desde hace 20 a\u00f1os.\u2026","rel":"","context":"En &quot;CIG&quot;","block_context":{"text":"CIG","link":"https:\/\/www.grieta.org.mx\/index.php\/category\/cig\/"},"img":{"alt_text":"","src":"https:\/\/i0.wp.com\/www.grieta.org.mx\/wp-content\/uploads\/2020\/10\/ocoupa_inpi__otomies_ARturo_contreras.jpg?resize=350%2C200&ssl=1","width":350,"height":200,"srcset":"https:\/\/i0.wp.com\/www.grieta.org.mx\/wp-content\/uploads\/2020\/10\/ocoupa_inpi__otomies_ARturo_contreras.jpg?resize=350%2C200&ssl=1 1x, https:\/\/i0.wp.com\/www.grieta.org.mx\/wp-content\/uploads\/2020\/10\/ocoupa_inpi__otomies_ARturo_contreras.jpg?resize=525%2C300&ssl=1 1.5x, https:\/\/i0.wp.com\/www.grieta.org.mx\/wp-content\/uploads\/2020\/10\/ocoupa_inpi__otomies_ARturo_contreras.jpg?resize=700%2C400&ssl=1 2x"},"classes":[]},{"id":55811,"url":"https:\/\/www.grieta.org.mx\/index.php\/2020\/12\/17\/represion-a-la-comunidad-otomi-en-la-ciudad-de-mexico-videos\/","url_meta":{"origin":26829,"position":5},"title":"Represi\u00f3n a la comunidad Otom\u00ed en la Ciudad de M\u00e9xico (Videos)","author":"grieta","date":"17 diciembre, 2020","format":false,"excerpt":"Colectivo Grieta Hoy, 17 de diciembre del 2020 por la ma\u00f1ana, la polic\u00eda de la Ciudad de M\u00e9xico detuvo, con abuso de fuerza, a integrantes de la comunidad Otom\u00ed, entre ellos al Concejal del CNI-CIG Filiberto Margarito, tambi\u00e9n fue detenido el asesor de la comunidad Otom\u00ed Diego Garc\u00eda y otros\u2026","rel":"","context":"En &quot;CIG&quot;","block_context":{"text":"CIG","link":"https:\/\/www.grieta.org.mx\/index.php\/category\/cig\/"},"img":{"alt_text":"","src":"https:\/\/i0.wp.com\/www.grieta.org.mx\/wp-content\/uploads\/2020\/12\/imageso.jpg?resize=350%2C200","width":350,"height":200},"classes":[]}],"_links":{"self":[{"href":"https:\/\/www.grieta.org.mx\/index.php\/wp-json\/wp\/v2\/posts\/26829","targetHints":{"allow":["GET"]}}],"collection":[{"href":"https:\/\/www.grieta.org.mx\/index.php\/wp-json\/wp\/v2\/posts"}],"about":[{"href":"https:\/\/www.grieta.org.mx\/index.php\/wp-json\/wp\/v2\/types\/post"}],"author":[{"embeddable":true,"href":"https:\/\/www.grieta.org.mx\/index.php\/wp-json\/wp\/v2\/users\/2"}],"replies":[{"embeddable":true,"href":"https:\/\/www.grieta.org.mx\/index.php\/wp-json\/wp\/v2\/comments?post=26829"}],"version-history":[{"count":1,"href":"https:\/\/www.grieta.org.mx\/index.php\/wp-json\/wp\/v2\/posts\/26829\/revisions"}],"predecessor-version":[{"id":47792,"href":"https:\/\/www.grieta.org.mx\/index.php\/wp-json\/wp\/v2\/posts\/26829\/revisions\/47792"}],"wp:featuredmedia":[{"embeddable":true,"href":"https:\/\/www.grieta.org.mx\/index.php\/wp-json\/wp\/v2\/media\/26830"}],"wp:attachment":[{"href":"https:\/\/www.grieta.org.mx\/index.php\/wp-json\/wp\/v2\/media?parent=26829"}],"wp:term":[{"taxonomy":"category","embeddable":true,"href":"https:\/\/www.grieta.org.mx\/index.php\/wp-json\/wp\/v2\/categories?post=26829"},{"taxonomy":"post_tag","embeddable":true,"href":"https:\/\/www.grieta.org.mx\/index.php\/wp-json\/wp\/v2\/tags?post=26829"}],"curies":[{"name":"wp","href":"https:\/\/api.w.org\/{rel}","templated":true}]}}