{"id":2682,"date":"2015-04-27T10:49:27","date_gmt":"2015-04-27T10:49:27","guid":{"rendered":"http:\/\/50.22.11.12\/~grietaor\/?p=2682"},"modified":"2016-03-13T10:52:35","modified_gmt":"2016-03-13T10:52:35","slug":"colima-se-suma-a-la-11-accion-global-por-lo-estudiantes-desaparecidos-de-ayotzinapa-fotonota","status":"publish","type":"post","link":"https:\/\/www.grieta.org.mx\/index.php\/2015\/04\/27\/colima-se-suma-a-la-11-accion-global-por-lo-estudiantes-desaparecidos-de-ayotzinapa-fotonota\/","title":{"rendered":"Colima se suma a la 11\u00b0 acci\u00f3n global por lo estudiantes desaparecidos de Ayotzinapa # Fotonota"},"content":{"rendered":"<p>Por: Redacci\u00f3n Colima 3.0 \/ 26 abril, 2015<br \/>\nA 7 meses de la desaparici\u00f3n de los 43 estudiantes de la Escuela Normal de Ayotzinapa, este domingo 26 de abril se efectu\u00f3 en M\u00e9xico y en muchos otros pa\u00edses la 11\u00b0 acci\u00f3n global por Ayotzinapa.<\/p>\n<p>Esta tarde en la plancha del Jard\u00edn Libertad del centro de Colima, se llev\u00f3 a cabo un evento pol\u00edtico cultural donde se hac\u00eda un llamado a todas las personas; j\u00f3venes, estudiantes, profesores y profesoras, profesionistas, obreros\/as, amas de casa, empleados y empleadas, que en conciencia se sientan convocadas, a participar en las tres clases abiertas:<\/p>\n<p>a) Propaganda pol\u00edtica<br \/>\nb) Las elecciones y<br \/>\nc) La escuelita de la libertad, seg\u00fan las y los zapatistas.<\/p>\n<p><a href=\"http:\/\/colimatrespuntocero.com\/colima-se-suma-a-la-11-accion-global-por-lo-estudiantes-desaparecidos-de-ayotzinapa-fotonota\/\" target=\"_blank\">http:\/\/colimatrespuntocero.com\/colima-se-suma-a-la-11-accion-global-por-lo-estudiantes-desaparecidos-de-ayotzinapa-fotonota\/<\/a><\/p>\n","protected":false},"excerpt":{"rendered":"<p>Por: Redacci\u00f3n Colima 3.0 \/ 26 abril, 2015 A 7 meses de la desaparici\u00f3n de los 43 estudiantes de la Escuela Normal de Ayotzinapa, este domingo 26 de abril se &hellip; <a href=\"https:\/\/www.grieta.org.mx\/index.php\/2015\/04\/27\/colima-se-suma-a-la-11-accion-global-por-lo-estudiantes-desaparecidos-de-ayotzinapa-fotonota\/\" class=\"more-link\">Leer m\u00e1s<\/a><\/p>\n","protected":false},"author":2,"featured_media":21928,"comment_status":"closed","ping_status":"open","sticky":false,"template":"","format":"standard","meta":{"ngg_post_thumbnail":0,"_jetpack_newsletter_access":"","_jetpack_dont_email_post_to_subs":false,"_jetpack_newsletter_tier_id":0,"_jetpack_memberships_contains_paywalled_content":false,"_jetpack_memberships_contains_paid_content":false,"footnotes":""},"categories":[80,108],"tags":[229],"class_list":["post-2682","post","type-post","status-publish","format-standard","has-post-thumbnail","hentry","category-cintillo","category-colima","tag-solidaridad-con-ayotzinapa","entry"],"jetpack_featured_media_url":"https:\/\/www.grieta.org.mx\/wp-content\/uploads\/2018\/03\/14524434_1106112876131411_958039263622046936_o.jpg","jetpack_sharing_enabled":true,"jetpack_shortlink":"https:\/\/wp.me\/p7ZJR4-Hg","jetpack_likes_enabled":false,"jetpack-related-posts":[{"id":2002,"url":"https:\/\/www.grieta.org.mx\/index.php\/2016\/01\/26\/movilizaciones-por-ayotzinapa-en-colima\/","url_meta":{"origin":2682,"position":0},"title":"Movilizaciones por Ayotzinapa en Colima","author":"grieta","date":"26 enero, 2016","format":false,"excerpt":"26\/01\/16. \u201cNo deseamos a nadie estar en nuestros zapatos\u201d: Familiares de AyotzinapaDiario Avanzada 26\/09\/15. En Colima marchan por Ayotzinapa a un a\u00f1o de la desaparici\u00f3n y asesinato de estudiantesAF Medios 26\/09\/15. Marchan Maestros en Manzanillo Hasta la PGR en Apoyo a los 43Noticias Manzanillo 11\/08\/15. \u201cNo los olviden\u201d piden padres\u2026","rel":"","context":"En &quot;Colima&quot;","block_context":{"text":"Colima","link":"https:\/\/www.grieta.org.mx\/index.php\/category\/noticias-nacionales\/colima\/"},"img":{"alt_text":"","src":"https:\/\/i0.wp.com\/www.grieta.org.mx\/wp-content\/uploads\/2018\/03\/14524434_1106112876131411_958039263622046936_o.jpg?resize=350%2C200&ssl=1","width":350,"height":200,"srcset":"https:\/\/i0.wp.com\/www.grieta.org.mx\/wp-content\/uploads\/2018\/03\/14524434_1106112876131411_958039263622046936_o.jpg?resize=350%2C200&ssl=1 1x, https:\/\/i0.wp.com\/www.grieta.org.mx\/wp-content\/uploads\/2018\/03\/14524434_1106112876131411_958039263622046936_o.jpg?resize=525%2C300&ssl=1 1.5x, https:\/\/i0.wp.com\/www.grieta.org.mx\/wp-content\/uploads\/2018\/03\/14524434_1106112876131411_958039263622046936_o.jpg?resize=700%2C400&ssl=1 2x"},"classes":[]},{"id":2749,"url":"https:\/\/www.grieta.org.mx\/index.php\/2015\/09\/26\/en-colima-marchan-por-ayotzinapa-a-un-ano-de-la-desaparicion-y-asesinato-de-estudiantes\/","url_meta":{"origin":2682,"position":1},"title":"En Colima marchan por Ayotzinapa a un a\u00f1o de la desaparici\u00f3n y asesinato de estudiantes","author":"grieta","date":"26 septiembre, 2015","format":false,"excerpt":"Arnoldo Delgadillo Colima.-A un a\u00f1o de la desaparici\u00f3n de los 43 estudiantes de la Normal Rural de Ayotzinapa, ciudadanos colimenses marcharon y celebraron un evento pol\u00edtico-cultural, uni\u00e9ndose al movimiento global #D\u00edaDeLaIndignaci\u00f3n. La lluvia retras\u00f3 una hora la salida de la marcha, pero se llev\u00f3 a cabo, su exigencia sigue siendo\u2026","rel":"","context":"En &quot;CINTILLO&quot;","block_context":{"text":"CINTILLO","link":"https:\/\/www.grieta.org.mx\/index.php\/category\/cintillo\/"},"img":{"alt_text":"","src":"https:\/\/i0.wp.com\/www.grieta.org.mx\/wp-content\/uploads\/2018\/03\/14524434_1106112876131411_958039263622046936_o.jpg?resize=350%2C200&ssl=1","width":350,"height":200,"srcset":"https:\/\/i0.wp.com\/www.grieta.org.mx\/wp-content\/uploads\/2018\/03\/14524434_1106112876131411_958039263622046936_o.jpg?resize=350%2C200&ssl=1 1x, https:\/\/i0.wp.com\/www.grieta.org.mx\/wp-content\/uploads\/2018\/03\/14524434_1106112876131411_958039263622046936_o.jpg?resize=525%2C300&ssl=1 1.5x, https:\/\/i0.wp.com\/www.grieta.org.mx\/wp-content\/uploads\/2018\/03\/14524434_1106112876131411_958039263622046936_o.jpg?resize=700%2C400&ssl=1 2x"},"classes":[]},{"id":2689,"url":"https:\/\/www.grieta.org.mx\/index.php\/2015\/03\/26\/sobreviviente-de-ayotzinapa-llama-a-estudiantes-colimenses-a-continuar-marchas-de-apoyo\/","url_meta":{"origin":2682,"position":2},"title":"Sobreviviente de Ayotzinapa llama a estudiantes colimenses a continuar marchas de apoyo","author":"grieta","date":"26 marzo, 2015","format":false,"excerpt":"Colima 3.0 Por: Dilva Ch\u00e1vez \/ 26 marzo, 2015 A seis meses del caso Ayotzinapa, Jos\u00e9 Adolfo de la Cruz Vel\u00e1zquez es considerado un sobreviviente. La madrugada del 26 de septiembre de 2014, iba en uno de los camiones que trasportaba a los estudiantes de la escuela normal rural Isidro\u2026","rel":"","context":"En &quot;CINTILLO&quot;","block_context":{"text":"CINTILLO","link":"https:\/\/www.grieta.org.mx\/index.php\/category\/cintillo\/"},"img":{"alt_text":"","src":"https:\/\/i0.wp.com\/www.grieta.org.mx\/wp-content\/uploads\/2018\/03\/14524434_1106112876131411_958039263622046936_o.jpg?resize=350%2C200&ssl=1","width":350,"height":200,"srcset":"https:\/\/i0.wp.com\/www.grieta.org.mx\/wp-content\/uploads\/2018\/03\/14524434_1106112876131411_958039263622046936_o.jpg?resize=350%2C200&ssl=1 1x, https:\/\/i0.wp.com\/www.grieta.org.mx\/wp-content\/uploads\/2018\/03\/14524434_1106112876131411_958039263622046936_o.jpg?resize=525%2C300&ssl=1 1.5x, https:\/\/i0.wp.com\/www.grieta.org.mx\/wp-content\/uploads\/2018\/03\/14524434_1106112876131411_958039263622046936_o.jpg?resize=700%2C400&ssl=1 2x"},"classes":[]},{"id":2691,"url":"https:\/\/www.grieta.org.mx\/index.php\/2015\/02\/23\/contra-la-indiferencia-y-el-olvido-la-marcha-de-colimenses-por-ayotzinapa-el-jueves-26\/","url_meta":{"origin":2682,"position":3},"title":"\u201cContra la indiferencia y el olvido\u201d, la marcha de colimenses por Ayotzinapa, el jueves 26","author":"grieta","date":"23 febrero, 2015","format":false,"excerpt":"Por: Dilva Ch\u00e1vez \/ 23 febrero, 2015 Colima 3.0 A cinco meses de la desaparici\u00f3n de 43 estudiantes en Ayotzinapa, Guerrero, el Frente Colimense del Movimiento Nacional en Defensa de la Tierra, el Agua y la Vida invit\u00f3 a una marcha el d\u00eda 26 de febrero con la intenci\u00f3n de\u2026","rel":"","context":"En &quot;CINTILLO&quot;","block_context":{"text":"CINTILLO","link":"https:\/\/www.grieta.org.mx\/index.php\/category\/cintillo\/"},"img":{"alt_text":"","src":"https:\/\/i0.wp.com\/www.grieta.org.mx\/wp-content\/uploads\/2018\/03\/14524434_1106112876131411_958039263622046936_o.jpg?resize=350%2C200&ssl=1","width":350,"height":200,"srcset":"https:\/\/i0.wp.com\/www.grieta.org.mx\/wp-content\/uploads\/2018\/03\/14524434_1106112876131411_958039263622046936_o.jpg?resize=350%2C200&ssl=1 1x, https:\/\/i0.wp.com\/www.grieta.org.mx\/wp-content\/uploads\/2018\/03\/14524434_1106112876131411_958039263622046936_o.jpg?resize=525%2C300&ssl=1 1.5x, https:\/\/i0.wp.com\/www.grieta.org.mx\/wp-content\/uploads\/2018\/03\/14524434_1106112876131411_958039263622046936_o.jpg?resize=700%2C400&ssl=1 2x"},"classes":[]},{"id":8947,"url":"https:\/\/www.grieta.org.mx\/index.php\/2015\/02\/26\/cnte-toma-presidencias-municipales-en-michoacan-por-accion-ayotzinapa\/","url_meta":{"origin":2682,"position":4},"title":"CNTE toma presidencias municipales en Michoac\u00e1n por acci\u00f3n Ayotzinapa","author":"Admin","date":"26 febrero, 2015","format":false,"excerpt":"Seg\u00fan dirigentes de la secci\u00f3n XVIII, para este mediod\u00eda se reportaba cerrados m\u00e1s del 80% de los ayuntamientos de la entidad MORELIA, 26 de febrero.- Profesores adheridos a la Coordinadora Nacional de Trabajadores de la Educaci\u00f3n (CNTE), se sumaron a la novena acci\u00f3n global por los normalistas de Ayotzinapa, al\u2026","rel":"","context":"En &quot;CINTILLO&quot;","block_context":{"text":"CINTILLO","link":"https:\/\/www.grieta.org.mx\/index.php\/category\/cintillo\/"},"img":{"alt_text":"","src":"https:\/\/i0.wp.com\/www.grieta.org.mx\/wp-content\/uploads\/2018\/03\/14524434_1106112876131411_958039263622046936_o.jpg?resize=350%2C200&ssl=1","width":350,"height":200,"srcset":"https:\/\/i0.wp.com\/www.grieta.org.mx\/wp-content\/uploads\/2018\/03\/14524434_1106112876131411_958039263622046936_o.jpg?resize=350%2C200&ssl=1 1x, https:\/\/i0.wp.com\/www.grieta.org.mx\/wp-content\/uploads\/2018\/03\/14524434_1106112876131411_958039263622046936_o.jpg?resize=525%2C300&ssl=1 1.5x, https:\/\/i0.wp.com\/www.grieta.org.mx\/wp-content\/uploads\/2018\/03\/14524434_1106112876131411_958039263622046936_o.jpg?resize=700%2C400&ssl=1 2x"},"classes":[]},{"id":2714,"url":"https:\/\/www.grieta.org.mx\/index.php\/2015\/09\/15\/en-colima-maestros-protestan-contra-reforma-educativa-y-gobierno-anguianista-previo-al-grito\/","url_meta":{"origin":2682,"position":5},"title":"En Colima maestros protestan contra reforma educativa y gobierno anguianista previo al \u2018Grito\u2019","author":"grieta","date":"15 septiembre, 2015","format":false,"excerpt":"Redacci\u00f3n AF Medios Colima.- La segunda protesta previa a la Ceremonia del Grito de Independencia en la capital colimense fue protagonizada por varias decenas de maestros disidentes que marcharon hasta el Jard\u00edn Libertad, para instalarse frente al Palacio de Gobierno, donde ya se realizaba el festival art\u00edstico, previo a la\u2026","rel":"","context":"En &quot;CINTILLO&quot;","block_context":{"text":"CINTILLO","link":"https:\/\/www.grieta.org.mx\/index.php\/category\/cintillo\/"},"img":{"alt_text":"","src":"https:\/\/i0.wp.com\/www.grieta.org.mx\/wp-content\/uploads\/2018\/03\/14524434_1106112876131411_958039263622046936_o.jpg?resize=350%2C200&ssl=1","width":350,"height":200,"srcset":"https:\/\/i0.wp.com\/www.grieta.org.mx\/wp-content\/uploads\/2018\/03\/14524434_1106112876131411_958039263622046936_o.jpg?resize=350%2C200&ssl=1 1x, https:\/\/i0.wp.com\/www.grieta.org.mx\/wp-content\/uploads\/2018\/03\/14524434_1106112876131411_958039263622046936_o.jpg?resize=525%2C300&ssl=1 1.5x, https:\/\/i0.wp.com\/www.grieta.org.mx\/wp-content\/uploads\/2018\/03\/14524434_1106112876131411_958039263622046936_o.jpg?resize=700%2C400&ssl=1 2x"},"classes":[]}],"_links":{"self":[{"href":"https:\/\/www.grieta.org.mx\/index.php\/wp-json\/wp\/v2\/posts\/2682","targetHints":{"allow":["GET"]}}],"collection":[{"href":"https:\/\/www.grieta.org.mx\/index.php\/wp-json\/wp\/v2\/posts"}],"about":[{"href":"https:\/\/www.grieta.org.mx\/index.php\/wp-json\/wp\/v2\/types\/post"}],"author":[{"embeddable":true,"href":"https:\/\/www.grieta.org.mx\/index.php\/wp-json\/wp\/v2\/users\/2"}],"replies":[{"embeddable":true,"href":"https:\/\/www.grieta.org.mx\/index.php\/wp-json\/wp\/v2\/comments?post=2682"}],"version-history":[{"count":1,"href":"https:\/\/www.grieta.org.mx\/index.php\/wp-json\/wp\/v2\/posts\/2682\/revisions"}],"predecessor-version":[{"id":2684,"href":"https:\/\/www.grieta.org.mx\/index.php\/wp-json\/wp\/v2\/posts\/2682\/revisions\/2684"}],"wp:featuredmedia":[{"embeddable":true,"href":"https:\/\/www.grieta.org.mx\/index.php\/wp-json\/wp\/v2\/media\/21928"}],"wp:attachment":[{"href":"https:\/\/www.grieta.org.mx\/index.php\/wp-json\/wp\/v2\/media?parent=2682"}],"wp:term":[{"taxonomy":"category","embeddable":true,"href":"https:\/\/www.grieta.org.mx\/index.php\/wp-json\/wp\/v2\/categories?post=2682"},{"taxonomy":"post_tag","embeddable":true,"href":"https:\/\/www.grieta.org.mx\/index.php\/wp-json\/wp\/v2\/tags?post=2682"}],"curies":[{"name":"wp","href":"https:\/\/api.w.org\/{rel}","templated":true}]}}