{"id":26775,"date":"2018-09-16T20:21:37","date_gmt":"2018-09-17T01:21:37","guid":{"rendered":"http:\/\/www.grieta.org.mx\/?p=26775"},"modified":"2018-09-26T20:34:50","modified_gmt":"2018-09-27T01:34:50","slug":"dos-maestras-indigenas-en-paro-contra-la-inseguridad-son-asesinadas-a-balazos-en-veracruz","status":"publish","type":"post","link":"https:\/\/www.grieta.org.mx\/index.php\/2018\/09\/16\/dos-maestras-indigenas-en-paro-contra-la-inseguridad-son-asesinadas-a-balazos-en-veracruz\/","title":{"rendered":"Dos maestras ind\u00edgenas, en paro contra la inseguridad, son asesinadas a balazos en Veracruz"},"content":{"rendered":"<p>Redacci\u00f3n \/ Plumas libres<\/p>\n<p><img loading=\"lazy\" decoding=\"async\" data-attachment-id=\"26776\" data-permalink=\"https:\/\/www.grieta.org.mx\/index.php\/2018\/09\/16\/dos-maestras-indigenas-en-paro-contra-la-inseguridad-son-asesinadas-a-balazos-en-veracruz\/profesoras-veracruz\/\" data-orig-file=\"https:\/\/www.grieta.org.mx\/wp-content\/uploads\/2018\/09\/profesoras-veracruz.jpg\" data-orig-size=\"1100,580\" data-comments-opened=\"0\" data-image-meta=\"{&quot;aperture&quot;:&quot;0&quot;,&quot;credit&quot;:&quot;&quot;,&quot;camera&quot;:&quot;&quot;,&quot;caption&quot;:&quot;&quot;,&quot;created_timestamp&quot;:&quot;0&quot;,&quot;copyright&quot;:&quot;&quot;,&quot;focal_length&quot;:&quot;0&quot;,&quot;iso&quot;:&quot;0&quot;,&quot;shutter_speed&quot;:&quot;0&quot;,&quot;title&quot;:&quot;&quot;,&quot;orientation&quot;:&quot;0&quot;}\" data-image-title=\"profesoras-veracruz\" data-image-description=\"\" data-image-caption=\"\" data-medium-file=\"https:\/\/www.grieta.org.mx\/wp-content\/uploads\/2018\/09\/profesoras-veracruz-300x158.jpg\" data-large-file=\"https:\/\/www.grieta.org.mx\/wp-content\/uploads\/2018\/09\/profesoras-veracruz-1024x540.jpg\" src=\"http:\/\/www.grieta.org.mx\/wp-content\/uploads\/2018\/09\/profesoras-veracruz-300x158.jpg\" alt=\"\" width=\"300\" height=\"158\" class=\"aligncenter size-medium wp-image-26776\" srcset=\"https:\/\/www.grieta.org.mx\/wp-content\/uploads\/2018\/09\/profesoras-veracruz-300x158.jpg 300w, https:\/\/www.grieta.org.mx\/wp-content\/uploads\/2018\/09\/profesoras-veracruz-768x405.jpg 768w, https:\/\/www.grieta.org.mx\/wp-content\/uploads\/2018\/09\/profesoras-veracruz-1024x540.jpg 1024w, https:\/\/www.grieta.org.mx\/wp-content\/uploads\/2018\/09\/profesoras-veracruz-948x500.jpg 948w, https:\/\/www.grieta.org.mx\/wp-content\/uploads\/2018\/09\/profesoras-veracruz.jpg 1100w\" sizes=\"auto, (max-width: 300px) 100vw, 300px\" \/><\/p>\n<p>De acuerdo con informaci\u00f3n de peri\u00f3dicos locales, las profesoras se habr\u00edan resistido a un asalto, lo que provoc\u00f3 que los agresores les disparar\u00e1n. Este hecho se registra en medio del paro que maestros de la zona centro del estado mantienen desde hace 15 d\u00edas en demanda para las autoridades les garanticen que no ser\u00e1n mas v\u00edctimas de secuestros, extorsiones, levantones y dem\u00e1s.<\/p>\n<p>Zacualpan, Veracruz\/Ciudad de M\u00e9xico (Plumas Libres\/SinEmbargo).\u2013 Dos maestras de educaci\u00f3n ind\u00edgena fueron asesinadas con disparos de armas de fuego en la comunidad de L\u00e1mina Vieja en el municipio de Zacualpan, en la sierra norte del estado de Veracruz, casi en la frontera sur del estado de Puebla.<\/p>\n<p>Las profesoras se llamaban Marisol Alonso Bonilla de 40 a\u00f1os de edad y Leticia Reyes, de 34, mismas que impart\u00edan clases de primaria y en un jard\u00edn de ni\u00f1os, en una escuela de Texcatepec.<\/p>\n<p>Seg\u00fan las investigaciones, la pareja de la profesora Marisol, Antonio Romero, hab\u00eda quedado de encontrarse con ella en el lugar conocido como Jacales, antes de llegar a Huayacocotla, pero nunca arrib\u00f3.<\/p>\n<p>Presuntamente el novio regres\u00f3 a buscar a la profesora y en la carrera encontr\u00f3 el veh\u00edculo vac\u00edo. Los cuerpos de ambas profesoras se encontraban en una barranca, a escasos metros del coche.<\/p>\n<p>Este hecho se registra en medio del paro que maestros de la zona centro del estado mantienen desde hace 15 d\u00edas en demanda para las autoridades les garanticen que no ser\u00e1n mas v\u00edctimas de secuestros, extorsiones, levantones y dem\u00e1s.<\/p>\n<p>El gobierno del estado dijo que hab\u00eda mandado un operativo de seguridad, sin embargo, los profesores de esta zona se mantienen sin regresar a clases.<\/p>\n<p>La semana pasada una maestra de Perote fue secuestrada y s\u00f3lo se ha encontrado su veh\u00edculo. Nada se sabe de ella, hasta estos momentos.<\/p>\n<p><a href=\"http:\/\/plumaslibres.com.mx\/2018\/09\/16\/asesinan-dos-profesoras-sierra-norte-veracruz\/\">http:\/\/plumaslibres.com.mx\/2018\/09\/16\/asesinan-dos-profesoras-sierra-norte-veracruz\/<\/a><\/p>\n","protected":false},"excerpt":{"rendered":"<p>Redacci\u00f3n \/ Plumas libres De acuerdo con informaci\u00f3n de peri\u00f3dicos locales, las profesoras se habr\u00edan resistido a un asalto, lo que provoc\u00f3 que los agresores les disparar\u00e1n. Este hecho se &hellip; <a href=\"https:\/\/www.grieta.org.mx\/index.php\/2018\/09\/16\/dos-maestras-indigenas-en-paro-contra-la-inseguridad-son-asesinadas-a-balazos-en-veracruz\/\" class=\"more-link\">Leer m\u00e1s<\/a><\/p>\n","protected":false},"author":2,"featured_media":26776,"comment_status":"closed","ping_status":"closed","sticky":false,"template":"","format":"standard","meta":{"ngg_post_thumbnail":0,"_jetpack_newsletter_access":"","_jetpack_dont_email_post_to_subs":false,"_jetpack_newsletter_tier_id":0,"_jetpack_memberships_contains_paywalled_content":false,"_jetpack_memberships_contains_paid_content":false,"footnotes":""},"categories":[80,1757,2,35],"tags":[99,133],"class_list":["post-26775","post","type-post","status-publish","format-standard","has-post-thumbnail","hentry","category-cintillo","category-lucha-en-contra-de-inseguridad-en-veracruz","category-noticias-nacionales","category-veracruz","tag-inseguridad","tag-maestros","entry"],"jetpack_featured_media_url":"https:\/\/www.grieta.org.mx\/wp-content\/uploads\/2018\/09\/profesoras-veracruz.jpg","jetpack_sharing_enabled":true,"jetpack_shortlink":"https:\/\/wp.me\/p7ZJR4-6XR","jetpack_likes_enabled":false,"jetpack-related-posts":[{"id":28247,"url":"https:\/\/www.grieta.org.mx\/index.php\/2018\/09\/16\/dos-maestras-indigenas-en-paro-contra-la-inseguridad-son-asesinadas-a-balazos-en-veracruz-2\/","url_meta":{"origin":26775,"position":0},"title":"Dos maestras ind\u00edgenas, en paro contra la inseguridad, son asesinadas a balazos en Veracruz","author":"grieta","date":"16 septiembre, 2018","format":false,"excerpt":"Periodistas digitales \/ Plumas Libres De acuerdo con informaci\u00f3n de peri\u00f3dicos locales, las profesoras se habr\u00edan resistido a un asalto, lo que provoc\u00f3 que los agresores les disparar\u00e1n. Este hecho se registra en medio del paro que maestros de la zona centro del estado mantienen desde hace 15 d\u00edas en\u2026","rel":"","context":"En &quot;Feminicidios&quot;","block_context":{"text":"Feminicidios","link":"https:\/\/www.grieta.org.mx\/index.php\/category\/temas-nacionales\/feminicidios\/"},"img":{"alt_text":"","src":"https:\/\/i0.wp.com\/www.grieta.org.mx\/wp-content\/uploads\/2019\/01\/profesoras-veracruz.jpg?resize=350%2C200&ssl=1","width":350,"height":200,"srcset":"https:\/\/i0.wp.com\/www.grieta.org.mx\/wp-content\/uploads\/2019\/01\/profesoras-veracruz.jpg?resize=350%2C200&ssl=1 1x, https:\/\/i0.wp.com\/www.grieta.org.mx\/wp-content\/uploads\/2019\/01\/profesoras-veracruz.jpg?resize=525%2C300&ssl=1 1.5x, https:\/\/i0.wp.com\/www.grieta.org.mx\/wp-content\/uploads\/2019\/01\/profesoras-veracruz.jpg?resize=700%2C400&ssl=1 2x, https:\/\/i0.wp.com\/www.grieta.org.mx\/wp-content\/uploads\/2019\/01\/profesoras-veracruz.jpg?resize=1050%2C600&ssl=1 3x"},"classes":[]},{"id":14747,"url":"https:\/\/www.grieta.org.mx\/index.php\/2016\/08\/17\/movilizaciones-contra-la-reforma-al-sector-salud-en-veracruz\/","url_meta":{"origin":26775,"position":1},"title":"Movilizaciones del sector salud en Veracruz","author":"grieta","date":"17 agosto, 2016","format":false,"excerpt":"17\/08\/16. Empleados Salud de Veracruz protestan porque no les pagan desde hace 2 meses Plumas Libres 23\/06\/16. Protestan m\u00e9dicos contra inseguridad y universalizaci\u00f3n de la salud Diario Xalapa 22\/06\/16. M\u00e9dicos y enfermeras protestan en siete ciudades de Veracruz E-consulta","rel":"","context":"En &quot;NOTICIAS NACIONALES&quot;","block_context":{"text":"NOTICIAS NACIONALES","link":"https:\/\/www.grieta.org.mx\/index.php\/category\/noticias-nacionales\/"},"img":{"alt_text":"","src":"https:\/\/i0.wp.com\/www.grieta.org.mx\/wp-content\/uploads\/2018\/03\/14524434_1106112876131411_958039263622046936_o.jpg?resize=350%2C200&ssl=1","width":350,"height":200,"srcset":"https:\/\/i0.wp.com\/www.grieta.org.mx\/wp-content\/uploads\/2018\/03\/14524434_1106112876131411_958039263622046936_o.jpg?resize=350%2C200&ssl=1 1x, https:\/\/i0.wp.com\/www.grieta.org.mx\/wp-content\/uploads\/2018\/03\/14524434_1106112876131411_958039263622046936_o.jpg?resize=525%2C300&ssl=1 1.5x, https:\/\/i0.wp.com\/www.grieta.org.mx\/wp-content\/uploads\/2018\/03\/14524434_1106112876131411_958039263622046936_o.jpg?resize=700%2C400&ssl=1 2x"},"classes":[]},{"id":11265,"url":"https:\/\/www.grieta.org.mx\/index.php\/2016\/04\/25\/movilizacion-contra-la-violencia-hacia-las-mujeres-en-veracruz\/","url_meta":{"origin":26775,"position":2},"title":"Movilizaci\u00f3n contra la violencia hacia las mujeres en Veracruz","author":"grieta","date":"25 abril, 2016","format":false,"excerpt":"25\/04\/16. \"Vivas se las llevaron, vivas las queremos de Vuelta\" AVC Noticias 24\/04\/16. Marchan para denunciar 46 mujeres asesinadas y 107 ni\u00f1as desaparecidas en Veracruz Plumas Libres","rel":"","context":"En &quot;NOTICIAS NACIONALES&quot;","block_context":{"text":"NOTICIAS NACIONALES","link":"https:\/\/www.grieta.org.mx\/index.php\/category\/noticias-nacionales\/"},"img":{"alt_text":"","src":"https:\/\/i0.wp.com\/www.grieta.org.mx\/wp-content\/uploads\/2018\/03\/14524434_1106112876131411_958039263622046936_o.jpg?resize=350%2C200&ssl=1","width":350,"height":200,"srcset":"https:\/\/i0.wp.com\/www.grieta.org.mx\/wp-content\/uploads\/2018\/03\/14524434_1106112876131411_958039263622046936_o.jpg?resize=350%2C200&ssl=1 1x, https:\/\/i0.wp.com\/www.grieta.org.mx\/wp-content\/uploads\/2018\/03\/14524434_1106112876131411_958039263622046936_o.jpg?resize=525%2C300&ssl=1 1.5x, https:\/\/i0.wp.com\/www.grieta.org.mx\/wp-content\/uploads\/2018\/03\/14524434_1106112876131411_958039263622046936_o.jpg?resize=700%2C400&ssl=1 2x"},"classes":[]},{"id":10574,"url":"https:\/\/www.grieta.org.mx\/index.php\/2016\/04\/12\/en-el-sur-de-veracruz-personal-medico-realiza-paro-en-hospitales-por-inseguridad\/","url_meta":{"origin":26775,"position":3},"title":"En el sur de Veracruz personal m\u00e9dico realiza paro en hospitales por inseguridad","author":"grieta","date":"12 abril, 2016","format":false,"excerpt":"En el sur de Veracruz m\u00e9dicos y enfermeras realizaron un paro general en las instalaciones del Instituto de Seguridad y Servicios Sociales de los Trabajadores del Estado (ISSSTE) , el Instituto Mexicano del Seguro Social (IMSS), hospitales de Petr\u00f3leos Mexicanos (Pemex) y el General de Coatzacoalcos, con el fin de\u2026","rel":"","context":"En &quot;CINTILLO&quot;","block_context":{"text":"CINTILLO","link":"https:\/\/www.grieta.org.mx\/index.php\/category\/cintillo\/"},"img":{"alt_text":"","src":"https:\/\/i0.wp.com\/www.grieta.org.mx\/wp-content\/uploads\/2018\/03\/14524434_1106112876131411_958039263622046936_o.jpg?resize=350%2C200&ssl=1","width":350,"height":200,"srcset":"https:\/\/i0.wp.com\/www.grieta.org.mx\/wp-content\/uploads\/2018\/03\/14524434_1106112876131411_958039263622046936_o.jpg?resize=350%2C200&ssl=1 1x, https:\/\/i0.wp.com\/www.grieta.org.mx\/wp-content\/uploads\/2018\/03\/14524434_1106112876131411_958039263622046936_o.jpg?resize=525%2C300&ssl=1 1.5x, https:\/\/i0.wp.com\/www.grieta.org.mx\/wp-content\/uploads\/2018\/03\/14524434_1106112876131411_958039263622046936_o.jpg?resize=700%2C400&ssl=1 2x"},"classes":[]},{"id":6116,"url":"https:\/\/www.grieta.org.mx\/index.php\/2016\/07\/13\/pensionados-y-jubilados-de-veracruz-exigen-el-pago-inmediato-de-adeudos\/","url_meta":{"origin":26775,"position":4},"title":"Pensionados, jubilados y maestros de Veracruz exigen el pago inmediato de adeudos","author":"Admin","date":"13 julio, 2016","format":false,"excerpt":"13\/07\/16. Maestros jubilados y en activo se unen en nueva protesta E-Consulta Veracruz 05\/07\/16. Protestas en Veracruz La Cr\u00f3nica de Hoy 04\/07\/16. Protestan sindicatos y jubilados en Veracruz por falta de pagos La Jornada 03\/06\/16. Jubilados del puerto se suman a rechazo de pago de deuda con inmuebles E-consulta Veracruz\u2026","rel":"","context":"En &quot;NOTICIAS NACIONALES&quot;","block_context":{"text":"NOTICIAS NACIONALES","link":"https:\/\/www.grieta.org.mx\/index.php\/category\/noticias-nacionales\/"},"img":{"alt_text":"","src":"https:\/\/i0.wp.com\/www.grieta.org.mx\/wp-content\/uploads\/2018\/03\/14524434_1106112876131411_958039263622046936_o.jpg?resize=350%2C200&ssl=1","width":350,"height":200,"srcset":"https:\/\/i0.wp.com\/www.grieta.org.mx\/wp-content\/uploads\/2018\/03\/14524434_1106112876131411_958039263622046936_o.jpg?resize=350%2C200&ssl=1 1x, https:\/\/i0.wp.com\/www.grieta.org.mx\/wp-content\/uploads\/2018\/03\/14524434_1106112876131411_958039263622046936_o.jpg?resize=525%2C300&ssl=1 1.5x, https:\/\/i0.wp.com\/www.grieta.org.mx\/wp-content\/uploads\/2018\/03\/14524434_1106112876131411_958039263622046936_o.jpg?resize=700%2C400&ssl=1 2x"},"classes":[]},{"id":8541,"url":"https:\/\/www.grieta.org.mx\/index.php\/2015\/03\/27\/proyecto-de-propositos-multiples-xalapa\/","url_meta":{"origin":26775,"position":5},"title":"Proyecto de Prop\u00f3sitos M\u00faltiples Xalapa","author":"Admin","date":"27 marzo, 2015","format":false,"excerpt":"27\/03\/15. Son 37 grupos de resistencia contra presas en Veracruz; en Matlacobatl impiden llegada de maquinaria Plumas Libres 17\/03\/15. En Teocelo la serpiente se defiende. Evento informativo y cultural contra las presas Zapateando 16\/03\/15. Ordena estado desalojos a modo para desarrollar proyecto hidrol\u00f3gico de Odebrecht Plumas Libres 14\/03\/15. Pretenden construir\u2026","rel":"","context":"En &quot;Proyecto de Prop\u00f3sitos M\u00faltiples Xalapa&quot;","block_context":{"text":"Proyecto de Prop\u00f3sitos M\u00faltiples Xalapa","link":"https:\/\/www.grieta.org.mx\/index.php\/category\/megaproyectos\/proyecto-de-propositos-multiples-xalapa\/"},"img":{"alt_text":"","src":"https:\/\/i0.wp.com\/www.grieta.org.mx\/wp-content\/uploads\/2018\/03\/14524434_1106112876131411_958039263622046936_o.jpg?resize=350%2C200&ssl=1","width":350,"height":200,"srcset":"https:\/\/i0.wp.com\/www.grieta.org.mx\/wp-content\/uploads\/2018\/03\/14524434_1106112876131411_958039263622046936_o.jpg?resize=350%2C200&ssl=1 1x, https:\/\/i0.wp.com\/www.grieta.org.mx\/wp-content\/uploads\/2018\/03\/14524434_1106112876131411_958039263622046936_o.jpg?resize=525%2C300&ssl=1 1.5x, https:\/\/i0.wp.com\/www.grieta.org.mx\/wp-content\/uploads\/2018\/03\/14524434_1106112876131411_958039263622046936_o.jpg?resize=700%2C400&ssl=1 2x"},"classes":[]}],"_links":{"self":[{"href":"https:\/\/www.grieta.org.mx\/index.php\/wp-json\/wp\/v2\/posts\/26775","targetHints":{"allow":["GET"]}}],"collection":[{"href":"https:\/\/www.grieta.org.mx\/index.php\/wp-json\/wp\/v2\/posts"}],"about":[{"href":"https:\/\/www.grieta.org.mx\/index.php\/wp-json\/wp\/v2\/types\/post"}],"author":[{"embeddable":true,"href":"https:\/\/www.grieta.org.mx\/index.php\/wp-json\/wp\/v2\/users\/2"}],"replies":[{"embeddable":true,"href":"https:\/\/www.grieta.org.mx\/index.php\/wp-json\/wp\/v2\/comments?post=26775"}],"version-history":[{"count":1,"href":"https:\/\/www.grieta.org.mx\/index.php\/wp-json\/wp\/v2\/posts\/26775\/revisions"}],"predecessor-version":[{"id":26777,"href":"https:\/\/www.grieta.org.mx\/index.php\/wp-json\/wp\/v2\/posts\/26775\/revisions\/26777"}],"wp:featuredmedia":[{"embeddable":true,"href":"https:\/\/www.grieta.org.mx\/index.php\/wp-json\/wp\/v2\/media\/26776"}],"wp:attachment":[{"href":"https:\/\/www.grieta.org.mx\/index.php\/wp-json\/wp\/v2\/media?parent=26775"}],"wp:term":[{"taxonomy":"category","embeddable":true,"href":"https:\/\/www.grieta.org.mx\/index.php\/wp-json\/wp\/v2\/categories?post=26775"},{"taxonomy":"post_tag","embeddable":true,"href":"https:\/\/www.grieta.org.mx\/index.php\/wp-json\/wp\/v2\/tags?post=26775"}],"curies":[{"name":"wp","href":"https:\/\/api.w.org\/{rel}","templated":true}]}}