{"id":26769,"date":"2018-09-24T18:21:49","date_gmt":"2018-09-24T23:21:49","guid":{"rendered":"http:\/\/www.grieta.org.mx\/?p=26769"},"modified":"2018-09-27T00:33:54","modified_gmt":"2018-09-27T05:33:54","slug":"la-uaem-cumple-cinco-dias-en-huelga-por-insolvencia-economica","status":"publish","type":"post","link":"https:\/\/www.grieta.org.mx\/index.php\/2018\/09\/24\/la-uaem-cumple-cinco-dias-en-huelga-por-insolvencia-economica\/","title":{"rendered":"La UAEM cumple cinco d\u00edas en huelga por insolvencia econ\u00f3mica"},"content":{"rendered":"<p>Jaime Luis Brito \/ Proceso<\/p>\n<p><img loading=\"lazy\" decoding=\"async\" data-attachment-id=\"26768\" data-permalink=\"https:\/\/www.grieta.org.mx\/?attachment_id=26768\" data-orig-file=\"https:\/\/www.grieta.org.mx\/wp-content\/uploads\/2018\/09\/uaem-huelga.jpg\" data-orig-size=\"1078,808\" data-comments-opened=\"0\" data-image-meta=\"{&quot;aperture&quot;:&quot;0&quot;,&quot;credit&quot;:&quot;&quot;,&quot;camera&quot;:&quot;&quot;,&quot;caption&quot;:&quot;&quot;,&quot;created_timestamp&quot;:&quot;0&quot;,&quot;copyright&quot;:&quot;&quot;,&quot;focal_length&quot;:&quot;0&quot;,&quot;iso&quot;:&quot;0&quot;,&quot;shutter_speed&quot;:&quot;0&quot;,&quot;title&quot;:&quot;&quot;,&quot;orientation&quot;:&quot;0&quot;}\" data-image-title=\"uaem huelga\" data-image-description=\"\" data-image-caption=\"\" data-medium-file=\"https:\/\/www.grieta.org.mx\/wp-content\/uploads\/2018\/09\/uaem-huelga-300x225.jpg\" data-large-file=\"https:\/\/www.grieta.org.mx\/wp-content\/uploads\/2018\/09\/uaem-huelga-1024x768.jpg\" class=\"aligncenter wp-image-26768 size-large\" src=\"http:\/\/www.grieta.org.mx\/wp-content\/uploads\/2018\/09\/uaem-huelga-1024x768.jpg\" alt=\"\" width=\"819\" height=\"614\" srcset=\"https:\/\/www.grieta.org.mx\/wp-content\/uploads\/2018\/09\/uaem-huelga-1024x768.jpg 1024w, https:\/\/www.grieta.org.mx\/wp-content\/uploads\/2018\/09\/uaem-huelga-300x225.jpg 300w, https:\/\/www.grieta.org.mx\/wp-content\/uploads\/2018\/09\/uaem-huelga-768x576.jpg 768w, https:\/\/www.grieta.org.mx\/wp-content\/uploads\/2018\/09\/uaem-huelga-667x500.jpg 667w, https:\/\/www.grieta.org.mx\/wp-content\/uploads\/2018\/09\/uaem-huelga.jpg 1078w\" sizes=\"auto, (max-width: 819px) 100vw, 819px\" \/> El sindicato de la universidad exige que se blinde el pago de salarios hasta diciembre.<\/p>\n<p>CUERNAVACA, Mor. (apro).- La Universidad Aut\u00f3noma del Estado de Morelos (UAEM) cumpli\u00f3 cinco d\u00edas en huelga debido a la insolvencia econ\u00f3mica, que ha impedido el pago de la segunda catorcena de septiembre y no hay esperanzas de cubrir las siete restantes del a\u00f1o y los 90 d\u00edas de aguinaldo.<\/p>\n<p>El Sindicato Independiente de Trabajadores Acad\u00e9micos de la UAEM (SITAUAEM), que estall\u00f3 la huelga el pasado viernes 21, mantiene guardias en todos los campus \u2013en 20 municipios de la entidad\u2013, con la solidaridad de trabajadores de confianza y estudiantes, quienes demandaron a la federaci\u00f3n y al gobierno de Graco Ram\u00edrez la entrega inmediata de al menos mil 680 millones de pesos para cubrir los compromisos laborales de la instituci\u00f3n acad\u00e9mica.<\/p>\n<p>Este lunes, los integrantes del Sindicato de Trabajadores Administrativos de la UAEM (STAUAEM) participaron una asamblea en la que se declararon en lucha solidaria con sus compa\u00f1eros acad\u00e9micos.<\/p>\n<p>Acordaron como primer paso manifestarse en las instalaciones de Rector\u00eda, pero en el trayecto se encontraron con el rector Gustavo Urquiza Beltr\u00e1n, a quien retuvieron y encararon.<\/p>\n<p>En la comunidad de Chamilpa, al norte de esta capital, en una de las entradas del campus principal de la UAEM, los trabajadores cerraron el paso a la camioneta en la que se trasladaba el acad\u00e9mico, a quien aclararon que ellos no est\u00e1n en huelga, pero, subrayaron, no cuentan con recursos para presentarse a trabajar en las \u201c\u00e1reas blancas\u201d, es decir, en los sitios donde contin\u00faan labores normales pese al paro de labores.<\/p>\n<p>Como respuesta, Urquiza Beltr\u00e1n los llam\u00f3 a la unidad para luchar por la gesti\u00f3n de recursos extraordinarios y se pueda cumplir con los compromisos, pagar la n\u00f3mina y salir adelante en lo que resta del a\u00f1o.<\/p>\n<p>En tanto, un centenar de estudiantes embozados se manifestaron en la caseta de Tepoztl\u00e1n, que liberaron para dar paso libre a los automovil\u00edsticas, a quienes solicitaron cuota voluntaria. Seg\u00fan los manifestantes, su lucha es en defensa de la educaci\u00f3n p\u00fablica, aut\u00f3noma y gratuita.<\/p>\n<p>Trabajadores administrativos de la UAEM se\u00f1alaron que este martes esperan se multipliquen sus protestas con la toma de casetas en toda la entidad y el bloqueo de carreteras, hasta que les entreguen los recursos necesarios para pagar la n\u00f3mina.<\/p>\n<p>Por separado, el secretario de Hacienda del gobierno de Morelos, Jorge Michel Luna, confirm\u00f3 que la Secretar\u00eda de Educaci\u00f3n P\u00fablica federal asign\u00f3 un fondo de rescate para la UAEM por 640 millones de pesos, monto suficiente para cubrir la n\u00f3mina del resto del a\u00f1o y el aguinaldo correspondiente a este 2018.<\/p>\n<p>Sin embargo, aclar\u00f3, la mitad de ese recurso deber\u00e1 ser aportado por el gobierno estatal, por lo que empezar\u00e1 a gestionar ese fondo. \u201cLa Secretar\u00eda de Educaci\u00f3n P\u00fablica asign\u00f3 ya un fondo de rescate para la Universidad, la gesti\u00f3n tiene que hacerse desde luego a trav\u00e9s de la m\u00e1xima casa de estudios\u201d, apunt\u00f3.<\/p>\n<p>Puntualiz\u00f3: \u201cHay una cantidad asignada de 640 millones de pesos que tiene la Secretar\u00eda de Educaci\u00f3n P\u00fablica, en donde el estado deber\u00e1 participar con la mitad de ese fondo, es decir, 320 y 320; de esta manera se tiene ya definida esta asignaci\u00f3n presupuestal que desde luego tendr\u00e1 que ser gestionada por la propia Universidad\u201d.<\/p>\n<p><a href=\"https:\/\/www.proceso.com.mx\/552331\/la-uaem-cumple-cinco-dias-en-huelga-por-insolvencia-economica\">https:\/\/www.proceso.com.mx\/552331\/la-uaem-cumple-cinco-dias-en-huelga-por-insolvencia-economica<\/a><\/p>\n","protected":false},"excerpt":{"rendered":"<p>Jaime Luis Brito \/ Proceso El sindicato de la universidad exige que se blinde el pago de salarios hasta diciembre. CUERNAVACA, Mor. (apro).- La Universidad Aut\u00f3noma del Estado de Morelos &hellip; <a href=\"https:\/\/www.grieta.org.mx\/index.php\/2018\/09\/24\/la-uaem-cumple-cinco-dias-en-huelga-por-insolvencia-economica\/\" class=\"more-link\">Leer m\u00e1s<\/a><\/p>\n","protected":false},"author":2,"featured_media":26768,"comment_status":"closed","ping_status":"closed","sticky":false,"template":"","format":"standard","meta":{"ngg_post_thumbnail":0,"_jetpack_newsletter_access":"","_jetpack_dont_email_post_to_subs":false,"_jetpack_newsletter_tier_id":0,"_jetpack_memberships_contains_paywalled_content":false,"_jetpack_memberships_contains_paid_content":false,"footnotes":""},"categories":[80,1756,22,1774],"tags":[1690,1288,104,494],"class_list":["post-26769","post","type-post","status-publish","format-standard","has-post-thumbnail","hentry","category-cintillo","category-conflictos-laborales-en-morelos","category-morelos","category-movilizaciones-de-la-uaem","tag-adeudo-de-salarios","tag-educacion-publica","tag-huelga","tag-universidad-autonoma-del-estado-de-morelos","entry"],"jetpack_featured_media_url":"https:\/\/www.grieta.org.mx\/wp-content\/uploads\/2018\/09\/uaem-huelga.jpg","jetpack_sharing_enabled":true,"jetpack_shortlink":"https:\/\/wp.me\/p7ZJR4-6XL","jetpack_likes_enabled":false,"jetpack-related-posts":[{"id":8480,"url":"https:\/\/www.grieta.org.mx\/index.php\/2015\/05\/21\/trabajadores-de-la-universidad-autonoma-de-morelos-inician-paro\/","url_meta":{"origin":26769,"position":0},"title":"Trabajadores de la Universidad Aut\u00f3noma de Morelos inician paro","author":"grieta","date":"21 mayo, 2015","format":false,"excerpt":"El Financiero \u00a0 Edmundo Salgado\/Corresponsal CUERNAVACA. M\u00e1s de 40 mil estudiantes universitarios se quedaron sin clases a partir de la ma\u00f1ana de este jueves, debido al paro laboral impulsado los dos sindicatos que existen en la Universidad Aut\u00f3noma del Estado de Morelos (UAEM). El paro, apoyado por el Sindicato de\u2026","rel":"","context":"En &quot;CINTILLO&quot;","block_context":{"text":"CINTILLO","link":"https:\/\/www.grieta.org.mx\/index.php\/category\/cintillo\/"},"img":{"alt_text":"","src":"https:\/\/i0.wp.com\/www.grieta.org.mx\/wp-content\/uploads\/2018\/03\/14524434_1106112876131411_958039263622046936_o.jpg?resize=350%2C200&ssl=1","width":350,"height":200,"srcset":"https:\/\/i0.wp.com\/www.grieta.org.mx\/wp-content\/uploads\/2018\/03\/14524434_1106112876131411_958039263622046936_o.jpg?resize=350%2C200&ssl=1 1x, https:\/\/i0.wp.com\/www.grieta.org.mx\/wp-content\/uploads\/2018\/03\/14524434_1106112876131411_958039263622046936_o.jpg?resize=525%2C300&ssl=1 1.5x, https:\/\/i0.wp.com\/www.grieta.org.mx\/wp-content\/uploads\/2018\/03\/14524434_1106112876131411_958039263622046936_o.jpg?resize=700%2C400&ssl=1 2x"},"classes":[]},{"id":27916,"url":"https:\/\/www.grieta.org.mx\/index.php\/2018\/12\/18\/bloquean-trabajadores-de-la-uaem-accesos-a-cuernavaca\/","url_meta":{"origin":26769,"position":1},"title":"Bloquean trabajadores de la UAEM accesos a Cuernavaca","author":"grieta","date":"18 diciembre, 2018","format":false,"excerpt":"Estrella Pedroza \/ Aristegui Noticias Los trabajadores del Sindicato Administrativo de la Universidad Aut\u00f3noma del Estado de Morelos (UAEM) bloquearon los principales accesos a Cuernavaca en v\u00edas internas y en el Paso Expr\u00e9s, al norte y al sur de la ciudad, para exigir el pago de sus salarios atrasados y\u2026","rel":"","context":"En &quot;CINTILLO&quot;","block_context":{"text":"CINTILLO","link":"https:\/\/www.grieta.org.mx\/index.php\/category\/cintillo\/"},"img":{"alt_text":"","src":"https:\/\/i0.wp.com\/www.grieta.org.mx\/wp-content\/uploads\/2018\/12\/cuernavaca1812-768x350.jpg?resize=350%2C200&ssl=1","width":350,"height":200,"srcset":"https:\/\/i0.wp.com\/www.grieta.org.mx\/wp-content\/uploads\/2018\/12\/cuernavaca1812-768x350.jpg?resize=350%2C200&ssl=1 1x, https:\/\/i0.wp.com\/www.grieta.org.mx\/wp-content\/uploads\/2018\/12\/cuernavaca1812-768x350.jpg?resize=525%2C300&ssl=1 1.5x, https:\/\/i0.wp.com\/www.grieta.org.mx\/wp-content\/uploads\/2018\/12\/cuernavaca1812-768x350.jpg?resize=700%2C400&ssl=1 2x"},"classes":[]},{"id":8421,"url":"https:\/\/www.grieta.org.mx\/index.php\/2016\/02\/14\/movilizaciones-de-la-uaem\/","url_meta":{"origin":26769,"position":2},"title":"Movilizaciones de la UAEM","author":"grieta","date":"14 febrero, 2016","format":false,"excerpt":"09\/02\/16. Se suma la APPM al plant\u00f3n de la UAEM Morelos Diario 09\/02\/16. Consejo Universitario de UAEM exige a Graco Ram\u00edrez cumpla las demandas La Jornada 04\/02\/16. \u00bfCu\u00e1les son las exigencias de la Uaem? Aqu\u00ed los 13 puntos Morelos Diario 08\/07\/15. Estudiantes de la UAEM pasan la noche en el\u2026","rel":"","context":"En &quot;Morelos&quot;","block_context":{"text":"Morelos","link":"https:\/\/www.grieta.org.mx\/index.php\/category\/noticias-nacionales\/morelos\/"},"img":{"alt_text":"","src":"https:\/\/i0.wp.com\/www.grieta.org.mx\/wp-content\/uploads\/2018\/03\/14524434_1106112876131411_958039263622046936_o.jpg?resize=350%2C200&ssl=1","width":350,"height":200,"srcset":"https:\/\/i0.wp.com\/www.grieta.org.mx\/wp-content\/uploads\/2018\/03\/14524434_1106112876131411_958039263622046936_o.jpg?resize=350%2C200&ssl=1 1x, https:\/\/i0.wp.com\/www.grieta.org.mx\/wp-content\/uploads\/2018\/03\/14524434_1106112876131411_958039263622046936_o.jpg?resize=525%2C300&ssl=1 1.5x, https:\/\/i0.wp.com\/www.grieta.org.mx\/wp-content\/uploads\/2018\/03\/14524434_1106112876131411_958039263622046936_o.jpg?resize=700%2C400&ssl=1 2x"},"classes":[]},{"id":8458,"url":"https:\/\/www.grieta.org.mx\/index.php\/2015\/07\/08\/estudiantes-de-la-uaem-pasan-la-noche-en-el-congreso-de-morelos\/","url_meta":{"origin":26769,"position":3},"title":"Estudiantes de la UAEM pasan la noche en el Congreso de Morelos","author":"grieta","date":"8 julio, 2015","format":false,"excerpt":"El Financiero Edmundo Salgado Aunque diputados pidieron al rector de la UAEM desalojen las instalaciones, s\u00f3lo se retiraron la mayor\u00eda de los manifestantes y se quedaron unas 100 personas, entre maestros, alumnos, directivos, as\u00ed como el l\u00edder del Movimiento por la Paz con Justicia y Dignidad, Javier Sicilia. CUERNAVACA. Tras\u2026","rel":"","context":"En &quot;CINTILLO&quot;","block_context":{"text":"CINTILLO","link":"https:\/\/www.grieta.org.mx\/index.php\/category\/cintillo\/"},"img":{"alt_text":"","src":"https:\/\/i0.wp.com\/www.grieta.org.mx\/wp-content\/uploads\/2018\/03\/14524434_1106112876131411_958039263622046936_o.jpg?resize=350%2C200&ssl=1","width":350,"height":200,"srcset":"https:\/\/i0.wp.com\/www.grieta.org.mx\/wp-content\/uploads\/2018\/03\/14524434_1106112876131411_958039263622046936_o.jpg?resize=350%2C200&ssl=1 1x, https:\/\/i0.wp.com\/www.grieta.org.mx\/wp-content\/uploads\/2018\/03\/14524434_1106112876131411_958039263622046936_o.jpg?resize=525%2C300&ssl=1 1.5x, https:\/\/i0.wp.com\/www.grieta.org.mx\/wp-content\/uploads\/2018\/03\/14524434_1106112876131411_958039263622046936_o.jpg?resize=700%2C400&ssl=1 2x"},"classes":[]},{"id":8450,"url":"https:\/\/www.grieta.org.mx\/index.php\/2016\/02\/04\/cuales-son-las-exigencias-de-la-uaem-aqui-los-13-puntos\/","url_meta":{"origin":26769,"position":4},"title":"\u00bfCu\u00e1les son las exigencias de la Uaem? Aqu\u00ed los 13 puntos","author":"grieta","date":"4 febrero, 2016","format":false,"excerpt":"Morelos Diario Estos son los 13 puntos de exigencias de la Uaem y por los que este jueves march\u00f3 la comunidad universitaria, as\u00ed como diversas organizaciones sociales: 1.- La construcci\u00f3n del Hospital Universitario y de la Preparatoria de Cuautla, a lo cual se comprometi\u00f3 el actual gobernador desde el inicio\u2026","rel":"","context":"En &quot;CINTILLO&quot;","block_context":{"text":"CINTILLO","link":"https:\/\/www.grieta.org.mx\/index.php\/category\/cintillo\/"},"img":{"alt_text":"","src":"https:\/\/i0.wp.com\/www.grieta.org.mx\/wp-content\/uploads\/2018\/03\/14524434_1106112876131411_958039263622046936_o.jpg?resize=350%2C200&ssl=1","width":350,"height":200,"srcset":"https:\/\/i0.wp.com\/www.grieta.org.mx\/wp-content\/uploads\/2018\/03\/14524434_1106112876131411_958039263622046936_o.jpg?resize=350%2C200&ssl=1 1x, https:\/\/i0.wp.com\/www.grieta.org.mx\/wp-content\/uploads\/2018\/03\/14524434_1106112876131411_958039263622046936_o.jpg?resize=525%2C300&ssl=1 1.5x, https:\/\/i0.wp.com\/www.grieta.org.mx\/wp-content\/uploads\/2018\/03\/14524434_1106112876131411_958039263622046936_o.jpg?resize=700%2C400&ssl=1 2x"},"classes":[]},{"id":8558,"url":"https:\/\/www.grieta.org.mx\/index.php\/2016\/01\/25\/llega-a-la-uaem-la-caravana-nacional-por-ayotzinapa\/","url_meta":{"origin":26769,"position":5},"title":"Llega a la UAEM la Caravana Nacional por Ayotzinapa","author":"grieta","date":"25 enero, 2016","format":false,"excerpt":"La Redacci\u00f3n\/ Tlahui Preciado La Uni\u00f3n de Morelos La tarde de este lunes, cerca de las 14:00 horas, la Caravana Nacional por Ayotzinapa arrib\u00f3 al campus Chamilpa de la Universidad Aut\u00f3noma del Estado de Morelos (UAEM), en donde fue recibida por estudiantes y por el rector Jes\u00fas Alejandro Vera Jim\u00e9nez,\u2026","rel":"","context":"En &quot;CINTILLO&quot;","block_context":{"text":"CINTILLO","link":"https:\/\/www.grieta.org.mx\/index.php\/category\/cintillo\/"},"img":{"alt_text":"","src":"https:\/\/i0.wp.com\/www.grieta.org.mx\/wp-content\/uploads\/2018\/03\/14524434_1106112876131411_958039263622046936_o.jpg?resize=350%2C200&ssl=1","width":350,"height":200,"srcset":"https:\/\/i0.wp.com\/www.grieta.org.mx\/wp-content\/uploads\/2018\/03\/14524434_1106112876131411_958039263622046936_o.jpg?resize=350%2C200&ssl=1 1x, https:\/\/i0.wp.com\/www.grieta.org.mx\/wp-content\/uploads\/2018\/03\/14524434_1106112876131411_958039263622046936_o.jpg?resize=525%2C300&ssl=1 1.5x, https:\/\/i0.wp.com\/www.grieta.org.mx\/wp-content\/uploads\/2018\/03\/14524434_1106112876131411_958039263622046936_o.jpg?resize=700%2C400&ssl=1 2x"},"classes":[]}],"_links":{"self":[{"href":"https:\/\/www.grieta.org.mx\/index.php\/wp-json\/wp\/v2\/posts\/26769","targetHints":{"allow":["GET"]}}],"collection":[{"href":"https:\/\/www.grieta.org.mx\/index.php\/wp-json\/wp\/v2\/posts"}],"about":[{"href":"https:\/\/www.grieta.org.mx\/index.php\/wp-json\/wp\/v2\/types\/post"}],"author":[{"embeddable":true,"href":"https:\/\/www.grieta.org.mx\/index.php\/wp-json\/wp\/v2\/users\/2"}],"replies":[{"embeddable":true,"href":"https:\/\/www.grieta.org.mx\/index.php\/wp-json\/wp\/v2\/comments?post=26769"}],"version-history":[{"count":1,"href":"https:\/\/www.grieta.org.mx\/index.php\/wp-json\/wp\/v2\/posts\/26769\/revisions"}],"predecessor-version":[{"id":26808,"href":"https:\/\/www.grieta.org.mx\/index.php\/wp-json\/wp\/v2\/posts\/26769\/revisions\/26808"}],"wp:featuredmedia":[{"embeddable":true,"href":"https:\/\/www.grieta.org.mx\/index.php\/wp-json\/wp\/v2\/media\/26768"}],"wp:attachment":[{"href":"https:\/\/www.grieta.org.mx\/index.php\/wp-json\/wp\/v2\/media?parent=26769"}],"wp:term":[{"taxonomy":"category","embeddable":true,"href":"https:\/\/www.grieta.org.mx\/index.php\/wp-json\/wp\/v2\/categories?post=26769"},{"taxonomy":"post_tag","embeddable":true,"href":"https:\/\/www.grieta.org.mx\/index.php\/wp-json\/wp\/v2\/tags?post=26769"}],"curies":[{"name":"wp","href":"https:\/\/api.w.org\/{rel}","templated":true}]}}