{"id":26712,"date":"2018-06-12T09:54:08","date_gmt":"2018-06-12T14:54:08","guid":{"rendered":"http:\/\/www.grieta.org.mx\/?p=26712"},"modified":"2018-09-23T10:07:56","modified_gmt":"2018-09-23T15:07:56","slug":"con-toma-de-escuelas-frente-unido-de-pueblos-exige-mesa-de-trabajo-con-autoridades-de-durango","status":"publish","type":"post","link":"https:\/\/www.grieta.org.mx\/index.php\/2018\/06\/12\/con-toma-de-escuelas-frente-unido-de-pueblos-exige-mesa-de-trabajo-con-autoridades-de-durango\/","title":{"rendered":"Con toma de escuelas, Frente Unido de Pueblos exige mesa de trabajo con autoridades de Durango"},"content":{"rendered":"<p><img loading=\"lazy\" decoding=\"async\" data-attachment-id=\"26713\" data-permalink=\"https:\/\/www.grieta.org.mx\/index.php\/2018\/06\/12\/con-toma-de-escuelas-frente-unido-de-pueblos-exige-mesa-de-trabajo-con-autoridades-de-durango\/frente-unido-de-pueblos\/\" data-orig-file=\"https:\/\/www.grieta.org.mx\/wp-content\/uploads\/2018\/09\/FRENTE-UNIDO-DE-PUEBLOS.jpg\" data-orig-size=\"660,420\" data-comments-opened=\"0\" data-image-meta=\"{&quot;aperture&quot;:&quot;0&quot;,&quot;credit&quot;:&quot;&quot;,&quot;camera&quot;:&quot;&quot;,&quot;caption&quot;:&quot;&quot;,&quot;created_timestamp&quot;:&quot;0&quot;,&quot;copyright&quot;:&quot;&quot;,&quot;focal_length&quot;:&quot;0&quot;,&quot;iso&quot;:&quot;0&quot;,&quot;shutter_speed&quot;:&quot;0&quot;,&quot;title&quot;:&quot;&quot;,&quot;orientation&quot;:&quot;0&quot;}\" data-image-title=\"FRENTE-UNIDO-DE-PUEBLOS\" data-image-description=\"\" data-image-caption=\"\" data-medium-file=\"https:\/\/www.grieta.org.mx\/wp-content\/uploads\/2018\/09\/FRENTE-UNIDO-DE-PUEBLOS-300x191.jpg\" data-large-file=\"https:\/\/www.grieta.org.mx\/wp-content\/uploads\/2018\/09\/FRENTE-UNIDO-DE-PUEBLOS.jpg\" src=\"http:\/\/www.grieta.org.mx\/wp-content\/uploads\/2018\/09\/FRENTE-UNIDO-DE-PUEBLOS-300x191.jpg\" alt=\"\" width=\"600\" height=\"382\" class=\"aligncenter size-medium wp-image-26713\" srcset=\"https:\/\/www.grieta.org.mx\/wp-content\/uploads\/2018\/09\/FRENTE-UNIDO-DE-PUEBLOS-300x191.jpg 300w, https:\/\/www.grieta.org.mx\/wp-content\/uploads\/2018\/09\/FRENTE-UNIDO-DE-PUEBLOS.jpg 660w\" sizes=\"auto, (max-width: 600px) 100vw, 600px\" \/><\/p>\n<p>Mayela \u00c1vila\/ NOTICIEROS GREM<\/p>\n<p>G\u00f3mez Palacio, Durango (12\/06\/2018).- A nueve d\u00edas de que se tomaran seis escuelas de nivel b\u00e1sico en las comunidades de Dinamita-Abisinia, Poanas y La Sierrita en los municipios de G\u00f3mez Palacio y Tlahualilo, el Frente Unido de Pueblos de La Laguna en Defensa de la Vida y el Territorio exige a las autoridades de los tres niveles de gobierno en Durango que esta semana se establezca una mesa de trabajo con representantes de las m\u00e1s de 20 comunidades del per\u00edmetro Lav\u00edn, a fin de revisar las diversas necesidades que presentan estos ejidos cercanos a las obras de la empresa Chemours y del gasoducto. De lo contrario, se analizar\u00e1n otras medidas de protesta.<\/p>\n<p>Bernardino Ochoa Camacho, integrante del Frente, detall\u00f3 que en el caso del gasoducto, las autoridades no han tomado en cuenta que a escasos 100 metros de donde se construye existe una f\u00e1brica de explosivos.<\/p>\n<p>De concretarse la mesa de trabajo, los temas a tratar son: libertad total e incondicional a 10 personas vinculadas a proceso por el caso del 9 de marzo en la comunidad La Aurora; respeto a los lineamientos de ordenamiento ecol\u00f3gico territorial, atenci\u00f3n p\u00fablica gratuita con la cancelaci\u00f3n de las cuotas escolares y atenci\u00f3n inmediata a la falta o escasez de agua, contaminaci\u00f3n por establos (polvillo) y maromeras.<\/p>\n<p><a href=\"http:\/\/www.noticierosgrem.com.mx\/toma-escuelas-frente-unido-pueblos-exige-mesa-trabajo-autoridades-durango\/\" rel=\"noopener\" target=\"_blank\">http:\/\/www.noticierosgrem.com.mx\/toma-escuelas-frente-unido-pueblos-exige-mesa-trabajo-autoridades-durango\/<\/a><\/p>\n","protected":false},"excerpt":{"rendered":"<p>Mayela \u00c1vila\/ NOTICIEROS GREM G\u00f3mez Palacio, Durango (12\/06\/2018).- A nueve d\u00edas de que se tomaran seis escuelas de nivel b\u00e1sico en las comunidades de Dinamita-Abisinia, Poanas y La Sierrita en &hellip; <a href=\"https:\/\/www.grieta.org.mx\/index.php\/2018\/06\/12\/con-toma-de-escuelas-frente-unido-de-pueblos-exige-mesa-de-trabajo-con-autoridades-de-durango\/\" class=\"more-link\">Leer m\u00e1s<\/a><\/p>\n","protected":false},"author":2,"featured_media":26713,"comment_status":"closed","ping_status":"closed","sticky":false,"template":"","format":"standard","meta":{"ngg_post_thumbnail":0,"_jetpack_newsletter_access":"","_jetpack_dont_email_post_to_subs":false,"_jetpack_newsletter_tier_id":0,"_jetpack_memberships_contains_paywalled_content":false,"_jetpack_memberships_contains_paid_content":false,"footnotes":""},"categories":[80,15,1095,2],"tags":[1745,1748,1750,1749,352],"class_list":["post-26712","post","type-post","status-publish","format-standard","has-post-thumbnail","hentry","category-cintillo","category-durango","category-lucha-contra-la-instalacion-de-chemours-company-en-durango","category-noticias-nacionales","tag-chemours","tag-contaminacion-por-cianuro","tag-dupont","tag-frente-unido-de-pueblos-de-la-laguna-en-defensa-de-la-vida-y-el-territorio","tag-parque-industrial","entry"],"jetpack_featured_media_url":"https:\/\/www.grieta.org.mx\/wp-content\/uploads\/2018\/09\/FRENTE-UNIDO-DE-PUEBLOS.jpg","jetpack_sharing_enabled":true,"jetpack_shortlink":"https:\/\/wp.me\/p7ZJR4-6WQ","jetpack_likes_enabled":false,"jetpack-related-posts":[{"id":26707,"url":"https:\/\/www.grieta.org.mx\/index.php\/2018\/07\/30\/retoma-frente-unido-acciones-pacificas-contra-instalacion-de-chemours-laguna-durango\/","url_meta":{"origin":26712,"position":0},"title":"Retoma Frente Unido acciones pac\u00edficas contra instalaci\u00f3n de Chemours Laguna (Durango)","author":"grieta","date":"30 julio, 2018","format":false,"excerpt":"Mayela Avila\/ NOTICIEROS GREM G\u00f3mez Palacio, Durango (30\/07\/2018).-\u00a0Tras concluir las elecciones federales, el pasado fin de semana, el Frente Unido de Pueblos de La Laguna en Defensa de la Vida y el Territorio llev\u00f3 a cabo una reuni\u00f3n en el ejido El Siete en la que se definieron lasestrategias encaminadas\u2026","rel":"","context":"En &quot;CINTILLO&quot;","block_context":{"text":"CINTILLO","link":"https:\/\/www.grieta.org.mx\/index.php\/category\/cintillo\/"},"img":{"alt_text":"","src":"https:\/\/i0.wp.com\/www.grieta.org.mx\/wp-content\/uploads\/2018\/09\/Chemurs.jpg?resize=350%2C200&ssl=1","width":350,"height":200,"srcset":"https:\/\/i0.wp.com\/www.grieta.org.mx\/wp-content\/uploads\/2018\/09\/Chemurs.jpg?resize=350%2C200&ssl=1 1x, https:\/\/i0.wp.com\/www.grieta.org.mx\/wp-content\/uploads\/2018\/09\/Chemurs.jpg?resize=525%2C300&ssl=1 1.5x"},"classes":[]},{"id":22313,"url":"https:\/\/www.grieta.org.mx\/index.php\/2018\/03\/28\/ven-catastrofe-por-planta-de-cianuro-en-gomez-palacio-durango\/","url_meta":{"origin":26712,"position":1},"title":"Ven cat\u00e1strofe por planta de Cianuro en G\u00f3mez Palacio (Durango)","author":"grieta","date":"28 marzo, 2018","format":false,"excerpt":"Redacci\u00f3n\/El Debate Chemours hace menci\u00f3n del riesgo que representa tener la planta de cianuro y aclar\u00f3 que los impactos m\u00e1s significativos inherentes al proyecto se presentar\u00e1n durante la etapa de operaci\u00f3n Durango.- Un evento catastr\u00f3fico podr\u00eda ocasionar la planta de cianuro de sodio que Chemours Company pretende instalar en G\u00f3mez\u2026","rel":"","context":"En &quot;CINTILLO&quot;","block_context":{"text":"CINTILLO","link":"https:\/\/www.grieta.org.mx\/index.php\/category\/cintillo\/"},"img":{"alt_text":"","src":"https:\/\/i0.wp.com\/www.grieta.org.mx\/wp-content\/uploads\/2018\/03\/d1.jpeg?resize=350%2C200&ssl=1","width":350,"height":200,"srcset":"https:\/\/i0.wp.com\/www.grieta.org.mx\/wp-content\/uploads\/2018\/03\/d1.jpeg?resize=350%2C200&ssl=1 1x, https:\/\/i0.wp.com\/www.grieta.org.mx\/wp-content\/uploads\/2018\/03\/d1.jpeg?resize=525%2C300&ssl=1 1.5x"},"classes":[]},{"id":34318,"url":"https:\/\/www.grieta.org.mx\/index.php\/2019\/06\/04\/ciudadanos-se-manifiestan-en-tec-de-la-laguna-contra-instalacion-de-chemours-durango\/","url_meta":{"origin":26712,"position":2},"title":"Ciudadanos se manifiestan en Tec de La Laguna contra instalaci\u00f3n de Chemours (Durango)","author":"grieta","date":"4 junio, 2019","format":false,"excerpt":"Juan Carlos lozano \/Telediario Aguascalientes Integrantes de este movimiento repartieron informaci\u00f3n acerca de los antecedentes de esta empresa. Torre\u00f3n, Coahuila.- La ma\u00f1ana de este martes, integrantes de la Coordinadora Nacional de Trabajadores de la Educaci\u00f3n, el Movimiento Magisterial en La Laguna, y el Frente Unido de Pueblos de La Laguna\u2026","rel":"","context":"En &quot;CINTILLO&quot;","block_context":{"text":"CINTILLO","link":"https:\/\/www.grieta.org.mx\/index.php\/category\/cintillo\/"},"img":{"alt_text":"","src":"https:\/\/i0.wp.com\/www.grieta.org.mx\/wp-content\/uploads\/2019\/06\/d1-1.jpg?resize=350%2C200&ssl=1","width":350,"height":200,"srcset":"https:\/\/i0.wp.com\/www.grieta.org.mx\/wp-content\/uploads\/2019\/06\/d1-1.jpg?resize=350%2C200&ssl=1 1x, https:\/\/i0.wp.com\/www.grieta.org.mx\/wp-content\/uploads\/2019\/06\/d1-1.jpg?resize=525%2C300&ssl=1 1.5x, https:\/\/i0.wp.com\/www.grieta.org.mx\/wp-content\/uploads\/2019\/06\/d1-1.jpg?resize=700%2C400&ssl=1 2x"},"classes":[]},{"id":22336,"url":"https:\/\/www.grieta.org.mx\/index.php\/2018\/03\/10\/senalan-que-detenidos-no-han-recibido-atencion-medica-durango\/","url_meta":{"origin":26712,"position":3},"title":"Se\u00f1alan que detenidos no han recibido atenci\u00f3n m\u00e9dica (Durango)","author":"grieta","date":"10 marzo, 2018","format":false,"excerpt":"Adriana Magallanes\/Milenio El Frente Unido de Pueblos de La Laguna en Defensa de la Vida y el Territorio, dieron a conocer que tienen hasta el momento contabilizadas a 65 personas detenidas en las diferentes corporaciones policiacas, tras el enfrentamiento que se registr\u00f3 la ma\u00f1ana de este viernes en la comunidad\u2026","rel":"","context":"En &quot;CINTILLO&quot;","block_context":{"text":"CINTILLO","link":"https:\/\/www.grieta.org.mx\/index.php\/category\/cintillo\/"},"img":{"alt_text":"","src":"https:\/\/i0.wp.com\/www.grieta.org.mx\/wp-content\/uploads\/2018\/03\/d7.jpg?resize=350%2C200&ssl=1","width":350,"height":200},"classes":[]},{"id":22367,"url":"https:\/\/www.grieta.org.mx\/index.php\/2017\/07\/31\/lucha-contra-el-cianuro-de-the-chemours-company-se-traslada-a-la-laguna-durango\/","url_meta":{"origin":26712,"position":4},"title":"Lucha contra el cianuro de The Chemours Company se traslada a La Laguna (Durango)","author":"grieta","date":"31 julio, 2017","format":false,"excerpt":"Redacci\u00f3n \/ SomosMass99 Sin haber sido consultados previamente y ante funcionarios municipales, estatales y el mismo titular de la Profepa, Guillermo Haro B\u00e9lchez, que aseguran que todos los permisos est\u00e1n listos desde hace meses, que el cianuro no representa ning\u00fan peligro para la salud y que The Chemours Company ofrece\u2026","rel":"","context":"En &quot;CINTILLO&quot;","block_context":{"text":"CINTILLO","link":"https:\/\/www.grieta.org.mx\/index.php\/category\/cintillo\/"},"img":{"alt_text":"","src":"https:\/\/i0.wp.com\/www.grieta.org.mx\/wp-content\/uploads\/2018\/03\/d1.jpg?resize=350%2C200&ssl=1","width":350,"height":200,"srcset":"https:\/\/i0.wp.com\/www.grieta.org.mx\/wp-content\/uploads\/2018\/03\/d1.jpg?resize=350%2C200&ssl=1 1x, https:\/\/i0.wp.com\/www.grieta.org.mx\/wp-content\/uploads\/2018\/03\/d1.jpg?resize=525%2C300&ssl=1 1.5x, https:\/\/i0.wp.com\/www.grieta.org.mx\/wp-content\/uploads\/2018\/03\/d1.jpg?resize=700%2C400&ssl=1 2x, https:\/\/i0.wp.com\/www.grieta.org.mx\/wp-content\/uploads\/2018\/03\/d1.jpg?resize=1050%2C600&ssl=1 3x, https:\/\/i0.wp.com\/www.grieta.org.mx\/wp-content\/uploads\/2018\/03\/d1.jpg?resize=1400%2C800&ssl=1 4x"},"classes":[]},{"id":22333,"url":"https:\/\/www.grieta.org.mx\/index.php\/2018\/03\/15\/insisten-en-represion-contra-manifestantes-de-chemours-durango\/","url_meta":{"origin":26712,"position":5},"title":"Insisten en represi\u00f3n contra manifestantes de Chemours (Durango)","author":"grieta","date":"15 marzo, 2018","format":false,"excerpt":"Lilia Ovalle\/Durango La Red Mexicana de Afectados por la Miner\u00eda, denunciaron la represi\u00f3n y criminalizaci\u00f3n de las autoridades contra las personas que protestan por la instalaci\u00f3n de la Planta de Cianuro Chemours en el ejido El Siete de G\u00f3mez Palacio. Se\u00f1alaron que la detenci\u00f3n de 46 personas entre ellos tres\u2026","rel":"","context":"En &quot;CINTILLO&quot;","block_context":{"text":"CINTILLO","link":"https:\/\/www.grieta.org.mx\/index.php\/category\/cintillo\/"},"img":{"alt_text":"","src":"https:\/\/i0.wp.com\/www.grieta.org.mx\/wp-content\/uploads\/2018\/03\/d6.jpg?resize=350%2C200&ssl=1","width":350,"height":200},"classes":[]}],"_links":{"self":[{"href":"https:\/\/www.grieta.org.mx\/index.php\/wp-json\/wp\/v2\/posts\/26712","targetHints":{"allow":["GET"]}}],"collection":[{"href":"https:\/\/www.grieta.org.mx\/index.php\/wp-json\/wp\/v2\/posts"}],"about":[{"href":"https:\/\/www.grieta.org.mx\/index.php\/wp-json\/wp\/v2\/types\/post"}],"author":[{"embeddable":true,"href":"https:\/\/www.grieta.org.mx\/index.php\/wp-json\/wp\/v2\/users\/2"}],"replies":[{"embeddable":true,"href":"https:\/\/www.grieta.org.mx\/index.php\/wp-json\/wp\/v2\/comments?post=26712"}],"version-history":[{"count":1,"href":"https:\/\/www.grieta.org.mx\/index.php\/wp-json\/wp\/v2\/posts\/26712\/revisions"}],"predecessor-version":[{"id":26716,"href":"https:\/\/www.grieta.org.mx\/index.php\/wp-json\/wp\/v2\/posts\/26712\/revisions\/26716"}],"wp:featuredmedia":[{"embeddable":true,"href":"https:\/\/www.grieta.org.mx\/index.php\/wp-json\/wp\/v2\/media\/26713"}],"wp:attachment":[{"href":"https:\/\/www.grieta.org.mx\/index.php\/wp-json\/wp\/v2\/media?parent=26712"}],"wp:term":[{"taxonomy":"category","embeddable":true,"href":"https:\/\/www.grieta.org.mx\/index.php\/wp-json\/wp\/v2\/categories?post=26712"},{"taxonomy":"post_tag","embeddable":true,"href":"https:\/\/www.grieta.org.mx\/index.php\/wp-json\/wp\/v2\/tags?post=26712"}],"curies":[{"name":"wp","href":"https:\/\/api.w.org\/{rel}","templated":true}]}}