{"id":26707,"date":"2018-07-30T09:36:12","date_gmt":"2018-07-30T14:36:12","guid":{"rendered":"http:\/\/www.grieta.org.mx\/?p=26707"},"modified":"2018-09-23T10:04:53","modified_gmt":"2018-09-23T15:04:53","slug":"retoma-frente-unido-acciones-pacificas-contra-instalacion-de-chemours-laguna-durango","status":"publish","type":"post","link":"https:\/\/www.grieta.org.mx\/index.php\/2018\/07\/30\/retoma-frente-unido-acciones-pacificas-contra-instalacion-de-chemours-laguna-durango\/","title":{"rendered":"Retoma Frente Unido acciones pac\u00edficas contra instalaci\u00f3n de Chemours Laguna (Durango)"},"content":{"rendered":"<p><img loading=\"lazy\" decoding=\"async\" data-attachment-id=\"26708\" data-permalink=\"https:\/\/www.grieta.org.mx\/index.php\/2018\/07\/30\/retoma-frente-unido-acciones-pacificas-contra-instalacion-de-chemours-laguna-durango\/chemurs\/\" data-orig-file=\"https:\/\/www.grieta.org.mx\/wp-content\/uploads\/2018\/09\/Chemurs.jpg\" data-orig-size=\"660,420\" data-comments-opened=\"0\" data-image-meta=\"{&quot;aperture&quot;:&quot;0&quot;,&quot;credit&quot;:&quot;&quot;,&quot;camera&quot;:&quot;&quot;,&quot;caption&quot;:&quot;&quot;,&quot;created_timestamp&quot;:&quot;0&quot;,&quot;copyright&quot;:&quot;&quot;,&quot;focal_length&quot;:&quot;0&quot;,&quot;iso&quot;:&quot;0&quot;,&quot;shutter_speed&quot;:&quot;0&quot;,&quot;title&quot;:&quot;&quot;,&quot;orientation&quot;:&quot;0&quot;}\" data-image-title=\"Chemurs\" data-image-description=\"\" data-image-caption=\"\" data-medium-file=\"https:\/\/www.grieta.org.mx\/wp-content\/uploads\/2018\/09\/Chemurs-300x191.jpg\" data-large-file=\"https:\/\/www.grieta.org.mx\/wp-content\/uploads\/2018\/09\/Chemurs.jpg\" class=\"aligncenter size-medium wp-image-26708\" src=\"http:\/\/www.grieta.org.mx\/wp-content\/uploads\/2018\/09\/Chemurs-300x191.jpg\" alt=\"\" width=\"600\" height=\"382\" srcset=\"https:\/\/www.grieta.org.mx\/wp-content\/uploads\/2018\/09\/Chemurs-300x191.jpg 300w, https:\/\/www.grieta.org.mx\/wp-content\/uploads\/2018\/09\/Chemurs.jpg 660w\" sizes=\"auto, (max-width: 600px) 100vw, 600px\" \/><\/p>\n<p>Mayela Avila\/ NOTICIEROS GREM<\/p>\n<p><strong>G\u00f3mez Palacio, Durango (30\/07\/2018).-<\/strong>\u00a0Tras concluir las elecciones federales, el pasado fin de semana, el Frente Unido de Pueblos de La Laguna en Defensa de la Vida y el Territorio llev\u00f3 a cabo una reuni\u00f3n en el ejido El Siete en la que se definieron las<strong>estrategias encaminadas a evitar la instalaci\u00f3n de la planta de Cianuro de Sodio Chemours Laguna<\/strong>\u00a0en ese sector.<\/p>\n<p>Rafael Palacios Cordero, vocero del Frente, adelant\u00f3 que, por lo pronto, se trabajar\u00e1 en una<strong>\u00a0cruzada de informaci\u00f3n<\/strong>\u00a0dirigida a la sociedad en la que se dar\u00e1n a conocer las<strong>afectaciones en la salud<\/strong>\u00a0que genera la exposici\u00f3n al cianuro de sodio, con base en las experiencias de las plantas Dupont (ahora Austin Bacis) y c\u00f3mo, en su momento, esas familias afectadas no fueron atendidas por la autoridad, subray\u00f3 el activista.<\/p>\n<p>Palacios Cordero agreg\u00f3 que se buscar\u00e1 la comunicaci\u00f3n con el Gobierno de Durango para confirmar si se llevar\u00e1n a cabo las reuniones de informaci\u00f3n que se estaban programando previo al proceso electoral.<\/p>\n<p><a href=\"http:\/\/www.noticierosgrem.com.mx\/retoma-frente-unido-acciones-pacificas-instalacion-chemours-laguna\/\" target=\"_blank\" rel=\"noopener\">http:\/\/www.noticierosgrem.com.mx\/retoma-frente-unido-acciones-pacificas-instalacion-chemours-laguna\/<\/a><\/p>\n","protected":false},"excerpt":{"rendered":"<p>Mayela Avila\/ NOTICIEROS GREM G\u00f3mez Palacio, Durango (30\/07\/2018).-\u00a0Tras concluir las elecciones federales, el pasado fin de semana, el Frente Unido de Pueblos de La Laguna en Defensa de la Vida &hellip; <a href=\"https:\/\/www.grieta.org.mx\/index.php\/2018\/07\/30\/retoma-frente-unido-acciones-pacificas-contra-instalacion-de-chemours-laguna-durango\/\" class=\"more-link\">Leer m\u00e1s<\/a><\/p>\n","protected":false},"author":2,"featured_media":26708,"comment_status":"closed","ping_status":"closed","sticky":false,"template":"","format":"standard","meta":{"ngg_post_thumbnail":0,"_jetpack_newsletter_access":"","_jetpack_dont_email_post_to_subs":false,"_jetpack_newsletter_tier_id":0,"_jetpack_memberships_contains_paywalled_content":false,"_jetpack_memberships_contains_paid_content":false,"footnotes":""},"categories":[80,15,1095,2],"tags":[1745,1748,1750,1749,352],"class_list":["post-26707","post","type-post","status-publish","format-standard","has-post-thumbnail","hentry","category-cintillo","category-durango","category-lucha-contra-la-instalacion-de-chemours-company-en-durango","category-noticias-nacionales","tag-chemours","tag-contaminacion-por-cianuro","tag-dupont","tag-frente-unido-de-pueblos-de-la-laguna-en-defensa-de-la-vida-y-el-territorio","tag-parque-industrial","entry"],"jetpack_featured_media_url":"https:\/\/www.grieta.org.mx\/wp-content\/uploads\/2018\/09\/Chemurs.jpg","jetpack_sharing_enabled":true,"jetpack_shortlink":"https:\/\/wp.me\/p7ZJR4-6WL","jetpack_likes_enabled":false,"jetpack-related-posts":[{"id":34318,"url":"https:\/\/www.grieta.org.mx\/index.php\/2019\/06\/04\/ciudadanos-se-manifiestan-en-tec-de-la-laguna-contra-instalacion-de-chemours-durango\/","url_meta":{"origin":26707,"position":0},"title":"Ciudadanos se manifiestan en Tec de La Laguna contra instalaci\u00f3n de Chemours (Durango)","author":"grieta","date":"4 junio, 2019","format":false,"excerpt":"Juan Carlos lozano \/Telediario Aguascalientes Integrantes de este movimiento repartieron informaci\u00f3n acerca de los antecedentes de esta empresa. Torre\u00f3n, Coahuila.- La ma\u00f1ana de este martes, integrantes de la Coordinadora Nacional de Trabajadores de la Educaci\u00f3n, el Movimiento Magisterial en La Laguna, y el Frente Unido de Pueblos de La Laguna\u2026","rel":"","context":"En &quot;CINTILLO&quot;","block_context":{"text":"CINTILLO","link":"https:\/\/www.grieta.org.mx\/index.php\/category\/cintillo\/"},"img":{"alt_text":"","src":"https:\/\/i0.wp.com\/www.grieta.org.mx\/wp-content\/uploads\/2019\/06\/d1-1.jpg?resize=350%2C200&ssl=1","width":350,"height":200,"srcset":"https:\/\/i0.wp.com\/www.grieta.org.mx\/wp-content\/uploads\/2019\/06\/d1-1.jpg?resize=350%2C200&ssl=1 1x, https:\/\/i0.wp.com\/www.grieta.org.mx\/wp-content\/uploads\/2019\/06\/d1-1.jpg?resize=525%2C300&ssl=1 1.5x, https:\/\/i0.wp.com\/www.grieta.org.mx\/wp-content\/uploads\/2019\/06\/d1-1.jpg?resize=700%2C400&ssl=1 2x"},"classes":[]},{"id":26712,"url":"https:\/\/www.grieta.org.mx\/index.php\/2018\/06\/12\/con-toma-de-escuelas-frente-unido-de-pueblos-exige-mesa-de-trabajo-con-autoridades-de-durango\/","url_meta":{"origin":26707,"position":1},"title":"Con toma de escuelas, Frente Unido de Pueblos exige mesa de trabajo con autoridades de Durango","author":"grieta","date":"12 junio, 2018","format":false,"excerpt":"Mayela \u00c1vila\/ NOTICIEROS GREM G\u00f3mez Palacio, Durango (12\/06\/2018).- A nueve d\u00edas de que se tomaran seis escuelas de nivel b\u00e1sico en las comunidades de Dinamita-Abisinia, Poanas y La Sierrita en los municipios de G\u00f3mez Palacio y Tlahualilo, el Frente Unido de Pueblos de La Laguna en Defensa de la Vida\u2026","rel":"","context":"En &quot;CINTILLO&quot;","block_context":{"text":"CINTILLO","link":"https:\/\/www.grieta.org.mx\/index.php\/category\/cintillo\/"},"img":{"alt_text":"","src":"https:\/\/i0.wp.com\/www.grieta.org.mx\/wp-content\/uploads\/2018\/09\/FRENTE-UNIDO-DE-PUEBLOS.jpg?resize=350%2C200&ssl=1","width":350,"height":200,"srcset":"https:\/\/i0.wp.com\/www.grieta.org.mx\/wp-content\/uploads\/2018\/09\/FRENTE-UNIDO-DE-PUEBLOS.jpg?resize=350%2C200&ssl=1 1x, https:\/\/i0.wp.com\/www.grieta.org.mx\/wp-content\/uploads\/2018\/09\/FRENTE-UNIDO-DE-PUEBLOS.jpg?resize=525%2C300&ssl=1 1.5x"},"classes":[]},{"id":22359,"url":"https:\/\/www.grieta.org.mx\/index.php\/2017\/08\/22\/manifestantes-se-niegan-a-la-instalacion-de-la-planta-de-cianuro-durango\/","url_meta":{"origin":26707,"position":2},"title":"Manifestantes se niegan a la instalaci\u00f3n de la planta de cianuro (Durango)","author":"grieta","date":"22 agosto, 2017","format":false,"excerpt":"Redacci\u00f3n\/El Debate Torre\u00f3n, M\u00e9x.- Los habitantes de los ejidos El siete, Dinamita, El Volado, La Aurora,Cadena, La Brujas y Numancia, del estado de Durango, realizaron una manifestaci\u00f3n en el Tribunal Federal de Justicia Fiscal y Administrativa de esta ciudad, en contra de la instalaci\u00f3n de la planta de cianuro de\u2026","rel":"","context":"En &quot;CINTILLO&quot;","block_context":{"text":"CINTILLO","link":"https:\/\/www.grieta.org.mx\/index.php\/category\/cintillo\/"},"img":{"alt_text":"","src":"https:\/\/i0.wp.com\/www.grieta.org.mx\/wp-content\/uploads\/2018\/03\/14524434_1106112876131411_958039263622046936_o.jpg?resize=350%2C200&ssl=1","width":350,"height":200,"srcset":"https:\/\/i0.wp.com\/www.grieta.org.mx\/wp-content\/uploads\/2018\/03\/14524434_1106112876131411_958039263622046936_o.jpg?resize=350%2C200&ssl=1 1x, https:\/\/i0.wp.com\/www.grieta.org.mx\/wp-content\/uploads\/2018\/03\/14524434_1106112876131411_958039263622046936_o.jpg?resize=525%2C300&ssl=1 1.5x, https:\/\/i0.wp.com\/www.grieta.org.mx\/wp-content\/uploads\/2018\/03\/14524434_1106112876131411_958039263622046936_o.jpg?resize=700%2C400&ssl=1 2x"},"classes":[]},{"id":22313,"url":"https:\/\/www.grieta.org.mx\/index.php\/2018\/03\/28\/ven-catastrofe-por-planta-de-cianuro-en-gomez-palacio-durango\/","url_meta":{"origin":26707,"position":3},"title":"Ven cat\u00e1strofe por planta de Cianuro en G\u00f3mez Palacio (Durango)","author":"grieta","date":"28 marzo, 2018","format":false,"excerpt":"Redacci\u00f3n\/El Debate Chemours hace menci\u00f3n del riesgo que representa tener la planta de cianuro y aclar\u00f3 que los impactos m\u00e1s significativos inherentes al proyecto se presentar\u00e1n durante la etapa de operaci\u00f3n Durango.- Un evento catastr\u00f3fico podr\u00eda ocasionar la planta de cianuro de sodio que Chemours Company pretende instalar en G\u00f3mez\u2026","rel":"","context":"En &quot;CINTILLO&quot;","block_context":{"text":"CINTILLO","link":"https:\/\/www.grieta.org.mx\/index.php\/category\/cintillo\/"},"img":{"alt_text":"","src":"https:\/\/i0.wp.com\/www.grieta.org.mx\/wp-content\/uploads\/2018\/03\/d1.jpeg?resize=350%2C200&ssl=1","width":350,"height":200,"srcset":"https:\/\/i0.wp.com\/www.grieta.org.mx\/wp-content\/uploads\/2018\/03\/d1.jpeg?resize=350%2C200&ssl=1 1x, https:\/\/i0.wp.com\/www.grieta.org.mx\/wp-content\/uploads\/2018\/03\/d1.jpeg?resize=525%2C300&ssl=1 1.5x"},"classes":[]},{"id":22367,"url":"https:\/\/www.grieta.org.mx\/index.php\/2017\/07\/31\/lucha-contra-el-cianuro-de-the-chemours-company-se-traslada-a-la-laguna-durango\/","url_meta":{"origin":26707,"position":4},"title":"Lucha contra el cianuro de The Chemours Company se traslada a La Laguna (Durango)","author":"grieta","date":"31 julio, 2017","format":false,"excerpt":"Redacci\u00f3n \/ SomosMass99 Sin haber sido consultados previamente y ante funcionarios municipales, estatales y el mismo titular de la Profepa, Guillermo Haro B\u00e9lchez, que aseguran que todos los permisos est\u00e1n listos desde hace meses, que el cianuro no representa ning\u00fan peligro para la salud y que The Chemours Company ofrece\u2026","rel":"","context":"En &quot;CINTILLO&quot;","block_context":{"text":"CINTILLO","link":"https:\/\/www.grieta.org.mx\/index.php\/category\/cintillo\/"},"img":{"alt_text":"","src":"https:\/\/i0.wp.com\/www.grieta.org.mx\/wp-content\/uploads\/2018\/03\/d1.jpg?resize=350%2C200&ssl=1","width":350,"height":200,"srcset":"https:\/\/i0.wp.com\/www.grieta.org.mx\/wp-content\/uploads\/2018\/03\/d1.jpg?resize=350%2C200&ssl=1 1x, https:\/\/i0.wp.com\/www.grieta.org.mx\/wp-content\/uploads\/2018\/03\/d1.jpg?resize=525%2C300&ssl=1 1.5x, https:\/\/i0.wp.com\/www.grieta.org.mx\/wp-content\/uploads\/2018\/03\/d1.jpg?resize=700%2C400&ssl=1 2x, https:\/\/i0.wp.com\/www.grieta.org.mx\/wp-content\/uploads\/2018\/03\/d1.jpg?resize=1050%2C600&ssl=1 3x, https:\/\/i0.wp.com\/www.grieta.org.mx\/wp-content\/uploads\/2018\/03\/d1.jpg?resize=1400%2C800&ssl=1 4x"},"classes":[]},{"id":22333,"url":"https:\/\/www.grieta.org.mx\/index.php\/2018\/03\/15\/insisten-en-represion-contra-manifestantes-de-chemours-durango\/","url_meta":{"origin":26707,"position":5},"title":"Insisten en represi\u00f3n contra manifestantes de Chemours (Durango)","author":"grieta","date":"15 marzo, 2018","format":false,"excerpt":"Lilia Ovalle\/Durango La Red Mexicana de Afectados por la Miner\u00eda, denunciaron la represi\u00f3n y criminalizaci\u00f3n de las autoridades contra las personas que protestan por la instalaci\u00f3n de la Planta de Cianuro Chemours en el ejido El Siete de G\u00f3mez Palacio. Se\u00f1alaron que la detenci\u00f3n de 46 personas entre ellos tres\u2026","rel":"","context":"En &quot;CINTILLO&quot;","block_context":{"text":"CINTILLO","link":"https:\/\/www.grieta.org.mx\/index.php\/category\/cintillo\/"},"img":{"alt_text":"","src":"https:\/\/i0.wp.com\/www.grieta.org.mx\/wp-content\/uploads\/2018\/03\/d6.jpg?resize=350%2C200&ssl=1","width":350,"height":200},"classes":[]}],"_links":{"self":[{"href":"https:\/\/www.grieta.org.mx\/index.php\/wp-json\/wp\/v2\/posts\/26707","targetHints":{"allow":["GET"]}}],"collection":[{"href":"https:\/\/www.grieta.org.mx\/index.php\/wp-json\/wp\/v2\/posts"}],"about":[{"href":"https:\/\/www.grieta.org.mx\/index.php\/wp-json\/wp\/v2\/types\/post"}],"author":[{"embeddable":true,"href":"https:\/\/www.grieta.org.mx\/index.php\/wp-json\/wp\/v2\/users\/2"}],"replies":[{"embeddable":true,"href":"https:\/\/www.grieta.org.mx\/index.php\/wp-json\/wp\/v2\/comments?post=26707"}],"version-history":[{"count":1,"href":"https:\/\/www.grieta.org.mx\/index.php\/wp-json\/wp\/v2\/posts\/26707\/revisions"}],"predecessor-version":[{"id":26711,"href":"https:\/\/www.grieta.org.mx\/index.php\/wp-json\/wp\/v2\/posts\/26707\/revisions\/26711"}],"wp:featuredmedia":[{"embeddable":true,"href":"https:\/\/www.grieta.org.mx\/index.php\/wp-json\/wp\/v2\/media\/26708"}],"wp:attachment":[{"href":"https:\/\/www.grieta.org.mx\/index.php\/wp-json\/wp\/v2\/media?parent=26707"}],"wp:term":[{"taxonomy":"category","embeddable":true,"href":"https:\/\/www.grieta.org.mx\/index.php\/wp-json\/wp\/v2\/categories?post=26707"},{"taxonomy":"post_tag","embeddable":true,"href":"https:\/\/www.grieta.org.mx\/index.php\/wp-json\/wp\/v2\/tags?post=26707"}],"curies":[{"name":"wp","href":"https:\/\/api.w.org\/{rel}","templated":true}]}}