{"id":26632,"date":"2018-09-22T11:04:06","date_gmt":"2018-09-22T16:04:06","guid":{"rendered":"http:\/\/www.grieta.org.mx\/?p=26632"},"modified":"2018-09-22T11:07:21","modified_gmt":"2018-09-22T16:07:21","slug":"deben-siete-quincenas-a-medicos-monclova-coahuila","status":"publish","type":"post","link":"https:\/\/www.grieta.org.mx\/index.php\/2018\/09\/22\/deben-siete-quincenas-a-medicos-monclova-coahuila\/","title":{"rendered":"Deben siete quincenas a m\u00e9dicos (Monclova, Coahuila)"},"content":{"rendered":"<p><img loading=\"lazy\" decoding=\"async\" data-attachment-id=\"26633\" data-permalink=\"https:\/\/www.grieta.org.mx\/index.php\/2018\/09\/22\/deben-siete-quincenas-a-medicos-monclova-coahuila\/dsc_3231-621x354\/\" data-orig-file=\"https:\/\/www.grieta.org.mx\/wp-content\/uploads\/2018\/09\/DSC_3231-621x354.jpg\" data-orig-size=\"621,354\" data-comments-opened=\"0\" data-image-meta=\"{&quot;aperture&quot;:&quot;0&quot;,&quot;credit&quot;:&quot;&quot;,&quot;camera&quot;:&quot;&quot;,&quot;caption&quot;:&quot;&quot;,&quot;created_timestamp&quot;:&quot;0&quot;,&quot;copyright&quot;:&quot;&quot;,&quot;focal_length&quot;:&quot;0&quot;,&quot;iso&quot;:&quot;0&quot;,&quot;shutter_speed&quot;:&quot;0&quot;,&quot;title&quot;:&quot;&quot;,&quot;orientation&quot;:&quot;0&quot;}\" data-image-title=\"DSC_3231-621&amp;#215;354\" data-image-description=\"\" data-image-caption=\"\" data-medium-file=\"https:\/\/www.grieta.org.mx\/wp-content\/uploads\/2018\/09\/DSC_3231-621x354-300x171.jpg\" data-large-file=\"https:\/\/www.grieta.org.mx\/wp-content\/uploads\/2018\/09\/DSC_3231-621x354.jpg\" class=\"aligncenter size-medium wp-image-26633\" src=\"http:\/\/www.grieta.org.mx\/wp-content\/uploads\/2018\/09\/DSC_3231-621x354-300x171.jpg\" alt=\"\" width=\"600\" height=\"242\" \/><br \/>\nTrabajadores suplentes del ISSSTE laboran bajo protesta, ante el adeudo de siete quincenas.<\/p>\n<p>Anibal D\u00edaz\/ Z\u00d3CALO<\/p>\n<p>Monclova, Coah.- Trabajadores suplentes de la cl\u00ednica del Instituto de Seguridad y Servicios Sociales de los Trabajadores del Estado laboran bajo protesta, ya que se les adeuda el pago de siete quincenas.<\/p>\n<p>Y mientras que han descartado realizar paros laborales por el momento, los afectados han colocado pancartas en diversos puntos del hospital para manifestar su inconformidad.<\/p>\n<p>En entrevista, el delegado sindical de la cl\u00ednica, Luis Alberto Medina L\u00f3pez, manifest\u00f3 que el nosocomio cuenta con alrededor de 90 trabajadores suplentes, entre m\u00e9dicos, enfermeras, personal administrativo, choferes y camilleros, quienes se encargan de cubrir guardias y suplencias.<\/p>\n<p>Arrastran retrasos desde hace 35 a\u00f1os<\/p>\n<p>Luis Alberto Medina, delegado sindical de la Cl\u00ednica del ISSSTE, dijo que alrededor del 50 por ciento de los empleados, por la frecuencia con la que laboran, son los m\u00e1s afectados.<\/p>\n<p>Y mientras algunas pancartas indicaban que el adeudo de salarios data desde abril, Medina aclar\u00f3 que a los perjudicados ya se les pag\u00f3 el periodo comprendido desde enero hasta la segunda quincena de mayo -pero no han recibido remuneraci\u00f3n alguna a partir de la primera quincena de junio.<\/p>\n<p>\u201cAhorita estamos pidiendo informaci\u00f3n sobre la primera quincena de junio, para ver cu\u00e1ndo se paga\u201d, acot\u00f3, se\u00f1alando que la delegaci\u00f3n del ISSSTE se ha comprometido a estar \u2018abonando\u2019 los pagos pendientes, se\u00f1alando que la instituci\u00f3n tiene 35 a\u00f1os con el retraso en los pagos.<\/p>\n<p><a href=\"http:\/\/www.zocalo.com.mx\/new_site\/articulo\/deben-siete-quincenas-a-medicos\" target=\"_blank\" rel=\"noopener\">http:\/\/www.zocalo.com.mx\/new_site\/articulo\/deben-siete-quincenas-a-medicos<\/a><\/p>\n","protected":false},"excerpt":{"rendered":"<p>Trabajadores suplentes del ISSSTE laboran bajo protesta, ante el adeudo de siete quincenas. Anibal D\u00edaz\/ Z\u00d3CALO Monclova, Coah.- Trabajadores suplentes de la cl\u00ednica del Instituto de Seguridad y Servicios Sociales &hellip; <a href=\"https:\/\/www.grieta.org.mx\/index.php\/2018\/09\/22\/deben-siete-quincenas-a-medicos-monclova-coahuila\/\" class=\"more-link\">Leer m\u00e1s<\/a><\/p>\n","protected":false},"author":2,"featured_media":26633,"comment_status":"closed","ping_status":"closed","sticky":false,"template":"","format":"standard","meta":{"ngg_post_thumbnail":0,"_jetpack_newsletter_access":"","_jetpack_dont_email_post_to_subs":false,"_jetpack_newsletter_tier_id":0,"_jetpack_memberships_contains_paywalled_content":false,"_jetpack_memberships_contains_paid_content":false,"footnotes":""},"categories":[80,419,1389,918,1036,910,2,83],"tags":[1459,893,149,530],"class_list":["post-26632","post","type-post","status-publish","format-standard","has-post-thumbnail","hentry","category-cintillo","category-coahuila","category-conflictos-laborales-en-coahuila","category-privatizacion-del-sector-salud","category-desmantelamiento-del-sector-salud-en-coahuila","category-explotacion-y-precariedad-laboral","category-noticias-nacionales","category-temas-nacionales","tag-crisis-sector-salud","tag-privatizacion-de-la-salud","tag-salud","tag-trabajadores-de-la-salud","entry"],"jetpack_featured_media_url":"https:\/\/www.grieta.org.mx\/wp-content\/uploads\/2018\/09\/DSC_3231-621x354.jpg","jetpack_sharing_enabled":true,"jetpack_shortlink":"https:\/\/wp.me\/p7ZJR4-6Vy","jetpack_likes_enabled":false,"jetpack-related-posts":[{"id":47028,"url":"https:\/\/www.grieta.org.mx\/index.php\/2020\/03\/29\/8-medicos-y-8-enfermeras-han-dado-positivo-en-pruebas-de-coronavirus-en-monclova-coahuila\/","url_meta":{"origin":26632,"position":0},"title":"8 m\u00e9dicos y 8 enfermeras han dado positivo en pruebas de coronavirus en Monclova, Coahuila","author":"grieta","date":"29 marzo, 2020","format":false,"excerpt":"En Coahuila se han registrado 33 casos de COVID-19, de los cuales 20 han sido en la ciudad de Monclova. \u00a0 ANIMAL POL\u00cdTICO El gobernador de Coahuila, Miguel \u00c1ngel Riquelme, detall\u00f3 este domingo que de los 20 casos de COVID-19 que se han dado en el municipio de Monclova, 8\u2026","rel":"","context":"En &quot;CINTILLO&quot;","block_context":{"text":"CINTILLO","link":"https:\/\/www.grieta.org.mx\/index.php\/category\/cintillo\/"},"img":{"alt_text":"","src":"https:\/\/i0.wp.com\/www.grieta.org.mx\/wp-content\/uploads\/2018\/03\/14524434_1106112876131411_958039263622046936_o.jpg?resize=350%2C200&ssl=1","width":350,"height":200,"srcset":"https:\/\/i0.wp.com\/www.grieta.org.mx\/wp-content\/uploads\/2018\/03\/14524434_1106112876131411_958039263622046936_o.jpg?resize=350%2C200&ssl=1 1x, https:\/\/i0.wp.com\/www.grieta.org.mx\/wp-content\/uploads\/2018\/03\/14524434_1106112876131411_958039263622046936_o.jpg?resize=525%2C300&ssl=1 1.5x, https:\/\/i0.wp.com\/www.grieta.org.mx\/wp-content\/uploads\/2018\/03\/14524434_1106112876131411_958039263622046936_o.jpg?resize=700%2C400&ssl=1 2x"},"classes":[]},{"id":49322,"url":"https:\/\/www.grieta.org.mx\/index.php\/2020\/05\/10\/en-riesgo-trabajadores-suplentes-del-issste-nayarit\/","url_meta":{"origin":26632,"position":1},"title":"En riesgo trabajadores suplentes del ISSSTE (Nayarit)","author":"grieta","date":"10 mayo, 2020","format":false,"excerpt":"Foto: Realidades de Nayarit Denuncian que los mandan a trabajar sin ninguna protecci\u00f3n a lugares donde hay m\u00e1s riesgo de contraer el COVID-19 y adem\u00e1s, no cuentan con ninguna prestaci\u00f3n de Ley, vaya, ni siquiera tienen ISSSTE y les fallan con el pago de sus quincenas Arcelia Garc\u00eda Ortega \/\u2026","rel":"","context":"En &quot;CINTILLO&quot;","block_context":{"text":"CINTILLO","link":"https:\/\/www.grieta.org.mx\/index.php\/category\/cintillo\/"},"img":{"alt_text":"","src":"https:\/\/i0.wp.com\/www.grieta.org.mx\/wp-content\/uploads\/2020\/05\/ISSSTE-Tepic-768x576.jpg?resize=350%2C200&ssl=1","width":350,"height":200,"srcset":"https:\/\/i0.wp.com\/www.grieta.org.mx\/wp-content\/uploads\/2020\/05\/ISSSTE-Tepic-768x576.jpg?resize=350%2C200&ssl=1 1x, https:\/\/i0.wp.com\/www.grieta.org.mx\/wp-content\/uploads\/2020\/05\/ISSSTE-Tepic-768x576.jpg?resize=525%2C300&ssl=1 1.5x, https:\/\/i0.wp.com\/www.grieta.org.mx\/wp-content\/uploads\/2020\/05\/ISSSTE-Tepic-768x576.jpg?resize=700%2C400&ssl=1 2x"},"classes":[]},{"id":47996,"url":"https:\/\/www.grieta.org.mx\/index.php\/2020\/04\/17\/discriminan-a-medicos-y-enfermeros-de-la-clinica-7-de-monclova-por-covid-19-coahuila\/","url_meta":{"origin":26632,"position":2},"title":"Discriminan a m\u00e9dicos y enfermeros de la cl\u00ednica 7 de Monclova por COVID-19 (Coahuila)","author":"grieta","date":"17 abril, 2020","format":false,"excerpt":"Lidiet Mexicano\/ VANGUARDIA MX Les niegan servicios y acceso a ciertos puntos de la regi\u00f3n M\u00e9dicos y enfermeros de la cl\u00ednica 7 del IMSS de Monclova, donde se atiende a pacientes positivos de COVID-19 han sido discriminados y a trav\u00e9s de redes han denunciado los comentarios y tratos que reciben\u2026","rel":"","context":"En &quot;CINTILLO&quot;","block_context":{"text":"CINTILLO","link":"https:\/\/www.grieta.org.mx\/index.php\/category\/cintillo\/"},"img":{"alt_text":"","src":"https:\/\/i0.wp.com\/www.grieta.org.mx\/wp-content\/uploads\/2020\/04\/234_9.jpg?resize=350%2C200&ssl=1","width":350,"height":200,"srcset":"https:\/\/i0.wp.com\/www.grieta.org.mx\/wp-content\/uploads\/2020\/04\/234_9.jpg?resize=350%2C200&ssl=1 1x, https:\/\/i0.wp.com\/www.grieta.org.mx\/wp-content\/uploads\/2020\/04\/234_9.jpg?resize=525%2C300&ssl=1 1.5x, https:\/\/i0.wp.com\/www.grieta.org.mx\/wp-content\/uploads\/2020\/04\/234_9.jpg?resize=700%2C400&ssl=1 2x"},"classes":[]},{"id":10673,"url":"https:\/\/www.grieta.org.mx\/index.php\/2016\/04\/21\/termina-paro-laboral-en-issste\/","url_meta":{"origin":26632,"position":3},"title":"Termina paro laboral en ISSSTE","author":"grieta","date":"21 abril, 2016","format":false,"excerpt":"El paro de labores que manten\u00edan los suplentes de enfermer\u00eda del Instituto de Seguridad Social al Servicio de los Trabajadores del Estado termin\u00f3 ayer, luego de que la delegaci\u00f3n del ISSSTE liber\u00f3 el pago de la primera quincena de enero. Berenice Rodr\u00edguez, informo que los diez suplentes de enfermer\u00eda, ocho\u2026","rel":"","context":"En &quot;CINTILLO&quot;","block_context":{"text":"CINTILLO","link":"https:\/\/www.grieta.org.mx\/index.php\/category\/cintillo\/"},"img":{"alt_text":"","src":"https:\/\/i0.wp.com\/www.grieta.org.mx\/wp-content\/uploads\/2018\/03\/14524434_1106112876131411_958039263622046936_o.jpg?resize=350%2C200&ssl=1","width":350,"height":200,"srcset":"https:\/\/i0.wp.com\/www.grieta.org.mx\/wp-content\/uploads\/2018\/03\/14524434_1106112876131411_958039263622046936_o.jpg?resize=350%2C200&ssl=1 1x, https:\/\/i0.wp.com\/www.grieta.org.mx\/wp-content\/uploads\/2018\/03\/14524434_1106112876131411_958039263622046936_o.jpg?resize=525%2C300&ssl=1 1.5x, https:\/\/i0.wp.com\/www.grieta.org.mx\/wp-content\/uploads\/2018\/03\/14524434_1106112876131411_958039263622046936_o.jpg?resize=700%2C400&ssl=1 2x"},"classes":[]},{"id":47576,"url":"https:\/\/www.grieta.org.mx\/index.php\/2020\/04\/09\/denuncian-medicos-falta-de-medicamento-monclova-coahuila\/","url_meta":{"origin":26632,"position":4},"title":"Denuncian m\u00e9dicos falta de medicamento (Monclova, Coahuila)","author":"grieta","date":"9 abril, 2020","format":false,"excerpt":"Azucena Tenorio\/ LA VOZ DE COAHUILA No hay suficientes medicamentos para aplicarles a los ocho hospitalizados con Covid-19 de la Cl\u00ednica 7 del Seguro Social, trabajadores dieron a conocer que de cinco solo tienen dos, adem\u00e1s, a los pacientes contagiados los cambiaron al segundo piso del bloque B. Los doctores\u2026","rel":"","context":"En &quot;CINTILLO&quot;","block_context":{"text":"CINTILLO","link":"https:\/\/www.grieta.org.mx\/index.php\/category\/cintillo\/"},"img":{"alt_text":"","src":"https:\/\/i0.wp.com\/www.grieta.org.mx\/wp-content\/uploads\/2020\/04\/medida-pag-web-208.jpg?resize=350%2C200&ssl=1","width":350,"height":200,"srcset":"https:\/\/i0.wp.com\/www.grieta.org.mx\/wp-content\/uploads\/2020\/04\/medida-pag-web-208.jpg?resize=350%2C200&ssl=1 1x, https:\/\/i0.wp.com\/www.grieta.org.mx\/wp-content\/uploads\/2020\/04\/medida-pag-web-208.jpg?resize=525%2C300&ssl=1 1.5x, https:\/\/i0.wp.com\/www.grieta.org.mx\/wp-content\/uploads\/2020\/04\/medida-pag-web-208.jpg?resize=700%2C400&ssl=1 2x, https:\/\/i0.wp.com\/www.grieta.org.mx\/wp-content\/uploads\/2020\/04\/medida-pag-web-208.jpg?resize=1050%2C600&ssl=1 3x"},"classes":[]},{"id":47482,"url":"https:\/\/www.grieta.org.mx\/index.php\/2020\/04\/08\/rinden-homenaje-a-medicos-fallecidos-por-el-coronavirus-monclova-coahuila\/","url_meta":{"origin":26632,"position":5},"title":"Rinden homenaje a m\u00e9dicos fallecidos por el Coronavirus (Monclova, Coahuila)","author":"grieta","date":"8 abril, 2020","format":false,"excerpt":"Roberto Ortiz\/ EL TIEMPO Con tristeza, con enojo, con sentimientos encontrados, personal de la Cl\u00ednica 7 del IMSS, realizaron un peque\u00f1o pero emotivo homenaje post mortem a sus compa\u00f1eros Elisa Amaya y Walberto Reyes, ambos fallecidos al ser contagiados de coronavirus y considerarlos como v\u00edctimas de la irresponsabilidad de directivos\u2026","rel":"","context":"En &quot;CINTILLO&quot;","block_context":{"text":"CINTILLO","link":"https:\/\/www.grieta.org.mx\/index.php\/category\/cintillo\/"},"img":{"alt_text":"","src":"https:\/\/i0.wp.com\/www.grieta.org.mx\/wp-content\/uploads\/2020\/04\/11-copia-1.jpg?resize=350%2C200&ssl=1","width":350,"height":200,"srcset":"https:\/\/i0.wp.com\/www.grieta.org.mx\/wp-content\/uploads\/2020\/04\/11-copia-1.jpg?resize=350%2C200&ssl=1 1x, https:\/\/i0.wp.com\/www.grieta.org.mx\/wp-content\/uploads\/2020\/04\/11-copia-1.jpg?resize=525%2C300&ssl=1 1.5x, https:\/\/i0.wp.com\/www.grieta.org.mx\/wp-content\/uploads\/2020\/04\/11-copia-1.jpg?resize=700%2C400&ssl=1 2x"},"classes":[]}],"_links":{"self":[{"href":"https:\/\/www.grieta.org.mx\/index.php\/wp-json\/wp\/v2\/posts\/26632","targetHints":{"allow":["GET"]}}],"collection":[{"href":"https:\/\/www.grieta.org.mx\/index.php\/wp-json\/wp\/v2\/posts"}],"about":[{"href":"https:\/\/www.grieta.org.mx\/index.php\/wp-json\/wp\/v2\/types\/post"}],"author":[{"embeddable":true,"href":"https:\/\/www.grieta.org.mx\/index.php\/wp-json\/wp\/v2\/users\/2"}],"replies":[{"embeddable":true,"href":"https:\/\/www.grieta.org.mx\/index.php\/wp-json\/wp\/v2\/comments?post=26632"}],"version-history":[{"count":1,"href":"https:\/\/www.grieta.org.mx\/index.php\/wp-json\/wp\/v2\/posts\/26632\/revisions"}],"predecessor-version":[{"id":26634,"href":"https:\/\/www.grieta.org.mx\/index.php\/wp-json\/wp\/v2\/posts\/26632\/revisions\/26634"}],"wp:featuredmedia":[{"embeddable":true,"href":"https:\/\/www.grieta.org.mx\/index.php\/wp-json\/wp\/v2\/media\/26633"}],"wp:attachment":[{"href":"https:\/\/www.grieta.org.mx\/index.php\/wp-json\/wp\/v2\/media?parent=26632"}],"wp:term":[{"taxonomy":"category","embeddable":true,"href":"https:\/\/www.grieta.org.mx\/index.php\/wp-json\/wp\/v2\/categories?post=26632"},{"taxonomy":"post_tag","embeddable":true,"href":"https:\/\/www.grieta.org.mx\/index.php\/wp-json\/wp\/v2\/tags?post=26632"}],"curies":[{"name":"wp","href":"https:\/\/api.w.org\/{rel}","templated":true}]}}