{"id":26611,"date":"2018-09-17T00:06:58","date_gmt":"2018-09-17T05:06:58","guid":{"rendered":"http:\/\/www.grieta.org.mx\/?p=26611"},"modified":"2019-02-06T18:55:04","modified_gmt":"2019-02-07T00:55:04","slug":"agentes-de-la-fiscalia-general-de-jalisco-abandonan-trailer-con-157-cadaveres-sin-identificar","status":"publish","type":"post","link":"https:\/\/www.grieta.org.mx\/index.php\/2018\/09\/17\/agentes-de-la-fiscalia-general-de-jalisco-abandonan-trailer-con-157-cadaveres-sin-identificar\/","title":{"rendered":"Agentes de la Fiscal\u00eda General de Jalisco abandonan tr\u00e1iler con 157 cad\u00e1veres sin identificar"},"content":{"rendered":"<p><img decoding=\"async\" data-attachment-id=\"26612\" data-permalink=\"https:\/\/www.grieta.org.mx\/index.php\/2018\/09\/17\/agentes-de-la-fiscalia-general-de-jalisco-abandonan-trailer-con-157-cadaveres-sin-identificar\/cuerpos\/\" data-orig-file=\"https:\/\/www.grieta.org.mx\/wp-content\/uploads\/2018\/09\/Cuerpos.jpg\" data-orig-size=\"716,403\" data-comments-opened=\"0\" data-image-meta=\"{&quot;aperture&quot;:&quot;0&quot;,&quot;credit&quot;:&quot;&quot;,&quot;camera&quot;:&quot;&quot;,&quot;caption&quot;:&quot;&quot;,&quot;created_timestamp&quot;:&quot;0&quot;,&quot;copyright&quot;:&quot;&quot;,&quot;focal_length&quot;:&quot;0&quot;,&quot;iso&quot;:&quot;0&quot;,&quot;shutter_speed&quot;:&quot;0&quot;,&quot;title&quot;:&quot;&quot;,&quot;orientation&quot;:&quot;0&quot;}\" data-image-title=\"Cuerpos\" data-image-description=\"\" data-image-caption=\"\" data-medium-file=\"https:\/\/www.grieta.org.mx\/wp-content\/uploads\/2018\/09\/Cuerpos-300x169.jpg\" data-large-file=\"https:\/\/www.grieta.org.mx\/wp-content\/uploads\/2018\/09\/Cuerpos.jpg\" src=\"http:\/\/www.grieta.org.mx\/wp-content\/uploads\/2018\/09\/Cuerpos-300x169.jpg\" alt=\"\" width=\"100%\" class=\"aligncenter size-medium wp-image-26612\" srcset=\"https:\/\/www.grieta.org.mx\/wp-content\/uploads\/2018\/09\/Cuerpos-300x169.jpg 300w, https:\/\/www.grieta.org.mx\/wp-content\/uploads\/2018\/09\/Cuerpos.jpg 716w\" sizes=\"(max-width: 300px) 100vw, 300px\" \/><\/p>\n<p>Guadalajara, Jalisco, 17 de septiembre 2018.- El colectivo Por Amor a Ellxs exigi\u00f3 al Gobierno del Estado de Jalisco un trato digno para los 157 cad\u00e1veres de personas no identificadas, encontrados en el interior de un tr\u00e1iler que se encontraba abandonado en el fraccionamiento Paseos del Valle, Tlajomulco de Z\u00fa\u00f1iga.<\/p>\n<p>Lo anterior fue solicitado despu\u00e9s de que se diera a conocer que el pasado 15 de septiembre vecinos del fraccionamiento Paseos del Valle descubrieron el tr\u00e1iler del que emanaban olores f\u00e9tidos y una gran cantidad de sangre que escurr\u00eda del contenedor.<\/p>\n<p>El tr\u00e1iler que conten\u00eda 157 cad\u00e1veres de personas no identificadas, v\u00edctimas de hechos violentos vinculados a la delincuencia organizada, y hab\u00eda sido abandonado por agentes de la Fiscal\u00eda General de Jalisco despu\u00e9s de ser sacado de una una bodega de la colonia La Duraznera en Tlaquepaque por exigencias de la alcaldesa, Mar\u00eda Elena Lim\u00f3n.<\/p>\n<p>En respuesta a este hallazgo, el Secretario General de Gobierno de la entidad, Roberto L\u00f3pez Lara, reconoci\u00f3 que los cad\u00e1veres se encontraban en la caja frigor\u00edfica debido a la construcci\u00f3n del Campo Experimental Forense en Tonal\u00e1, donde vecinos del sitio se oponen por los eventuales olores durante la cremaci\u00f3n de cuerpos.<\/p>\n<p>El colectivo por Amor a Ellxs calific\u00f3 de \u201cespeluznante\u201d el conocer que la cantidad de cuerpos no identificados son tantos que no caben en el SEMEFO, e indignante constatar que la voluntad del Estado no alcanza para darles un trato digno para identificarlos y regresarlos a su familias.<\/p>\n<p>Por lo que solicit\u00f3 al Gobierno de Jalisco, cumpla inmediatamente con la aplicaci\u00f3n de la Ley General de V\u00edctimas, la Ley General en Materia de Desaparici\u00f3n Forzada de Personas, Desaparici\u00f3n cometida por particulares y del Sistema Nacional de B\u00fasqueda de Personas.<\/p>\n<p>El colectivo integrado por familiares de v\u00edctimas de desaparici\u00f3n en M\u00e9xico, denunciaron que este hecho no solo dejan ver el alto \u00edndice de homicidios que sufren el estado de Jalisco, \u201csino que demuestran la incapacidad humana, t\u00e9cnica y presupuestar\u00eda del Instituto Jalisciense de Ciencias Forenses y de la Fiscal\u00eda General del Estado\u201d<\/p>\n<p>Las familias de desaparecidos urgieron a las autoridades de Jalisco a recabar las muestras necesarias para ingresar los datos al Registro Nacional de Personas Fallecidas y no Identificadas.<\/p>\n<p><a href=\"https:\/\/www.somoselmedio.com\/2018\/09\/17\/agentes-de-la-fiscalia-general-de-jalisco-abandonan-trailer-con-157-cadaveres-sin-identificar\/\" rel=\"noopener\" target=\"_blank\">https:\/\/www.somoselmedio.com\/2018\/09\/17\/agentes-de-la-fiscalia-general-de-jalisco-abandonan-trailer-con-157-cadaveres-sin-identificar\/<\/a><\/p>\n","protected":false},"excerpt":{"rendered":"<p>Guadalajara, Jalisco, 17 de septiembre 2018.- El colectivo Por Amor a Ellxs exigi\u00f3 al Gobierno del Estado de Jalisco un trato digno para los 157 cad\u00e1veres de personas no identificadas, &hellip; <a href=\"https:\/\/www.grieta.org.mx\/index.php\/2018\/09\/17\/agentes-de-la-fiscalia-general-de-jalisco-abandonan-trailer-con-157-cadaveres-sin-identificar\/\" class=\"more-link\">Leer m\u00e1s<\/a><\/p>\n","protected":false},"author":2,"featured_media":26612,"comment_status":"closed","ping_status":"closed","sticky":false,"template":"","format":"standard","meta":{"ngg_post_thumbnail":0,"_jetpack_newsletter_access":"","_jetpack_dont_email_post_to_subs":false,"_jetpack_newsletter_tier_id":0,"_jetpack_memberships_contains_paywalled_content":false,"_jetpack_memberships_contains_paid_content":false,"footnotes":""},"categories":[80,87,1032,20,2,83],"tags":[121],"class_list":["post-26611","post","type-post","status-publish","format-standard","has-post-thumbnail","hentry","category-cintillo","category-desaparecidos","category-desaparecidos-en-jalisco","category-jalisco","category-noticias-nacionales","category-temas-nacionales","tag-desaparecidos","entry"],"jetpack_featured_media_url":"https:\/\/www.grieta.org.mx\/wp-content\/uploads\/2018\/09\/Cuerpos.jpg","jetpack_sharing_enabled":true,"jetpack_shortlink":"https:\/\/wp.me\/p7ZJR4-6Vd","jetpack_likes_enabled":false,"jetpack-related-posts":[{"id":64065,"url":"https:\/\/www.grieta.org.mx\/index.php\/2022\/04\/22\/suman-21-fosas-clandestinas-localizadas-en-jalisco-este-2022-jalisco\/","url_meta":{"origin":26611,"position":0},"title":"Suman 21 fosas clandestinas localizadas en Jalisco este 2022 (Jalisco)","author":"grieta","date":"22 abril, 2022","format":false,"excerpt":"Foto: Rom\u00e1n Ortega - El Occidental En lo que va del a\u00f1o colectivos que buscan a\u00a0personas desaparecidas\u00a0y la Fiscal\u00eda del Estado\u00a0han localizado\u00a021 fosas clandestinas, la mayor\u00eda de ellas en la\u00a0Zona Metropolitana de Guadalajara. Los puntos con mayor n\u00famero de v\u00edctimas se ubicaron en Chulavista, con 45 durante la primera jornada\u2026","rel":"","context":"En &quot;CINTILLO&quot;","block_context":{"text":"CINTILLO","link":"https:\/\/www.grieta.org.mx\/index.php\/category\/cintillo\/"},"img":{"alt_text":"","src":"https:\/\/i0.wp.com\/www.grieta.org.mx\/wp-content\/uploads\/2022\/04\/21-fosas-clandestinas-en-el-Estado.jpeg?resize=350%2C200&ssl=1","width":350,"height":200,"srcset":"https:\/\/i0.wp.com\/www.grieta.org.mx\/wp-content\/uploads\/2022\/04\/21-fosas-clandestinas-en-el-Estado.jpeg?resize=350%2C200&ssl=1 1x, https:\/\/i0.wp.com\/www.grieta.org.mx\/wp-content\/uploads\/2022\/04\/21-fosas-clandestinas-en-el-Estado.jpeg?resize=525%2C300&ssl=1 1.5x, https:\/\/i0.wp.com\/www.grieta.org.mx\/wp-content\/uploads\/2022\/04\/21-fosas-clandestinas-en-el-Estado.jpeg?resize=700%2C400&ssl=1 2x"},"classes":[]},{"id":65811,"url":"https:\/\/www.grieta.org.mx\/index.php\/2022\/11\/21\/exhuman-287-cuerpos-de-40-fosas-clandestinas-en-jalisco\/","url_meta":{"origin":26611,"position":1},"title":"Exhuman 287 cuerpos de 40 fosas clandestinas en Jalisco","author":"grieta","date":"21 noviembre, 2022","format":false,"excerpt":"Imagen: Lauro Rodr\u00edguez Redacci\u00f3n \/ El Diario NTR De enero a octubre, fueron exhumados 287 cuerpos de 40 fosas clandestinas, ubicadas en distintos municipios de Jalisco. Esta cifra supera a los cad\u00e1veres recuperados en 2021, cuando se exhumaron 279 cuerpos de 23 fosas clandestinas, de acuerdo con los datos de\u2026","rel":"","context":"En &quot;CINTILLO&quot;","block_context":{"text":"CINTILLO","link":"https:\/\/www.grieta.org.mx\/index.php\/category\/cintillo\/"},"img":{"alt_text":"","src":"https:\/\/i0.wp.com\/www.grieta.org.mx\/wp-content\/uploads\/2022\/11\/2022-11-21_12-11-46___719.jpg?resize=350%2C200&ssl=1","width":350,"height":200,"srcset":"https:\/\/i0.wp.com\/www.grieta.org.mx\/wp-content\/uploads\/2022\/11\/2022-11-21_12-11-46___719.jpg?resize=350%2C200&ssl=1 1x, https:\/\/i0.wp.com\/www.grieta.org.mx\/wp-content\/uploads\/2022\/11\/2022-11-21_12-11-46___719.jpg?resize=525%2C300&ssl=1 1.5x, https:\/\/i0.wp.com\/www.grieta.org.mx\/wp-content\/uploads\/2022\/11\/2022-11-21_12-11-46___719.jpg?resize=700%2C400&ssl=1 2x"},"classes":[]},{"id":60522,"url":"https:\/\/www.grieta.org.mx\/index.php\/2021\/07\/12\/crisis-forense-en-el-ijcf-atrae-a-caravanas-nacionales-de-busqueda-guadalupe-aguilar-familias-unidas-por-nuestros-desaparecidos-jalisco\/","url_meta":{"origin":26611,"position":2},"title":"Crisis forense en el IJCF atrae a caravanas nacionales de b\u00fasqueda: Guadalupe Aguilar, Familias Unidas por Nuestros Desaparecidos Jalisco","author":"grieta","date":"12 julio, 2021","format":false,"excerpt":"Foto: Jorge Alberto Mendoza Redacci\u00f3n \/ El Diario NTR La crisis que se vive en el Instituto Jalisciense de Ciencias Forenses (IJCF) es un punto de referencia para las caravanas nacionales de b\u00fasqueda, explic\u00f3 Guadalupe Aguilar, integrante de Familias Unidas por Nuestros Desaparecidos Jalisco. En el IJCF hay cientos de\u2026","rel":"","context":"En &quot;CINTILLO&quot;","block_context":{"text":"CINTILLO","link":"https:\/\/www.grieta.org.mx\/index.php\/category\/cintillo\/"},"img":{"alt_text":"","src":"https:\/\/i0.wp.com\/www.grieta.org.mx\/wp-content\/uploads\/2021\/07\/2021-07-12_05-07-31___6234.jpg?resize=350%2C200&ssl=1","width":350,"height":200,"srcset":"https:\/\/i0.wp.com\/www.grieta.org.mx\/wp-content\/uploads\/2021\/07\/2021-07-12_05-07-31___6234.jpg?resize=350%2C200&ssl=1 1x, https:\/\/i0.wp.com\/www.grieta.org.mx\/wp-content\/uploads\/2021\/07\/2021-07-12_05-07-31___6234.jpg?resize=525%2C300&ssl=1 1.5x, https:\/\/i0.wp.com\/www.grieta.org.mx\/wp-content\/uploads\/2021\/07\/2021-07-12_05-07-31___6234.jpg?resize=700%2C400&ssl=1 2x"},"classes":[]},{"id":48180,"url":"https:\/\/www.grieta.org.mx\/index.php\/2020\/04\/23\/temen-fundej-incineracion-de-personas-no-identificadas-sin-protocolos-jalisco\/","url_meta":{"origin":26611,"position":3},"title":"Temen Fundej incineraci\u00f3n de personas no identificadas sin protocolos (Jalisco)","author":"grieta","date":"23 abril, 2020","format":false,"excerpt":"Foto: Jorge Alberto Mendoza Redacci\u00f3n \/ EL Diario NTR Tras la aprobaci\u00f3n del protocolo manejo de cuerpos de personas que fallecieron a causa de Covid-19, integrantes de la organizaci\u00f3n Familias Unidas por Nuestros Desaparecidos Jalisco (Fundej) temen que el gobierno de Jalisco utilice este momento de contingencia para incinerar los\u2026","rel":"","context":"En &quot;CINTILLO&quot;","block_context":{"text":"CINTILLO","link":"https:\/\/www.grieta.org.mx\/index.php\/category\/cintillo\/"},"img":{"alt_text":"","src":"https:\/\/i0.wp.com\/www.grieta.org.mx\/wp-content\/uploads\/2020\/04\/2020-04-23_06-04-54___7221.jpg?resize=350%2C200&ssl=1","width":350,"height":200,"srcset":"https:\/\/i0.wp.com\/www.grieta.org.mx\/wp-content\/uploads\/2020\/04\/2020-04-23_06-04-54___7221.jpg?resize=350%2C200&ssl=1 1x, https:\/\/i0.wp.com\/www.grieta.org.mx\/wp-content\/uploads\/2020\/04\/2020-04-23_06-04-54___7221.jpg?resize=525%2C300&ssl=1 1.5x, https:\/\/i0.wp.com\/www.grieta.org.mx\/wp-content\/uploads\/2020\/04\/2020-04-23_06-04-54___7221.jpg?resize=700%2C400&ssl=1 2x"},"classes":[]},{"id":63948,"url":"https:\/\/www.grieta.org.mx\/index.php\/2022\/04\/05\/madres-buscadoras-seguiran-en-jalisco-denuncian-amenazas-y-falta-de-interes-de-la-fiscalia-jalisco\/","url_meta":{"origin":26611,"position":4},"title":"Madres Buscadoras seguir\u00e1n en Jalisco; denuncian amenazas y falta de inter\u00e9s de la Fiscal\u00eda (Jalisco)","author":"grieta","date":"5 abril, 2022","format":false,"excerpt":"Foto; Cortes\u00eda Madres Buscadoras de Sonora Elizabeth Ibal\/ El Occidental La segunda brigada de Madres Buscadoras de Sonora, Jalisco y de algunas otras entidades de la Rep\u00fablica sigue activa. En su quinto d\u00eda de labores los colectivos denuncian amenazas por parte de la Polic\u00eda de Tlajomulco, as\u00ed como desinter\u00e9s de\u2026","rel":"","context":"En &quot;CINTILLO&quot;","block_context":{"text":"CINTILLO","link":"https:\/\/www.grieta.org.mx\/index.php\/category\/cintillo\/"},"img":{"alt_text":"","src":"https:\/\/i0.wp.com\/www.grieta.org.mx\/wp-content\/uploads\/2022\/04\/Madres-Buscadoras.jpg?resize=350%2C200&ssl=1","width":350,"height":200,"srcset":"https:\/\/i0.wp.com\/www.grieta.org.mx\/wp-content\/uploads\/2022\/04\/Madres-Buscadoras.jpg?resize=350%2C200&ssl=1 1x, https:\/\/i0.wp.com\/www.grieta.org.mx\/wp-content\/uploads\/2022\/04\/Madres-Buscadoras.jpg?resize=525%2C300&ssl=1 1.5x, https:\/\/i0.wp.com\/www.grieta.org.mx\/wp-content\/uploads\/2022\/04\/Madres-Buscadoras.jpg?resize=700%2C400&ssl=1 2x"},"classes":[]},{"id":57357,"url":"https:\/\/www.grieta.org.mx\/index.php\/2021\/03\/04\/hallan-otra-fosa-en-villa-fontana-aqua-jalisco\/","url_meta":{"origin":26611,"position":5},"title":"Hallan otra fosa en Villa Fontana Aqua (Jalisco)","author":"grieta","date":"4 marzo, 2021","format":false,"excerpt":"Foto: \u00a0Twitter @FiscaliaJal Juan Levario \/ El Diario NTR Una nueva fosa clandestina fue hallada en Tlajomulco de Z\u00fa\u00f1iga. La Fiscal\u00eda del Estado inform\u00f3 que en el sitio, ubicado en el fraccionamiento Villa Fontana Aqua, se hallaron dos cad\u00e1veres correspondientes a un var\u00f3n y una mujer. La Fiscal\u00eda Especial en\u2026","rel":"","context":"En &quot;CINTILLO&quot;","block_context":{"text":"CINTILLO","link":"https:\/\/www.grieta.org.mx\/index.php\/category\/cintillo\/"},"img":{"alt_text":"","src":"https:\/\/i0.wp.com\/www.grieta.org.mx\/wp-content\/uploads\/2021\/03\/2021-03-04_12-03-27___826.jpg?resize=350%2C200&ssl=1","width":350,"height":200,"srcset":"https:\/\/i0.wp.com\/www.grieta.org.mx\/wp-content\/uploads\/2021\/03\/2021-03-04_12-03-27___826.jpg?resize=350%2C200&ssl=1 1x, https:\/\/i0.wp.com\/www.grieta.org.mx\/wp-content\/uploads\/2021\/03\/2021-03-04_12-03-27___826.jpg?resize=525%2C300&ssl=1 1.5x, https:\/\/i0.wp.com\/www.grieta.org.mx\/wp-content\/uploads\/2021\/03\/2021-03-04_12-03-27___826.jpg?resize=700%2C400&ssl=1 2x"},"classes":[]}],"_links":{"self":[{"href":"https:\/\/www.grieta.org.mx\/index.php\/wp-json\/wp\/v2\/posts\/26611","targetHints":{"allow":["GET"]}}],"collection":[{"href":"https:\/\/www.grieta.org.mx\/index.php\/wp-json\/wp\/v2\/posts"}],"about":[{"href":"https:\/\/www.grieta.org.mx\/index.php\/wp-json\/wp\/v2\/types\/post"}],"author":[{"embeddable":true,"href":"https:\/\/www.grieta.org.mx\/index.php\/wp-json\/wp\/v2\/users\/2"}],"replies":[{"embeddable":true,"href":"https:\/\/www.grieta.org.mx\/index.php\/wp-json\/wp\/v2\/comments?post=26611"}],"version-history":[{"count":1,"href":"https:\/\/www.grieta.org.mx\/index.php\/wp-json\/wp\/v2\/posts\/26611\/revisions"}],"predecessor-version":[{"id":26613,"href":"https:\/\/www.grieta.org.mx\/index.php\/wp-json\/wp\/v2\/posts\/26611\/revisions\/26613"}],"wp:featuredmedia":[{"embeddable":true,"href":"https:\/\/www.grieta.org.mx\/index.php\/wp-json\/wp\/v2\/media\/26612"}],"wp:attachment":[{"href":"https:\/\/www.grieta.org.mx\/index.php\/wp-json\/wp\/v2\/media?parent=26611"}],"wp:term":[{"taxonomy":"category","embeddable":true,"href":"https:\/\/www.grieta.org.mx\/index.php\/wp-json\/wp\/v2\/categories?post=26611"},{"taxonomy":"post_tag","embeddable":true,"href":"https:\/\/www.grieta.org.mx\/index.php\/wp-json\/wp\/v2\/tags?post=26611"}],"curies":[{"name":"wp","href":"https:\/\/api.w.org\/{rel}","templated":true}]}}