{"id":26587,"date":"2018-08-28T22:28:40","date_gmt":"2018-08-29T03:28:40","guid":{"rendered":"http:\/\/www.grieta.org.mx\/?p=26587"},"modified":"2018-09-19T22:32:58","modified_gmt":"2018-09-20T03:32:58","slug":"oaxaca-en-el-top-ten-de-los-estados-con-mas-recursos-desviados-por-recuperar-por-orden-de-la-asf","status":"publish","type":"post","link":"https:\/\/www.grieta.org.mx\/index.php\/2018\/08\/28\/oaxaca-en-el-top-ten-de-los-estados-con-mas-recursos-desviados-por-recuperar-por-orden-de-la-asf\/","title":{"rendered":"Oaxaca en el top-ten de los Estados con m\u00e1s recursos desviados, por recuperar, por orden de la ASF"},"content":{"rendered":"<p>P\u00e1gina 3.<\/p>\n<p>Jaime Guerrero,<\/p>\n<p>Oaxaca se encuentra dentro de los diez estados del pa\u00eds con mayor dinero pr\u00f3fugo, es decir, dinero que la Auditor\u00eda Superior de la Federaci\u00f3n (ASF) ha solicitado recuperar o aclarar a los gobiernos estatales, seg\u00fan el indicador #DineroPr\u00f3fugo, de la plataforma Data Coparmex.<\/p>\n<p><img loading=\"lazy\" decoding=\"async\" data-attachment-id=\"26588\" data-permalink=\"https:\/\/www.grieta.org.mx\/index.php\/2018\/08\/28\/oaxaca-en-el-top-ten-de-los-estados-con-mas-recursos-desviados-por-recuperar-por-orden-de-la-asf\/fondos\/\" data-orig-file=\"https:\/\/www.grieta.org.mx\/wp-content\/uploads\/2018\/09\/fondos.jpg\" data-orig-size=\"950,480\" data-comments-opened=\"0\" data-image-meta=\"{&quot;aperture&quot;:&quot;0&quot;,&quot;credit&quot;:&quot;&quot;,&quot;camera&quot;:&quot;&quot;,&quot;caption&quot;:&quot;&quot;,&quot;created_timestamp&quot;:&quot;0&quot;,&quot;copyright&quot;:&quot;&quot;,&quot;focal_length&quot;:&quot;0&quot;,&quot;iso&quot;:&quot;0&quot;,&quot;shutter_speed&quot;:&quot;0&quot;,&quot;title&quot;:&quot;&quot;,&quot;orientation&quot;:&quot;0&quot;}\" data-image-title=\"fondos\" data-image-description=\"\" data-image-caption=\"\" data-medium-file=\"https:\/\/www.grieta.org.mx\/wp-content\/uploads\/2018\/09\/fondos-300x152.jpg\" data-large-file=\"https:\/\/www.grieta.org.mx\/wp-content\/uploads\/2018\/09\/fondos.jpg\" src=\"http:\/\/www.grieta.org.mx\/wp-content\/uploads\/2018\/09\/fondos-300x152.jpg\" alt=\"\" width=\"300\" height=\"152\" class=\"aligncenter size-medium wp-image-26588\" srcset=\"https:\/\/www.grieta.org.mx\/wp-content\/uploads\/2018\/09\/fondos-300x152.jpg 300w, https:\/\/www.grieta.org.mx\/wp-content\/uploads\/2018\/09\/fondos-768x388.jpg 768w, https:\/\/www.grieta.org.mx\/wp-content\/uploads\/2018\/09\/fondos.jpg 950w\" sizes=\"auto, (max-width: 300px) 100vw, 300px\" \/><\/p>\n<p>A Oaxaca corresponde el 5.6 por ciento del dinero de la muestra auditada a nivel nacional, tomando como datos la cuenta p\u00fablica 2016 del sexenio de Gabino Cu\u00e9 Monteagudo.<\/p>\n<p>Son 3 mil 825.3 millones de pesos de los cuales la entidad no ha podido transparentar el destino o uso de la administraci\u00f3n de Cu\u00e9 Monteagudo.<\/p>\n<p>En la Cuenta P\u00fablica 2016, la Auditor\u00eda Superior de la Federaci\u00f3n solicit\u00f3 recuperar o aclarar 80 mil 153 millones de pesos a los gobiernos estatales, seg\u00fan la informaci\u00f3n contenida en el informe de Coparmex.<\/p>\n<p>Los estados con m\u00e1s dinero pr\u00f3fugo son Veracruz 18 mil 315 mdp, Chihuahua 11 mil 269 mdp, y Nuevo Le\u00f3n 7 mil 738 millones de pesos. Por segunda vez consecutiva, Veracruz es la entidad con m\u00e1s dinero pr\u00f3fugo.<\/p>\n<p>Los estados con menos dinero pr\u00f3fugo son Quer\u00e9taro 3.4 mdp, Puebla 11.9 mdp, y Campeche 34.8 mdp. Entre ellos, s\u00f3lo Quer\u00e9taro aparece por segunda vez consecutiva entre los tres estados con menos dinero pr\u00f3fugo.<\/p>\n<p>Data Coparmex es un conjunto de 10 indicadores estatales que dan seguimiento a los temas de mayor relevancia p\u00fablica y econ\u00f3mica de M\u00e9xico. Creados a partir del procesamiento de datos oficiales y consultas a socios de la Confederaci\u00f3n Patronal de la Rep\u00fablica Mexicana (Coparmex), los indicadores permiten visualizar los tipos y niveles de retos que aquejan a cada entidad.<\/p>\n<p>El Informe Individual de Resultado de la fiscalizaci\u00f3n Superior de la Cuenta P\u00fablica 2016 contenido en la p\u00e1gina http:\/\/archivos.diputados.gob.mx\/Centros_Estudio\/UEC\/docs\/estados\/2016\/1\u2026, detalla que el dinero pr\u00f3fugo se ubic\u00f3 en los rubros de Recursos del Fondo de Aportaciones para los Servicios de Salud, Prospera, Programa de Inclusi\u00f3n Social: Componente de Salud, as\u00ed como en el municipio de Santa Cruz Xoxocotl\u00e1n, Oaxaca en Recursos del Otorgamiento del Subsidio a los Municipios y Demarcaciones Territoriales del Distrito Federal y, en su caso, a las Entidades Federativas que Ejerzan de Manera Directa o Coordinada la Funci\u00f3n de Seguridad P\u00fablica.<\/p>\n<p>Adem\u00e1s de Recursos del Fondo de Aportaciones para el Fortalecimiento de las Entidades Federativas y del Municipio de Oaxaca de Ju\u00e1rez, Oaxaca en el Fondo para el Fortalecimiento de la Infraestructura Estatal y Municipal.<\/p>\n<p><a href=\"https:\/\/pagina3.mx\/2018\/08\/oaxaca-en-el-top-ten-de-los-estados-con-mas-recursos-desviados-por-recuperar-por-orden-de-la-asf\/\" rel=\"noopener\" target=\"_blank\">https:\/\/pagina3.mx\/2018\/08\/oaxaca-en-el-top-ten-de-los-estados-con-mas-recursos-desviados-por-recuperar-por-orden-de-la-asf\/<\/a><\/p>\n","protected":false},"excerpt":{"rendered":"<p>P\u00e1gina 3. Jaime Guerrero, Oaxaca se encuentra dentro de los diez estados del pa\u00eds con mayor dinero pr\u00f3fugo, es decir, dinero que la Auditor\u00eda Superior de la Federaci\u00f3n (ASF) ha &hellip; <a href=\"https:\/\/www.grieta.org.mx\/index.php\/2018\/08\/28\/oaxaca-en-el-top-ten-de-los-estados-con-mas-recursos-desviados-por-recuperar-por-orden-de-la-asf\/\" class=\"more-link\">Leer m\u00e1s<\/a><\/p>\n","protected":false},"author":2,"featured_media":26588,"comment_status":"closed","ping_status":"closed","sticky":false,"template":"","format":"standard","meta":{"ngg_post_thumbnail":0,"_jetpack_newsletter_access":"","_jetpack_dont_email_post_to_subs":false,"_jetpack_newsletter_tier_id":0,"_jetpack_memberships_contains_paywalled_content":false,"_jetpack_memberships_contains_paid_content":false,"footnotes":""},"categories":[80,2,25,1500],"tags":[],"class_list":["post-26587","post","type-post","status-publish","format-standard","has-post-thumbnail","hentry","category-cintillo","category-noticias-nacionales","category-oaxaca","category-saqueo-de-recursos-publicos-en-oaxaca","entry"],"jetpack_featured_media_url":"https:\/\/www.grieta.org.mx\/wp-content\/uploads\/2018\/09\/fondos.jpg","jetpack_sharing_enabled":true,"jetpack_shortlink":"https:\/\/wp.me\/p7ZJR4-6UP","jetpack_likes_enabled":false,"jetpack-related-posts":[{"id":26590,"url":"https:\/\/www.grieta.org.mx\/index.php\/2018\/08\/08\/preocupa-a-auditoria-de-oaxaca-destino-de-mil-230-mdp\/","url_meta":{"origin":26587,"position":0},"title":"\u201cPreocupa\u201d a Auditor\u00eda de Oaxaca destino de mil 230 mdp","author":"grieta","date":"8 agosto, 2018","format":false,"excerpt":"Noticias. Virgilio S\u00e1nchez, El uso de mil 230 millones 600 mil pesos no han sido comprobados, desde el a\u00f1o 2016, por nueve municipios oaxaque\u00f1os, la Universidad Aut\u00f3noma Benito Ju\u00e1rez de Oaxaca (UABJO) y el Gobierno del Estado; de acuerdo con la informaci\u00f3n presentada por el colectivo \u201c\u00bfFuiste T\u00fa?\u201d. La agrupaci\u00f3n\u2026","rel":"","context":"En &quot;CINTILLO&quot;","block_context":{"text":"CINTILLO","link":"https:\/\/www.grieta.org.mx\/index.php\/category\/cintillo\/"},"img":{"alt_text":"","src":"https:\/\/i0.wp.com\/www.grieta.org.mx\/wp-content\/uploads\/2018\/09\/auditoria.jpg?resize=350%2C200&ssl=1","width":350,"height":200,"srcset":"https:\/\/i0.wp.com\/www.grieta.org.mx\/wp-content\/uploads\/2018\/09\/auditoria.jpg?resize=350%2C200&ssl=1 1x, https:\/\/i0.wp.com\/www.grieta.org.mx\/wp-content\/uploads\/2018\/09\/auditoria.jpg?resize=525%2C300&ssl=1 1.5x, https:\/\/i0.wp.com\/www.grieta.org.mx\/wp-content\/uploads\/2018\/09\/auditoria.jpg?resize=700%2C400&ssl=1 2x, https:\/\/i0.wp.com\/www.grieta.org.mx\/wp-content\/uploads\/2018\/09\/auditoria.jpg?resize=1050%2C600&ssl=1 3x"},"classes":[]},{"id":27579,"url":"https:\/\/www.grieta.org.mx\/index.php\/2018\/09\/18\/aun-sin-conocerse-el-destino-de-14-mil-mdp-ejercidos-por-administracion-de-gabino-cue-oaxaca\/","url_meta":{"origin":26587,"position":1},"title":"A\u00fan sin conocerse el destino de 14 mil mdp ejercidos por administraci\u00f3n de Gabino Cu\u00e9 (Oaxaca)","author":"grieta","date":"18 septiembre, 2018","format":false,"excerpt":"P\u00e1gina 3. Jaime Guerrero, Oaxaca.- En la antesala de la discusi\u00f3n e inminente rechazo -por parte de la LXIII Legislatura- de las cuentas p\u00fablicas 2014, 2015 y 2016, del ex gobernador, Gabino Cu\u00e9 Monteagudo, la Secretar\u00eda de la Contralor\u00eda y Transparencia Gubernamental, reiter\u00f3 en sus informes de auditorias que fueron\u2026","rel":"","context":"En &quot;CINTILLO&quot;","block_context":{"text":"CINTILLO","link":"https:\/\/www.grieta.org.mx\/index.php\/category\/cintillo\/"},"img":{"alt_text":"","src":"https:\/\/i0.wp.com\/www.grieta.org.mx\/wp-content\/uploads\/2018\/11\/010915-IZAMIENTO-MES-PATRIA-GABINO-CUE-JAP-6.jpg?resize=350%2C200&ssl=1","width":350,"height":200,"srcset":"https:\/\/i0.wp.com\/www.grieta.org.mx\/wp-content\/uploads\/2018\/11\/010915-IZAMIENTO-MES-PATRIA-GABINO-CUE-JAP-6.jpg?resize=350%2C200&ssl=1 1x, https:\/\/i0.wp.com\/www.grieta.org.mx\/wp-content\/uploads\/2018\/11\/010915-IZAMIENTO-MES-PATRIA-GABINO-CUE-JAP-6.jpg?resize=525%2C300&ssl=1 1.5x, https:\/\/i0.wp.com\/www.grieta.org.mx\/wp-content\/uploads\/2018\/11\/010915-IZAMIENTO-MES-PATRIA-GABINO-CUE-JAP-6.jpg?resize=700%2C400&ssl=1 2x"},"classes":[]},{"id":57216,"url":"https:\/\/www.grieta.org.mx\/index.php\/2021\/02\/21\/el-corredor-en-el-istmo-de-tehuantepec-esta-basado-en-cifras-inverificables-asf-oaxaca\/","url_meta":{"origin":26587,"position":2},"title":"El Corredor en el Istmo de Tehuantepec est\u00e1 basado en cifras inverificables: ASF (Oaxaca)","author":"grieta","date":"21 febrero, 2021","format":false,"excerpt":"Proceso \/ Redacci\u00f3n. El Corredor Interoce\u00e1nico del Istmo de Tehuantepec, que correr\u00e1 del puerto de Salina Cruz, Oaxaca, al de Coatzacoalcos, Veracruz, est\u00e1 basado en cifras inverificables, consider\u00f3 la Auditor\u00eda Superior de la Federaci\u00f3n. CIUDAD DE M\u00c9XICO (proceso.com.mx).- El Corredor Interoce\u00e1nico del Istmo de Tehuantepec, uno de los megaproyectos que\u2026","rel":"","context":"En &quot;CINTILLO&quot;","block_context":{"text":"CINTILLO","link":"https:\/\/www.grieta.org.mx\/index.php\/category\/cintillo\/"},"img":{"alt_text":"","src":"https:\/\/i0.wp.com\/www.grieta.org.mx\/wp-content\/uploads\/2021\/02\/A.jpg?resize=350%2C200&ssl=1","width":350,"height":200,"srcset":"https:\/\/i0.wp.com\/www.grieta.org.mx\/wp-content\/uploads\/2021\/02\/A.jpg?resize=350%2C200&ssl=1 1x, https:\/\/i0.wp.com\/www.grieta.org.mx\/wp-content\/uploads\/2021\/02\/A.jpg?resize=525%2C300&ssl=1 1.5x, https:\/\/i0.wp.com\/www.grieta.org.mx\/wp-content\/uploads\/2021\/02\/A.jpg?resize=700%2C400&ssl=1 2x"},"classes":[]},{"id":1695,"url":"https:\/\/www.grieta.org.mx\/index.php\/2015\/07\/28\/sistema-de-salud-de-oaxaca-desorden-administrativo-y-dano-al-erario\/","url_meta":{"origin":26587,"position":3},"title":"Sistema de salud de Oaxaca: desorden administrativo y da\u00f1o al erario","author":"grieta","date":"28 julio, 2015","format":false,"excerpt":"Contral\u00ednea. Erika Ram\u00edrez, Oaxaca.- M\u00e1s de 10 millones 600 mil pesos del sistema de salud de Oaxaca podr\u00edan haberse ejercido irregularmente, lo que constituir\u00eda un da\u00f1o patrimonial para la hacienda p\u00fablica. El probable perjuicio a las arcas federales es el resultado de un control deficiente de los recursos a trav\u00e9s\u2026","rel":"","context":"En &quot;CINTILLO&quot;","block_context":{"text":"CINTILLO","link":"https:\/\/www.grieta.org.mx\/index.php\/category\/cintillo\/"},"img":{"alt_text":"","src":"https:\/\/i0.wp.com\/www.grieta.org.mx\/wp-content\/uploads\/2018\/03\/14524434_1106112876131411_958039263622046936_o.jpg?resize=350%2C200&ssl=1","width":350,"height":200,"srcset":"https:\/\/i0.wp.com\/www.grieta.org.mx\/wp-content\/uploads\/2018\/03\/14524434_1106112876131411_958039263622046936_o.jpg?resize=350%2C200&ssl=1 1x, https:\/\/i0.wp.com\/www.grieta.org.mx\/wp-content\/uploads\/2018\/03\/14524434_1106112876131411_958039263622046936_o.jpg?resize=525%2C300&ssl=1 1.5x, https:\/\/i0.wp.com\/www.grieta.org.mx\/wp-content\/uploads\/2018\/03\/14524434_1106112876131411_958039263622046936_o.jpg?resize=700%2C400&ssl=1 2x"},"classes":[]},{"id":20254,"url":"https:\/\/www.grieta.org.mx\/index.php\/2016\/08\/19\/por-falta-de-dinero-gobierno-de-oaxaca-no-ha-concluido-repatriacion-de-migrantes-muertos-en-eeuu\/","url_meta":{"origin":26587,"position":4},"title":"Por falta de dinero, Gobierno de Oaxaca no ha concluido repatriaci\u00f3n de migrantes muertos en EEUU","author":"grieta","date":"19 agosto, 2016","format":false,"excerpt":"Jaime Guerrero, Oaxaca. OAXACA, (#p\u00e1gina3.mx).- La LXII Legislatura demand\u00f3 al gobernador Gabino Cu\u00e9 Monteagudo, al secretario de Finanzas, Enrique Arnaud Vi\u00f1as y al Instituto Oaxaque\u00f1o de Atenci\u00f3n al Migrante (IOAM), ordenen la terminaci\u00f3n de tr\u00e1mites pendientes para la repatriaci\u00f3n de cad\u00e1veres de migrantes oaxaque\u00f1os en Estados Unidos. En lo que\u2026","rel":"","context":"En &quot;CINTILLO&quot;","block_context":{"text":"CINTILLO","link":"https:\/\/www.grieta.org.mx\/index.php\/category\/cintillo\/"},"img":{"alt_text":"","src":"https:\/\/i0.wp.com\/www.grieta.org.mx\/wp-content\/uploads\/2018\/03\/14524434_1106112876131411_958039263622046936_o.jpg?resize=350%2C200&ssl=1","width":350,"height":200,"srcset":"https:\/\/i0.wp.com\/www.grieta.org.mx\/wp-content\/uploads\/2018\/03\/14524434_1106112876131411_958039263622046936_o.jpg?resize=350%2C200&ssl=1 1x, https:\/\/i0.wp.com\/www.grieta.org.mx\/wp-content\/uploads\/2018\/03\/14524434_1106112876131411_958039263622046936_o.jpg?resize=525%2C300&ssl=1 1.5x, https:\/\/i0.wp.com\/www.grieta.org.mx\/wp-content\/uploads\/2018\/03\/14524434_1106112876131411_958039263622046936_o.jpg?resize=700%2C400&ssl=1 2x"},"classes":[]},{"id":5040,"url":"https:\/\/www.grieta.org.mx\/index.php\/2015\/07\/22\/representantes-seccionales-de-los-26-estados-que-aglutina-la-cnte-se-reuniran-en-oaxaca\/","url_meta":{"origin":26587,"position":5},"title":"Representantes seccionales de los 26 estados que aglutina la CNTE se reunir\u00e1n en Oaxaca","author":"grieta","date":"22 julio, 2015","format":false,"excerpt":"P\u00e1gina 3. Jazm\u00edn G\u00f3mez, Oaxaca.- Representantes de los 26 estados que aglutina la Coordinadora Nacional de Trabajadores de la Educaci\u00f3n (CNTE) se reunir\u00e1n en el estado de Oaxaca en un asamblea general para el pr\u00f3ximo s\u00e1bado. As\u00ed lo dio a conocer el dirigente sindical de la Secci\u00f3n 22 del Sindicato\u2026","rel":"","context":"En &quot;CINTILLO&quot;","block_context":{"text":"CINTILLO","link":"https:\/\/www.grieta.org.mx\/index.php\/category\/cintillo\/"},"img":{"alt_text":"","src":"https:\/\/i0.wp.com\/www.grieta.org.mx\/wp-content\/uploads\/2018\/03\/14524434_1106112876131411_958039263622046936_o.jpg?resize=350%2C200&ssl=1","width":350,"height":200,"srcset":"https:\/\/i0.wp.com\/www.grieta.org.mx\/wp-content\/uploads\/2018\/03\/14524434_1106112876131411_958039263622046936_o.jpg?resize=350%2C200&ssl=1 1x, https:\/\/i0.wp.com\/www.grieta.org.mx\/wp-content\/uploads\/2018\/03\/14524434_1106112876131411_958039263622046936_o.jpg?resize=525%2C300&ssl=1 1.5x, https:\/\/i0.wp.com\/www.grieta.org.mx\/wp-content\/uploads\/2018\/03\/14524434_1106112876131411_958039263622046936_o.jpg?resize=700%2C400&ssl=1 2x"},"classes":[]}],"_links":{"self":[{"href":"https:\/\/www.grieta.org.mx\/index.php\/wp-json\/wp\/v2\/posts\/26587","targetHints":{"allow":["GET"]}}],"collection":[{"href":"https:\/\/www.grieta.org.mx\/index.php\/wp-json\/wp\/v2\/posts"}],"about":[{"href":"https:\/\/www.grieta.org.mx\/index.php\/wp-json\/wp\/v2\/types\/post"}],"author":[{"embeddable":true,"href":"https:\/\/www.grieta.org.mx\/index.php\/wp-json\/wp\/v2\/users\/2"}],"replies":[{"embeddable":true,"href":"https:\/\/www.grieta.org.mx\/index.php\/wp-json\/wp\/v2\/comments?post=26587"}],"version-history":[{"count":1,"href":"https:\/\/www.grieta.org.mx\/index.php\/wp-json\/wp\/v2\/posts\/26587\/revisions"}],"predecessor-version":[{"id":26589,"href":"https:\/\/www.grieta.org.mx\/index.php\/wp-json\/wp\/v2\/posts\/26587\/revisions\/26589"}],"wp:featuredmedia":[{"embeddable":true,"href":"https:\/\/www.grieta.org.mx\/index.php\/wp-json\/wp\/v2\/media\/26588"}],"wp:attachment":[{"href":"https:\/\/www.grieta.org.mx\/index.php\/wp-json\/wp\/v2\/media?parent=26587"}],"wp:term":[{"taxonomy":"category","embeddable":true,"href":"https:\/\/www.grieta.org.mx\/index.php\/wp-json\/wp\/v2\/categories?post=26587"},{"taxonomy":"post_tag","embeddable":true,"href":"https:\/\/www.grieta.org.mx\/index.php\/wp-json\/wp\/v2\/tags?post=26587"}],"curies":[{"name":"wp","href":"https:\/\/api.w.org\/{rel}","templated":true}]}}