{"id":26570,"date":"2018-09-17T01:36:29","date_gmt":"2018-09-17T06:36:29","guid":{"rendered":"http:\/\/www.grieta.org.mx\/?p=26570"},"modified":"2018-09-19T01:41:47","modified_gmt":"2018-09-19T06:41:47","slug":"comunidades-del-istmo-se-suman-al-juicio-popular-contra-el-estado-y-empresas-mineras-por-depredadoras-oaxaca","status":"publish","type":"post","link":"https:\/\/www.grieta.org.mx\/index.php\/2018\/09\/17\/comunidades-del-istmo-se-suman-al-juicio-popular-contra-el-estado-y-empresas-mineras-por-depredadoras-oaxaca\/","title":{"rendered":"Comunidades del Istmo se suman al juicio popular contra el Estado y empresas mineras por depredadoras (Oaxaca)"},"content":{"rendered":"<p>P\u00e1gina 3.<\/p>\n<p>Pedro Mat\u00edas,<\/p>\n<p>Oaxaca.- Comunidades, ejidos, organizaciones y colectivos en lucha contra concesiones mineras en el Istmo de Tehuantepec se sumaron al proceso de Juicio Popular comunitario contra el Estado y las empresas mineras en Oaxaca programado para el 11 y 12 de octubre del 2018.<\/p>\n<p><img loading=\"lazy\" decoding=\"async\" data-attachment-id=\"26571\" data-permalink=\"https:\/\/www.grieta.org.mx\/index.php\/2018\/09\/17\/comunidades-del-istmo-se-suman-al-juicio-popular-contra-el-estado-y-empresas-mineras-por-depredadoras-oaxaca\/juicio-popular-comunitario\/\" data-orig-file=\"https:\/\/www.grieta.org.mx\/wp-content\/uploads\/2018\/09\/Juicio-Popular-comunitario.jpg\" data-orig-size=\"950,480\" data-comments-opened=\"0\" data-image-meta=\"{&quot;aperture&quot;:&quot;0&quot;,&quot;credit&quot;:&quot;&quot;,&quot;camera&quot;:&quot;&quot;,&quot;caption&quot;:&quot;&quot;,&quot;created_timestamp&quot;:&quot;0&quot;,&quot;copyright&quot;:&quot;&quot;,&quot;focal_length&quot;:&quot;0&quot;,&quot;iso&quot;:&quot;0&quot;,&quot;shutter_speed&quot;:&quot;0&quot;,&quot;title&quot;:&quot;&quot;,&quot;orientation&quot;:&quot;0&quot;}\" data-image-title=\"Juicio-Popular-comunitario\" data-image-description=\"\" data-image-caption=\"\" data-medium-file=\"https:\/\/www.grieta.org.mx\/wp-content\/uploads\/2018\/09\/Juicio-Popular-comunitario-300x152.jpg\" data-large-file=\"https:\/\/www.grieta.org.mx\/wp-content\/uploads\/2018\/09\/Juicio-Popular-comunitario.jpg\" src=\"http:\/\/www.grieta.org.mx\/wp-content\/uploads\/2018\/09\/Juicio-Popular-comunitario-300x152.jpg\" alt=\"\" width=\"300\" height=\"152\" class=\"aligncenter size-medium wp-image-26571\" srcset=\"https:\/\/www.grieta.org.mx\/wp-content\/uploads\/2018\/09\/Juicio-Popular-comunitario-300x152.jpg 300w, https:\/\/www.grieta.org.mx\/wp-content\/uploads\/2018\/09\/Juicio-Popular-comunitario-768x388.jpg 768w, https:\/\/www.grieta.org.mx\/wp-content\/uploads\/2018\/09\/Juicio-Popular-comunitario.jpg 950w\" sizes=\"auto, (max-width: 300px) 100vw, 300px\" \/><\/p>\n<p>Durante el encuentro que se realiz\u00f3 el pasado 14 septiembre en el municipio de Zanatepec, ratificaron p\u00fablicamente su decisi\u00f3n de continuar y profundizar las luchas de resistencia por defender los territorios y la madre naturaleza de la regi\u00f3n del Istmo de Tehuantepec:<\/p>\n<p>\u201cFrente a las ambiciones depredadoras de parte de los tres niveles de gobierno (federal, estatal y municipal) salientes y recientemente electos, que, al servicio de empresas privadas \u2013extranjeras y nacionales- pretenden imponernos megaproyectos de supuesto desarrollo\u201d.<\/p>\n<p>Consideran que esos megaproyectos solo buscan devastar y privatizar todos los bienes naturales de los pueblos a trav\u00e9s de empresas mineras; e\u00f3licas; represas hidroel\u00e9ctricas; plantaciones comerciales; \u00e1reas naturales protegidas; pago por servicios ambientales; proyectos de \u201ceco\u201d-turismo; bonos de carbono; biopirater\u00eda y patentes de genes de biodiversidad y de plantas medicinales.<\/p>\n<p>Mientras tanto reiteraron que \u201crechazamos todos los procesos y actos de criminalizaci\u00f3n de la protesta social y represi\u00f3n selectiva, ejercidos en contra de movimientos, organizaciones y activistas que nos encontramos en lucha y resistencia socioambiental\u201d.<\/p>\n<p>De igual forma, acordaron apoyar y sumarse al proceso de Juicio Popular comunitario contra el Estado y las empresas mineras en Oaxaca, a realizarse el11 y 12 de octubre de este 2018, convocado por diversas organizaciones, movimientos y comunidades de todo el estado, comprometi\u00e9ndonos a implementar los mecanismos requeridos para aportar elementos y con ello, alimentar dicho juicio\u201d.<\/p>\n<p>Entre las organizaciones que firman el acuerdo se encuentran las Asambleas de Pueblos Ind\u00edgenas del Istmo Oaxaque\u00f1o en Defensa de la Tierra y el Territorio y de Niltepec; as\u00ed como las autoridades de bienes comunales San Mateo del Mar y Zanatepec, el Centro de Derechos Humanos Tepeyac, de Chahuites, el Comit\u00e9 Nacional para la Defensa y Conservaci\u00f3n de Los Chimalapas y las Congregaciones comunales Zona Oriente Chimalapas; el Congreso Nacional Ind\u00edgena de Juchit\u00e1n, y Defensores del Mar.<\/p>\n<p><a href=\"https:\/\/pagina3.mx\/2018\/09\/comunidades-del-istmo-se-suman-al-juicio-popular-contra-el-estado-y-empresas-mineras-por-depredadoras\/\" rel=\"noopener\" target=\"_blank\">https:\/\/pagina3.mx\/2018\/09\/comunidades-del-istmo-se-suman-al-juicio-popular-contra-el-estado-y-empresas-mineras-por-depredadoras\/<\/a><\/p>\n","protected":false},"excerpt":{"rendered":"<p>P\u00e1gina 3. Pedro Mat\u00edas, Oaxaca.- Comunidades, ejidos, organizaciones y colectivos en lucha contra concesiones mineras en el Istmo de Tehuantepec se sumaron al proceso de Juicio Popular comunitario contra el &hellip; <a href=\"https:\/\/www.grieta.org.mx\/index.php\/2018\/09\/17\/comunidades-del-istmo-se-suman-al-juicio-popular-contra-el-estado-y-empresas-mineras-por-depredadoras-oaxaca\/\" class=\"more-link\">Leer m\u00e1s<\/a><\/p>\n","protected":false},"author":2,"featured_media":26571,"comment_status":"closed","ping_status":"closed","sticky":false,"template":"","format":"standard","meta":{"ngg_post_thumbnail":0,"_jetpack_newsletter_access":"","_jetpack_dont_email_post_to_subs":false,"_jetpack_newsletter_tier_id":0,"_jetpack_memberships_contains_paywalled_content":false,"_jetpack_memberships_contains_paid_content":false,"footnotes":""},"categories":[80,1357,1358,1708,2,25],"tags":[],"class_list":["post-26570","post","type-post","status-publish","format-standard","has-post-thumbnail","hentry","category-cintillo","category-conflictos-mineros-en-oaxaca","category-conflictos-por-megaproyectos-en-oaxaca","category-corredor-del-istmo-de-tehuantepec","category-noticias-nacionales","category-oaxaca","entry"],"jetpack_featured_media_url":"https:\/\/www.grieta.org.mx\/wp-content\/uploads\/2018\/09\/Juicio-Popular-comunitario.jpg","jetpack_sharing_enabled":true,"jetpack_shortlink":"https:\/\/wp.me\/p7ZJR4-6Uy","jetpack_likes_enabled":false,"jetpack-related-posts":[{"id":31559,"url":"https:\/\/www.grieta.org.mx\/index.php\/2019\/04\/01\/consulta-en-el-istmo-es-una-simulacion-acusa-ucizoni-oaxaca\/","url_meta":{"origin":26570,"position":0},"title":"Consulta en el Istmo es una &#8220;simulaci\u00f3n&#8221;, acusa Ucizoni (Oaxaca)","author":"grieta","date":"1 abril, 2019","format":false,"excerpt":"Noticias. Gerardo Valdivieso Parada, La consulta sobre el corredor trans\u00edstmico en San Pedro Huamelula. Juchit\u00e1n, Oaxaca.- L\u00edderes que se han opuesto a los megaproyectos en la regi\u00f3n del Istmo de Tehuantepec, en sus diversas denominaciones retomados por los diferentes gobiernos federales, cuestionan las Asambleas Regionales Consultivas sobre el Programa de\u2026","rel":"","context":"En &quot;CINTILLO&quot;","block_context":{"text":"CINTILLO","link":"https:\/\/www.grieta.org.mx\/index.php\/category\/cintillo\/"},"img":{"alt_text":"","src":"https:\/\/i0.wp.com\/www.grieta.org.mx\/wp-content\/uploads\/2019\/04\/image_22_360.jpg?resize=350%2C200&ssl=1","width":350,"height":200,"srcset":"https:\/\/i0.wp.com\/www.grieta.org.mx\/wp-content\/uploads\/2019\/04\/image_22_360.jpg?resize=350%2C200&ssl=1 1x, https:\/\/i0.wp.com\/www.grieta.org.mx\/wp-content\/uploads\/2019\/04\/image_22_360.jpg?resize=525%2C300&ssl=1 1.5x, https:\/\/i0.wp.com\/www.grieta.org.mx\/wp-content\/uploads\/2019\/04\/image_22_360.jpg?resize=700%2C400&ssl=1 2x, https:\/\/i0.wp.com\/www.grieta.org.mx\/wp-content\/uploads\/2019\/04\/image_22_360.jpg?resize=1050%2C600&ssl=1 3x"},"classes":[]},{"id":2086,"url":"https:\/\/www.grieta.org.mx\/index.php\/2016\/07\/24\/conflictos-mineros-en-oaxaca\/","url_meta":{"origin":26570,"position":1},"title":"Conflictos ambientales y sociales por miner\u00eda en Oaxaca","author":"grieta","date":"24 julio, 2016","format":false,"excerpt":"24\/07\/16. Comuneros exigir\u00e1n a Congreso de Oaxaca que no avale proyectos mineros P\u00e1gina 3 23\/07\/16. Concesiones mineras acaparan 47 mil hect\u00e1reas en el istmo Istmo Press 18\/07\/16. Marchan en rechazo a la miner\u00eda en Ixtepec El Imparcial 06\/05\/16. Manifestantes exigen, en San Jos\u00e9 del Progreso, Oaxaca, la salida de empresa\u2026","rel":"","context":"En &quot;Miner\u00eda&quot;","block_context":{"text":"Miner\u00eda","link":"https:\/\/www.grieta.org.mx\/index.php\/category\/megaproyectos\/mineria\/"},"img":{"alt_text":"","src":"https:\/\/i0.wp.com\/www.grieta.org.mx\/wp-content\/uploads\/2018\/03\/14524434_1106112876131411_958039263622046936_o.jpg?resize=350%2C200&ssl=1","width":350,"height":200,"srcset":"https:\/\/i0.wp.com\/www.grieta.org.mx\/wp-content\/uploads\/2018\/03\/14524434_1106112876131411_958039263622046936_o.jpg?resize=350%2C200&ssl=1 1x, https:\/\/i0.wp.com\/www.grieta.org.mx\/wp-content\/uploads\/2018\/03\/14524434_1106112876131411_958039263622046936_o.jpg?resize=525%2C300&ssl=1 1.5x, https:\/\/i0.wp.com\/www.grieta.org.mx\/wp-content\/uploads\/2018\/03\/14524434_1106112876131411_958039263622046936_o.jpg?resize=700%2C400&ssl=1 2x"},"classes":[]},{"id":30201,"url":"https:\/\/www.grieta.org.mx\/index.php\/2019\/03\/05\/acechan-mineras-a-tierras-del-sol-oaxaca\/","url_meta":{"origin":26570,"position":2},"title":"Acechan mineras a tierras del sol (Oaxaca)","author":"grieta","date":"5 marzo, 2019","format":false,"excerpt":"Noticias. Lesli Aguilar, Las comunidades de Amatitl\u00e1n son las que m\u00e1s peligran de ser explotadas por empresas canadienses. Huajuapan de Le\u00f3n, Oaxaca.- Ante las manifestaciones que se han desatado por la muerte de Samir Flores Soberanes, l\u00edder natural del estado de Morelos, los integrantes del Movimiento Agrario Ind\u00edgena Zapatista (MAIZ),\u2026","rel":"","context":"En &quot;CINTILLO&quot;","block_context":{"text":"CINTILLO","link":"https:\/\/www.grieta.org.mx\/index.php\/category\/cintillo\/"},"img":{"alt_text":"","src":"https:\/\/i0.wp.com\/www.grieta.org.mx\/wp-content\/uploads\/2019\/03\/image_27.jpg?resize=350%2C200&ssl=1","width":350,"height":200,"srcset":"https:\/\/i0.wp.com\/www.grieta.org.mx\/wp-content\/uploads\/2019\/03\/image_27.jpg?resize=350%2C200&ssl=1 1x, https:\/\/i0.wp.com\/www.grieta.org.mx\/wp-content\/uploads\/2019\/03\/image_27.jpg?resize=525%2C300&ssl=1 1.5x, https:\/\/i0.wp.com\/www.grieta.org.mx\/wp-content\/uploads\/2019\/03\/image_27.jpg?resize=700%2C400&ssl=1 2x, https:\/\/i0.wp.com\/www.grieta.org.mx\/wp-content\/uploads\/2019\/03\/image_27.jpg?resize=1050%2C600&ssl=1 3x"},"classes":[]},{"id":26328,"url":"https:\/\/www.grieta.org.mx\/index.php\/2017\/05\/04\/laollaga-oaxaca-contra-el-despojo-minero\/","url_meta":{"origin":26570,"position":3},"title":"Laollaga, Oaxaca contra el despojo minero","author":"grieta","date":"4 mayo, 2017","format":false,"excerpt":"Somos el Medio. Por: Ricardo Ortiz \u201cNo a la presa, no a la mina, s\u00ed a la vida\u201d \u201cLos pa\u00edses m\u00e1s avanzados est\u00e1n conduciendo al mundo al desastre, mientras que los pueblos hasta ahora considerados como primitivos est\u00e1n tratando de salvar al planeta entero\u201d Noam Chomsky Santiago Laollaga, Oaxaca.- Comunidades\u2026","rel":"","context":"En &quot;CINTILLO&quot;","block_context":{"text":"CINTILLO","link":"https:\/\/www.grieta.org.mx\/index.php\/category\/cintillo\/"},"img":{"alt_text":"","src":"https:\/\/i0.wp.com\/www.grieta.org.mx\/wp-content\/uploads\/2018\/09\/Laollaga-Oaxaca-Ricardo-Ortiz-696x378.jpg?resize=350%2C200&ssl=1","width":350,"height":200,"srcset":"https:\/\/i0.wp.com\/www.grieta.org.mx\/wp-content\/uploads\/2018\/09\/Laollaga-Oaxaca-Ricardo-Ortiz-696x378.jpg?resize=350%2C200&ssl=1 1x, https:\/\/i0.wp.com\/www.grieta.org.mx\/wp-content\/uploads\/2018\/09\/Laollaga-Oaxaca-Ricardo-Ortiz-696x378.jpg?resize=525%2C300&ssl=1 1.5x"},"classes":[]},{"id":60145,"url":"https:\/\/www.grieta.org.mx\/index.php\/2021\/06\/25\/comunidades-indigenas-reunidas-en-el-istmo-exigen-la-cancelacion-del-corredor-interoceanico-oaxaca\/","url_meta":{"origin":26570,"position":4},"title":"Comunidades ind\u00edgenas reunidas en el Istmo exigen la cancelaci\u00f3n del Corredor Interoce\u00e1nico (Oaxaca)","author":"grieta","date":"25 junio, 2021","format":false,"excerpt":"Avispa Midia \/ \u00d1an\u00ed Pinto. En los d\u00edas 19 y 20 de junio, por lo menos 34 comunidades ind\u00edgenas se reunieron en la comunidad Binniz\u00e1 de Puente Madera, municipio de San Blas Atempa, en el Istmo de Tehuantepec, Oaxaca, para analizar el avance de los megaproyectos en todo el pa\u00eds\u2026","rel":"","context":"En &quot;CINTILLO&quot;","block_context":{"text":"CINTILLO","link":"https:\/\/www.grieta.org.mx\/index.php\/category\/cintillo\/"},"img":{"alt_text":"","src":"https:\/\/i0.wp.com\/www.grieta.org.mx\/wp-content\/uploads\/2021\/06\/A-1.jpg?resize=350%2C200&ssl=1","width":350,"height":200,"srcset":"https:\/\/i0.wp.com\/www.grieta.org.mx\/wp-content\/uploads\/2021\/06\/A-1.jpg?resize=350%2C200&ssl=1 1x, https:\/\/i0.wp.com\/www.grieta.org.mx\/wp-content\/uploads\/2021\/06\/A-1.jpg?resize=525%2C300&ssl=1 1.5x, https:\/\/i0.wp.com\/www.grieta.org.mx\/wp-content\/uploads\/2021\/06\/A-1.jpg?resize=700%2C400&ssl=1 2x, https:\/\/i0.wp.com\/www.grieta.org.mx\/wp-content\/uploads\/2021\/06\/A-1.jpg?resize=1050%2C600&ssl=1 3x"},"classes":[]},{"id":27081,"url":"https:\/\/www.grieta.org.mx\/index.php\/2018\/10\/09\/pueblos-de-oaxaca-realizaran-juicio-popular-contra-el-estado-y-empresas-mineras\/","url_meta":{"origin":26570,"position":5},"title":"Pueblos de Oaxaca realizaran Juicio Popular contra el Estado y Empresas Mineras","author":"grieta","date":"9 octubre, 2018","format":false,"excerpt":"Somos el Medio. Redacci\u00f3n, Este pr\u00f3ximo 11 y 12 de octubre en la ciudad de Oaxaca, organizaciones, pueblos y ciudadanos realizaran un Juicio Popular Comunitario Contra el Estado y las Empresas Mineras. As\u00ed lo dio a conocer el Comit\u00e9 Organizador integrado por m\u00e1s de 20 organizaciones que luchan contra el\u2026","rel":"","context":"En &quot;CINTILLO&quot;","block_context":{"text":"CINTILLO","link":"https:\/\/www.grieta.org.mx\/index.php\/category\/cintillo\/"},"img":{"alt_text":"","src":"https:\/\/i0.wp.com\/www.grieta.org.mx\/wp-content\/uploads\/2018\/10\/Mineria.jpg?resize=350%2C200&ssl=1","width":350,"height":200,"srcset":"https:\/\/i0.wp.com\/www.grieta.org.mx\/wp-content\/uploads\/2018\/10\/Mineria.jpg?resize=350%2C200&ssl=1 1x, https:\/\/i0.wp.com\/www.grieta.org.mx\/wp-content\/uploads\/2018\/10\/Mineria.jpg?resize=525%2C300&ssl=1 1.5x, https:\/\/i0.wp.com\/www.grieta.org.mx\/wp-content\/uploads\/2018\/10\/Mineria.jpg?resize=700%2C400&ssl=1 2x"},"classes":[]}],"_links":{"self":[{"href":"https:\/\/www.grieta.org.mx\/index.php\/wp-json\/wp\/v2\/posts\/26570","targetHints":{"allow":["GET"]}}],"collection":[{"href":"https:\/\/www.grieta.org.mx\/index.php\/wp-json\/wp\/v2\/posts"}],"about":[{"href":"https:\/\/www.grieta.org.mx\/index.php\/wp-json\/wp\/v2\/types\/post"}],"author":[{"embeddable":true,"href":"https:\/\/www.grieta.org.mx\/index.php\/wp-json\/wp\/v2\/users\/2"}],"replies":[{"embeddable":true,"href":"https:\/\/www.grieta.org.mx\/index.php\/wp-json\/wp\/v2\/comments?post=26570"}],"version-history":[{"count":1,"href":"https:\/\/www.grieta.org.mx\/index.php\/wp-json\/wp\/v2\/posts\/26570\/revisions"}],"predecessor-version":[{"id":26572,"href":"https:\/\/www.grieta.org.mx\/index.php\/wp-json\/wp\/v2\/posts\/26570\/revisions\/26572"}],"wp:featuredmedia":[{"embeddable":true,"href":"https:\/\/www.grieta.org.mx\/index.php\/wp-json\/wp\/v2\/media\/26571"}],"wp:attachment":[{"href":"https:\/\/www.grieta.org.mx\/index.php\/wp-json\/wp\/v2\/media?parent=26570"}],"wp:term":[{"taxonomy":"category","embeddable":true,"href":"https:\/\/www.grieta.org.mx\/index.php\/wp-json\/wp\/v2\/categories?post=26570"},{"taxonomy":"post_tag","embeddable":true,"href":"https:\/\/www.grieta.org.mx\/index.php\/wp-json\/wp\/v2\/tags?post=26570"}],"curies":[{"name":"wp","href":"https:\/\/api.w.org\/{rel}","templated":true}]}}