{"id":26560,"date":"2018-06-02T23:55:01","date_gmt":"2018-06-03T04:55:01","guid":{"rendered":"http:\/\/www.grieta.org.mx\/?p=26560"},"modified":"2018-09-18T23:56:39","modified_gmt":"2018-09-19T04:56:39","slug":"por-atencion-deficiente-23-denuncias-contra-trabajadores-de-servicios-de-salud-de-oaxaca","status":"publish","type":"post","link":"https:\/\/www.grieta.org.mx\/index.php\/2018\/06\/02\/por-atencion-deficiente-23-denuncias-contra-trabajadores-de-servicios-de-salud-de-oaxaca\/","title":{"rendered":"Por atenci\u00f3n deficiente: 23 denuncias contra trabajadores de Servicios de Salud de Oaxaca"},"content":{"rendered":"<p>Noticias.<\/p>\n<p>Nadia Altamirano,<\/p>\n<p>PROCEDER\u00c1N LEGALMENTE<br \/>\n<img loading=\"lazy\" decoding=\"async\" data-attachment-id=\"26561\" data-permalink=\"https:\/\/www.grieta.org.mx\/index.php\/2018\/06\/02\/por-atencion-deficiente-23-denuncias-contra-trabajadores-de-servicios-de-salud-de-oaxaca\/image_28_157\/\" data-orig-file=\"https:\/\/www.grieta.org.mx\/wp-content\/uploads\/2018\/09\/image_28_157.jpg\" data-orig-size=\"1144,645\" data-comments-opened=\"0\" data-image-meta=\"{&quot;aperture&quot;:&quot;0&quot;,&quot;credit&quot;:&quot;&quot;,&quot;camera&quot;:&quot;&quot;,&quot;caption&quot;:&quot;&quot;,&quot;created_timestamp&quot;:&quot;0&quot;,&quot;copyright&quot;:&quot;&quot;,&quot;focal_length&quot;:&quot;0&quot;,&quot;iso&quot;:&quot;0&quot;,&quot;shutter_speed&quot;:&quot;0&quot;,&quot;title&quot;:&quot;&quot;,&quot;orientation&quot;:&quot;0&quot;}\" data-image-title=\"image_28_157\" data-image-description=\"\" data-image-caption=\"\" data-medium-file=\"https:\/\/www.grieta.org.mx\/wp-content\/uploads\/2018\/09\/image_28_157-300x169.jpg\" data-large-file=\"https:\/\/www.grieta.org.mx\/wp-content\/uploads\/2018\/09\/image_28_157-1024x577.jpg\" src=\"http:\/\/www.grieta.org.mx\/wp-content\/uploads\/2018\/09\/image_28_157-300x169.jpg\" alt=\"\" width=\"300\" height=\"169\" class=\"aligncenter size-medium wp-image-26561\" srcset=\"https:\/\/www.grieta.org.mx\/wp-content\/uploads\/2018\/09\/image_28_157-300x169.jpg 300w, https:\/\/www.grieta.org.mx\/wp-content\/uploads\/2018\/09\/image_28_157-768x433.jpg 768w, https:\/\/www.grieta.org.mx\/wp-content\/uploads\/2018\/09\/image_28_157-1024x577.jpg 1024w, https:\/\/www.grieta.org.mx\/wp-content\/uploads\/2018\/09\/image_28_157-887x500.jpg 887w, https:\/\/www.grieta.org.mx\/wp-content\/uploads\/2018\/09\/image_28_157.jpg 1144w\" sizes=\"auto, (max-width: 300px) 100vw, 300px\" \/><\/p>\n<p>Deficiencias en la atenci\u00f3n que se brindan en las unidades de los Servicios de Salud de Oaxaca (SSO) propici\u00f3 que en tres a\u00f1os se acumulen 23 denuncias penales en contra de personal m\u00e9dico.<\/p>\n<p>Aunque el secretario general de la Secci\u00f3n 35 del Sindicato Nacional de Trabajadores de Salud (SNTSA), Mario F\u00e9lix Pacheco, aclar\u00f3 que ninguna tiene relaci\u00f3n con el fallecimiento de alg\u00fan paciente, si tienen que ver con invalidez parcial o permanente.<\/p>\n<p>El problema, consider\u00f3, es que la Fiscal\u00eda General de Justicia \u201cno da oportunidad de acercarse a los expedientes\u201d, por lo que adelant\u00f3 que se conformar\u00e1 un grupo con las propias aseguradoras y la Comisi\u00f3n Estatal de Arbitraje M\u00e9dico de Oaxaca (CEAMO), sin embargo al ser consultado, su presidente, Jos\u00e9 Manuel Ugalde Iglesias, no dio detalle alguno.<\/p>\n<p>F\u00e9lix Pacheco record\u00f3 el proceso judicial que enfrenta el traumat\u00f3logo Luis, quien es acusado de homicidio doloso de Edward tras una cirug\u00eda en una cl\u00ednica particular y asegur\u00f3 que esas 23 denuncias penales propicia que el personal del SNTSA quede \u201cdesamparados como trabajadores\u201d.<\/p>\n<p>La preocupaci\u00f3n, asegur\u00f3, es \u201ctrabajar en condiciones adversas\u201d, por la falta de medicamentos, cuyo nivel de abasto promedio calcul\u00f3 en un 60 por ciento, aunque las denuncias est\u00e1n ligadas \u201cm\u00e1s que nada el problema de la atenci\u00f3n m\u00e9dica\u201d.<\/p>\n<p>Sin precisar el tipo de inconformidades que dieron pie a una carpeta de investigaci\u00f3n, insisti\u00f3 que las denuncias \u201cforman parte de un todo, falta de medicamento, insumos, material y de la misma infraestructura\u201d.<\/p>\n<p>Arrastran problema<\/p>\n<p>El Hospital de la Ni\u00f1ez Oaxaque\u00f1a doctor Guillermo Z\u00e1rate Mijangos es una de las unidades donde de manera recurrente se ha advertido de la falta de medicamentos e insumos, prueba de ello es el cierre del \u00e1rea administrativa desde el pasado 30 de abril.<\/p>\n<p>Si bien la demanda de la delegaci\u00f3n sindical del nosocomio es la sustituci\u00f3n de la directora Roc\u00edo Arias Cruz, Mario F\u00e9lix opin\u00f3 que esa medida no solucionar\u00e1 una problem\u00e1tica de fondo cuya soluci\u00f3n se ha postergado.<\/p>\n<p>\u201cEs un problema que se viene arrastrando por a\u00f1os\u201d, indic\u00f3 al recordar que el Hospital de la Ni\u00f1ez \u201cnaci\u00f3 como un patronato\u201d y en la actualidad \u201cno lo absorbe\u201d ni la Secretar\u00eda de Salud ni el Gobierno del Estado.<\/p>\n<p>\u201cMientras esa situaci\u00f3n no se resuelva vamos a estar en la misma situaci\u00f3n todo el tiempo\u201d, por lo que el cambio de la directora es independiente al no existir qui\u00e9n se responsabilice y todo nuevo director o directora &#8220;se va a enfrentar a la misma problem\u00e1tica\u201d.<\/p>\n<p><a href=\"https:\/\/www.nvinoticias.com\/nota\/93938\/por-atencion-deficiente-23-denuncias-contra-trabajadores-de-servicios-de-salud-de-oaxaca\" rel=\"noopener\" target=\"_blank\">https:\/\/www.nvinoticias.com\/nota\/93938\/por-atencion-deficiente-23-denuncias-contra-trabajadores-de-servicios-de-salud-de-oaxaca<\/a><\/p>\n","protected":false},"excerpt":{"rendered":"<p>Noticias. Nadia Altamirano, PROCEDER\u00c1N LEGALMENTE Deficiencias en la atenci\u00f3n que se brindan en las unidades de los Servicios de Salud de Oaxaca (SSO) propici\u00f3 que en tres a\u00f1os se acumulen &hellip; <a href=\"https:\/\/www.grieta.org.mx\/index.php\/2018\/06\/02\/por-atencion-deficiente-23-denuncias-contra-trabajadores-de-servicios-de-salud-de-oaxaca\/\" class=\"more-link\">Leer m\u00e1s<\/a><\/p>\n","protected":false},"author":2,"featured_media":26561,"comment_status":"closed","ping_status":"closed","sticky":false,"template":"","format":"standard","meta":{"ngg_post_thumbnail":0,"_jetpack_newsletter_access":"","_jetpack_dont_email_post_to_subs":false,"_jetpack_newsletter_tier_id":0,"_jetpack_memberships_contains_paywalled_content":false,"_jetpack_memberships_contains_paid_content":false,"footnotes":""},"categories":[80,1728,2,25],"tags":[],"class_list":["post-26560","post","type-post","status-publish","format-standard","has-post-thumbnail","hentry","category-cintillo","category-crisis-del-sector-salud-en-oaxaca","category-noticias-nacionales","category-oaxaca","entry"],"jetpack_featured_media_url":"https:\/\/www.grieta.org.mx\/wp-content\/uploads\/2018\/09\/image_28_157.jpg","jetpack_sharing_enabled":true,"jetpack_shortlink":"https:\/\/wp.me\/p7ZJR4-6Uo","jetpack_likes_enabled":false,"jetpack-related-posts":[{"id":56737,"url":"https:\/\/www.grieta.org.mx\/index.php\/2021\/02\/01\/vacunan-a-burocratas-y-a-cuates-antes-que-a-medicos-denuncian-trabajadores-de-salud-de-oaxaca\/","url_meta":{"origin":26560,"position":0},"title":"Vacunan a bur\u00f3cratas y a &#8220;cuates&#8221; antes que a m\u00e9dicos, denuncian trabajadores de salud de Oaxaca","author":"grieta","date":"1 febrero, 2021","format":false,"excerpt":"Proceso \/ Pedro Mat\u00edas. En redes sociales circulan fotograf\u00edas donde se observa un m\u00f3dulo instalado en el Hospital de la Ni\u00f1ez Oaxaque\u00f1a, lugar en el que se concentraron 20 trabajadores enviados por su jefe inmediato para vacunarse contra el covid-19, sin estar en la primera l\u00ednea de combate al virus.\u2026","rel":"","context":"En &quot;CINTILLO&quot;","block_context":{"text":"CINTILLO","link":"https:\/\/www.grieta.org.mx\/index.php\/category\/cintillo\/"},"img":{"alt_text":"","src":"https:\/\/i0.wp.com\/www.grieta.org.mx\/wp-content\/uploads\/2021\/02\/3.jpeg?resize=350%2C200&ssl=1","width":350,"height":200,"srcset":"https:\/\/i0.wp.com\/www.grieta.org.mx\/wp-content\/uploads\/2021\/02\/3.jpeg?resize=350%2C200&ssl=1 1x, https:\/\/i0.wp.com\/www.grieta.org.mx\/wp-content\/uploads\/2021\/02\/3.jpeg?resize=525%2C300&ssl=1 1.5x, https:\/\/i0.wp.com\/www.grieta.org.mx\/wp-content\/uploads\/2021\/02\/3.jpeg?resize=700%2C400&ssl=1 2x"},"classes":[]},{"id":13955,"url":"https:\/\/www.grieta.org.mx\/index.php\/2016\/06\/06\/marchan-trabajadores-del-hospital-civil-contra-reformas-estructurales\/","url_meta":{"origin":26560,"position":1},"title":"Marchan trabajadores del hospital civil contra reformas estructurales","author":"grieta","date":"6 junio, 2016","format":false,"excerpt":"Redacci\u00f3n Quadrat\u00edn Oaxaca, 6 de junio de 2016.- Integrantes del Sindicato Nacional de Trabajadores de los Servicios de Salud marcharon este lunes en protesta a las reformas estructurales y en apoyo de la Secci\u00f3n 22 del SNTE. Carlos Alberto P\u00e9rez Bautista, secretario general de la subsecci\u00f3n 07 del hospital \u2018Aurelio\u2026","rel":"","context":"En &quot;CINTILLO&quot;","block_context":{"text":"CINTILLO","link":"https:\/\/www.grieta.org.mx\/index.php\/category\/cintillo\/"},"img":{"alt_text":"","src":"https:\/\/i0.wp.com\/www.grieta.org.mx\/wp-content\/uploads\/2018\/03\/14524434_1106112876131411_958039263622046936_o.jpg?resize=350%2C200&ssl=1","width":350,"height":200,"srcset":"https:\/\/i0.wp.com\/www.grieta.org.mx\/wp-content\/uploads\/2018\/03\/14524434_1106112876131411_958039263622046936_o.jpg?resize=350%2C200&ssl=1 1x, https:\/\/i0.wp.com\/www.grieta.org.mx\/wp-content\/uploads\/2018\/03\/14524434_1106112876131411_958039263622046936_o.jpg?resize=525%2C300&ssl=1 1.5x, https:\/\/i0.wp.com\/www.grieta.org.mx\/wp-content\/uploads\/2018\/03\/14524434_1106112876131411_958039263622046936_o.jpg?resize=700%2C400&ssl=1 2x"},"classes":[]},{"id":21091,"url":"https:\/\/www.grieta.org.mx\/index.php\/2016\/09\/04\/se-quejan-trabajadores-de-salud-de-presunto-acoso-laboral-oaxaca\/","url_meta":{"origin":26560,"position":2},"title":"Se quejan trabajadores de salud de presunto acoso laboral  (OAXACA)","author":"grieta","date":"4 septiembre, 2016","format":false,"excerpt":"Luis Jer\u00f3nimo, Oaxaca. OAXACA, Oax., 4 de septiembre de 2016.- Integrantes de la Secci\u00f3n 9 del Sindicato Independiente Nacional de Trabajadores de Salud (SINTS) se quejaron de un presunto hostigamiento laboral en su contra y supuestos malos manejos en los recursos p\u00fablicos. Los inconformes, que mantienen desde hace dos d\u00edas\u2026","rel":"","context":"En &quot;CINTILLO&quot;","block_context":{"text":"CINTILLO","link":"https:\/\/www.grieta.org.mx\/index.php\/category\/cintillo\/"},"img":{"alt_text":"","src":"https:\/\/i0.wp.com\/www.grieta.org.mx\/wp-content\/uploads\/2018\/03\/14524434_1106112876131411_958039263622046936_o.jpg?resize=350%2C200&ssl=1","width":350,"height":200,"srcset":"https:\/\/i0.wp.com\/www.grieta.org.mx\/wp-content\/uploads\/2018\/03\/14524434_1106112876131411_958039263622046936_o.jpg?resize=350%2C200&ssl=1 1x, https:\/\/i0.wp.com\/www.grieta.org.mx\/wp-content\/uploads\/2018\/03\/14524434_1106112876131411_958039263622046936_o.jpg?resize=525%2C300&ssl=1 1.5x, https:\/\/i0.wp.com\/www.grieta.org.mx\/wp-content\/uploads\/2018\/03\/14524434_1106112876131411_958039263622046936_o.jpg?resize=700%2C400&ssl=1 2x"},"classes":[]},{"id":57320,"url":"https:\/\/www.grieta.org.mx\/index.php\/2021\/03\/05\/trabajadores-de-la-salud-de-oaxaca-bloquean-vias-para-exigir-vacuna-contra-covid-19\/","url_meta":{"origin":26560,"position":3},"title":"Trabajadores de la salud de Oaxaca bloquean v\u00edas para exigir vacuna contra covid-19","author":"grieta","date":"5 marzo, 2021","format":false,"excerpt":"Proceso \/ Pedro Mat\u00edas. Integrantes del Sindicato Nacional de Trabajadores de la Secretar\u00eda de Salud bloquearon seis v\u00edas para exigir que se aplique la vacuna contra el covid-19 a personal administrativo. OAXACA, Oax. (apro).- Con seis bloqueos carreteros en la regi\u00f3n del Istmo de Tehuantepec, integrantes del Sindicato Nacional de\u2026","rel":"","context":"En &quot;CINTILLO&quot;","block_context":{"text":"CINTILLO","link":"https:\/\/www.grieta.org.mx\/index.php\/category\/cintillo\/"},"img":{"alt_text":"","src":"https:\/\/i0.wp.com\/www.grieta.org.mx\/wp-content\/uploads\/2021\/03\/1.jpg?resize=350%2C200&ssl=1","width":350,"height":200,"srcset":"https:\/\/i0.wp.com\/www.grieta.org.mx\/wp-content\/uploads\/2021\/03\/1.jpg?resize=350%2C200&ssl=1 1x, https:\/\/i0.wp.com\/www.grieta.org.mx\/wp-content\/uploads\/2021\/03\/1.jpg?resize=525%2C300&ssl=1 1.5x, https:\/\/i0.wp.com\/www.grieta.org.mx\/wp-content\/uploads\/2021\/03\/1.jpg?resize=700%2C400&ssl=1 2x"},"classes":[]},{"id":14325,"url":"https:\/\/www.grieta.org.mx\/index.php\/2016\/06\/13\/paran-labores-en-hospital-general-de-juchitan\/","url_meta":{"origin":26560,"position":4},"title":"Paran labores en Hospital General de Juchit\u00e1n","author":"grieta","date":"13 junio, 2016","format":false,"excerpt":"P\u00e1gina 3. Diana Manzo, Juchit\u00e1n, Oaxaca.- Sin insumos, medicamentos y demanda de uniformes trabajadores del Sector Salud que laboran en el Hospital General \u201cMacedonio Ben\u00edtez Fuentes\u201d pararon labores y se mantienen en asamblea permanente. Los trabajadores se mantuvieron de brazos ca\u00eddos en el \u00e1rea administrativa y solo se atendi\u00f3 urgencias\u2026","rel":"","context":"En &quot;CINTILLO&quot;","block_context":{"text":"CINTILLO","link":"https:\/\/www.grieta.org.mx\/index.php\/category\/cintillo\/"},"img":{"alt_text":"","src":"https:\/\/i0.wp.com\/www.grieta.org.mx\/wp-content\/uploads\/2018\/03\/14524434_1106112876131411_958039263622046936_o.jpg?resize=350%2C200&ssl=1","width":350,"height":200,"srcset":"https:\/\/i0.wp.com\/www.grieta.org.mx\/wp-content\/uploads\/2018\/03\/14524434_1106112876131411_958039263622046936_o.jpg?resize=350%2C200&ssl=1 1x, https:\/\/i0.wp.com\/www.grieta.org.mx\/wp-content\/uploads\/2018\/03\/14524434_1106112876131411_958039263622046936_o.jpg?resize=525%2C300&ssl=1 1.5x, https:\/\/i0.wp.com\/www.grieta.org.mx\/wp-content\/uploads\/2018\/03\/14524434_1106112876131411_958039263622046936_o.jpg?resize=700%2C400&ssl=1 2x"},"classes":[]},{"id":51715,"url":"https:\/\/www.grieta.org.mx\/index.php\/2020\/07\/04\/por-falta-de-equipo-medico-trabajadores-del-hospital-regional-de-tuxtepec-paran-labores-oaxaca\/","url_meta":{"origin":26560,"position":5},"title":"Por falta de equipo m\u00e9dico, trabajadores del Hospital Regional de Tuxtepec paran labores (Oaxaca)","author":"grieta","date":"4 julio, 2020","format":false,"excerpt":"Proceso \/ Pedro Mat\u00edas. El Hospital Regional de Tuxtepec. Foto: Twitter @amorenos60 OAXACA, Oax. (apro).- Trabajadores del Hospital Regional de Tuxtepec iniciaron hoy un paro de labores para protestar por la falta de equipo m\u00e9dico, cuando esa regi\u00f3n ocupa el segundo lugar en incidencia por casos de covid-19 y defunciones\u2026","rel":"","context":"En &quot;CINTILLO&quot;","block_context":{"text":"CINTILLO","link":"https:\/\/www.grieta.org.mx\/index.php\/category\/cintillo\/"},"img":{"alt_text":"","src":"https:\/\/i0.wp.com\/www.grieta.org.mx\/wp-content\/uploads\/2020\/07\/Hospital-Tuxtepec-850x522.jpg?resize=350%2C200&ssl=1","width":350,"height":200,"srcset":"https:\/\/i0.wp.com\/www.grieta.org.mx\/wp-content\/uploads\/2020\/07\/Hospital-Tuxtepec-850x522.jpg?resize=350%2C200&ssl=1 1x, https:\/\/i0.wp.com\/www.grieta.org.mx\/wp-content\/uploads\/2020\/07\/Hospital-Tuxtepec-850x522.jpg?resize=525%2C300&ssl=1 1.5x, https:\/\/i0.wp.com\/www.grieta.org.mx\/wp-content\/uploads\/2020\/07\/Hospital-Tuxtepec-850x522.jpg?resize=700%2C400&ssl=1 2x"},"classes":[]}],"_links":{"self":[{"href":"https:\/\/www.grieta.org.mx\/index.php\/wp-json\/wp\/v2\/posts\/26560","targetHints":{"allow":["GET"]}}],"collection":[{"href":"https:\/\/www.grieta.org.mx\/index.php\/wp-json\/wp\/v2\/posts"}],"about":[{"href":"https:\/\/www.grieta.org.mx\/index.php\/wp-json\/wp\/v2\/types\/post"}],"author":[{"embeddable":true,"href":"https:\/\/www.grieta.org.mx\/index.php\/wp-json\/wp\/v2\/users\/2"}],"replies":[{"embeddable":true,"href":"https:\/\/www.grieta.org.mx\/index.php\/wp-json\/wp\/v2\/comments?post=26560"}],"version-history":[{"count":1,"href":"https:\/\/www.grieta.org.mx\/index.php\/wp-json\/wp\/v2\/posts\/26560\/revisions"}],"predecessor-version":[{"id":26562,"href":"https:\/\/www.grieta.org.mx\/index.php\/wp-json\/wp\/v2\/posts\/26560\/revisions\/26562"}],"wp:featuredmedia":[{"embeddable":true,"href":"https:\/\/www.grieta.org.mx\/index.php\/wp-json\/wp\/v2\/media\/26561"}],"wp:attachment":[{"href":"https:\/\/www.grieta.org.mx\/index.php\/wp-json\/wp\/v2\/media?parent=26560"}],"wp:term":[{"taxonomy":"category","embeddable":true,"href":"https:\/\/www.grieta.org.mx\/index.php\/wp-json\/wp\/v2\/categories?post=26560"},{"taxonomy":"post_tag","embeddable":true,"href":"https:\/\/www.grieta.org.mx\/index.php\/wp-json\/wp\/v2\/tags?post=26560"}],"curies":[{"name":"wp","href":"https:\/\/api.w.org\/{rel}","templated":true}]}}