{"id":26491,"date":"2018-08-28T22:16:37","date_gmt":"2018-08-29T03:16:37","guid":{"rendered":"http:\/\/www.grieta.org.mx\/?p=26491"},"modified":"2018-09-17T22:22:36","modified_gmt":"2018-09-18T03:22:36","slug":"hallan-mas-de-300-tortugas-muertas-atrapadas-en-trasmallo-de-barco-en-costas-de-oaxaca","status":"publish","type":"post","link":"https:\/\/www.grieta.org.mx\/index.php\/2018\/08\/28\/hallan-mas-de-300-tortugas-muertas-atrapadas-en-trasmallo-de-barco-en-costas-de-oaxaca\/","title":{"rendered":"Hallan m\u00e1s de 300 tortugas muertas atrapadas en trasmallo de barco en costas de Oaxaca"},"content":{"rendered":"<p>Noticias.<\/p>\n<p>Giovanna Mart\u00ednez,<\/p>\n<p>La especie se encuentra en peligro de extinci\u00f3n<br \/>\n<img loading=\"lazy\" decoding=\"async\" data-attachment-id=\"26492\" data-permalink=\"https:\/\/www.grieta.org.mx\/index.php\/2018\/08\/28\/hallan-mas-de-300-tortugas-muertas-atrapadas-en-trasmallo-de-barco-en-costas-de-oaxaca\/8af803b4-0de1-4353-af38-7223d80531c8\/\" data-orig-file=\"https:\/\/www.grieta.org.mx\/wp-content\/uploads\/2018\/09\/8af803b4-0de1-4353-af38-7223d80531c8.jpg\" data-orig-size=\"1144,645\" data-comments-opened=\"0\" data-image-meta=\"{&quot;aperture&quot;:&quot;0&quot;,&quot;credit&quot;:&quot;&quot;,&quot;camera&quot;:&quot;&quot;,&quot;caption&quot;:&quot;&quot;,&quot;created_timestamp&quot;:&quot;0&quot;,&quot;copyright&quot;:&quot;&quot;,&quot;focal_length&quot;:&quot;0&quot;,&quot;iso&quot;:&quot;0&quot;,&quot;shutter_speed&quot;:&quot;0&quot;,&quot;title&quot;:&quot;&quot;,&quot;orientation&quot;:&quot;0&quot;}\" data-image-title=\"8af803b4-0de1-4353-af38-7223d80531c8\" data-image-description=\"\" data-image-caption=\"\" data-medium-file=\"https:\/\/www.grieta.org.mx\/wp-content\/uploads\/2018\/09\/8af803b4-0de1-4353-af38-7223d80531c8-300x169.jpg\" data-large-file=\"https:\/\/www.grieta.org.mx\/wp-content\/uploads\/2018\/09\/8af803b4-0de1-4353-af38-7223d80531c8-1024x577.jpg\" src=\"http:\/\/www.grieta.org.mx\/wp-content\/uploads\/2018\/09\/8af803b4-0de1-4353-af38-7223d80531c8-300x169.jpg\" alt=\"\" width=\"300\" height=\"169\" class=\"aligncenter size-medium wp-image-26492\" srcset=\"https:\/\/www.grieta.org.mx\/wp-content\/uploads\/2018\/09\/8af803b4-0de1-4353-af38-7223d80531c8-300x169.jpg 300w, https:\/\/www.grieta.org.mx\/wp-content\/uploads\/2018\/09\/8af803b4-0de1-4353-af38-7223d80531c8-768x433.jpg 768w, https:\/\/www.grieta.org.mx\/wp-content\/uploads\/2018\/09\/8af803b4-0de1-4353-af38-7223d80531c8-1024x577.jpg 1024w, https:\/\/www.grieta.org.mx\/wp-content\/uploads\/2018\/09\/8af803b4-0de1-4353-af38-7223d80531c8-887x500.jpg 887w, https:\/\/www.grieta.org.mx\/wp-content\/uploads\/2018\/09\/8af803b4-0de1-4353-af38-7223d80531c8.jpg 1144w\" sizes=\"auto, (max-width: 300px) 100vw, 300px\" \/><\/p>\n<p>M\u00e1s de 300 tortugas golfinas fueron halladas muertas en las costas de Oaxaca. Dicha especie est\u00e1 declarada en peligro de extinci\u00f3n.<\/p>\n<p>El hallazgo se report\u00f3 la ma\u00f1ana de este martes. Las tortugas se encontraban atrapadas en el trasmallo de un barco atunero. Todas estaban sin vida, y se presume que llevan varios d\u00edas en estado de descomposici\u00f3n en el Oc\u00e9ano Pac\u00edfico.<\/p>\n<p><img loading=\"lazy\" decoding=\"async\" data-attachment-id=\"26493\" data-permalink=\"https:\/\/www.grieta.org.mx\/index.php\/2018\/08\/28\/hallan-mas-de-300-tortugas-muertas-atrapadas-en-trasmallo-de-barco-en-costas-de-oaxaca\/5f69bc03-1094-4b39-b48c-1f2cd7c763c7\/\" data-orig-file=\"https:\/\/www.grieta.org.mx\/wp-content\/uploads\/2018\/09\/5f69bc03-1094-4b39-b48c-1f2cd7c763c7.jpg\" data-orig-size=\"1040,585\" data-comments-opened=\"0\" data-image-meta=\"{&quot;aperture&quot;:&quot;0&quot;,&quot;credit&quot;:&quot;&quot;,&quot;camera&quot;:&quot;&quot;,&quot;caption&quot;:&quot;&quot;,&quot;created_timestamp&quot;:&quot;0&quot;,&quot;copyright&quot;:&quot;&quot;,&quot;focal_length&quot;:&quot;0&quot;,&quot;iso&quot;:&quot;0&quot;,&quot;shutter_speed&quot;:&quot;0&quot;,&quot;title&quot;:&quot;&quot;,&quot;orientation&quot;:&quot;0&quot;}\" data-image-title=\"5f69bc03-1094-4b39-b48c-1f2cd7c763c7\" data-image-description=\"\" data-image-caption=\"\" data-medium-file=\"https:\/\/www.grieta.org.mx\/wp-content\/uploads\/2018\/09\/5f69bc03-1094-4b39-b48c-1f2cd7c763c7-300x169.jpg\" data-large-file=\"https:\/\/www.grieta.org.mx\/wp-content\/uploads\/2018\/09\/5f69bc03-1094-4b39-b48c-1f2cd7c763c7-1024x576.jpg\" src=\"http:\/\/www.grieta.org.mx\/wp-content\/uploads\/2018\/09\/5f69bc03-1094-4b39-b48c-1f2cd7c763c7-300x169.jpg\" alt=\"\" width=\"300\" height=\"169\" class=\"aligncenter size-medium wp-image-26493\" srcset=\"https:\/\/www.grieta.org.mx\/wp-content\/uploads\/2018\/09\/5f69bc03-1094-4b39-b48c-1f2cd7c763c7-300x169.jpg 300w, https:\/\/www.grieta.org.mx\/wp-content\/uploads\/2018\/09\/5f69bc03-1094-4b39-b48c-1f2cd7c763c7-768x432.jpg 768w, https:\/\/www.grieta.org.mx\/wp-content\/uploads\/2018\/09\/5f69bc03-1094-4b39-b48c-1f2cd7c763c7-1024x576.jpg 1024w, https:\/\/www.grieta.org.mx\/wp-content\/uploads\/2018\/09\/5f69bc03-1094-4b39-b48c-1f2cd7c763c7-889x500.jpg 889w, https:\/\/www.grieta.org.mx\/wp-content\/uploads\/2018\/09\/5f69bc03-1094-4b39-b48c-1f2cd7c763c7.jpg 1040w\" sizes=\"auto, (max-width: 300px) 100vw, 300px\" \/><\/p>\n<p>El coordinador de Protecci\u00f3n Civil de San Pedro Mixtepec, Jos\u00e9 Antonio Ram\u00edrez Garc\u00eda, detall\u00f3 que mediante una llamada an\u00f3nima reportaron el hallazgo de las tortugas atrapadas, por lo que procedieron a trasladarse a la zona con la intenci\u00f3n de liberarlas, pero al llegar, se percataron que todas estaban muertas y que llevaban varios d\u00edas en alta mar.<\/p>\n<p>Agreg\u00f3 que de acuerdo a las versiones de los pescadores, la red se le extravi\u00f3 a alg\u00fan barco y provoc\u00f3 que a su paso por la corriente del mar atrapara a los reptiles.<\/p>\n<p>Estim\u00f3 que las tortugas llevan m\u00e1s de ocho d\u00edas muertas, por lo que se presume fueron arrastradas a las costas de Oaxaca.<\/p>\n<p>El hallazgo se realiz\u00f3 a tres millas de la barra de Colotepec, y de acuerdo con el coordinador, se reportaron dos trasmallos con tortugas atrapadas, pero el segundo  a\u00fan no ha sido hallado.<\/p>\n<p><img loading=\"lazy\" decoding=\"async\" data-attachment-id=\"26494\" data-permalink=\"https:\/\/www.grieta.org.mx\/index.php\/2018\/08\/28\/hallan-mas-de-300-tortugas-muertas-atrapadas-en-trasmallo-de-barco-en-costas-de-oaxaca\/2d0a2ad1-0024-40f2-8fc6-c092cd4c5dd8\/\" data-orig-file=\"https:\/\/www.grieta.org.mx\/wp-content\/uploads\/2018\/09\/2d0a2ad1-0024-40f2-8fc6-c092cd4c5dd8.jpg\" data-orig-size=\"1040,585\" data-comments-opened=\"0\" data-image-meta=\"{&quot;aperture&quot;:&quot;0&quot;,&quot;credit&quot;:&quot;&quot;,&quot;camera&quot;:&quot;&quot;,&quot;caption&quot;:&quot;&quot;,&quot;created_timestamp&quot;:&quot;0&quot;,&quot;copyright&quot;:&quot;&quot;,&quot;focal_length&quot;:&quot;0&quot;,&quot;iso&quot;:&quot;0&quot;,&quot;shutter_speed&quot;:&quot;0&quot;,&quot;title&quot;:&quot;&quot;,&quot;orientation&quot;:&quot;0&quot;}\" data-image-title=\"2d0a2ad1-0024-40f2-8fc6-c092cd4c5dd8\" data-image-description=\"\" data-image-caption=\"\" data-medium-file=\"https:\/\/www.grieta.org.mx\/wp-content\/uploads\/2018\/09\/2d0a2ad1-0024-40f2-8fc6-c092cd4c5dd8-300x169.jpg\" data-large-file=\"https:\/\/www.grieta.org.mx\/wp-content\/uploads\/2018\/09\/2d0a2ad1-0024-40f2-8fc6-c092cd4c5dd8-1024x576.jpg\" src=\"http:\/\/www.grieta.org.mx\/wp-content\/uploads\/2018\/09\/2d0a2ad1-0024-40f2-8fc6-c092cd4c5dd8-300x169.jpg\" alt=\"\" width=\"300\" height=\"169\" class=\"aligncenter size-medium wp-image-26494\" srcset=\"https:\/\/www.grieta.org.mx\/wp-content\/uploads\/2018\/09\/2d0a2ad1-0024-40f2-8fc6-c092cd4c5dd8-300x169.jpg 300w, https:\/\/www.grieta.org.mx\/wp-content\/uploads\/2018\/09\/2d0a2ad1-0024-40f2-8fc6-c092cd4c5dd8-768x432.jpg 768w, https:\/\/www.grieta.org.mx\/wp-content\/uploads\/2018\/09\/2d0a2ad1-0024-40f2-8fc6-c092cd4c5dd8-1024x576.jpg 1024w, https:\/\/www.grieta.org.mx\/wp-content\/uploads\/2018\/09\/2d0a2ad1-0024-40f2-8fc6-c092cd4c5dd8-889x500.jpg 889w, https:\/\/www.grieta.org.mx\/wp-content\/uploads\/2018\/09\/2d0a2ad1-0024-40f2-8fc6-c092cd4c5dd8.jpg 1040w\" sizes=\"auto, (max-width: 300px) 100vw, 300px\" \/><\/p>\n<p>El pescador Antonio Mendoza descart\u00f3 que la red que atrap\u00f3 a las tortugas sea de alguno de los pescadores de la zona, y al parecer pertenece a un barco atunero, de acuerdo a sus caracter\u00edsticas.<\/p>\n<p>Agreg\u00f3 que desde hace varios d\u00edas entre pescadores hab\u00edan reportado esta red, pero ninguna autoridad hizo nada al respecto, hasta que se acerc\u00f3 a las costas de Puerto Escondido.<\/p>\n<p>Pescadores junto con personal de Protecci\u00f3n Civil municipal remolcaron la red con las tortugas a la barra de Colotepec en Puerto Escondido para su entierro.<\/p>\n<p>Los pescadores lamentaron que personal de la Marina no haya coadyuvado a las labores de remolque a pesar de que fueron alertados de esta situaci\u00f3n tres horas antes.<\/p>\n<p><a href=\"https:\/\/www.nvinoticias.com\/nota\/99939\/hallan-mas-de-300-tortugas-muertas-atrapadas-en-trasmallo-de-barco-en-costas-de-oaxaca\" rel=\"noopener\" target=\"_blank\">https:\/\/www.nvinoticias.com\/nota\/99939\/hallan-mas-de-300-tortugas-muertas-atrapadas-en-trasmallo-de-barco-en-costas-de-oaxaca<\/a><\/p>\n","protected":false},"excerpt":{"rendered":"<p>Noticias. Giovanna Mart\u00ednez, La especie se encuentra en peligro de extinci\u00f3n M\u00e1s de 300 tortugas golfinas fueron halladas muertas en las costas de Oaxaca. Dicha especie est\u00e1 declarada en peligro &hellip; <a href=\"https:\/\/www.grieta.org.mx\/index.php\/2018\/08\/28\/hallan-mas-de-300-tortugas-muertas-atrapadas-en-trasmallo-de-barco-en-costas-de-oaxaca\/\" class=\"more-link\">Leer m\u00e1s<\/a><\/p>\n","protected":false},"author":2,"featured_media":26493,"comment_status":"closed","ping_status":"closed","sticky":false,"template":"","format":"standard","meta":{"ngg_post_thumbnail":0,"_jetpack_newsletter_access":"","_jetpack_dont_email_post_to_subs":false,"_jetpack_newsletter_tier_id":0,"_jetpack_memberships_contains_paywalled_content":false,"_jetpack_memberships_contains_paid_content":false,"footnotes":""},"categories":[80,1727,2,25],"tags":[],"class_list":["post-26491","post","type-post","status-publish","format-standard","has-post-thumbnail","hentry","category-cintillo","category-destruccion-ambiental-en-oaxaca","category-noticias-nacionales","category-oaxaca","entry"],"jetpack_featured_media_url":"https:\/\/www.grieta.org.mx\/wp-content\/uploads\/2018\/09\/5f69bc03-1094-4b39-b48c-1f2cd7c763c7.jpg","jetpack_sharing_enabled":true,"jetpack_shortlink":"https:\/\/wp.me\/p7ZJR4-6Th","jetpack_likes_enabled":false,"jetpack-related-posts":[{"id":43694,"url":"https:\/\/www.grieta.org.mx\/index.php\/2020\/01\/26\/tortugas-marinas-aparecen-muertas-en-costas-de-alvarado-veracruz\/","url_meta":{"origin":26491,"position":0},"title":"Tortugas marinas aparecen muertas en costas de Alvarado (Veracruz)","author":"grieta","date":"26 enero, 2020","format":false,"excerpt":"Tras el hallazgo de dos espec\u00edmenes este domingo, pobladores de la regi\u00f3n temen que est\u00e9n en riesgo por contaminaci\u00f3n V\u00edctor Toriz \/ e-veracruz.com Alvarado, Ver.- Dos tortugas marinas al parecer de la especie verde, aparecieron muertas en las playas de la comunidad de Mata de Uva, en el municipio de\u2026","rel":"","context":"En &quot;CINTILLO&quot;","block_context":{"text":"CINTILLO","link":"https:\/\/www.grieta.org.mx\/index.php\/category\/cintillo\/"},"img":{"alt_text":"","src":"https:\/\/i0.wp.com\/www.grieta.org.mx\/wp-content\/uploads\/2020\/01\/whatsapp_image_2020-01-26_at_12.19.55_pm.jpeg?resize=350%2C200&ssl=1","width":350,"height":200,"srcset":"https:\/\/i0.wp.com\/www.grieta.org.mx\/wp-content\/uploads\/2020\/01\/whatsapp_image_2020-01-26_at_12.19.55_pm.jpeg?resize=350%2C200&ssl=1 1x, https:\/\/i0.wp.com\/www.grieta.org.mx\/wp-content\/uploads\/2020\/01\/whatsapp_image_2020-01-26_at_12.19.55_pm.jpeg?resize=525%2C300&ssl=1 1.5x, https:\/\/i0.wp.com\/www.grieta.org.mx\/wp-content\/uploads\/2020\/01\/whatsapp_image_2020-01-26_at_12.19.55_pm.jpeg?resize=700%2C400&ssl=1 2x"},"classes":[]},{"id":43951,"url":"https:\/\/www.grieta.org.mx\/index.php\/2020\/01\/31\/alerta-por-muerte-de-tortugas-marinas-entre-malas-practicas-pesqueras-y-contaminacion-veracruz\/","url_meta":{"origin":26491,"position":1},"title":"Alerta por muerte de tortugas marinas: entre malas pr\u00e1cticas pesqueras y contaminaci\u00f3n (Veracruz)","author":"grieta","date":"31 enero, 2020","format":false,"excerpt":"V\u00cdCTOR M. TORIZ \/ La Silla Rota Las muertes se presentan en bah\u00edas dentro del per\u00edmetro del Parque Nacional Sistema Arrecifal Veracruzano, que se supone vigilado por autoridades de la Conanp El hallazgo de cinco ejemplares de tortuga verde, especies en peligro de extinci\u00f3n, en playas de Alvarado alertaron a\u2026","rel":"","context":"En &quot;CINTILLO&quot;","block_context":{"text":"CINTILLO","link":"https:\/\/www.grieta.org.mx\/index.php\/category\/cintillo\/"},"img":{"alt_text":"","src":"https:\/\/i0.wp.com\/www.grieta.org.mx\/wp-content\/uploads\/2020\/02\/bannveracruz1nota-focus-0-0-983-557.jpg?resize=350%2C200&ssl=1","width":350,"height":200,"srcset":"https:\/\/i0.wp.com\/www.grieta.org.mx\/wp-content\/uploads\/2020\/02\/bannveracruz1nota-focus-0-0-983-557.jpg?resize=350%2C200&ssl=1 1x, https:\/\/i0.wp.com\/www.grieta.org.mx\/wp-content\/uploads\/2020\/02\/bannveracruz1nota-focus-0-0-983-557.jpg?resize=525%2C300&ssl=1 1.5x, https:\/\/i0.wp.com\/www.grieta.org.mx\/wp-content\/uploads\/2020\/02\/bannveracruz1nota-focus-0-0-983-557.jpg?resize=700%2C400&ssl=1 2x"},"classes":[]},{"id":36623,"url":"https:\/\/www.grieta.org.mx\/index.php\/2019\/07\/17\/semarnat-aprobo-proyecto-hotelero-que-destruye-el-habitat-de-tortugas-marinas-quintana-roo\/","url_meta":{"origin":26491,"position":2},"title":"Semarnat aprob\u00f3 proyecto hotelero que destruye el h\u00e1bitat de tortugas marinas (Quintana Roo)","author":"grieta","date":"17 julio, 2019","format":false,"excerpt":"Cultura Colectiva\/Fotos Gema del Mayab El proyecto hotelero aprobado por la Semarnat pone en peligro a distintas especies de tortugas marinas, pues es en esa zona donde anidan. Hace un a\u00f1o, cinco organizaciones ambientalistas, el Instituto Nacional de Ecolog\u00eda y Cambio Clim\u00e1tico (INECC), y el Instituto de Ingenier\u00eda de la\u2026","rel":"","context":"En &quot;CINTILLO&quot;","block_context":{"text":"CINTILLO","link":"https:\/\/www.grieta.org.mx\/index.php\/category\/cintillo\/"},"img":{"alt_text":"","src":"https:\/\/i0.wp.com\/www.grieta.org.mx\/wp-content\/uploads\/2019\/07\/Tortuga1-e1563587348336.png?resize=350%2C200&ssl=1","width":350,"height":200,"srcset":"https:\/\/i0.wp.com\/www.grieta.org.mx\/wp-content\/uploads\/2019\/07\/Tortuga1-e1563587348336.png?resize=350%2C200&ssl=1 1x, https:\/\/i0.wp.com\/www.grieta.org.mx\/wp-content\/uploads\/2019\/07\/Tortuga1-e1563587348336.png?resize=525%2C300&ssl=1 1.5x, https:\/\/i0.wp.com\/www.grieta.org.mx\/wp-content\/uploads\/2019\/07\/Tortuga1-e1563587348336.png?resize=700%2C400&ssl=1 2x"},"classes":[]},{"id":26052,"url":"https:\/\/www.grieta.org.mx\/index.php\/2018\/08\/31\/vecinos-de-la-playa-punta-arena-bcs-denuncian-dano-a-santuario-de-tortugas-por-extraccion-de-arena\/","url_meta":{"origin":26491,"position":3},"title":"Vecinos de la playa Punta Arena, BCS, denuncian da\u00f1o a santuario de tortugas por extracci\u00f3n de arena","author":"grieta","date":"31 agosto, 2018","format":false,"excerpt":"Sin Embargo. La reproducci\u00f3n de las tortugas est\u00e1 en peligro. Foto: EFE La arena de la playa Punta Arena, en Baja California Sur, es extra\u00edda de manera irregular y para fines comerciales, denunciaron vecinos del lugar. La actividad afecta a las tortugas, pues esa playa sirve como importante santuario de\u2026","rel":"","context":"En &quot;Baja California Sur&quot;","block_context":{"text":"Baja California Sur","link":"https:\/\/www.grieta.org.mx\/index.php\/category\/noticias-nacionales\/baja-california-sur\/"},"img":{"alt_text":"","src":"https:\/\/i0.wp.com\/www.grieta.org.mx\/wp-content\/uploads\/2018\/09\/playas.jpg?resize=350%2C200&ssl=1","width":350,"height":200,"srcset":"https:\/\/i0.wp.com\/www.grieta.org.mx\/wp-content\/uploads\/2018\/09\/playas.jpg?resize=350%2C200&ssl=1 1x, https:\/\/i0.wp.com\/www.grieta.org.mx\/wp-content\/uploads\/2018\/09\/playas.jpg?resize=525%2C300&ssl=1 1.5x, https:\/\/i0.wp.com\/www.grieta.org.mx\/wp-content\/uploads\/2018\/09\/playas.jpg?resize=700%2C400&ssl=1 2x"},"classes":[]},{"id":14343,"url":"https:\/\/www.grieta.org.mx\/index.php\/2016\/06\/15\/investiga-profepa-muerte-de-35-tortugas-marinas-en-santa-rosalia-descartan-sea-por-pesca\/","url_meta":{"origin":26491,"position":4},"title":"Investiga Profepa muerte de 35 tortugas marinas en Santa Rosal\u00eda; descartan sea por pesca","author":"grieta","date":"15 junio, 2016","format":false,"excerpt":"Por Redacci\u00f3n BCS Noticias Del total de los ejemplares localizados en la primera semana de junio, 34 corresponden a la especie de tortuga prieta y uno m\u00e1s a la especie golfina, da a conocer la Procuradur\u00eda Federal de Protecci\u00f3n al Ambiente Santa Rosal\u00eda, Baja California Sur (BCS). En coordinaci\u00f3n con\u2026","rel":"","context":"En &quot;CINTILLO&quot;","block_context":{"text":"CINTILLO","link":"https:\/\/www.grieta.org.mx\/index.php\/category\/cintillo\/"},"img":{"alt_text":"","src":"https:\/\/i0.wp.com\/www.grieta.org.mx\/wp-content\/uploads\/2018\/03\/14524434_1106112876131411_958039263622046936_o.jpg?resize=350%2C200&ssl=1","width":350,"height":200,"srcset":"https:\/\/i0.wp.com\/www.grieta.org.mx\/wp-content\/uploads\/2018\/03\/14524434_1106112876131411_958039263622046936_o.jpg?resize=350%2C200&ssl=1 1x, https:\/\/i0.wp.com\/www.grieta.org.mx\/wp-content\/uploads\/2018\/03\/14524434_1106112876131411_958039263622046936_o.jpg?resize=525%2C300&ssl=1 1.5x, https:\/\/i0.wp.com\/www.grieta.org.mx\/wp-content\/uploads\/2018\/03\/14524434_1106112876131411_958039263622046936_o.jpg?resize=700%2C400&ssl=1 2x"},"classes":[]},{"id":14356,"url":"https:\/\/www.grieta.org.mx\/index.php\/2016\/06\/16\/desague-de-boleo-podria-ser-causa-de-muerte-de-las-tortugas-dicen-pescadores\/","url_meta":{"origin":26491,"position":5},"title":"Desag\u00fce de Boleo podr\u00eda ser causa de muerte de las tortugas, dicen pescadores","author":"grieta","date":"16 junio, 2016","format":false,"excerpt":"Por Rafael Mur\u00faa Pescadores de Santa Rosal\u00eda, consultados por El Sudcaliforniano, se\u00f1alan que la mortandad de tortugas que se registra en Santa Rosal\u00eda es atribuible a las altas temperaturas en el agua que provoca el desag\u00fce de la minera El Boleo, empresa que utiliza millones de metros c\u00fabicos de agua\u2026","rel":"","context":"En &quot;CINTILLO&quot;","block_context":{"text":"CINTILLO","link":"https:\/\/www.grieta.org.mx\/index.php\/category\/cintillo\/"},"img":{"alt_text":"","src":"https:\/\/i0.wp.com\/www.grieta.org.mx\/wp-content\/uploads\/2018\/03\/14524434_1106112876131411_958039263622046936_o.jpg?resize=350%2C200&ssl=1","width":350,"height":200,"srcset":"https:\/\/i0.wp.com\/www.grieta.org.mx\/wp-content\/uploads\/2018\/03\/14524434_1106112876131411_958039263622046936_o.jpg?resize=350%2C200&ssl=1 1x, https:\/\/i0.wp.com\/www.grieta.org.mx\/wp-content\/uploads\/2018\/03\/14524434_1106112876131411_958039263622046936_o.jpg?resize=525%2C300&ssl=1 1.5x, https:\/\/i0.wp.com\/www.grieta.org.mx\/wp-content\/uploads\/2018\/03\/14524434_1106112876131411_958039263622046936_o.jpg?resize=700%2C400&ssl=1 2x"},"classes":[]}],"_links":{"self":[{"href":"https:\/\/www.grieta.org.mx\/index.php\/wp-json\/wp\/v2\/posts\/26491","targetHints":{"allow":["GET"]}}],"collection":[{"href":"https:\/\/www.grieta.org.mx\/index.php\/wp-json\/wp\/v2\/posts"}],"about":[{"href":"https:\/\/www.grieta.org.mx\/index.php\/wp-json\/wp\/v2\/types\/post"}],"author":[{"embeddable":true,"href":"https:\/\/www.grieta.org.mx\/index.php\/wp-json\/wp\/v2\/users\/2"}],"replies":[{"embeddable":true,"href":"https:\/\/www.grieta.org.mx\/index.php\/wp-json\/wp\/v2\/comments?post=26491"}],"version-history":[{"count":1,"href":"https:\/\/www.grieta.org.mx\/index.php\/wp-json\/wp\/v2\/posts\/26491\/revisions"}],"predecessor-version":[{"id":26495,"href":"https:\/\/www.grieta.org.mx\/index.php\/wp-json\/wp\/v2\/posts\/26491\/revisions\/26495"}],"wp:featuredmedia":[{"embeddable":true,"href":"https:\/\/www.grieta.org.mx\/index.php\/wp-json\/wp\/v2\/media\/26493"}],"wp:attachment":[{"href":"https:\/\/www.grieta.org.mx\/index.php\/wp-json\/wp\/v2\/media?parent=26491"}],"wp:term":[{"taxonomy":"category","embeddable":true,"href":"https:\/\/www.grieta.org.mx\/index.php\/wp-json\/wp\/v2\/categories?post=26491"},{"taxonomy":"post_tag","embeddable":true,"href":"https:\/\/www.grieta.org.mx\/index.php\/wp-json\/wp\/v2\/tags?post=26491"}],"curies":[{"name":"wp","href":"https:\/\/api.w.org\/{rel}","templated":true}]}}