{"id":26469,"date":"2017-11-13T22:32:38","date_gmt":"2017-11-14T04:32:38","guid":{"rendered":"http:\/\/www.grieta.org.mx\/?p=26469"},"modified":"2018-09-16T22:39:24","modified_gmt":"2018-09-17T03:39:24","slug":"oaxaca-defensa-nacional-cambia-estrategia-para-instalar-base-militar-en-tlacolula","status":"publish","type":"post","link":"https:\/\/www.grieta.org.mx\/index.php\/2017\/11\/13\/oaxaca-defensa-nacional-cambia-estrategia-para-instalar-base-militar-en-tlacolula\/","title":{"rendered":"Oaxaca: Defensa Nacional cambia estrategia para instalar base militar en Tlacolula"},"content":{"rendered":"<p>Avispa Midia,<\/p>\n<p>\u00d1an\u00ed Pinto,<\/p>\n<p>Desde una orden del gobierno federal, el gobernador del estado de Oaxaca, Alejandro Murat, anunci\u00f3, en los primeros meses de este a\u00f1o 2017, que el campo de la 28 Zona Militar, hoy ubicado en el municipio de Santa Lucia del Camino, ser\u00eda reubicado y ampliado con infraestructura y con el n\u00famero de militares en el municipio de Tlacolula de Matamoros, a tan solo 30 kil\u00f3metros de la ciudad de Oaxaca. Este anuncio provoc\u00f3 una respuesta inmediata de los habitantes de esta regi\u00f3n para expresar que no permitir\u00edan la instalaci\u00f3n de dicha base.<\/p>\n<p>Para dicha reubicaci\u00f3n de este nuevo complejo militar, en un primero momento, se plante\u00f3 al gobierno estatal la donaci\u00f3n de 300 hect\u00e1reas de tierras comunales, aunque dichas tierras est\u00e1n jur\u00eddicamente bajo responsabilidad y resguardo de los comuneros de esta regi\u00f3n, donde la m\u00e1xima autoridad son las asambleas comunitarias. El primer intento por parte de la SEDENA y del gobierno estatal fue acercarse a San Mateo Macuilx\u00f3chitl, donde fueron rechazados en asamblea general. Despu\u00e9s se acercaron a la comunidad vecina de Teotitl\u00e1n del Valle y, por \u00faltimo, a Tlacolula de Matamoros y Villa de Mitla donde tambi\u00e9n obtuvieron la misma respuesta de las asambleas.<\/p>\n<p>Al parecer el gobierno y la Secretar\u00eda de Defensa Nacional (SEDENA), tras la decisi\u00f3n de la poblaci\u00f3n, por asamblea, de no aceptar la base militar y, por lo tanto, no ceder sus tierras, hab\u00edan cambiado la intenci\u00f3n de la reubicaci\u00f3n, pero lo que sucedi\u00f3 fue un cambio de estrategia.<\/p>\n<p>Contrataron a una empresa inmobiliaria que ha estado utilizando gente de la misma comunidad para facilitar la compra de tierras de manera individual. \u201cEsta vez, una empresa cuyo nombre se ha negado a proporcionar a los propietarios de dichos terrenos, se ha acercado a trav\u00e9s de intermediarios para no s\u00f3lo hacer expl\u00edcita su oferta, sino para acordar un precio espec\u00edfico por metro cuadrado, mismo que se liquidar\u00e1 del 20 al 30 de este mes de noviembre del 2017, sin mencionar que estas tierras ser\u00e1n utilizadas para instalar la Base Militar\u201d, denuncian los pobladores del municipio de Tlacolula de Matamoros, en un comunicado emitido este 13 de noviembre de 2017.<\/p>\n<p>\u201cEllos primero se acercaron pidiendo las copias de los documentos de sus tierras y ofreciendo entre 150 y 170 pesos por metro cuadrado. Ahora, se agrega un problema m\u00e1s, la especulaci\u00f3n por los precios de las tierras. Ya que a la gente le est\u00e1n ofreciendo una cantidad irrisoria para despojarlos y despu\u00e9s aumentar a cinco o siete veces m\u00e1s su precio\u201d, dijo para Avispa Midia Javier Ruiz, miembro del Grupo de Investigaci\u00f3n- Acci\u00f3n Aut\u00f3noma, quien ha dado acompa\u00f1amiento a las comunidades de la regi\u00f3n.<\/p>\n<p>Para los habitantes de este municipio se han despertado diversas preocupaciones sobre los impactos que traer\u00e1n consigo este campo militar. \u201cImpactos ambiental, social y cultural generados por nuevos fraccionamientos (habitacionales) y complejos comerciales\u201d, se\u00f1alan en su comunicado.<\/p>\n<p>Efectivamente, en el mes de marzo de este a\u00f1o 2017, el General de Divisi\u00f3n Diplomado del Estado Mayor (DEM), Alfonso Duarte M\u00fajica, confirm\u00f3 que la base de la SEDENA podr\u00eda ser un detonante de derrama econ\u00f3mica para las comunidades aleda\u00f1as con la presencia de m\u00e1s de 5 mil militares. Ya que el flujo econ\u00f3mico mensual para esta base es de aproximadamente 25 millones de pesos, entre salarios de la tropa, oficiales, generales, etc\u00e9tera; \u201c\u00e9stos recursos\u201d, dijo, \u201cpodr\u00edan ser aprovechados por los comercios, hoteles, restaurantes y empresas de transportes de la zona donde se instale la nueva zona del Ej\u00e9rcito\u201d.<\/p>\n<p><img loading=\"lazy\" decoding=\"async\" data-attachment-id=\"26470\" data-permalink=\"https:\/\/www.grieta.org.mx\/index.php\/2017\/11\/13\/oaxaca-defensa-nacional-cambia-estrategia-para-instalar-base-militar-en-tlacolula\/localizacion-de-zona-militar-768x806\/\" data-orig-file=\"https:\/\/www.grieta.org.mx\/wp-content\/uploads\/2018\/09\/LOCALIZACIO?N-DE-ZONA-MILITAR-768x806.jpg\" data-orig-size=\"\" data-comments-opened=\"0\" data-image-meta=\"[]\" data-image-title=\"LOCALIZACIO?N-DE-ZONA-MILITAR-768&amp;#215;806\" data-image-description=\"\" data-image-caption=\"\" data-medium-file=\"https:\/\/www.grieta.org.mx\/wp-content\/uploads\/2018\/09\/LOCALIZACIO?N-DE-ZONA-MILITAR-768x806.jpg\" data-large-file=\"https:\/\/www.grieta.org.mx\/wp-content\/uploads\/2018\/09\/LOCALIZACIO?N-DE-ZONA-MILITAR-768x806.jpg\" class=\"aligncenter size-medium wp-image-26470\" src=\"http:\/\/www.grieta.org.mx\/wp-content\/uploads\/2018\/09\/LOCALIZACIO?N-DE-ZONA-MILITAR-768x806-286x300.jpg\" alt=\"\" width=\"286\" height=\"300\" \/><\/p>\n<p>Al parecer el gobierno y la SEDENA se han preocupado por mencionar los impactantes beneficios para estas comunidades, pero no les han hablado de ning\u00fan efecto negativo, a lo que deber\u00eda responder cualquier proyecto, sin importar el ramo. \u201cLas afectaciones por el incremento de habitantes en la regi\u00f3n ser\u00e1 la falta de agua potable, deficiente recolecci\u00f3n de basura. Por otra parte est\u00e1n las experiencias en otros contextos de otros estados del pa\u00eds donde se han establecido los militares y donde prolifera la venta de drogas y alcohol, el abuso de autoridad, las enfermedades veneras, los bares y prost\u00edbulos\u201d, agrega miembro del Grupo de Investigaci\u00f3n- Acci\u00f3n Aut\u00f3noma.<\/p>\n<p>\u201cAnte todo esto, las preocupaciones vienen con las preguntas sobre el tama\u00f1o de la base que es equiparable al de la ciudad de Tlacolula: \u00bfPara qu\u00e9 se necesita un territorio m\u00e1s extenso que la refiner\u00eda de Salina Cruz, la Cervecera de Tuxtepec, la Cementera de Lagunas o los ingenios de la Cuenca del Papaloapan?\u201d, expresan los habitantes de Tlacolula, quienes han hecho un llamado urgente a las comunidades de la regi\u00f3n para estar atentos a los avances de este proyecto.<\/p>\n<p>Reubicaci\u00f3n estrat\u00e9gica<\/p>\n<p>Las preocupaciones de los habitantes de los Valles Centrales de Oaxaca con la instalaci\u00f3n de esta base Militar esta directamente vinculada hacia m\u00e1s de 50 proyectos mineros y parques e\u00f3licos que pretenden establecer en sus comunidades.<\/p>\n<p>\u201cPrimero no sab\u00edamos porque insist\u00edan en la reubicaci\u00f3n de la Base Militar, pero es por la importancia que presenta en t\u00e9rminos de flujos de mercanc\u00edas la carretera 190 y la carretera internacional. La segunda cuesti\u00f3n es lo que nosotros llamamos el corredor minero, donde hemos identificado 50 proyectos mineros, que van desde la comunidad de Totolapan hasta el poblado de Lachigol\u00f3\u201d, se\u00f1ala Ruiz.<\/p>\n<p>Oaxaca es un estado de la republica mexicana donde los procesos de lucha y de resistencia por la defensa de las tierras comunales y el territorio en su conjunto va en aumento y esto ha implicado contextos de uso de extrema violencia por parte del Estado. \u201cPor tanto, tener una base militar en medio de un contexto de defensa del territorio, pone en vulnerabilidad a estos pueblos\u201d, sostiene Ruiz.<\/p>\n<p>La experiencia de otras comunidades que han tenido que lidiar con la presencia de una base militar en sus territorios ha creado la necesidad de organizarse en esta regi\u00f3n. \u201cEn el momento en que se da esta organizaci\u00f3n fue espontanea por el actuar del ejercito en otras partes del pa\u00eds. Hay un consenso generalizado de disgusto e incluso de miedo hacia los elementos del ejercito. Pero tambi\u00e9n la gente tiene claro que ellos no traer\u00e1n ning\u00fan beneficio de las comunidades y que por el contrario, es bien sabido que siempre velar\u00e1n para que los inversionistas puedan realizar libremente sus procesos extractivistas\u201d, dice Ruiz.<\/p>\n<p>El Grupo de Investigaci\u00f3n- Acci\u00f3n Aut\u00f3noma ha emprendido un trabajo arduo, en conjunto con las comunidades de los Valles Centrales, para realizar el trabajo que corresponde a las empresas y al gobierno estatal y federal, en torno a los efectos negativos que generar\u00e1n los diversos proyectos dise\u00f1ados para la regi\u00f3n. \u201cNo solo son los proyectos en el Valle de Tlacolula, sino que es una relaci\u00f3n intr\u00ednseca entre los proyectos e\u00f3licos en el Istmo de Tehuantepec y sus l\u00edneas de trasmisi\u00f3n, pero tambi\u00e9n de las Zona Econ\u00f3mica Especial que se pretende establecer en Salina Cruz. Son proyectos que est\u00e1n conectados y la presencia del ejercito en nuestras comunidades creemos que responde a una necesidad de control de poblaci\u00f3n\u201d, arremete Ruiz, quien tambi\u00e9n es vecino del Valle de Tlacolula.<\/p>\n<p>Mientras tanto, las comunidades de esta regi\u00f3n est\u00e1n programando una asamblea urgente que se llevar\u00e1 acabo en el trascurso de la semana, pero han dejado claro en su comunicado que, ante este escenario de posible despojo e imposici\u00f3n del proyecto<\/p>\n<p>desconocido, exigen \u201ca las autoridades municipales y estatales el esclarecimiento del mismo, as\u00ed como el rechazo de cualquier complejo que afecte nuestro territorio\u201d.<\/p>\n<p><a href=\"https:\/\/avispa.org\/tlacolula\/\" rel=\"noopener\" target=\"_blank\">https:\/\/avispa.org\/tlacolula\/<\/a><\/p>\n","protected":false},"excerpt":{"rendered":"<p>Avispa Midia, \u00d1an\u00ed Pinto, Desde una orden del gobierno federal, el gobernador del estado de Oaxaca, Alejandro Murat, anunci\u00f3, en los primeros meses de este a\u00f1o 2017, que el campo &hellip; <a href=\"https:\/\/www.grieta.org.mx\/index.php\/2017\/11\/13\/oaxaca-defensa-nacional-cambia-estrategia-para-instalar-base-militar-en-tlacolula\/\" class=\"more-link\">Leer m\u00e1s<\/a><\/p>\n","protected":false},"author":2,"featured_media":26470,"comment_status":"closed","ping_status":"closed","sticky":false,"template":"","format":"standard","meta":{"ngg_post_thumbnail":0,"_jetpack_newsletter_access":"","_jetpack_dont_email_post_to_subs":false,"_jetpack_newsletter_tier_id":0,"_jetpack_memberships_contains_paywalled_content":false,"_jetpack_memberships_contains_paid_content":false,"footnotes":""},"categories":[80,1606,2,25],"tags":[],"class_list":["post-26469","post","type-post","status-publish","format-standard","has-post-thumbnail","hentry","category-cintillo","category-militarizacion-en-oaxaca","category-noticias-nacionales","category-oaxaca","entry"],"jetpack_featured_media_url":"https:\/\/www.grieta.org.mx\/wp-content\/uploads\/2018\/09\/LOCALIZACIO?N-DE-ZONA-MILITAR-768x806.jpg","jetpack_sharing_enabled":true,"jetpack_shortlink":"https:\/\/wp.me\/p7ZJR4-6SV","jetpack_likes_enabled":false,"jetpack-related-posts":[{"id":26680,"url":"https:\/\/www.grieta.org.mx\/index.php\/2018\/08\/27\/aseguran-a-indocumentados-en-tlacolula-oaxaca\/","url_meta":{"origin":26469,"position":0},"title":"Aseguran a indocumentados en Tlacolula, Oaxaca","author":"grieta","date":"27 agosto, 2018","format":false,"excerpt":"Noticias. Tom\u00e1s Mart\u00ednez, Diez personas de origen centroamericano, nueve de ellas del Salvador y una de Guatemala fueron aseguradas por elementos de la polic\u00eda estatal en la carretera federal 190, en jurisdicci\u00f3n de Tlacolula de Matamoros y entregados al Instituto Nacional de Migraci\u00f3n para su deportaci\u00f3n correspondiente. El informe de\u2026","rel":"","context":"En &quot;CINTILLO&quot;","block_context":{"text":"CINTILLO","link":"https:\/\/www.grieta.org.mx\/index.php\/category\/cintillo\/"},"img":{"alt_text":"","src":"https:\/\/i0.wp.com\/www.grieta.org.mx\/wp-content\/uploads\/2018\/09\/image_41_208.jpg?resize=350%2C200&ssl=1","width":350,"height":200,"srcset":"https:\/\/i0.wp.com\/www.grieta.org.mx\/wp-content\/uploads\/2018\/09\/image_41_208.jpg?resize=350%2C200&ssl=1 1x, https:\/\/i0.wp.com\/www.grieta.org.mx\/wp-content\/uploads\/2018\/09\/image_41_208.jpg?resize=525%2C300&ssl=1 1.5x, https:\/\/i0.wp.com\/www.grieta.org.mx\/wp-content\/uploads\/2018\/09\/image_41_208.jpg?resize=700%2C400&ssl=1 2x, https:\/\/i0.wp.com\/www.grieta.org.mx\/wp-content\/uploads\/2018\/09\/image_41_208.jpg?resize=1050%2C600&ssl=1 3x"},"classes":[]},{"id":149,"url":"https:\/\/www.grieta.org.mx\/index.php\/2015\/11\/30\/comuneros-de-oaxaca-firman-declaratoria-para-impedir-operacion-de-18-minas-de-oro-y-plata\/","url_meta":{"origin":26469,"position":1},"title":"Comuneros de Oaxaca firman declaratoria para impedir operaci\u00f3n de 18 minas de oro y plata","author":"grieta","date":"30 noviembre, 2015","format":false,"excerpt":"Redacci\u00f3n Revoluci\u00f3n 3.0, Oaxaca (30 de noviembre, 2015).- Comuneros de 9 poblaciones de Oaxaca firmaron una declaratoria para impedir la operaci\u00f3n de 18 minas de oro y plata y advirtieron que sus territorios est\u00e1n prohibidos para la Miner\u00eda. Con el documento y la uni\u00f3n de las comunidades como Tlacolula, Ejutla\u2026","rel":"","context":"En &quot;CINTILLO&quot;","block_context":{"text":"CINTILLO","link":"https:\/\/www.grieta.org.mx\/index.php\/category\/cintillo\/"},"img":{"alt_text":"","src":"https:\/\/i0.wp.com\/www.grieta.org.mx\/wp-content\/uploads\/2018\/03\/14524434_1106112876131411_958039263622046936_o.jpg?resize=350%2C200&ssl=1","width":350,"height":200,"srcset":"https:\/\/i0.wp.com\/www.grieta.org.mx\/wp-content\/uploads\/2018\/03\/14524434_1106112876131411_958039263622046936_o.jpg?resize=350%2C200&ssl=1 1x, https:\/\/i0.wp.com\/www.grieta.org.mx\/wp-content\/uploads\/2018\/03\/14524434_1106112876131411_958039263622046936_o.jpg?resize=525%2C300&ssl=1 1.5x, https:\/\/i0.wp.com\/www.grieta.org.mx\/wp-content\/uploads\/2018\/03\/14524434_1106112876131411_958039263622046936_o.jpg?resize=700%2C400&ssl=1 2x"},"classes":[]},{"id":19763,"url":"https:\/\/www.grieta.org.mx\/index.php\/2016\/08\/17\/ante-cerrazon-del-gobierno-federal-maestros-toman-plazas-comerciales-y-ciudad-administrativa-oaxaca\/","url_meta":{"origin":26469,"position":2},"title":"Ante \u201ccerraz\u00f3n\u201d del gobierno federal, maestros toman plazas comerciales y ciudad administrativa (OAXACA)","author":"grieta","date":"17 agosto, 2016","format":false,"excerpt":"Pedro Mat\u00edas, Oaxaca. OAXACA, Oax. (#pagina3.mx).- Por tercer d\u00eda consecutivo, maestros de la Secci\u00f3n 22 del Sindicato Nacional de Trabajadores de la Educaci\u00f3n (SNTE-CNTE) bloquean centros comerciales y suspenden actividades en 72 dependencias gubernamentales al tomar el complejo de Ciudad Administrativa. Ante los \u201cnulos\u201d avances en la mesa de negociaci\u00f3n\u2026","rel":"","context":"En &quot;CINTILLO&quot;","block_context":{"text":"CINTILLO","link":"https:\/\/www.grieta.org.mx\/index.php\/category\/cintillo\/"},"img":{"alt_text":"","src":"https:\/\/i0.wp.com\/www.grieta.org.mx\/wp-content\/uploads\/2018\/03\/14524434_1106112876131411_958039263622046936_o.jpg?resize=350%2C200&ssl=1","width":350,"height":200,"srcset":"https:\/\/i0.wp.com\/www.grieta.org.mx\/wp-content\/uploads\/2018\/03\/14524434_1106112876131411_958039263622046936_o.jpg?resize=350%2C200&ssl=1 1x, https:\/\/i0.wp.com\/www.grieta.org.mx\/wp-content\/uploads\/2018\/03\/14524434_1106112876131411_958039263622046936_o.jpg?resize=525%2C300&ssl=1 1.5x, https:\/\/i0.wp.com\/www.grieta.org.mx\/wp-content\/uploads\/2018\/03\/14524434_1106112876131411_958039263622046936_o.jpg?resize=700%2C400&ssl=1 2x"},"classes":[]},{"id":56279,"url":"https:\/\/www.grieta.org.mx\/index.php\/2021\/01\/13\/estado-mexicano-revive-el-libramiento-sur-la-ruta-del-despojo-en-los-valles-centrales-de-oaxaca\/","url_meta":{"origin":26469,"position":3},"title":"Estado mexicano revive el Libramiento Sur: la ruta del despojo en los valles centrales de Oaxaca","author":"grieta","date":"13 enero, 2021","format":false,"excerpt":"Avispa Midia \/ Daniel Arellano Ch\u00e1vez y Javier Abimael Ruiz Garc\u00eda. El d\u00eda jueves 7 de Enero de 2021, la Secretaria de Medio Ambiente y Recursos Naturales (SEMARNAT) hizo p\u00fablica la Manifestaci\u00f3n de Impacto Ambiental (MIA), en su modalidad regional (que implica que dicho estudio abarca m\u00e1s de dos municipios\u2026","rel":"","context":"En &quot;CINTILLO&quot;","block_context":{"text":"CINTILLO","link":"https:\/\/www.grieta.org.mx\/index.php\/category\/cintillo\/"},"img":{"alt_text":"","src":"https:\/\/i0.wp.com\/www.grieta.org.mx\/wp-content\/uploads\/2021\/01\/2-5.jpg?resize=350%2C200&ssl=1","width":350,"height":200,"srcset":"https:\/\/i0.wp.com\/www.grieta.org.mx\/wp-content\/uploads\/2021\/01\/2-5.jpg?resize=350%2C200&ssl=1 1x, https:\/\/i0.wp.com\/www.grieta.org.mx\/wp-content\/uploads\/2021\/01\/2-5.jpg?resize=525%2C300&ssl=1 1.5x, https:\/\/i0.wp.com\/www.grieta.org.mx\/wp-content\/uploads\/2021\/01\/2-5.jpg?resize=700%2C400&ssl=1 2x, https:\/\/i0.wp.com\/www.grieta.org.mx\/wp-content\/uploads\/2021\/01\/2-5.jpg?resize=1050%2C600&ssl=1 3x"},"classes":[]},{"id":48149,"url":"https:\/\/www.grieta.org.mx\/index.php\/2020\/04\/20\/acusan-a-edil-de-tlacolula-por-tentativa-de-feminicidio-contra-ex-titular-de-la-instancia-de-la-mujer-oaxaca\/","url_meta":{"origin":26469,"position":4},"title":"Acusan a edil de Tlacolula por tentativa de feminicidio contra ex titular de la instancia de la mujer (Oaxaca)","author":"grieta","date":"20 abril, 2020","format":false,"excerpt":"Noticias \/ Citlalli Luciana. A trav\u00e9s de una denuncia p\u00fablica, la extitular de la instancia de la Mujer de Tlacolula de Matamoros, Christian Montserrat Mat\u00edas D\u00edaz, se\u00f1al\u00f3 al presidente municipal de dicho ayuntamiento, Carlos Le\u00f3n Monterrubio, como autor intelectual de tentativa de feminicidio en su contra. Mat\u00edas D\u00edaz, quien es\u2026","rel":"","context":"En &quot;CINTILLO&quot;","block_context":{"text":"CINTILLO","link":"https:\/\/www.grieta.org.mx\/index.php\/category\/cintillo\/"},"img":{"alt_text":"","src":"https:\/\/i0.wp.com\/www.grieta.org.mx\/wp-content\/uploads\/2018\/03\/14524434_1106112876131411_958039263622046936_o.jpg?resize=350%2C200&ssl=1","width":350,"height":200,"srcset":"https:\/\/i0.wp.com\/www.grieta.org.mx\/wp-content\/uploads\/2018\/03\/14524434_1106112876131411_958039263622046936_o.jpg?resize=350%2C200&ssl=1 1x, https:\/\/i0.wp.com\/www.grieta.org.mx\/wp-content\/uploads\/2018\/03\/14524434_1106112876131411_958039263622046936_o.jpg?resize=525%2C300&ssl=1 1.5x, https:\/\/i0.wp.com\/www.grieta.org.mx\/wp-content\/uploads\/2018\/03\/14524434_1106112876131411_958039263622046936_o.jpg?resize=700%2C400&ssl=1 2x"},"classes":[]},{"id":41914,"url":"https:\/\/www.grieta.org.mx\/index.php\/2019\/12\/06\/en-alerta-maxima-comuneros-de-oaxaca-por-presencia-del-ejercito-en-sus-tierras\/","url_meta":{"origin":26469,"position":5},"title":"En alerta M\u00e1xima comuneros de Oaxaca por presencia del ejercito en sus tierras","author":"grieta","date":"6 diciembre, 2019","format":false,"excerpt":"Avispa Midia \/ Nan\u00ed Pinto. Comuneros de Cuatro Venados haciendo Guardia: Foto por Santiago Navarro F. Nuevamente vuelve a invadir la tensi\u00f3n y preocupaci\u00f3n en la comunidad perteneciente al n\u00facleo agrario de San Pablo Cuatro Venados, Oaxaca, donde hizo acto de presencia, este vienes 6 de diciembre, un convoy militar\u2026","rel":"","context":"En &quot;CINTILLO&quot;","block_context":{"text":"CINTILLO","link":"https:\/\/www.grieta.org.mx\/index.php\/category\/cintillo\/"},"img":{"alt_text":"","src":"https:\/\/i0.wp.com\/www.grieta.org.mx\/wp-content\/uploads\/2019\/12\/San-pablo-Cuatro-Venados-4.jpg?resize=350%2C200&ssl=1","width":350,"height":200,"srcset":"https:\/\/i0.wp.com\/www.grieta.org.mx\/wp-content\/uploads\/2019\/12\/San-pablo-Cuatro-Venados-4.jpg?resize=350%2C200&ssl=1 1x, https:\/\/i0.wp.com\/www.grieta.org.mx\/wp-content\/uploads\/2019\/12\/San-pablo-Cuatro-Venados-4.jpg?resize=525%2C300&ssl=1 1.5x, https:\/\/i0.wp.com\/www.grieta.org.mx\/wp-content\/uploads\/2019\/12\/San-pablo-Cuatro-Venados-4.jpg?resize=700%2C400&ssl=1 2x"},"classes":[]}],"_links":{"self":[{"href":"https:\/\/www.grieta.org.mx\/index.php\/wp-json\/wp\/v2\/posts\/26469","targetHints":{"allow":["GET"]}}],"collection":[{"href":"https:\/\/www.grieta.org.mx\/index.php\/wp-json\/wp\/v2\/posts"}],"about":[{"href":"https:\/\/www.grieta.org.mx\/index.php\/wp-json\/wp\/v2\/types\/post"}],"author":[{"embeddable":true,"href":"https:\/\/www.grieta.org.mx\/index.php\/wp-json\/wp\/v2\/users\/2"}],"replies":[{"embeddable":true,"href":"https:\/\/www.grieta.org.mx\/index.php\/wp-json\/wp\/v2\/comments?post=26469"}],"version-history":[{"count":1,"href":"https:\/\/www.grieta.org.mx\/index.php\/wp-json\/wp\/v2\/posts\/26469\/revisions"}],"predecessor-version":[{"id":26471,"href":"https:\/\/www.grieta.org.mx\/index.php\/wp-json\/wp\/v2\/posts\/26469\/revisions\/26471"}],"wp:featuredmedia":[{"embeddable":true,"href":"https:\/\/www.grieta.org.mx\/index.php\/wp-json\/wp\/v2\/media\/26470"}],"wp:attachment":[{"href":"https:\/\/www.grieta.org.mx\/index.php\/wp-json\/wp\/v2\/media?parent=26469"}],"wp:term":[{"taxonomy":"category","embeddable":true,"href":"https:\/\/www.grieta.org.mx\/index.php\/wp-json\/wp\/v2\/categories?post=26469"},{"taxonomy":"post_tag","embeddable":true,"href":"https:\/\/www.grieta.org.mx\/index.php\/wp-json\/wp\/v2\/tags?post=26469"}],"curies":[{"name":"wp","href":"https:\/\/api.w.org\/{rel}","templated":true}]}}