{"id":26465,"date":"2018-09-13T20:38:55","date_gmt":"2018-09-14T01:38:55","guid":{"rendered":"http:\/\/www.grieta.org.mx\/?p=26465"},"modified":"2018-09-15T20:59:59","modified_gmt":"2018-09-16T01:59:59","slug":"obstaculiza-gobierno-de-veracruz-localizacion-de-desaparecidos-de-sonora","status":"publish","type":"post","link":"https:\/\/www.grieta.org.mx\/index.php\/2018\/09\/13\/obstaculiza-gobierno-de-veracruz-localizacion-de-desaparecidos-de-sonora\/","title":{"rendered":"Obstaculiza Gobierno de Veracruz localizaci\u00f3n de desaparecidos de Sonora"},"content":{"rendered":"<p><img decoding=\"async\" data-attachment-id=\"26466\" data-permalink=\"https:\/\/www.grieta.org.mx\/index.php\/2018\/09\/13\/obstaculiza-gobierno-de-veracruz-localizacion-de-desaparecidos-de-sonora\/546264_d\/\" data-orig-file=\"https:\/\/www.grieta.org.mx\/wp-content\/uploads\/2018\/09\/546264_d.jpg\" data-orig-size=\"600,450\" data-comments-opened=\"0\" data-image-meta=\"{&quot;aperture&quot;:&quot;0&quot;,&quot;credit&quot;:&quot;&quot;,&quot;camera&quot;:&quot;&quot;,&quot;caption&quot;:&quot;&quot;,&quot;created_timestamp&quot;:&quot;0&quot;,&quot;copyright&quot;:&quot;&quot;,&quot;focal_length&quot;:&quot;0&quot;,&quot;iso&quot;:&quot;0&quot;,&quot;shutter_speed&quot;:&quot;0&quot;,&quot;title&quot;:&quot;&quot;,&quot;orientation&quot;:&quot;0&quot;}\" data-image-title=\"546264_d\" data-image-description=\"\" data-image-caption=\"\" data-medium-file=\"https:\/\/www.grieta.org.mx\/wp-content\/uploads\/2018\/09\/546264_d-300x225.jpg\" data-large-file=\"https:\/\/www.grieta.org.mx\/wp-content\/uploads\/2018\/09\/546264_d.jpg\" src=\"http:\/\/www.grieta.org.mx\/wp-content\/uploads\/2018\/09\/546264_d-300x225.jpg\" alt=\"\" width=\"100%\" class=\"aligncenter size-medium wp-image-26466\" srcset=\"https:\/\/www.grieta.org.mx\/wp-content\/uploads\/2018\/09\/546264_d-300x225.jpg 300w, https:\/\/www.grieta.org.mx\/wp-content\/uploads\/2018\/09\/546264_d.jpg 600w\" sizes=\"(max-width: 300px) 100vw, 300px\" \/><\/p>\n<p>Jes\u00fas Ru\u00edz\/ Central Noticias Imagen del Golfo<\/p>\n<p>La falta de resultados de la Fiscal\u00eda, la indiferencia de las autoridades veracruzanas y federales o los m\u00e1s de 2 mil 100 kil\u00f3metros que hay entre Hermosillo en Sonora y Xalapa no son un impedimento para que Ver\u00f3nica haga todo lo posible para dar con su esposo.<\/p>\n<p>Este jueves ella lleg\u00f3 a la Direcci\u00f3n General de los Servicios Periciales en la capital veracruzana al igual que unas 30 personas.<\/p>\n<p>Quiere verificar si entre los restos hallados en el nuevo pante\u00f3n clandestino localizado en la zona centro de Veracruz se encuentran los de Jos\u00e9 Manuel Ramos Ayala, su marido.<\/p>\n<p>Ver\u00f3nica reside en la ciudad de Hermosillo y vio en las noticias el nuevo hallazgo. No dud\u00f3 en hacer el viaje para exigir resultados y para buscar si entre las proyecciones de las im\u00e1genes que realiza la Fiscal\u00eda est\u00e1 la ropa, la credencial o alguna pertenencia de Jos\u00e9 desenterrada por los peritos.<\/p>\n<p>Coment\u00f3 que \u00e9l desapareci\u00f3 el 8 de agosto de 2016 junto con Juan Carlos Espinosa entre los municipios de Tlapacoyan y Mart\u00ednez de la Torre.<\/p>\n<p>Dijo que hace casi dos a\u00f1os su pareja sali\u00f3 de Hermosillo para ayudar a un amigo y a su hijo en el traslado de un veh\u00edculo.<\/p>\n<p>\u201cAqu\u00ed en Veracruz sali\u00f3 con el hijo de su amigo, porque se le hab\u00eda descompuesto el carro en unas parcelas le dijo el se\u00f1or. Mi esposo sabe mec\u00e1nica, fueron a ver el carro y ya de ah\u00ed ya no regresaron\u201d.<\/p>\n<p>La mayor\u00eda de las personas que acudieron a la Direcci\u00f3n de Periciales este jueves no pertenec\u00eda a ning\u00fan colectivo de b\u00fasqueda y llegaron de distintos puntos de Veracruz o de otras entidades.<\/p>\n<p>De acuerdo con Ver\u00f3nica su esposo le llam\u00f3 v\u00eda telef\u00f3nica el d\u00eda en que desapareci\u00f3, anunci\u00e1ndole que saldr\u00edan con rumbo a Hermosillo en la madrugada, pero desde entonces ya no supo de su paradero.<\/p>\n<p>Confes\u00f3 que desde siempre ha desconfiado del trabajo de la Fiscal\u00eda, ya que al viajar al Estado para interponer una denuncia por los hechos se dio cuenta de que la camioneta en donde viajaba su esposo fue hallada calcinada y durante 6 meses no se le practic\u00f3 ning\u00fan peritaje.<\/p>\n<p>\u201cLa camioneta la encontraron al otro d\u00eda calcinada, a m\u00ed nunca me gust\u00f3 eso porque no hicieron peritaje, primero la levantaron. Yo puse una denuncia aqu\u00ed, exigimos eso y me respondieron que no ten\u00eda Derecho a saber de nada porque la camioneta no era de mi esposo, que \u00e9l nada m\u00e1s la tra\u00eda manejando\u201d.<\/p>\n<p>Con la de este jueves es la cuarta ocasi\u00f3n que visita Veracruz para exigir avances en las indagatorias.<\/p>\n<p>\u201cTengo que seguir buscando mientras no lo encuentre. Tengo tres hijos; esto es lo peor que le pueden hacer a uno porque no se sabe realmente qu\u00e9 pas\u00f3 con ellos\u201d.<\/p>\n<p>Agreg\u00f3 que la camioneta fue encontrada incinerada en la Martinica, en la carretera que va rumbo a Misantla y las autoridades le pidieron interponer la denuncia por la desaparici\u00f3n en ese municipio para despu\u00e9s cambiar el lugar y asegurarle que deb\u00eda de tramitarla en Tlapacoyan.<\/p>\n<p>\u201cTuvimos que venir a Xalapa a Derechos Humanos porque no estaban haciendo nada, el peritaje de la camioneta pasaron 6 meses para que lo hicieran\u201d.<\/p>\n<p>Reconoci\u00f3 que a la fecha lo \u00fanico que quiere es descansar y saber qu\u00e9 es lo que pas\u00f3 con su marido y con Juan Carlos, el hijo de su amigo quienes al momento de ausentarse ten\u00edan 47 y 29 a\u00f1os de edad, respectivamente.<\/p>\n<p>\u201cNo he tenido ayuda de nadie, ni del gobierno de all\u00e1 ni de aqu\u00ed; yo ped\u00ed ayuda all\u00e1 y nada, desde Sonora he venido sola con ayuda de la familia\u201d.<\/p>\n<p>Luego de enterarse por las noticias del nuevo pante\u00f3n clandestino y de las exhumaciones de 174 cr\u00e1neos en 32 fosas Ver\u00f3nica no dud\u00f3 en continuar su propia b\u00fasqueda ante la displicencia de las autoridades veracruzanas.<\/p>\n<p>\u201cPor medios de noticias que empez\u00f3 a salir que hab\u00edan encontrado una fosa muy grande y habl\u00e9 para ac\u00e1 y me dijeron que s\u00ed, que ten\u00edamos que venir a checar. Viajamos ayer, mi cu\u00f1ada y yo, ayer llegamos en la noche.<\/p>\n<p>\u201cLlegamos con la familia de otro muchacho, ella es la mam\u00e1 del otro muchacho porque desaparecieron los dos\u201d.<\/p>\n<p>Ante la incompetencia de la Fiscal\u00eda agreg\u00f3 que ya no conf\u00eda en su trabajo y espera que las investigaciones sean atra\u00eddas por la Procuradur\u00eda General de la Rep\u00fablica.<\/p>\n<p>\u201cC\u00f3mo vamos a confiar si desde el principio vemos irregularidades, no se puede confiar. Que la PGR atraiga, ya llevamos dos a\u00f1os buscando y no he visto nada claro\u201d.<\/p>\n<p><a href=\"http:\/\/imagendelgolfo.mx\/resumen.php?id=41232734\" rel=\"noopener\" target=\"_blank\">http:\/\/imagendelgolfo.mx\/resumen.php?id=41232734<\/a><\/p>\n","protected":false},"excerpt":{"rendered":"<p>Jes\u00fas Ru\u00edz\/ Central Noticias Imagen del Golfo La falta de resultados de la Fiscal\u00eda, la indiferencia de las autoridades veracruzanas y federales o los m\u00e1s de 2 mil 100 kil\u00f3metros &hellip; <a href=\"https:\/\/www.grieta.org.mx\/index.php\/2018\/09\/13\/obstaculiza-gobierno-de-veracruz-localizacion-de-desaparecidos-de-sonora\/\" class=\"more-link\">Leer m\u00e1s<\/a><\/p>\n","protected":false},"author":2,"featured_media":26466,"comment_status":"closed","ping_status":"closed","sticky":false,"template":"","format":"standard","meta":{"ngg_post_thumbnail":0,"_jetpack_newsletter_access":"","_jetpack_dont_email_post_to_subs":false,"_jetpack_newsletter_tier_id":0,"_jetpack_memberships_contains_paywalled_content":false,"_jetpack_memberships_contains_paid_content":false,"footnotes":""},"categories":[80,1463,2,31,456,257],"tags":[121,856],"class_list":{"0":"post-26465","1":"post","2":"type-post","3":"status-publish","4":"format-standard","5":"has-post-thumbnail","6":"hentry","7":"category-cintillo","8":"category-desaparecidos-en-sonora","9":"category-noticias-nacionales","10":"category-sonora","12":"category-veracruz","13":"tag-desaparecidos","14":"tag-fosas-clandestinas","15":"entry"},"jetpack_featured_media_url":"https:\/\/www.grieta.org.mx\/wp-content\/uploads\/2018\/09\/546264_d.jpg","jetpack_sharing_enabled":true,"jetpack_shortlink":"https:\/\/wp.me\/p7ZJR4-6SR","jetpack_likes_enabled":false,"jetpack-related-posts":[{"id":32646,"url":"https:\/\/www.grieta.org.mx\/index.php\/2019\/04\/27\/guerreras-buscadoras-realizan-colecta-de-herramientas-en-la-plaza-emiliana-de-zubeldia-en-hermosillo\/","url_meta":{"origin":26465,"position":0},"title":"Guerreras Buscadoras realizan colecta de herramientas en la Plaza Emiliana de Zubeld\u00eda en Hermosillo","author":"grieta","date":"27 abril, 2019","format":false,"excerpt":"Astrid Arellano\/PROYECTO PUENTE La colecta de herramientas y donativos en efectivo de las Guerreras Buscadoras de Sonora contin\u00faa en la Plaza Emiliana de Zubeld\u00eda, para apoyar su labor de b\u00fasqueda de personas desaparecidas en Hermosillo. Hoy s\u00e1bado hasta las 15:00 horas, un grupo de m\u00e1s de 40 mujeres de Hermosillo\u2026","rel":"","context":"En &quot;CINTILLO&quot;","block_context":{"text":"CINTILLO","link":"https:\/\/www.grieta.org.mx\/index.php\/category\/cintillo\/"},"img":{"alt_text":"","src":"https:\/\/i0.wp.com\/www.grieta.org.mx\/wp-content\/uploads\/2019\/04\/Guerreras-herramientas.jpg?resize=350%2C200&ssl=1","width":350,"height":200,"srcset":"https:\/\/i0.wp.com\/www.grieta.org.mx\/wp-content\/uploads\/2019\/04\/Guerreras-herramientas.jpg?resize=350%2C200&ssl=1 1x, https:\/\/i0.wp.com\/www.grieta.org.mx\/wp-content\/uploads\/2019\/04\/Guerreras-herramientas.jpg?resize=525%2C300&ssl=1 1.5x, https:\/\/i0.wp.com\/www.grieta.org.mx\/wp-content\/uploads\/2019\/04\/Guerreras-herramientas.jpg?resize=700%2C400&ssl=1 2x"},"classes":[]},{"id":62060,"url":"https:\/\/www.grieta.org.mx\/index.php\/2021\/09\/29\/en-manifestacion-niegan-dialogo-con-amlo-a-familiares-de-yaquis-desaparecidos-sonora\/","url_meta":{"origin":26465,"position":1},"title":"En manifestaci\u00f3n, niegan di\u00e1logo con AMLO a familiares de yaquis desaparecidos (Sonora)","author":"grieta","date":"29 septiembre, 2021","format":false,"excerpt":"Proyecto Puente\/Juan Pedro Maytorena \u00a0 Hermosillo, Sonora.- \u00a0 Familiares, amigos y compa\u00f1eros de los 10 yaquis desaparecidos el pasado 14 de julio, se manifestaron pac\u00edficamente este martes en el evento de presentaci\u00f3n del Plan de Justicia para la tribu presidido por Andr\u00e9s Manuel L\u00f3pez Obrador. Portando lonas y estandartes con\u2026","rel":"","context":"En &quot;Desaparecidos en Sonora&quot;","block_context":{"text":"Desaparecidos en Sonora","link":"https:\/\/www.grieta.org.mx\/index.php\/category\/noticias-nacionales\/sonora\/desaparecidos-en-sonora\/"},"img":{"alt_text":"","src":"https:\/\/i0.wp.com\/www.grieta.org.mx\/wp-content\/uploads\/2021\/09\/desaparicion-indigenas-yaquis-sonora.jpg?resize=350%2C200&ssl=1","width":350,"height":200,"srcset":"https:\/\/i0.wp.com\/www.grieta.org.mx\/wp-content\/uploads\/2021\/09\/desaparicion-indigenas-yaquis-sonora.jpg?resize=350%2C200&ssl=1 1x, https:\/\/i0.wp.com\/www.grieta.org.mx\/wp-content\/uploads\/2021\/09\/desaparicion-indigenas-yaquis-sonora.jpg?resize=525%2C300&ssl=1 1.5x, https:\/\/i0.wp.com\/www.grieta.org.mx\/wp-content\/uploads\/2021\/09\/desaparicion-indigenas-yaquis-sonora.jpg?resize=700%2C400&ssl=1 2x"},"classes":[]},{"id":70934,"url":"https:\/\/www.grieta.org.mx\/index.php\/2025\/01\/28\/colectivo-buscadoras-por-la-paz-localiza-27-cuerpos-en-26-fosas-en-hermosillo-sonora\/","url_meta":{"origin":26465,"position":2},"title":"Colectivo Buscadoras Por La Paz localiza 27 cuerpos en 26 fosas en Hermosillo, Sonora","author":"grieta","date":"28 enero, 2025","format":false,"excerpt":"En entrevista con Animal Pol\u00edtico, Cecilia Delgado Grijalva, l\u00edder del colectivo, asegur\u00f3 que peritos de la fiscal\u00eda del estado procesaron primero dos fosas y ah\u00ed encontraron los primeros dos cuerpos. \u201c26 fosas y 27 cuerpos u osamentas, hasta ahorita. Van a analizar y procesar las dem\u00e1s fosas, probablemente sea dos\u2026","rel":"","context":"En &quot;Desaparecidos en Sonora&quot;","block_context":{"text":"Desaparecidos en Sonora","link":"https:\/\/www.grieta.org.mx\/index.php\/category\/noticias-nacionales\/sonora\/desaparecidos-en-sonora\/"},"img":{"alt_text":"","src":"https:\/\/i0.wp.com\/www.grieta.org.mx\/wp-content\/uploads\/2025\/02\/Colectivo-Buscadoras-Por-La-Paz-localiza-27-cuerpos-en-26-fosas-en-Hermosillo-Sonora-1-600x400-1.jpg?resize=350%2C200&ssl=1","width":350,"height":200,"srcset":"https:\/\/i0.wp.com\/www.grieta.org.mx\/wp-content\/uploads\/2025\/02\/Colectivo-Buscadoras-Por-La-Paz-localiza-27-cuerpos-en-26-fosas-en-Hermosillo-Sonora-1-600x400-1.jpg?resize=350%2C200&ssl=1 1x, https:\/\/i0.wp.com\/www.grieta.org.mx\/wp-content\/uploads\/2025\/02\/Colectivo-Buscadoras-Por-La-Paz-localiza-27-cuerpos-en-26-fosas-en-Hermosillo-Sonora-1-600x400-1.jpg?resize=525%2C300&ssl=1 1.5x"},"classes":[]},{"id":29627,"url":"https:\/\/www.grieta.org.mx\/index.php\/2019\/02\/23\/marchan-por-desaparecidos-en-obregon-y-se-unen-a-guerreras-buscadoras-de-sonora\/","url_meta":{"origin":26465,"position":3},"title":"Marchan por desaparecidos en Obreg\u00f3n y se unen a Guerreras Buscadoras de Sonora","author":"grieta","date":"23 febrero, 2019","format":false,"excerpt":"OPINI\u00d3N SONORA.COM Ciudad Obreg\u00f3n, Sonora.- Familiares que tienen alguna persona desaparecida en Cajeme y sus alrededores, se unieron al colectivo de Guerreras Buscadoras de Sonora que estaba conformado por hombres y mujeres de Guaymas y Empalme, quienes este tarde en punto de las 16:00 realizaron una marcha pac\u00edfica en Ciudad\u2026","rel":"","context":"En &quot;CINTILLO&quot;","block_context":{"text":"CINTILLO","link":"https:\/\/www.grieta.org.mx\/index.php\/category\/cintillo\/"},"img":{"alt_text":"","src":"https:\/\/i0.wp.com\/www.grieta.org.mx\/wp-content\/uploads\/2019\/02\/desaparecidas-sonora.jpg?resize=350%2C200&ssl=1","width":350,"height":200,"srcset":"https:\/\/i0.wp.com\/www.grieta.org.mx\/wp-content\/uploads\/2019\/02\/desaparecidas-sonora.jpg?resize=350%2C200&ssl=1 1x, https:\/\/i0.wp.com\/www.grieta.org.mx\/wp-content\/uploads\/2019\/02\/desaparecidas-sonora.jpg?resize=525%2C300&ssl=1 1.5x, https:\/\/i0.wp.com\/www.grieta.org.mx\/wp-content\/uploads\/2019\/02\/desaparecidas-sonora.jpg?resize=700%2C400&ssl=1 2x"},"classes":[]},{"id":67969,"url":"https:\/\/www.grieta.org.mx\/index.php\/2023\/10\/19\/madres-buscadoras-de-sonora-encuentran-un-crematorio-clandestino-en-hermosillo\/","url_meta":{"origin":26465,"position":4},"title":"Madres buscadoras de Sonora encuentran un crematorio clandestino en Hermosillo","author":"grieta","date":"19 octubre, 2023","format":false,"excerpt":"La l\u00edder de las Madres Buscadoras de Sonora, Ceci Flores, inform\u00f3 que la agrupaci\u00f3n encontr\u00f3 un crematorio clandestino en Hermosillo. Este se suma al que fue hallado en Tlaquepaque, Jalisco, el 15 de octubre. A trav\u00e9s de un video, narr\u00f3 que el hallazgo ocurri\u00f3 tras una llamada an\u00f3nima sobre la\u2026","rel":"","context":"En &quot;Desaparecidos en Sonora&quot;","block_context":{"text":"Desaparecidos en Sonora","link":"https:\/\/www.grieta.org.mx\/index.php\/category\/noticias-nacionales\/sonora\/desaparecidos-en-sonora\/"},"img":{"alt_text":"","src":"https:\/\/i0.wp.com\/www.grieta.org.mx\/wp-content\/uploads\/2023\/10\/Madres-Buscadoras-de-Sonora-trabajan-en-campo-por-sus-tesoros.jpg?resize=350%2C200&ssl=1","width":350,"height":200,"srcset":"https:\/\/i0.wp.com\/www.grieta.org.mx\/wp-content\/uploads\/2023\/10\/Madres-Buscadoras-de-Sonora-trabajan-en-campo-por-sus-tesoros.jpg?resize=350%2C200&ssl=1 1x, https:\/\/i0.wp.com\/www.grieta.org.mx\/wp-content\/uploads\/2023\/10\/Madres-Buscadoras-de-Sonora-trabajan-en-campo-por-sus-tesoros.jpg?resize=525%2C300&ssl=1 1.5x, https:\/\/i0.wp.com\/www.grieta.org.mx\/wp-content\/uploads\/2023\/10\/Madres-Buscadoras-de-Sonora-trabajan-en-campo-por-sus-tesoros.jpg?resize=700%2C400&ssl=1 2x, https:\/\/i0.wp.com\/www.grieta.org.mx\/wp-content\/uploads\/2023\/10\/Madres-Buscadoras-de-Sonora-trabajan-en-campo-por-sus-tesoros.jpg?resize=1050%2C600&ssl=1 3x"},"classes":[]},{"id":60545,"url":"https:\/\/www.grieta.org.mx\/index.php\/2021\/07\/18\/usted-sigue-dejan-terrible-amenaza-a-lider-de-madres-buscadoras-de-sonora-tras-asesinato-de-aranza\/","url_meta":{"origin":26465,"position":5},"title":"&#8220;Usted sigue&#8221;: Dejan terrible amenaza a l\u00edder de Madres Buscadoras de Sonora tras asesinato de Aranza","author":"grieta","date":"18 julio, 2021","format":false,"excerpt":"Tribuna La l\u00edder de Madres Buscadoras de Sonora, Ceci Patricia Flores Armenta, denunci\u00f3 que recibi\u00f3 una amenazada de muerte a solo d\u00edas del asesinato de su compa\u00f1era de colectivo, Aranza Ramos Hermosillo Sonora.- Ceci Patricia Flores Armenta, quien es l\u00edder del colectivo\u00a0Madres Buscadoras de Sonora, denunci\u00f3 que le hab\u00edan hecho\u2026","rel":"","context":"En &quot;Desaparecidos en Sonora&quot;","block_context":{"text":"Desaparecidos en Sonora","link":"https:\/\/www.grieta.org.mx\/index.php\/category\/noticias-nacionales\/sonora\/desaparecidos-en-sonora\/"},"img":{"alt_text":"","src":"https:\/\/i0.wp.com\/www.grieta.org.mx\/wp-content\/uploads\/2021\/07\/f800x450-223287_274733_7123.jpg?resize=350%2C200&ssl=1","width":350,"height":200,"srcset":"https:\/\/i0.wp.com\/www.grieta.org.mx\/wp-content\/uploads\/2021\/07\/f800x450-223287_274733_7123.jpg?resize=350%2C200&ssl=1 1x, https:\/\/i0.wp.com\/www.grieta.org.mx\/wp-content\/uploads\/2021\/07\/f800x450-223287_274733_7123.jpg?resize=525%2C300&ssl=1 1.5x, https:\/\/i0.wp.com\/www.grieta.org.mx\/wp-content\/uploads\/2021\/07\/f800x450-223287_274733_7123.jpg?resize=700%2C400&ssl=1 2x"},"classes":[]}],"_links":{"self":[{"href":"https:\/\/www.grieta.org.mx\/index.php\/wp-json\/wp\/v2\/posts\/26465","targetHints":{"allow":["GET"]}}],"collection":[{"href":"https:\/\/www.grieta.org.mx\/index.php\/wp-json\/wp\/v2\/posts"}],"about":[{"href":"https:\/\/www.grieta.org.mx\/index.php\/wp-json\/wp\/v2\/types\/post"}],"author":[{"embeddable":true,"href":"https:\/\/www.grieta.org.mx\/index.php\/wp-json\/wp\/v2\/users\/2"}],"replies":[{"embeddable":true,"href":"https:\/\/www.grieta.org.mx\/index.php\/wp-json\/wp\/v2\/comments?post=26465"}],"version-history":[{"count":1,"href":"https:\/\/www.grieta.org.mx\/index.php\/wp-json\/wp\/v2\/posts\/26465\/revisions"}],"predecessor-version":[{"id":26467,"href":"https:\/\/www.grieta.org.mx\/index.php\/wp-json\/wp\/v2\/posts\/26465\/revisions\/26467"}],"wp:featuredmedia":[{"embeddable":true,"href":"https:\/\/www.grieta.org.mx\/index.php\/wp-json\/wp\/v2\/media\/26466"}],"wp:attachment":[{"href":"https:\/\/www.grieta.org.mx\/index.php\/wp-json\/wp\/v2\/media?parent=26465"}],"wp:term":[{"taxonomy":"category","embeddable":true,"href":"https:\/\/www.grieta.org.mx\/index.php\/wp-json\/wp\/v2\/categories?post=26465"},{"taxonomy":"post_tag","embeddable":true,"href":"https:\/\/www.grieta.org.mx\/index.php\/wp-json\/wp\/v2\/tags?post=26465"}],"curies":[{"name":"wp","href":"https:\/\/api.w.org\/{rel}","templated":true}]}}