{"id":26442,"date":"2018-09-15T13:30:43","date_gmt":"2018-09-15T18:30:43","guid":{"rendered":"http:\/\/www.grieta.org.mx\/?p=26442"},"modified":"2018-09-27T01:03:07","modified_gmt":"2018-09-27T06:03:07","slug":"detiene-la-policia-de-la-ciudad-de-mexico-a-integrantes-de-la-asamblea-general-de-los-pueblos-barrios-y-colonias-de-coyoacan","status":"publish","type":"post","link":"https:\/\/www.grieta.org.mx\/index.php\/2018\/09\/15\/detiene-la-policia-de-la-ciudad-de-mexico-a-integrantes-de-la-asamblea-general-de-los-pueblos-barrios-y-colonias-de-coyoacan\/","title":{"rendered":"Detiene la polic\u00eda de la Ciudad de M\u00e9xico a integrantes de la Asamblea General de los Pueblos, Barrios y Colonias de Coyoac\u00e1n"},"content":{"rendered":"<p>COLECTIVO GRIETA<\/p>\n<p>El d\u00eda de hoy, s\u00e1bado 15 de septiembre hacia las 10:30 hrs., polic\u00edas capitalinos detuvieron con lujo de violencia a Gustavo Rosas y Vicente Soria, defensores del manantial ubicado en el predio de Aztecas 215, <a href=\"http:\/\/www.grieta.org.mx\/index.php\/2018\/03\/15\/aztecas-215-dos-anos-de-resistencia-contra-el-ecocidio-de-la-inmobiliaria-quiero-casa\/\" target=\"_blank\" rel=\"noopener\">donde la inmobiliaria &#8220;Quiero Casa&#8221; de los hermanos Shabot Cherem lleva dos a\u00f1os tirando diariamente 5.6 millones de litros de agua potabilizable al drenaje<\/a>.<\/p>\n<p>Al momento de ser detenidos, los dos vecinos de los Pedregales de Santo Domingo se encontraban exigiendo la cancelaci\u00f3n de las obras de esta empresa inmobiliaria. De acuerdo con la denuncia de la Asamblea General de los Pueblos, Barrios y Colonias de Coyoac\u00e1n, la detenci\u00f3n fue en el plant\u00f3n de Aztecas 215, cuando Gustavo y Vicente denunciaban &#8220;la afectaci\u00f3n a la v\u00eda p\u00fablica que inmobiliaria &#8216;Quiero Casa&#8217; est\u00e1 llevando a cabo sobre la banqueta&#8221;. Testigos de los hechos mencionan que &#8220;los compa\u00f1eros fueron detenidos con lujo de violencia: fueron golpeados y les robaron sus pertenencias&#8221;. Y a\u00f1aden que &#8220;compa\u00f1eras que trataron de impedir la detenci\u00f3n fueron golpeadas&#8221; y que incluso a una de ellas la polic\u00eda le dispar\u00f3 una bala de goma y a otra los agentes policiacos la despojaron de su celular.<\/p>\n<p>Dicha asamblea exige al gobierno la inmediata liberaci\u00f3n de los detenidos &#8220;ya que defender el agua no es un delito&#8221;.<\/p>\n<p>Hacia medio d\u00eda integrantes del plant\u00f3n de Aztecas 215 se encontraban sobre Miguel \u00c1ngel de Quevedo y Tecualiapan, Coyoac\u00e1n, realizando una manifestaci\u00f3n para reclamar la liberaci\u00f3n de los detenidos frente a la sede del ministerio p\u00fablico 22 A.<\/p>\n","protected":false},"excerpt":{"rendered":"<p>COLECTIVO GRIETA El d\u00eda de hoy, s\u00e1bado 15 de septiembre hacia las 10:30 hrs., polic\u00edas capitalinos detuvieron con lujo de violencia a Gustavo Rosas y Vicente Soria, defensores del manantial &hellip; <a href=\"https:\/\/www.grieta.org.mx\/index.php\/2018\/09\/15\/detiene-la-policia-de-la-ciudad-de-mexico-a-integrantes-de-la-asamblea-general-de-los-pueblos-barrios-y-colonias-de-coyoacan\/\" class=\"more-link\">Leer m\u00e1s<\/a><\/p>\n","protected":false},"author":2,"featured_media":21928,"comment_status":"closed","ping_status":"closed","sticky":false,"template":"","format":"standard","meta":{"ngg_post_thumbnail":0,"_jetpack_newsletter_access":"","_jetpack_dont_email_post_to_subs":false,"_jetpack_newsletter_tier_id":0,"_jetpack_memberships_contains_paywalled_content":false,"_jetpack_memberships_contains_paid_content":false,"footnotes":""},"categories":[80,14,1775,1044,1119,2],"tags":[224,463,1090,1725],"class_list":["post-26442","post","type-post","status-publish","format-standard","has-post-thumbnail","hentry","category-cintillo","category-ciudad-de-mexico","category-colectivo-grieta","category-desarrollos-inmobiliarios-en-la-ciudad-de-mexico","category-conflictos-por-falta-de-agua-en-la-ciudad-de-mexico","category-noticias-nacionales","tag-agua","tag-defensa-del-agua","tag-represion-de-la-protesta-social","tag-violencia-policiaca-en-la-ciudad-de-mexico","entry"],"jetpack_featured_media_url":"https:\/\/www.grieta.org.mx\/wp-content\/uploads\/2018\/03\/14524434_1106112876131411_958039263622046936_o.jpg","jetpack_sharing_enabled":true,"jetpack_shortlink":"https:\/\/wp.me\/p7ZJR4-6Su","jetpack_likes_enabled":false,"jetpack-related-posts":[{"id":48302,"url":"https:\/\/www.grieta.org.mx\/index.php\/2020\/04\/22\/se-agudizan-rinas-y-secuestro-de-pipas-por-falta-de-agua-en-tlahuac-ciudad-de-mexico\/","url_meta":{"origin":26442,"position":0},"title":"Se agudizan ri\u00f1as y secuestro de pipas por falta de agua en Tl\u00e1huac (Ciudad de M\u00e9xico)","author":"grieta","date":"22 abril, 2020","format":false,"excerpt":"Imagen tomada de: www.imagenradio.com.mx Jon\u00e1s L\u00f3pez \/ Imagen Radio CIUDAD DE M\u00c9XICO. Vecinos de Tl\u00e1huac alertaron que la escasez de agua potable est\u00e1 ocasionando el secuestro de pipas y ri\u00f1as entre colonos. La organizaci\u00f3n vecinal Ciudadanos Organizados de colonia La Estaci\u00f3n indic\u00f3 en un comunicado que en los \u00faltimos d\u00edas\u2026","rel":"","context":"En &quot;CINTILLO&quot;","block_context":{"text":"CINTILLO","link":"https:\/\/www.grieta.org.mx\/index.php\/category\/cintillo\/"},"img":{"alt_text":"","src":"https:\/\/i0.wp.com\/www.grieta.org.mx\/wp-content\/uploads\/2020\/04\/Se-agudizan-ri%C3%B1as-y-secuestro-de-pipas-por-falta-de-agua-en-Tl%C3%A1huac-cdmx-abr.jpg?resize=350%2C200&ssl=1","width":350,"height":200,"srcset":"https:\/\/i0.wp.com\/www.grieta.org.mx\/wp-content\/uploads\/2020\/04\/Se-agudizan-ri%C3%B1as-y-secuestro-de-pipas-por-falta-de-agua-en-Tl%C3%A1huac-cdmx-abr.jpg?resize=350%2C200&ssl=1 1x, https:\/\/i0.wp.com\/www.grieta.org.mx\/wp-content\/uploads\/2020\/04\/Se-agudizan-ri%C3%B1as-y-secuestro-de-pipas-por-falta-de-agua-en-Tl%C3%A1huac-cdmx-abr.jpg?resize=525%2C300&ssl=1 1.5x, https:\/\/i0.wp.com\/www.grieta.org.mx\/wp-content\/uploads\/2020\/04\/Se-agudizan-ri%C3%B1as-y-secuestro-de-pipas-por-falta-de-agua-en-Tl%C3%A1huac-cdmx-abr.jpg?resize=700%2C400&ssl=1 2x"},"classes":[]},{"id":41934,"url":"https:\/\/www.grieta.org.mx\/index.php\/2019\/12\/03\/plan-de-mitikah-requiere-talar-60-arboles-mas-denuncian-ciudad-de-mexico\/","url_meta":{"origin":26442,"position":1},"title":"Plan de M\u00edtikah requiere talar 60 \u00e1rboles m\u00e1s, denuncian (Ciudad de M\u00e9xico)","author":"grieta","date":"3 diciembre, 2019","format":false,"excerpt":"La Silla Rota De acuerdo con un proyecto presentado por la Secretar\u00eda de Medio Ambiente a los habitantes de Xoco, el pozo se construir\u00eda en el \u00e1rea donde se ubicaba el Centro La posible construcci\u00f3n de un pozo de agua, como parte de las obras de mitigaci\u00f3n por el desarrollo\u2026","rel":"","context":"En &quot;CINTILLO&quot;","block_context":{"text":"CINTILLO","link":"https:\/\/www.grieta.org.mx\/index.php\/category\/cintillo\/"},"img":{"alt_text":"","src":"https:\/\/i0.wp.com\/www.grieta.org.mx\/wp-content\/uploads\/2019\/12\/Plan-de-M%C3%ADtikah-requiere-talar-60-cdmx-dic.jpg?resize=350%2C200","width":350,"height":200},"classes":[]},{"id":48299,"url":"https:\/\/www.grieta.org.mx\/index.php\/2020\/04\/20\/bloquean-ermita-por-falta-de-agua-desde-hace-tres-meses-ciudad-de-mexico\/","url_meta":{"origin":26442,"position":2},"title":"Bloquean Ermita por falta de agua desde hace tres meses (Ciudad de M\u00e9xico)","author":"grieta","date":"20 abril, 2020","format":false,"excerpt":"Vecinos de la colonia Parake Buenavista ignoran sana distancia y bloquean Ermita Iztapalapa. \/ Foto: Jos\u00e9 Antonio Garc\u00eda. Jos\u00e9 Antonio Garc\u00eda \/ Excelsior Vecinos de la colonia Paraje Buenavista, alcald\u00eda de Iztapalapa, indicaron que desde hace 90 d\u00edas no cuentan con el l\u00edquido y tienen que pagar hasta mil pesos\u2026","rel":"","context":"En &quot;CINTILLO&quot;","block_context":{"text":"CINTILLO","link":"https:\/\/www.grieta.org.mx\/index.php\/category\/cintillo\/"},"img":{"alt_text":"","src":"https:\/\/i0.wp.com\/www.grieta.org.mx\/wp-content\/uploads\/2020\/04\/Bloquean-Ermita-por-falta-de-agua-desde-hace-tres-meses-cdmx-abr.jpg?resize=350%2C200&ssl=1","width":350,"height":200,"srcset":"https:\/\/i0.wp.com\/www.grieta.org.mx\/wp-content\/uploads\/2020\/04\/Bloquean-Ermita-por-falta-de-agua-desde-hace-tres-meses-cdmx-abr.jpg?resize=350%2C200&ssl=1 1x, https:\/\/i0.wp.com\/www.grieta.org.mx\/wp-content\/uploads\/2020\/04\/Bloquean-Ermita-por-falta-de-agua-desde-hace-tres-meses-cdmx-abr.jpg?resize=525%2C300&ssl=1 1.5x"},"classes":[]},{"id":26208,"url":"https:\/\/www.grieta.org.mx\/index.php\/2018\/09\/05\/habitantes-de-la-unidad-habitacional-villas-del-pedregal-le-ponen-el-cascabel-a-begrand-ciudad-de-mexico\/","url_meta":{"origin":26442,"position":3},"title":"Habitantes de la unidad habitacional Villas del Pedregal le ponen el cascabel a BeGrand (Ciudad de M\u00e9xico)","author":"grieta","date":"5 septiembre, 2018","format":false,"excerpt":"COLECTIVO GRIETA Al filo de las 10 de la ma\u00f1ana del 4 de septiembre, vecinos de la Unidad Villas del Pedregal realizaron una manifestaci\u00f3n rel\u00e1mpago para denunciar a la inmobiliaria BeGrand y las afectaciones que est\u00e1 teniendo ya en su vida cotidiana la megaconstrucci\u00f3n que este grupo construye en Perif\u00e9rico\u2026","rel":"","context":"En &quot;CINTILLO&quot;","block_context":{"text":"CINTILLO","link":"https:\/\/www.grieta.org.mx\/index.php\/category\/cintillo\/"},"img":{"alt_text":"","src":"https:\/\/i0.wp.com\/www.grieta.org.mx\/wp-content\/uploads\/2018\/09\/IMG-20180904-WA0113.jpg?resize=350%2C200&ssl=1","width":350,"height":200,"srcset":"https:\/\/i0.wp.com\/www.grieta.org.mx\/wp-content\/uploads\/2018\/09\/IMG-20180904-WA0113.jpg?resize=350%2C200&ssl=1 1x, https:\/\/i0.wp.com\/www.grieta.org.mx\/wp-content\/uploads\/2018\/09\/IMG-20180904-WA0113.jpg?resize=525%2C300&ssl=1 1.5x, https:\/\/i0.wp.com\/www.grieta.org.mx\/wp-content\/uploads\/2018\/09\/IMG-20180904-WA0113.jpg?resize=700%2C400&ssl=1 2x, https:\/\/i0.wp.com\/www.grieta.org.mx\/wp-content\/uploads\/2018\/09\/IMG-20180904-WA0113.jpg?resize=1050%2C600&ssl=1 3x"},"classes":[]},{"id":43850,"url":"https:\/\/www.grieta.org.mx\/index.php\/2020\/02\/01\/nuevas-construcciones-inmobiliarias-burlan-control-de-agua-en-cdmx\/","url_meta":{"origin":26442,"position":4},"title":"Nuevas construcciones inmobiliarias burlan control de agua en CDMX","author":"grieta","date":"1 febrero, 2020","format":false,"excerpt":"Texto: Arturo Contreras Camero Foto: Duilio Rodr\u00edguez Pie de P\u00e1gina La Ciudad de M\u00e9xico cobrar\u00e1 35 por ciento m\u00e1s por uso excesivo de agua en algunas colonias. Vecinos de la colonia Roma Sur, en donde no se aplicar\u00e1 la medida, acusan que en su colonia la construcciones de unidades habitacionales\u2026","rel":"","context":"En &quot;CINTILLO&quot;","block_context":{"text":"CINTILLO","link":"https:\/\/www.grieta.org.mx\/index.php\/category\/cintillo\/"},"img":{"alt_text":"","src":"https:\/\/i0.wp.com\/www.grieta.org.mx\/wp-content\/uploads\/2020\/02\/Nuevas-construcciones-inmobiliarias-burlan-control-de-agua-en-CDMX.jpg?resize=350%2C200&ssl=1","width":350,"height":200,"srcset":"https:\/\/i0.wp.com\/www.grieta.org.mx\/wp-content\/uploads\/2020\/02\/Nuevas-construcciones-inmobiliarias-burlan-control-de-agua-en-CDMX.jpg?resize=350%2C200&ssl=1 1x, https:\/\/i0.wp.com\/www.grieta.org.mx\/wp-content\/uploads\/2020\/02\/Nuevas-construcciones-inmobiliarias-burlan-control-de-agua-en-CDMX.jpg?resize=525%2C300&ssl=1 1.5x, https:\/\/i0.wp.com\/www.grieta.org.mx\/wp-content\/uploads\/2020\/02\/Nuevas-construcciones-inmobiliarias-burlan-control-de-agua-en-CDMX.jpg?resize=700%2C400&ssl=1 2x, https:\/\/i0.wp.com\/www.grieta.org.mx\/wp-content\/uploads\/2020\/02\/Nuevas-construcciones-inmobiliarias-burlan-control-de-agua-en-CDMX.jpg?resize=1050%2C600&ssl=1 3x"},"classes":[]},{"id":61184,"url":"https:\/\/www.grieta.org.mx\/index.php\/2021\/08\/18\/sin-agua-desde-hace-3-meses-y-en-medio-del-pico-de-covid-19-vecinos-de-santo-domingo-exigen-el-vital-liquido-ciudad-de-mexico\/","url_meta":{"origin":26442,"position":5},"title":"Sin agua desde hace 3 meses y en medio del pico de COVID-19, vecinos de Santo Domingo exigen el vital l\u00edquido (Ciudad de M\u00e9xico)","author":"grieta","date":"18 agosto, 2021","format":false,"excerpt":"COLECTIVO GRIETA Ciudad de M\u00e9xico, 17 de agosto. La ma\u00f1ana de este martes vecinos de la parte sur de los Pedregales de Santo Domingo, Coyoac\u00e1n, salieron a protestar para exigir a la alcand\u00eda y al Sistema de Aguas de la Ciudad de M\u00e9xico (SACMEX) que los provean de agua de\u2026","rel":"","context":"En &quot;CINTILLO&quot;","block_context":{"text":"CINTILLO","link":"https:\/\/www.grieta.org.mx\/index.php\/category\/cintillo\/"},"img":{"alt_text":"","src":"https:\/\/i0.wp.com\/www.grieta.org.mx\/wp-content\/uploads\/2021\/08\/Santo-Domingo-portada.jpg?resize=350%2C200&ssl=1","width":350,"height":200,"srcset":"https:\/\/i0.wp.com\/www.grieta.org.mx\/wp-content\/uploads\/2021\/08\/Santo-Domingo-portada.jpg?resize=350%2C200&ssl=1 1x, https:\/\/i0.wp.com\/www.grieta.org.mx\/wp-content\/uploads\/2021\/08\/Santo-Domingo-portada.jpg?resize=525%2C300&ssl=1 1.5x, https:\/\/i0.wp.com\/www.grieta.org.mx\/wp-content\/uploads\/2021\/08\/Santo-Domingo-portada.jpg?resize=700%2C400&ssl=1 2x"},"classes":[]}],"_links":{"self":[{"href":"https:\/\/www.grieta.org.mx\/index.php\/wp-json\/wp\/v2\/posts\/26442","targetHints":{"allow":["GET"]}}],"collection":[{"href":"https:\/\/www.grieta.org.mx\/index.php\/wp-json\/wp\/v2\/posts"}],"about":[{"href":"https:\/\/www.grieta.org.mx\/index.php\/wp-json\/wp\/v2\/types\/post"}],"author":[{"embeddable":true,"href":"https:\/\/www.grieta.org.mx\/index.php\/wp-json\/wp\/v2\/users\/2"}],"replies":[{"embeddable":true,"href":"https:\/\/www.grieta.org.mx\/index.php\/wp-json\/wp\/v2\/comments?post=26442"}],"version-history":[{"count":1,"href":"https:\/\/www.grieta.org.mx\/index.php\/wp-json\/wp\/v2\/posts\/26442\/revisions"}],"predecessor-version":[{"id":26464,"href":"https:\/\/www.grieta.org.mx\/index.php\/wp-json\/wp\/v2\/posts\/26442\/revisions\/26464"}],"wp:featuredmedia":[{"embeddable":true,"href":"https:\/\/www.grieta.org.mx\/index.php\/wp-json\/wp\/v2\/media\/21928"}],"wp:attachment":[{"href":"https:\/\/www.grieta.org.mx\/index.php\/wp-json\/wp\/v2\/media?parent=26442"}],"wp:term":[{"taxonomy":"category","embeddable":true,"href":"https:\/\/www.grieta.org.mx\/index.php\/wp-json\/wp\/v2\/categories?post=26442"},{"taxonomy":"post_tag","embeddable":true,"href":"https:\/\/www.grieta.org.mx\/index.php\/wp-json\/wp\/v2\/tags?post=26442"}],"curies":[{"name":"wp","href":"https:\/\/api.w.org\/{rel}","templated":true}]}}