{"id":26432,"date":"2018-09-11T18:39:43","date_gmt":"2018-09-11T23:39:43","guid":{"rendered":"http:\/\/www.grieta.org.mx\/?p=26432"},"modified":"2018-09-13T19:13:08","modified_gmt":"2018-09-14T00:13:08","slug":"exige-cnte-de-michoacan-pago-de-bono-por-500-mdp","status":"publish","type":"post","link":"https:\/\/www.grieta.org.mx\/index.php\/2018\/09\/11\/exige-cnte-de-michoacan-pago-de-bono-por-500-mdp\/","title":{"rendered":"Exige CNTE de Michoac\u00e1n pago de bono por 500 mdp"},"content":{"rendered":"<p><img decoding=\"async\" data-attachment-id=\"26433\" data-permalink=\"https:\/\/www.grieta.org.mx\/index.php\/2018\/09\/11\/exige-cnte-de-michoacan-pago-de-bono-por-500-mdp\/profesores-caseta\/\" data-orig-file=\"https:\/\/www.grieta.org.mx\/wp-content\/uploads\/2018\/09\/profesores-caseta.jpg\" data-orig-size=\"800,460\" data-comments-opened=\"0\" data-image-meta=\"{&quot;aperture&quot;:&quot;0&quot;,&quot;credit&quot;:&quot;&quot;,&quot;camera&quot;:&quot;&quot;,&quot;caption&quot;:&quot;&quot;,&quot;created_timestamp&quot;:&quot;0&quot;,&quot;copyright&quot;:&quot;&quot;,&quot;focal_length&quot;:&quot;0&quot;,&quot;iso&quot;:&quot;0&quot;,&quot;shutter_speed&quot;:&quot;0&quot;,&quot;title&quot;:&quot;&quot;,&quot;orientation&quot;:&quot;0&quot;}\" data-image-title=\"profesores caseta\" data-image-description=\"\" data-image-caption=\"\" data-medium-file=\"https:\/\/www.grieta.org.mx\/wp-content\/uploads\/2018\/09\/profesores-caseta-300x173.jpg\" data-large-file=\"https:\/\/www.grieta.org.mx\/wp-content\/uploads\/2018\/09\/profesores-caseta.jpg\" src=\"http:\/\/www.grieta.org.mx\/wp-content\/uploads\/2018\/09\/profesores-caseta-300x173.jpg\" alt=\"\" width=\"100%\" class=\"aligncenter size-medium wp-image-26433\" srcset=\"https:\/\/www.grieta.org.mx\/wp-content\/uploads\/2018\/09\/profesores-caseta-300x173.jpg 300w, https:\/\/www.grieta.org.mx\/wp-content\/uploads\/2018\/09\/profesores-caseta-768x442.jpg 768w, https:\/\/www.grieta.org.mx\/wp-content\/uploads\/2018\/09\/profesores-caseta.jpg 800w\" sizes=\"(max-width: 300px) 100vw, 300px\" \/><\/p>\n<p>Notimex\/ Uniradio Noticias<\/p>\n<p>M\u00e9xico (NTX).- Integrantes de la Coordinadora Nacional de Trabajadores de la Educaci\u00f3n (CNTE) se manifiestan este martes para exigir el pago de adeudos millonarios por bonos.<\/p>\n<p>Los maestros hacen presencia en casetas de peaje de las autopistas Siglo 21 y de Occidente e iniciaron a la par un paro laboral de 48 horas.<\/p>\n<p>Las casetas que se reportan con presencia de maestros son las de Zirahu\u00e9n, Feliciano, Santa Casilda en la Siglo 21, y Panind\u00edcuaro, Ecuandureo y Zinap\u00e9cuaro, en la de Occidente.<\/p>\n<p>Los integrantes de la CNTE dieron a conocer que, junto con estas acciones, el pr\u00f3ximo jueves se manifestar\u00e1n en los accesos a la capital del estado. En tanto, y tambi\u00e9n exigiendo el pago de diversos adeudos, integrantes dela DIII-6 que agrupa a trabajadores administrativos de la Secretaria de Educaci\u00f3n (SEE) marcharon en el centro de la ciudad.<\/p>\n<p>Al respecto, la Secretar\u00eda de Educaci\u00f3n en el estado reconoci\u00f3 adeudos de m\u00e1s de 500 millones de pesos, pero dej\u00f3 en claro que s\u00f3lo corresponden a bonos del 2018 y dos correspondientes al a\u00f1o pasado.<\/p>\n<p>En rueda de prensa, el delegado administrativo de la dependencia, Gustavo Meza, se\u00f1al\u00f3 que en materia salarial la SEE no tiene ning\u00fan adeudo pendiente ni con maestros ni con trabajadores administrativos.<\/p>\n<p>No obstante, reconoci\u00f3 pendientes en materia de bonos de diferentes tipos y que en conjunto hacen una suma de 500 millones.<\/p>\n<p>Dijo que en los \u00faltimos d\u00edas el gobierno del estado ha cubierto adeudos a normalistas por el orden de los 94 millones de pesos, a jubilados por 15 millones de pesos y a profesores por concepto de bono del d\u00eda del maestro por 38 millones de pesos, lo que refleja la voluntad de la autoridad por cubrir los pendientes.<\/p>\n<p><a href=\"https:\/\/www.uniradionoticias.com\/noticias\/mexico\/539383\/exige-cnte-de-michoacan-pago-de-bono-por-500-mdp.html\" rel=\"noopener\" target=\"_blank\">https:\/\/www.uniradionoticias.com\/noticias\/mexico\/539383\/exige-cnte-de-michoacan-pago-de-bono-por-500-mdp.html<\/a><\/p>\n","protected":false},"excerpt":{"rendered":"<p>Notimex\/ Uniradio Noticias M\u00e9xico (NTX).- Integrantes de la Coordinadora Nacional de Trabajadores de la Educaci\u00f3n (CNTE) se manifiestan este martes para exigir el pago de adeudos millonarios por bonos. Los &hellip; <a href=\"https:\/\/www.grieta.org.mx\/index.php\/2018\/09\/11\/exige-cnte-de-michoacan-pago-de-bono-por-500-mdp\/\" class=\"more-link\">Leer m\u00e1s<\/a><\/p>\n","protected":false},"author":2,"featured_media":26433,"comment_status":"closed","ping_status":"closed","sticky":false,"template":"","format":"standard","meta":{"ngg_post_thumbnail":0,"_jetpack_newsletter_access":"","_jetpack_dont_email_post_to_subs":false,"_jetpack_newsletter_tier_id":0,"_jetpack_memberships_contains_paywalled_content":false,"_jetpack_memberships_contains_paid_content":false,"footnotes":""},"categories":[80,21,82,1007,2],"tags":[134,674],"class_list":{"0":"post-26432","1":"post","2":"type-post","3":"status-publish","4":"format-standard","5":"has-post-thumbnail","6":"hentry","7":"category-cintillo","8":"category-michoacan","10":"category-movilizaciones-del-magisterio-en-michoacan","11":"category-noticias-nacionales","12":"tag-cnte","13":"tag-movilizaciones-maestros","14":"entry"},"jetpack_featured_media_url":"https:\/\/www.grieta.org.mx\/wp-content\/uploads\/2018\/09\/profesores-caseta.jpg","jetpack_sharing_enabled":true,"jetpack_shortlink":"https:\/\/wp.me\/p7ZJR4-6Sk","jetpack_likes_enabled":false,"jetpack-related-posts":[{"id":22779,"url":"https:\/\/www.grieta.org.mx\/index.php\/2018\/04\/17\/vive-michoacan-jornada-de-protestas-de-la-cnte-y-normalistas\/","url_meta":{"origin":26432,"position":0},"title":"Vive Michoac\u00e1n jornada de protestas de la CNTE y normalistas","author":"Admin","date":"17 abril, 2018","format":false,"excerpt":"POR FRANCISCO CASTELLANOS J MORELIA, MICH. (apro).- Integrantes de la secci\u00f3n 18 de la Coordinadora Nacional de Trabajadores de la Educaci\u00f3n (CNTE), realizan una jornada de bloqueos en diversas casetas y autopistas de Michoac\u00e1n; los egresados de la Escuela Normal realizan otra protesta afuera de las oficinas de Secretar\u00eda de\u2026","rel":"","context":"En &quot;CINTILLO&quot;","block_context":{"text":"CINTILLO","link":"https:\/\/www.grieta.org.mx\/index.php\/category\/cintillo\/"},"img":{"alt_text":"","src":"https:\/\/i0.wp.com\/www.grieta.org.mx\/wp-content\/uploads\/2018\/04\/DbFAc2TUwAET0ki-c.jpg?resize=350%2C200&ssl=1","width":350,"height":200,"srcset":"https:\/\/i0.wp.com\/www.grieta.org.mx\/wp-content\/uploads\/2018\/04\/DbFAc2TUwAET0ki-c.jpg?resize=350%2C200&ssl=1 1x, https:\/\/i0.wp.com\/www.grieta.org.mx\/wp-content\/uploads\/2018\/04\/DbFAc2TUwAET0ki-c.jpg?resize=525%2C300&ssl=1 1.5x, https:\/\/i0.wp.com\/www.grieta.org.mx\/wp-content\/uploads\/2018\/04\/DbFAc2TUwAET0ki-c.jpg?resize=700%2C400&ssl=1 2x"},"classes":[]},{"id":8977,"url":"https:\/\/www.grieta.org.mx\/index.php\/2016\/09\/13\/movilizaciones-contra-la-reforma-educativa-y-la-evaluacion-magisterial-en-michoacan\/","url_meta":{"origin":26432,"position":1},"title":"Movilizaciones contra la Reforma Educativa y la evaluaci\u00f3n magisterial en Michoac\u00e1n","author":"Admin","date":"13 septiembre, 2016","format":false,"excerpt":"13\/09\/16. CNTE encabezar\u00e1 acciones de protesta en festejos patrios Quadrat\u00edn 13\/09\/16. CNTE reanudar\u00e1 clases en todo Michoac\u00e1n Mi Morelia 18\/08\/16. Liberan a 28 normalistas de Michoac\u00e1n; 11 permanecen detenidos El Universal 17\/08\/16. Exigen liberar a los 39 normalistas detenidos en Michoac\u00e1n Proceso 17\/08\/16. A penal de Mil Cumbres, 39 normalistas\u2026","rel":"","context":"En &quot;Michoac\u00e1n&quot;","block_context":{"text":"Michoac\u00e1n","link":"https:\/\/www.grieta.org.mx\/index.php\/category\/noticias-nacionales\/michoacan\/"},"img":{"alt_text":"","src":"https:\/\/i0.wp.com\/www.grieta.org.mx\/wp-content\/uploads\/2018\/03\/14524434_1106112876131411_958039263622046936_o.jpg?resize=350%2C200&ssl=1","width":350,"height":200,"srcset":"https:\/\/i0.wp.com\/www.grieta.org.mx\/wp-content\/uploads\/2018\/03\/14524434_1106112876131411_958039263622046936_o.jpg?resize=350%2C200&ssl=1 1x, https:\/\/i0.wp.com\/www.grieta.org.mx\/wp-content\/uploads\/2018\/03\/14524434_1106112876131411_958039263622046936_o.jpg?resize=525%2C300&ssl=1 1.5x, https:\/\/i0.wp.com\/www.grieta.org.mx\/wp-content\/uploads\/2018\/03\/14524434_1106112876131411_958039263622046936_o.jpg?resize=700%2C400&ssl=1 2x"},"classes":[]},{"id":32919,"url":"https:\/\/www.grieta.org.mx\/index.php\/2019\/05\/02\/cnte-libera-casetas-de-peaje-en-autopista-siglo-xxi-michoacan\/","url_meta":{"origin":26432,"position":2},"title":"CNTE libera casetas de peaje en autopista Siglo XXI (Michoac\u00e1n)","author":"grieta","date":"2 mayo, 2019","format":false,"excerpt":"Autor Benjam\u00edn Alvarez \/ Contramuro, 2 de mayo de 2019 La acci\u00f3n de la CNTE est\u00e1 en marcada en su rechazo a la nueva propuesta de reforma educativa de las autoridades federales Morelia, Michoac\u00e1n.- Agremiados de la Coordinadora Nacional de Trabajadores de la Educaci\u00f3n (CNTE), han liberado casetas de cobro\u2026","rel":"","context":"En &quot;CINTILLO&quot;","block_context":{"text":"CINTILLO","link":"https:\/\/www.grieta.org.mx\/index.php\/category\/cintillo\/"},"img":{"alt_text":"","src":"https:\/\/i0.wp.com\/www.grieta.org.mx\/wp-content\/uploads\/2019\/05\/90c270a6-fac0-49ff-bb9a-4fb3e2686ea8-1000x500.jpg?resize=350%2C200&ssl=1","width":350,"height":200,"srcset":"https:\/\/i0.wp.com\/www.grieta.org.mx\/wp-content\/uploads\/2019\/05\/90c270a6-fac0-49ff-bb9a-4fb3e2686ea8-1000x500.jpg?resize=350%2C200&ssl=1 1x, https:\/\/i0.wp.com\/www.grieta.org.mx\/wp-content\/uploads\/2019\/05\/90c270a6-fac0-49ff-bb9a-4fb3e2686ea8-1000x500.jpg?resize=525%2C300&ssl=1 1.5x, https:\/\/i0.wp.com\/www.grieta.org.mx\/wp-content\/uploads\/2019\/05\/90c270a6-fac0-49ff-bb9a-4fb3e2686ea8-1000x500.jpg?resize=700%2C400&ssl=1 2x"},"classes":[]},{"id":39031,"url":"https:\/\/www.grieta.org.mx\/index.php\/2019\/09\/09\/cnte-inicia-paro-de-72-horas-en-michoacan\/","url_meta":{"origin":26432,"position":3},"title":"CNTE inicia paro de 72 horas en Michoac\u00e1n","author":"grieta","date":"9 septiembre, 2019","format":false,"excerpt":"Los maestros de la Secci\u00f3n 18 de la CNTE demandan el pago de quincenas y prestaciones atrasadas Exc\u00e9lsior, 09 de septiembre de 2019 Integrantes de la Coordinadora Nacional de Trabajadores de la Educaci\u00f3n (CNTE) comenzaron un paro de labores de 72 horas en Michoac\u00e1n, ante la demanda del pago de\u2026","rel":"","context":"En &quot;CINTILLO&quot;","block_context":{"text":"CINTILLO","link":"https:\/\/www.grieta.org.mx\/index.php\/category\/cintillo\/"},"img":{"alt_text":"","src":"https:\/\/i0.wp.com\/www.grieta.org.mx\/wp-content\/uploads\/2019\/09\/2215678.jpg?resize=350%2C200&ssl=1","width":350,"height":200,"srcset":"https:\/\/i0.wp.com\/www.grieta.org.mx\/wp-content\/uploads\/2019\/09\/2215678.jpg?resize=350%2C200&ssl=1 1x, https:\/\/i0.wp.com\/www.grieta.org.mx\/wp-content\/uploads\/2019\/09\/2215678.jpg?resize=525%2C300&ssl=1 1.5x"},"classes":[]},{"id":38862,"url":"https:\/\/www.grieta.org.mx\/index.php\/2019\/09\/06\/cnte-marcha-en-exigencia-de-pago-de-adeudos-michoacan\/","url_meta":{"origin":26432,"position":4},"title":"CNTE marcha en exigencia de pago de adeudos (Michoac\u00e1n)","author":"grieta","date":"6 septiembre, 2019","format":false,"excerpt":"Miles de agremiados partieron desde los cuatro puntos cardinales de Morelia rumbo al centro Benjam\u00edn \u00c1lvarez \/ Contramuro, 06 de septiembre de 2019 Morelia, Michoac\u00e1n.- Agremiados de la Coordinadora Nacional de Trabajadores de la Educaci\u00f3n (CNTE), emprendieron la mega movilizaci\u00f3n que parti\u00f3 desde los cuatro puntos cardinales de Morelia. Desee\u2026","rel":"","context":"En &quot;CINTILLO&quot;","block_context":{"text":"CINTILLO","link":"https:\/\/www.grieta.org.mx\/index.php\/category\/cintillo\/"},"img":{"alt_text":"","src":"https:\/\/i0.wp.com\/www.grieta.org.mx\/wp-content\/uploads\/2019\/09\/cnte-marcha2.jpg?resize=350%2C200&ssl=1","width":350,"height":200,"srcset":"https:\/\/i0.wp.com\/www.grieta.org.mx\/wp-content\/uploads\/2019\/09\/cnte-marcha2.jpg?resize=350%2C200&ssl=1 1x, https:\/\/i0.wp.com\/www.grieta.org.mx\/wp-content\/uploads\/2019\/09\/cnte-marcha2.jpg?resize=525%2C300&ssl=1 1.5x, https:\/\/i0.wp.com\/www.grieta.org.mx\/wp-content\/uploads\/2019\/09\/cnte-marcha2.jpg?resize=700%2C400&ssl=1 2x"},"classes":[]},{"id":23698,"url":"https:\/\/www.grieta.org.mx\/index.php\/2018\/06\/11\/jubilados-inician-planton-en-finanzas-michoacan\/","url_meta":{"origin":26432,"position":5},"title":"Jubilados inician plant\u00f3n en Finanzas (Michoac\u00e1n)","author":"grieta","date":"11 junio, 2018","format":false,"excerpt":"Ra\u00fal L\u00f3pez T\u00e9llez\/ Revoluci\u00f3n 3.0 Ante el adeudo de bonos a m\u00e1s de 19 mil maestros jubilados en el estado, este sector magisterial inici\u00f3 un plant\u00f3n ante la Secretar\u00eda de Finanzas del gobierno estatal. Gamaliel Guzm\u00e1n Cruz, secretario de Gestor\u00eda de la Coordinadora Nacional de Trabajadores de la Educaci\u00f3n (CNTE),\u2026","rel":"","context":"En &quot;CINTILLO&quot;","block_context":{"text":"CINTILLO","link":"https:\/\/www.grieta.org.mx\/index.php\/category\/cintillo\/"},"img":{"alt_text":"","src":"https:\/\/i0.wp.com\/www.grieta.org.mx\/wp-content\/uploads\/2018\/06\/jubilados1-imp.jpg?resize=350%2C200&ssl=1","width":350,"height":200,"srcset":"https:\/\/i0.wp.com\/www.grieta.org.mx\/wp-content\/uploads\/2018\/06\/jubilados1-imp.jpg?resize=350%2C200&ssl=1 1x, https:\/\/i0.wp.com\/www.grieta.org.mx\/wp-content\/uploads\/2018\/06\/jubilados1-imp.jpg?resize=525%2C300&ssl=1 1.5x, https:\/\/i0.wp.com\/www.grieta.org.mx\/wp-content\/uploads\/2018\/06\/jubilados1-imp.jpg?resize=700%2C400&ssl=1 2x"},"classes":[]}],"_links":{"self":[{"href":"https:\/\/www.grieta.org.mx\/index.php\/wp-json\/wp\/v2\/posts\/26432","targetHints":{"allow":["GET"]}}],"collection":[{"href":"https:\/\/www.grieta.org.mx\/index.php\/wp-json\/wp\/v2\/posts"}],"about":[{"href":"https:\/\/www.grieta.org.mx\/index.php\/wp-json\/wp\/v2\/types\/post"}],"author":[{"embeddable":true,"href":"https:\/\/www.grieta.org.mx\/index.php\/wp-json\/wp\/v2\/users\/2"}],"replies":[{"embeddable":true,"href":"https:\/\/www.grieta.org.mx\/index.php\/wp-json\/wp\/v2\/comments?post=26432"}],"version-history":[{"count":1,"href":"https:\/\/www.grieta.org.mx\/index.php\/wp-json\/wp\/v2\/posts\/26432\/revisions"}],"predecessor-version":[{"id":26434,"href":"https:\/\/www.grieta.org.mx\/index.php\/wp-json\/wp\/v2\/posts\/26432\/revisions\/26434"}],"wp:featuredmedia":[{"embeddable":true,"href":"https:\/\/www.grieta.org.mx\/index.php\/wp-json\/wp\/v2\/media\/26433"}],"wp:attachment":[{"href":"https:\/\/www.grieta.org.mx\/index.php\/wp-json\/wp\/v2\/media?parent=26432"}],"wp:term":[{"taxonomy":"category","embeddable":true,"href":"https:\/\/www.grieta.org.mx\/index.php\/wp-json\/wp\/v2\/categories?post=26432"},{"taxonomy":"post_tag","embeddable":true,"href":"https:\/\/www.grieta.org.mx\/index.php\/wp-json\/wp\/v2\/tags?post=26432"}],"curies":[{"name":"wp","href":"https:\/\/api.w.org\/{rel}","templated":true}]}}