{"id":26429,"date":"2018-09-13T18:36:56","date_gmt":"2018-09-13T23:36:56","guid":{"rendered":"http:\/\/www.grieta.org.mx\/?p=26429"},"modified":"2018-09-13T18:36:56","modified_gmt":"2018-09-13T23:36:56","slug":"estudiantes-de-universidad-de-sonora-lanzan-video-en-apoyo-a-movimiento-unam","status":"publish","type":"post","link":"https:\/\/www.grieta.org.mx\/index.php\/2018\/09\/13\/estudiantes-de-universidad-de-sonora-lanzan-video-en-apoyo-a-movimiento-unam\/","title":{"rendered":"Estudiantes de Universidad de Sonora lanzan video en apoyo a movimiento UNAM"},"content":{"rendered":"<p><img decoding=\"async\" data-attachment-id=\"26430\" data-permalink=\"https:\/\/www.grieta.org.mx\/index.php\/2018\/09\/13\/estudiantes-de-universidad-de-sonora-lanzan-video-en-apoyo-a-movimiento-unam\/unisonunam-focus-0-04-0-23-480-345\/\" data-orig-file=\"https:\/\/www.grieta.org.mx\/wp-content\/uploads\/2018\/09\/unisonunam-focus-0.04-0.23-480-345.jpg\" data-orig-size=\"480,345\" data-comments-opened=\"0\" data-image-meta=\"{&quot;aperture&quot;:&quot;0&quot;,&quot;credit&quot;:&quot;&quot;,&quot;camera&quot;:&quot;&quot;,&quot;caption&quot;:&quot;&quot;,&quot;created_timestamp&quot;:&quot;0&quot;,&quot;copyright&quot;:&quot;&quot;,&quot;focal_length&quot;:&quot;0&quot;,&quot;iso&quot;:&quot;0&quot;,&quot;shutter_speed&quot;:&quot;0&quot;,&quot;title&quot;:&quot;&quot;,&quot;orientation&quot;:&quot;0&quot;}\" data-image-title=\"unisonunam-focus-0.04-0.23-480-345\" data-image-description=\"\" data-image-caption=\"\" data-medium-file=\"https:\/\/www.grieta.org.mx\/wp-content\/uploads\/2018\/09\/unisonunam-focus-0.04-0.23-480-345-300x216.jpg\" data-large-file=\"https:\/\/www.grieta.org.mx\/wp-content\/uploads\/2018\/09\/unisonunam-focus-0.04-0.23-480-345.jpg\" src=\"http:\/\/www.grieta.org.mx\/wp-content\/uploads\/2018\/09\/unisonunam-focus-0.04-0.23-480-345-300x216.jpg\" alt=\"\" width=\"100%\" class=\"aligncenter size-medium wp-image-26430\" srcset=\"https:\/\/www.grieta.org.mx\/wp-content\/uploads\/2018\/09\/unisonunam-focus-0.04-0.23-480-345-300x216.jpg 300w, https:\/\/www.grieta.org.mx\/wp-content\/uploads\/2018\/09\/unisonunam-focus-0.04-0.23-480-345.jpg 480w\" sizes=\"(max-width: 300px) 100vw, 300px\" \/><\/p>\n<p>La Silla Rota\/ e-Consulta<\/p>\n<blockquote><p>Hermosillo, Sonora.- En apoyo a estudiantes de la Universidad Nacional Aut\u00f3noma de M\u00e9xico (UNAM) agredidos por un grupo de &#8220;porros&#8221; cuando protestaban para exigir la presentaci\u00f3n de maestros en la instituci\u00f3n, alumnos de distintas universidades de Sonora enviaron su solidaridad a trav\u00e9s de un video circulado en Facebook.<\/p>\n<p>Fue el pasado lunes 3 de septiembre cuando estudiantes del Colegio de Ciencias y Humanidades (CCH) de Azcapotzalco convocaron a una marcha desde el parque La Bombilla hasta la explanada de Rector\u00eda de la UNAM en Ciudad Universitaria.<\/p>\n<p>Los motivos de esta manifestaci\u00f3n pac\u00edfica era pedir que los maestros impartan sus clases, pues a poco m\u00e1s de un mes de iniciado el ciclo escolar, no contaban con ning\u00fan profesor; adem\u00e1s exig\u00edan la destituci\u00f3n del rector de la UNAM, Enrique Graue Wiechers por no brindar suficiente seguridad al Alma M\u00e1ter.<\/p>\n<p>As\u00ed como la atenci\u00f3n a las v\u00edctimas de acoso mediante el protocolo de g\u00e9nero y activar los programas sendero y transporte seguro.<\/p>\n<p>Ante esto alumnos de varias universidades de Sonora enviaron un mensaje de solidaridad desde diferentes partes de Hermosillo a trav\u00e9s de la p\u00e1gina de Facebook &#8220;La Izquierda Diario M\u00e9xico&#8221;, a los alumnos de la M\u00e1xima Casa de Estudios de M\u00e9xico, como muestra de su respaldo total por las agresiones f\u00edsicas contra los estudiantes.<\/p>\n<div class=\"fb-video\" data-allowfullscreen=\"true\" data-href=\"https:\/\/www.facebook.com\/izquierdadiariomx\/videos\/1918740888169594\/\" style=\"background-color: #fff; display: inline-block;\"><\/div>\n<p>&#8220;J\u00f3venes, estudiantes de la Universidad de Sonora, la Universidad Estatal de Sonora, trabajadoras y trabajadores, nos posicionamos en contra de los ataques porriles dirigidos hacia la movilizaci\u00f3n de estudiantes de CCH Azcapotzalco y de la comunidad universitaria&#8221;, exponen varios alumnos.<\/p>\n<p>Estos estudiantes de diversas instituciones de Sonora, tambi\u00e9n exigieron un espacio seguro dentro de las instalaciones de la UNAM con el fin de que los alumnos estudiaran sin temor a ser acosados, amenazados y agredidos; adem\u00e1s pidieron la renuncia del rector Enrique Graue.<\/p>\n<p>&#8220;Exigimos el cumplimiento de las demandas del movimiento estudiantil. Renuncia del rector de la UNAM, Enrique Graue, que la universidad sea un espacio seguro para los estudiantes y se garantice el derecho de la libertad de expresi\u00f3n&#8221;, dicen en el video.<\/p>\n<p>Los alumnos, as\u00ed como miembros de organizaciones de la sociedad civil, tambi\u00e9n solicitaron una educaci\u00f3n libre, laica y cero represiva en la Universidad Aut\u00f3noma de M\u00e9xico, quienes finalizaron el video al un\u00edsono: \u00a1fuera porros de la UNAM!<\/p>\n<p>&#8220;Justicia a las v\u00edctimas de feminicidios y hostigamiento sexual, por una educaci\u00f3n que sea democr\u00e1tica en la toma de decisiones, que sea laica, gratuita, y de acceso a los hijos de los trabajadores, basta la represi\u00f3n de los estudiantes, \u00a1fuera porros de la UNAM!&#8221;, se\u00f1alaron.<\/p>\n<p>Con informaci\u00f3n de La Silla Rota<\/p>\n<p><a href=\"http:\/\/www.e-veracruz.mx\/medios-externos\/2018-09-12\/estudiantes-de-universidad-de-sonora-lanzan-video-en-apoyo-movimiento\" rel=\"noopener\" target=\"_blank\">http:\/\/www.e-veracruz.mx\/medios-externos\/2018-09-12\/estudiantes-de-universidad-de-sonora-lanzan-video-en-apoyo-movimiento<\/a><\/p>\n","protected":false},"excerpt":{"rendered":"<p>La Silla Rota\/ e-Consulta Hermosillo, Sonora.- En apoyo a estudiantes de la Universidad Nacional Aut\u00f3noma de M\u00e9xico (UNAM) agredidos por un grupo de &#8220;porros&#8221; cuando protestaban para exigir la presentaci\u00f3n &hellip; <a href=\"https:\/\/www.grieta.org.mx\/index.php\/2018\/09\/13\/estudiantes-de-universidad-de-sonora-lanzan-video-en-apoyo-a-movimiento-unam\/\" class=\"more-link\">Leer m\u00e1s<\/a><\/p>\n","protected":false},"author":2,"featured_media":26430,"comment_status":"closed","ping_status":"closed","sticky":false,"template":"","format":"standard","meta":{"ngg_post_thumbnail":0,"_jetpack_newsletter_access":"","_jetpack_dont_email_post_to_subs":false,"_jetpack_newsletter_tier_id":0,"_jetpack_memberships_contains_paywalled_content":false,"_jetpack_memberships_contains_paid_content":false,"footnotes":""},"categories":[80,2,31,456],"tags":[238,144],"class_list":{"0":"post-26429","1":"post","2":"type-post","3":"status-publish","4":"format-standard","5":"has-post-thumbnail","6":"hentry","7":"category-cintillo","8":"category-noticias-nacionales","9":"category-sonora","11":"tag-estudiantes","12":"tag-unam","13":"entry"},"jetpack_featured_media_url":"https:\/\/www.grieta.org.mx\/wp-content\/uploads\/2018\/09\/unisonunam-focus-0.04-0.23-480-345.jpg","jetpack_sharing_enabled":true,"jetpack_shortlink":"https:\/\/wp.me\/p7ZJR4-6Sh","jetpack_likes_enabled":false,"jetpack-related-posts":[{"id":16064,"url":"https:\/\/www.grieta.org.mx\/index.php\/2016\/07\/06\/estudiantes-de-unam-e-ipn-toman-caseta-en-apoyo-a-maestros\/","url_meta":{"origin":26429,"position":0},"title":"Estudiantes de UNAM e IPN toman caseta en apoyo a maestros","author":"grieta","date":"6 julio, 2016","format":false,"excerpt":"Desde las 9am estudiantes del IPN y la UNAM protestaron durante m\u00e1s de tres horas, liberando la caseta de cobro de la autopista M\u00e9xico-Puebla, donde se solidarizaron con la CNTE. Regeneraci\u00f3n, 6 de julio de 2016.- Por la ma\u00f1ana estudiantes del Instituto Polit\u00e9cnico Nacional (IPN) y de la Universidad Nacional\u2026","rel":"","context":"En &quot;cdmx&quot;","block_context":{"text":"cdmx","link":"https:\/\/www.grieta.org.mx\/index.php\/category\/cdmx\/"},"img":{"alt_text":"","src":"https:\/\/i0.wp.com\/www.grieta.org.mx\/wp-content\/uploads\/2018\/03\/14524434_1106112876131411_958039263622046936_o.jpg?resize=350%2C200&ssl=1","width":350,"height":200,"srcset":"https:\/\/i0.wp.com\/www.grieta.org.mx\/wp-content\/uploads\/2018\/03\/14524434_1106112876131411_958039263622046936_o.jpg?resize=350%2C200&ssl=1 1x, https:\/\/i0.wp.com\/www.grieta.org.mx\/wp-content\/uploads\/2018\/03\/14524434_1106112876131411_958039263622046936_o.jpg?resize=525%2C300&ssl=1 1.5x, https:\/\/i0.wp.com\/www.grieta.org.mx\/wp-content\/uploads\/2018\/03\/14524434_1106112876131411_958039263622046936_o.jpg?resize=700%2C400&ssl=1 2x"},"classes":[]},{"id":20169,"url":"https:\/\/www.grieta.org.mx\/index.php\/2016\/08\/15\/video-policias-responden-a-balazos-protesta-de-estudiantes-de-fes-acatlan-de-la-unam\/","url_meta":{"origin":26429,"position":1},"title":"(Video) Polic\u00edas responden a balazos protesta de estudiantes de FES-Acatl\u00e1n de la UNAM","author":"grieta","date":"15 agosto, 2016","format":false,"excerpt":"Tras una protesta y un bloqueo en repudio al recorte matricular en ciencias sociales y humanidades en el plantel de la FES-Acatl\u00e1n, UNAM, polic\u00edas de Naucalpan dispararon armas de grueso calibre contra estudiantes que se manifestaban a las afueras de las instalaciones. Estos hechos provocaron confusi\u00f3n en la comunidad universitaria,\u2026","rel":"","context":"En &quot;CINTILLO&quot;","block_context":{"text":"CINTILLO","link":"https:\/\/www.grieta.org.mx\/index.php\/category\/cintillo\/"},"img":{"alt_text":"","src":"https:\/\/i0.wp.com\/www.grieta.org.mx\/wp-content\/uploads\/2018\/03\/14524434_1106112876131411_958039263622046936_o.jpg?resize=350%2C200&ssl=1","width":350,"height":200,"srcset":"https:\/\/i0.wp.com\/www.grieta.org.mx\/wp-content\/uploads\/2018\/03\/14524434_1106112876131411_958039263622046936_o.jpg?resize=350%2C200&ssl=1 1x, https:\/\/i0.wp.com\/www.grieta.org.mx\/wp-content\/uploads\/2018\/03\/14524434_1106112876131411_958039263622046936_o.jpg?resize=525%2C300&ssl=1 1.5x, https:\/\/i0.wp.com\/www.grieta.org.mx\/wp-content\/uploads\/2018\/03\/14524434_1106112876131411_958039263622046936_o.jpg?resize=700%2C400&ssl=1 2x"},"classes":[]},{"id":40137,"url":"https:\/\/www.grieta.org.mx\/index.php\/2019\/10\/11\/alumnos-de-la-unam-marchan-contra-violencia-de-genero-y-porros-ciudad-de-mexico\/","url_meta":{"origin":26429,"position":2},"title":"Alumnos de la UNAM marchan contra violencia de g\u00e9nero y porros (Ciudad de M\u00e9xico)","author":"grieta","date":"11 octubre, 2019","format":false,"excerpt":"El Heraldo de M\u00e9xico La movilizaci\u00f3n de estudiantes recorri\u00f3 algunas de las facultades de la Universidad Nacional, para posteriormente desplazarse sobre avenida Insurgentes Sur Estudiantes de la Facultad de Ciencias Pol\u00edticas y Sociales de la Universidad Nacional Aut\u00f3noma de M\u00e9xico (UNAM) realizaron este viernes una marcha en contra de la\u2026","rel":"","context":"En &quot;CINTILLO&quot;","block_context":{"text":"CINTILLO","link":"https:\/\/www.grieta.org.mx\/index.php\/category\/cintillo\/"},"img":{"alt_text":"","src":"https:\/\/i0.wp.com\/www.grieta.org.mx\/wp-content\/uploads\/2019\/10\/Alumnos-de-la-UNAM-marchan-contra-violencia-de-g%C3%A9nero-y-porros-oct-cdmx.jpg?resize=350%2C200&ssl=1","width":350,"height":200,"srcset":"https:\/\/i0.wp.com\/www.grieta.org.mx\/wp-content\/uploads\/2019\/10\/Alumnos-de-la-UNAM-marchan-contra-violencia-de-g%C3%A9nero-y-porros-oct-cdmx.jpg?resize=350%2C200&ssl=1 1x, https:\/\/i0.wp.com\/www.grieta.org.mx\/wp-content\/uploads\/2019\/10\/Alumnos-de-la-UNAM-marchan-contra-violencia-de-g%C3%A9nero-y-porros-oct-cdmx.jpg?resize=525%2C300&ssl=1 1.5x"},"classes":[]},{"id":43881,"url":"https:\/\/www.grieta.org.mx\/index.php\/2020\/01\/30\/unam-estudiantes-toman-la-fcpys-en-solidaridad-con-otros-planteles-ciudad-de-mexico\/","url_meta":{"origin":26429,"position":3},"title":"UNAM: ESTUDIANTES TOMAN LA FCPYS EN SOLIDARIDAD CON OTROS PLANTELES (Ciudad de M\u00e9xico)","author":"grieta","date":"30 enero, 2020","format":false,"excerpt":"Reporte \u00cdndigo \u201cMujeres Organizadas\u201d inform\u00f3 que la Facultad \u201cpermanecer\u00e1 cerrada hasta que se resuelvan satisfactoriamente todas las demandas de todos lo planteles\u201d. Un grupo de estudiantes tom\u00f3 las instalaciones de la Facultad de Ciencias Pol\u00edticas y Sociales (FCPyS) de la Universidad Nacional Aut\u00f3noma de M\u00e9xico (UNAM). \u201cMujeres Organizadas\u201d inform\u00f3 que\u2026","rel":"","context":"En &quot;CINTILLO&quot;","block_context":{"text":"CINTILLO","link":"https:\/\/www.grieta.org.mx\/index.php\/category\/cintillo\/"},"img":{"alt_text":"","src":"https:\/\/i0.wp.com\/www.grieta.org.mx\/wp-content\/uploads\/2020\/02\/UNAM-ESTUDIANTES-TOMAN-LA-FCPYS-EN-SOLIDARIDAD-CON-OTROS-PLANTELES-cdmx-feb.jpg?resize=350%2C200&ssl=1","width":350,"height":200,"srcset":"https:\/\/i0.wp.com\/www.grieta.org.mx\/wp-content\/uploads\/2020\/02\/UNAM-ESTUDIANTES-TOMAN-LA-FCPYS-EN-SOLIDARIDAD-CON-OTROS-PLANTELES-cdmx-feb.jpg?resize=350%2C200&ssl=1 1x, https:\/\/i0.wp.com\/www.grieta.org.mx\/wp-content\/uploads\/2020\/02\/UNAM-ESTUDIANTES-TOMAN-LA-FCPYS-EN-SOLIDARIDAD-CON-OTROS-PLANTELES-cdmx-feb.jpg?resize=525%2C300&ssl=1 1.5x, https:\/\/i0.wp.com\/www.grieta.org.mx\/wp-content\/uploads\/2020\/02\/UNAM-ESTUDIANTES-TOMAN-LA-FCPYS-EN-SOLIDARIDAD-CON-OTROS-PLANTELES-cdmx-feb.jpg?resize=700%2C400&ssl=1 2x"},"classes":[]},{"id":71483,"url":"https:\/\/www.grieta.org.mx\/index.php\/2025\/03\/30\/estudiantes-llaman-a-jornada-nacional-de-lucha-en-la-unam\/","url_meta":{"origin":26429,"position":4},"title":"Estudiantes llaman a jornada nacional de lucha en la UNAM","author":"grieta","date":"30 marzo, 2025","format":false,"excerpt":"Pie de P\u00e1gina Texto: Camilo Ocampo Foto: Isabel Brise\u00f1o \/ Archivo Pie de P\u00e1gina Recientemente, la UNAM inform\u00f3 sobre la implementaci\u00f3n de comedores m\u00f3viles en las afueras de sus bachilleratos, una soluci\u00f3n que no responde a las exigencias de la comunidad estudiantil CIUDAD DE M\u00c9XICO. \u2013 Los estudiantes advierten que\u2026","rel":"","context":"En &quot;CINTILLO&quot;","block_context":{"text":"CINTILLO","link":"https:\/\/www.grieta.org.mx\/index.php\/category\/cintillo\/"},"img":{"alt_text":"","src":"https:\/\/i0.wp.com\/www.grieta.org.mx\/wp-content\/uploads\/2025\/03\/Estudiantes-llaman-a-jornada-nacional-de-lucha-en-la-UNAM.jpg?resize=350%2C200&ssl=1","width":350,"height":200,"srcset":"https:\/\/i0.wp.com\/www.grieta.org.mx\/wp-content\/uploads\/2025\/03\/Estudiantes-llaman-a-jornada-nacional-de-lucha-en-la-UNAM.jpg?resize=350%2C200&ssl=1 1x, https:\/\/i0.wp.com\/www.grieta.org.mx\/wp-content\/uploads\/2025\/03\/Estudiantes-llaman-a-jornada-nacional-de-lucha-en-la-UNAM.jpg?resize=525%2C300&ssl=1 1.5x, https:\/\/i0.wp.com\/www.grieta.org.mx\/wp-content\/uploads\/2025\/03\/Estudiantes-llaman-a-jornada-nacional-de-lucha-en-la-UNAM.jpg?resize=700%2C400&ssl=1 2x"},"classes":[]},{"id":13197,"url":"https:\/\/www.grieta.org.mx\/index.php\/2016\/05\/20\/mas-de-16-estudiantes-de-la-unam-han-sido-desaparecidos-o-asesinados-los-casos-no-pueden-ser-arrastrados-al-olvido\/","url_meta":{"origin":26429,"position":5},"title":"M\u00e1s de 16 estudiantes de la UNAM han sido desaparecidos o asesinados; los casos no pueden ser arrastrados al olvido","author":"grieta","date":"20 mayo, 2016","format":false,"excerpt":"(20 de mayo, 2016).- De 2004 a 2016 m\u00e1s de 16 estudiantes de la Universidad Nacional Aut\u00f3noma de M\u00e9xico (UNAM) han sido asesinados o desaparecidos, lo que demuestra que la violencia y la criminalidad que se vive en el pa\u00eds no ha dejado exenta a los integrantes de la m\u00e1xima\u2026","rel":"","context":"En &quot;cdmx&quot;","block_context":{"text":"cdmx","link":"https:\/\/www.grieta.org.mx\/index.php\/category\/cdmx\/"},"img":{"alt_text":"","src":"https:\/\/i0.wp.com\/www.grieta.org.mx\/wp-content\/uploads\/2018\/03\/14524434_1106112876131411_958039263622046936_o.jpg?resize=350%2C200&ssl=1","width":350,"height":200,"srcset":"https:\/\/i0.wp.com\/www.grieta.org.mx\/wp-content\/uploads\/2018\/03\/14524434_1106112876131411_958039263622046936_o.jpg?resize=350%2C200&ssl=1 1x, https:\/\/i0.wp.com\/www.grieta.org.mx\/wp-content\/uploads\/2018\/03\/14524434_1106112876131411_958039263622046936_o.jpg?resize=525%2C300&ssl=1 1.5x, https:\/\/i0.wp.com\/www.grieta.org.mx\/wp-content\/uploads\/2018\/03\/14524434_1106112876131411_958039263622046936_o.jpg?resize=700%2C400&ssl=1 2x"},"classes":[]}],"_links":{"self":[{"href":"https:\/\/www.grieta.org.mx\/index.php\/wp-json\/wp\/v2\/posts\/26429","targetHints":{"allow":["GET"]}}],"collection":[{"href":"https:\/\/www.grieta.org.mx\/index.php\/wp-json\/wp\/v2\/posts"}],"about":[{"href":"https:\/\/www.grieta.org.mx\/index.php\/wp-json\/wp\/v2\/types\/post"}],"author":[{"embeddable":true,"href":"https:\/\/www.grieta.org.mx\/index.php\/wp-json\/wp\/v2\/users\/2"}],"replies":[{"embeddable":true,"href":"https:\/\/www.grieta.org.mx\/index.php\/wp-json\/wp\/v2\/comments?post=26429"}],"version-history":[{"count":1,"href":"https:\/\/www.grieta.org.mx\/index.php\/wp-json\/wp\/v2\/posts\/26429\/revisions"}],"predecessor-version":[{"id":26431,"href":"https:\/\/www.grieta.org.mx\/index.php\/wp-json\/wp\/v2\/posts\/26429\/revisions\/26431"}],"wp:featuredmedia":[{"embeddable":true,"href":"https:\/\/www.grieta.org.mx\/index.php\/wp-json\/wp\/v2\/media\/26430"}],"wp:attachment":[{"href":"https:\/\/www.grieta.org.mx\/index.php\/wp-json\/wp\/v2\/media?parent=26429"}],"wp:term":[{"taxonomy":"category","embeddable":true,"href":"https:\/\/www.grieta.org.mx\/index.php\/wp-json\/wp\/v2\/categories?post=26429"},{"taxonomy":"post_tag","embeddable":true,"href":"https:\/\/www.grieta.org.mx\/index.php\/wp-json\/wp\/v2\/tags?post=26429"}],"curies":[{"name":"wp","href":"https:\/\/api.w.org\/{rel}","templated":true}]}}