{"id":26423,"date":"2018-09-13T17:59:28","date_gmt":"2018-09-13T22:59:28","guid":{"rendered":"http:\/\/www.grieta.org.mx\/?p=26423"},"modified":"2018-09-13T17:59:28","modified_gmt":"2018-09-13T22:59:28","slug":"tio-de-la-gobernadora-de-sonora-se-apodera-del-agua-de-riego-denuncian-ejidatarios","status":"publish","type":"post","link":"https:\/\/www.grieta.org.mx\/index.php\/2018\/09\/13\/tio-de-la-gobernadora-de-sonora-se-apodera-del-agua-de-riego-denuncian-ejidatarios\/","title":{"rendered":"T\u00edo de la gobernadora de Sonora se apodera del agua de riego, denuncian ejidatarios"},"content":{"rendered":"<p><img decoding=\"async\" data-attachment-id=\"26424\" data-permalink=\"https:\/\/www.grieta.org.mx\/index.php\/2018\/09\/13\/tio-de-la-gobernadora-de-sonora-se-apodera-del-agua-de-riego-denuncian-ejidatarios\/ejidatarios-1078x717\/\" data-orig-file=\"https:\/\/www.grieta.org.mx\/wp-content\/uploads\/2018\/09\/ejidatarios-1078x717.jpg\" data-orig-size=\"1078,717\" data-comments-opened=\"0\" data-image-meta=\"{&quot;aperture&quot;:&quot;0&quot;,&quot;credit&quot;:&quot;&quot;,&quot;camera&quot;:&quot;&quot;,&quot;caption&quot;:&quot;&quot;,&quot;created_timestamp&quot;:&quot;0&quot;,&quot;copyright&quot;:&quot;&quot;,&quot;focal_length&quot;:&quot;0&quot;,&quot;iso&quot;:&quot;0&quot;,&quot;shutter_speed&quot;:&quot;0&quot;,&quot;title&quot;:&quot;&quot;,&quot;orientation&quot;:&quot;0&quot;}\" data-image-title=\"ejidatarios-1078&amp;#215;717\" data-image-description=\"\" data-image-caption=\"\" data-medium-file=\"https:\/\/www.grieta.org.mx\/wp-content\/uploads\/2018\/09\/ejidatarios-1078x717-300x200.jpg\" data-large-file=\"https:\/\/www.grieta.org.mx\/wp-content\/uploads\/2018\/09\/ejidatarios-1078x717-1024x681.jpg\" src=\"http:\/\/www.grieta.org.mx\/wp-content\/uploads\/2018\/09\/ejidatarios-1078x717-300x200.jpg\" alt=\"\" width=\"100%\" class=\"aligncenter size-medium wp-image-26424\" srcset=\"https:\/\/www.grieta.org.mx\/wp-content\/uploads\/2018\/09\/ejidatarios-1078x717-300x200.jpg 300w, https:\/\/www.grieta.org.mx\/wp-content\/uploads\/2018\/09\/ejidatarios-1078x717-768x511.jpg 768w, https:\/\/www.grieta.org.mx\/wp-content\/uploads\/2018\/09\/ejidatarios-1078x717-1024x681.jpg 1024w, https:\/\/www.grieta.org.mx\/wp-content\/uploads\/2018\/09\/ejidatarios-1078x717-752x500.jpg 752w, https:\/\/www.grieta.org.mx\/wp-content\/uploads\/2018\/09\/ejidatarios-1078x717.jpg 1078w\" sizes=\"(max-width: 300px) 100vw, 300px\" \/><\/p>\n<p>Milton Mart\u00ednez\/ Proceso<\/p>\n<blockquote><p>HERMOSILLO, Son., (apro).- Productores del ejido de Villa de Seris acusaron a Fausto Pavlovich, t\u00edo de la gobernadora Claudia Artemiza Pavlovich Arellano, de apoderarse del agua residual que procesa la planta tratadora de esta capital.<\/p><\/blockquote>\n<p>El presidente del Comisariado Ejidal de Villa de Seris, Isidro Amavizca, denunci\u00f3 que el conflicto se agrav\u00f3 desde que fue construida la Planta de Tratamiento de Aguas Residuales (PTAR) en Hermosillo, y en 2015, cuando inici\u00f3 la administraci\u00f3n de la mandataria sonorense.<\/p>\n<p>En este trieno, denunciaron los ejidatarios, Fausto Pavlovich adquiri\u00f3 mil hect\u00e1reas para cultivo de hortalizas, es decir, el rancho familiar lo increment\u00f3 al 1000% porque en los ejidos Villa de Seris y La Yesca habr\u00eda agua tratada y constante para la siembra.<\/p>\n<p>\u201cNosotros estamos sintiendo que el agua se est\u00e1 yendo r\u00edo abajo donde antes hab\u00eda tierras improductivas, que no se sembraban cuando se descargaban aguas negras, pero ahora con la planta tratadora esas tierras las empez\u00f3 a rentar el se\u00f1or Fausto Pavlovich, t\u00edo de la gobernadora\u201d, reproch\u00f3 el comisario ejidal.<\/p>\n<p>\u201cNo nos importa que siembren mil o dos mil hect\u00e1reas, o las que sean, pero que no perjudique los intereses del Ejido, que nos deje producir tambi\u00e9n, que si no le alcanza, que se sujete al agua que hay para todos y que no le agarre toda. Nosotros estamos sufriendo\u201d, solicit\u00f3 el representante de la comunidad.<\/p>\n<p>Los ejidatarios dijeron que el acaparamiento del agua ha generado p\u00e9rdidas por 80 millones de pesos en detrimento de 140 familias que trabajaban en mil 400 hect\u00e1reas de cultivo.<\/p>\n<p>Seg\u00fan datos de Agua de Hermosillo, la paramunicipal que opera la planta tratadora, la obra hidr\u00e1ulica tiene una capacidad de bombear a los ejidos dos mil 500 litros por segundo de agua procesada.<\/p>\n<p>La planta tuvo un costo inicial de mil 119 millones de pesos y los recursos se obtuvieron mediante un financiamiento otorgado por Banobras por un monto de 272 millones de pesos, y la parte restante de un empr\u00e9stito concedido por la iniciativa privada.<\/p>\n<p>La PTAR ha afectado el bolsillo de los hermosillenses desde 2017 porque los residentes de esta capital tuvieron un aumento del 35% en la tarifa al servicio de agua, con el argumento de que los costos de operaci\u00f3n de la planta ser\u00edan cuantiosos.<\/p>\n<p>El desmedido incremento provoc\u00f3 manifestaciones e inconformidades contra la administraci\u00f3n municipal de Manuel Ignacio Acosta Guti\u00e9rrez, quien es conocido a nivel nacional por ser part\u00edcipe en la \u201cEstafa Maestra\u201d, durante los a\u00f1os que perteneci\u00f3 al Registro Nacional Agrario y, supuestamente, quebrant\u00f3 las arcas nacionales por una cantidad superior a los 447 millones de pesos.<\/p>\n<p>En esa investigaci\u00f3n period\u00edstica liderada por Animal Pol\u00edtico y la organizaci\u00f3n Mexicanos contra la Corrupci\u00f3n y la Impunidad (MCCI) se se\u00f1ala que Acosta Guti\u00e9rrez particip\u00f3 activamente en la operaci\u00f3n gubernamental en la que 186 compa\u00f1\u00edas (muchas de ellas fantasmas) recibieron siete mil 670 millones de pesos del gobierno federal en flagrante violaci\u00f3n a la Ley General de Adquisiciones y comprobable en las cuentas p\u00fablicas de 2013 y 2014.<\/p>\n<p><strong>Una familia \u201cinc\u00f3moda\u201d<\/strong><\/p>\n<p>\u00c9sta no es la primera ocasi\u00f3n que un pariente de la gobernadora es acusado de cometer agravios a la poblaci\u00f3n.<\/p>\n<p>El 15 de abril de 2016, ejidatarios de Caborca, \u201cla perla del desierto sonorense\u201d, denunciaron que Rafael Pavlovich Durazo, otro t\u00edo de la gobernadora, orden\u00f3 el arresto de cinco campesinos para apropiarse, de manera ilegal, de terrenos ejidales, donde opera la minera canadiense Penmont, S. de R.L. de C.V., la cual extrae grandes cantidades de oro.<\/p>\n<p>\u201cEl 12 de abril acudieron a las tierras, propiedad del ejido El Baj\u00edo, 24 patrullas de la Polic\u00eda Estatal de Sonora y, al menos, tres de la Polic\u00eda Municipal de Caborca, adem\u00e1s de diversos civiles, para despojar de sus tierras a los campesinos que son los leg\u00edtimos due\u00f1os \u201d, inform\u00f3 en aquella ocasi\u00f3n el abogado Jes\u00fas Thomas.<\/p>\n<p>El t\u00edo de Pavlovich fue denunciado por \u201clevantar\u201d a otros campesinos, de manipular los tribunales estatales en su favor y de la mina, as\u00ed como de enca\u00f1onar a periodistas que hac\u00edan la cobertura noticiosa de sus despojos.<\/p>\n<p><a href=\"https:\/\/www.proceso.com.mx\/550783\/tio-de-la-gobernadora-de-sonora-se-apodera-del-agua-de-riego-denuncian-ejidatarios\" rel=\"noopener\" target=\"_blank\">https:\/\/www.proceso.com.mx\/550783\/tio-de-la-gobernadora-de-sonora-se-apodera-del-agua-de-riego-denuncian-ejidatarios<\/a><\/p>\n","protected":false},"excerpt":{"rendered":"<p>Milton Mart\u00ednez\/ Proceso HERMOSILLO, Son., (apro).- Productores del ejido de Villa de Seris acusaron a Fausto Pavlovich, t\u00edo de la gobernadora Claudia Artemiza Pavlovich Arellano, de apoderarse del agua residual &hellip; <a href=\"https:\/\/www.grieta.org.mx\/index.php\/2018\/09\/13\/tio-de-la-gobernadora-de-sonora-se-apodera-del-agua-de-riego-denuncian-ejidatarios\/\" class=\"more-link\">Leer m\u00e1s<\/a><\/p>\n","protected":false},"author":2,"featured_media":26424,"comment_status":"closed","ping_status":"closed","sticky":false,"template":"","format":"standard","meta":{"ngg_post_thumbnail":0,"_jetpack_newsletter_access":"","_jetpack_dont_email_post_to_subs":false,"_jetpack_newsletter_tier_id":0,"_jetpack_memberships_contains_paywalled_content":false,"_jetpack_memberships_contains_paid_content":false,"footnotes":""},"categories":[80,2,31,456],"tags":[1243],"class_list":{"0":"post-26423","1":"post","2":"type-post","3":"status-publish","4":"format-standard","5":"has-post-thumbnail","6":"hentry","7":"category-cintillo","8":"category-noticias-nacionales","9":"category-sonora","11":"tag-despojo-de-agua","12":"entry"},"jetpack_featured_media_url":"https:\/\/www.grieta.org.mx\/wp-content\/uploads\/2018\/09\/ejidatarios-1078x717.jpg","jetpack_sharing_enabled":true,"jetpack_shortlink":"https:\/\/wp.me\/p7ZJR4-6Sb","jetpack_likes_enabled":false,"jetpack-related-posts":[{"id":7624,"url":"https:\/\/www.grieta.org.mx\/index.php\/2015\/12\/07\/liberan-yaquis-carretera-de-cuatro-carriles-en-sonora\/","url_meta":{"origin":26423,"position":0},"title":"Liberan yaquis carretera de Cuatro Carriles en Sonora","author":"grieta","date":"7 diciembre, 2015","format":false,"excerpt":"Despu\u00e9s de casi tres a\u00f1os, integrantes de la tribu Yaqui liberaron hoy el tramo de la carretera federal a la altura de V\u00edcam, el cual lo ten\u00edan bloqueado en protesta por la operaci\u00f3n de la obra del acueducto Independencia, las autoridades tradicionales de la etnia aclararon que la lucha seguir\u00e1\u2026","rel":"","context":"En &quot;CINTILLO&quot;","block_context":{"text":"CINTILLO","link":"https:\/\/www.grieta.org.mx\/index.php\/category\/cintillo\/"},"img":{"alt_text":"","src":"https:\/\/i0.wp.com\/www.grieta.org.mx\/wp-content\/uploads\/2018\/03\/14524434_1106112876131411_958039263622046936_o.jpg?resize=350%2C200&ssl=1","width":350,"height":200,"srcset":"https:\/\/i0.wp.com\/www.grieta.org.mx\/wp-content\/uploads\/2018\/03\/14524434_1106112876131411_958039263622046936_o.jpg?resize=350%2C200&ssl=1 1x, https:\/\/i0.wp.com\/www.grieta.org.mx\/wp-content\/uploads\/2018\/03\/14524434_1106112876131411_958039263622046936_o.jpg?resize=525%2C300&ssl=1 1.5x, https:\/\/i0.wp.com\/www.grieta.org.mx\/wp-content\/uploads\/2018\/03\/14524434_1106112876131411_958039263622046936_o.jpg?resize=700%2C400&ssl=1 2x"},"classes":[]},{"id":59315,"url":"https:\/\/www.grieta.org.mx\/index.php\/2021\/05\/05\/se-oponian-a-mina-de-bailleres-en-sonora-los-asesinaron-el-ejido-se-levanta-y-demanda-justicia\/","url_meta":{"origin":26423,"position":1},"title":"Se opon\u00edan a mina de Baill\u00e8res en Sonora. Los asesinaron. El ejido se levanta y demanda justicia","author":"grieta","date":"5 mayo, 2021","format":false,"excerpt":"SinEmbargo\/Dulce Olvera Los opositores asesinados, Jos\u00e9 de Jes\u00fas y Mar\u00eda de Jes\u00fas, luchaban contra la minera Penmont, una subsidiaria de Fresnillo, propiedad del magnate Alberto Baill\u00e8res, dedicada a la explotaci\u00f3n de oro a cielo abierto en el desierto de Sonora. Ciudad de M\u00e9xico, 3 de mayo (SinEmbargo).\u2013\u00a0Jos\u00e9 de Jes\u00fas Robledo\u2026","rel":"","context":"En &quot;CINTILLO&quot;","block_context":{"text":"CINTILLO","link":"https:\/\/www.grieta.org.mx\/index.php\/category\/cintillo\/"},"img":{"alt_text":"","src":"https:\/\/i0.wp.com\/www.grieta.org.mx\/wp-content\/uploads\/2021\/05\/desierto-sonora.jpg?resize=350%2C200&ssl=1","width":350,"height":200,"srcset":"https:\/\/i0.wp.com\/www.grieta.org.mx\/wp-content\/uploads\/2021\/05\/desierto-sonora.jpg?resize=350%2C200&ssl=1 1x, https:\/\/i0.wp.com\/www.grieta.org.mx\/wp-content\/uploads\/2021\/05\/desierto-sonora.jpg?resize=525%2C300&ssl=1 1.5x, https:\/\/i0.wp.com\/www.grieta.org.mx\/wp-content\/uploads\/2021\/05\/desierto-sonora.jpg?resize=700%2C400&ssl=1 2x, https:\/\/i0.wp.com\/www.grieta.org.mx\/wp-content\/uploads\/2021\/05\/desierto-sonora.jpg?resize=1050%2C600&ssl=1 3x"},"classes":[]},{"id":8455,"url":"https:\/\/www.grieta.org.mx\/index.php\/2015\/05\/09\/seris-en-pie-de-guerra-vs-minera-en-sonora\/","url_meta":{"origin":26423,"position":2},"title":"Seris, \u201cen pie de guerra\u201d vs minera en Sonora","author":"grieta","date":"9 mayo, 2015","format":false,"excerpt":"Dossier Politico Por Jes\u00fas Ortega Hermosillo, Sonora (DP).- La Comunidad Seri se encuentra en \u201cpie de guerra\u201d contra una minera de capia coreano que saquea y causa destrucci\u00f3n del territorio conocido como sierra \u201cLa Peineta\u201d, en las cercan\u00edas de Punta Chueca, en Sonora. Juan Antonio Robles Barnett, representante \u00e9tnico ante\u2026","rel":"","context":"En &quot;CINTILLO&quot;","block_context":{"text":"CINTILLO","link":"https:\/\/www.grieta.org.mx\/index.php\/category\/cintillo\/"},"img":{"alt_text":"","src":"https:\/\/i0.wp.com\/www.grieta.org.mx\/wp-content\/uploads\/2018\/03\/14524434_1106112876131411_958039263622046936_o.jpg?resize=350%2C200&ssl=1","width":350,"height":200,"srcset":"https:\/\/i0.wp.com\/www.grieta.org.mx\/wp-content\/uploads\/2018\/03\/14524434_1106112876131411_958039263622046936_o.jpg?resize=350%2C200&ssl=1 1x, https:\/\/i0.wp.com\/www.grieta.org.mx\/wp-content\/uploads\/2018\/03\/14524434_1106112876131411_958039263622046936_o.jpg?resize=525%2C300&ssl=1 1.5x, https:\/\/i0.wp.com\/www.grieta.org.mx\/wp-content\/uploads\/2018\/03\/14524434_1106112876131411_958039263622046936_o.jpg?resize=700%2C400&ssl=1 2x"},"classes":[]},{"id":14891,"url":"https:\/\/www.grieta.org.mx\/index.php\/2016\/06\/20\/maestros-de-la-cnte-en-sonora-reprueban-agresion-en-oaxaca\/","url_meta":{"origin":26423,"position":3},"title":"Maestros de la CNTE en Sonora reprueban agresi\u00f3n en Oaxaca","author":"grieta","date":"20 junio, 2016","format":false,"excerpt":"El vocero de la Asamblea Magisterial en Hermosillo, Irene Rios Figueroa, lament\u00f3 las muertes de los compa\u00f1eros maestros Marlene Valero Integrantes de la Coordinadora Nacional de Trabajadores de la Educaci\u00f3n (CNTE) y la Asamblea Magisterial de Sonora, reprobaron frente a Palacio de Gobierno la reprensi\u00f3n por parte de la Polic\u00eda\u2026","rel":"","context":"En &quot;CINTILLO&quot;","block_context":{"text":"CINTILLO","link":"https:\/\/www.grieta.org.mx\/index.php\/category\/cintillo\/"},"img":{"alt_text":"","src":"https:\/\/i0.wp.com\/www.grieta.org.mx\/wp-content\/uploads\/2018\/03\/14524434_1106112876131411_958039263622046936_o.jpg?resize=350%2C200&ssl=1","width":350,"height":200,"srcset":"https:\/\/i0.wp.com\/www.grieta.org.mx\/wp-content\/uploads\/2018\/03\/14524434_1106112876131411_958039263622046936_o.jpg?resize=350%2C200&ssl=1 1x, https:\/\/i0.wp.com\/www.grieta.org.mx\/wp-content\/uploads\/2018\/03\/14524434_1106112876131411_958039263622046936_o.jpg?resize=525%2C300&ssl=1 1.5x, https:\/\/i0.wp.com\/www.grieta.org.mx\/wp-content\/uploads\/2018\/03\/14524434_1106112876131411_958039263622046936_o.jpg?resize=700%2C400&ssl=1 2x"},"classes":[]},{"id":8462,"url":"https:\/\/www.grieta.org.mx\/index.php\/2015\/05\/09\/lanza-guardia-tradicional-seri-advertencia-a-mineros\/","url_meta":{"origin":26423,"position":4},"title":"Lanza guardia tradicional seri advertencia a mineros","author":"grieta","date":"9 mayo, 2015","format":false,"excerpt":"Expreso ULISES GUTI\u00c9RREZ HERMOSILLO, SON.- El representante \u00e9tnico de la tribu Seri ante el Ayuntamiento de Hermosillo, Juan Antonio Robles Barnett, se\u00f1al\u00f3 que la guardia tradicional de la etnia tiene instrucciones de no permitir que vuelvan a ingresar a su territorio los mineros, al parecer de origen coreano, que realizaron\u2026","rel":"","context":"En &quot;CINTILLO&quot;","block_context":{"text":"CINTILLO","link":"https:\/\/www.grieta.org.mx\/index.php\/category\/cintillo\/"},"img":{"alt_text":"","src":"https:\/\/i0.wp.com\/www.grieta.org.mx\/wp-content\/uploads\/2018\/03\/14524434_1106112876131411_958039263622046936_o.jpg?resize=350%2C200&ssl=1","width":350,"height":200,"srcset":"https:\/\/i0.wp.com\/www.grieta.org.mx\/wp-content\/uploads\/2018\/03\/14524434_1106112876131411_958039263622046936_o.jpg?resize=350%2C200&ssl=1 1x, https:\/\/i0.wp.com\/www.grieta.org.mx\/wp-content\/uploads\/2018\/03\/14524434_1106112876131411_958039263622046936_o.jpg?resize=525%2C300&ssl=1 1.5x, https:\/\/i0.wp.com\/www.grieta.org.mx\/wp-content\/uploads\/2018\/03\/14524434_1106112876131411_958039263622046936_o.jpg?resize=700%2C400&ssl=1 2x"},"classes":[]},{"id":21472,"url":"https:\/\/www.grieta.org.mx\/index.php\/2016\/08\/18\/cnte-sonora-enfocara-manifestaciones-hacia-grupos-empresariales\/","url_meta":{"origin":26423,"position":5},"title":"CNTE Sonora enfocar\u00e1 manifestaciones hacia grupos empresariales","author":"grieta","date":"18 agosto, 2016","format":false,"excerpt":"Por M\u00f3nica Miranda Hermosillo.- El pr\u00f3ximo lunes la CNTE en Sonora realizar\u00e1 un plan de acci\u00f3n que no necesariamente es el bloqueo de escuelas, sino hacer visitas a las grandes corporaciones para ejercer presi\u00f3n ante la autoridad, declar\u00f3 David Guadalupe Valenzuela. El l\u00edder de la Coordinadora Nacional de Trabajadores de\u2026","rel":"","context":"En &quot;CINTILLO&quot;","block_context":{"text":"CINTILLO","link":"https:\/\/www.grieta.org.mx\/index.php\/category\/cintillo\/"},"img":{"alt_text":"","src":"https:\/\/i0.wp.com\/www.grieta.org.mx\/wp-content\/uploads\/2018\/03\/14524434_1106112876131411_958039263622046936_o.jpg?resize=350%2C200&ssl=1","width":350,"height":200,"srcset":"https:\/\/i0.wp.com\/www.grieta.org.mx\/wp-content\/uploads\/2018\/03\/14524434_1106112876131411_958039263622046936_o.jpg?resize=350%2C200&ssl=1 1x, https:\/\/i0.wp.com\/www.grieta.org.mx\/wp-content\/uploads\/2018\/03\/14524434_1106112876131411_958039263622046936_o.jpg?resize=525%2C300&ssl=1 1.5x, https:\/\/i0.wp.com\/www.grieta.org.mx\/wp-content\/uploads\/2018\/03\/14524434_1106112876131411_958039263622046936_o.jpg?resize=700%2C400&ssl=1 2x"},"classes":[]}],"_links":{"self":[{"href":"https:\/\/www.grieta.org.mx\/index.php\/wp-json\/wp\/v2\/posts\/26423","targetHints":{"allow":["GET"]}}],"collection":[{"href":"https:\/\/www.grieta.org.mx\/index.php\/wp-json\/wp\/v2\/posts"}],"about":[{"href":"https:\/\/www.grieta.org.mx\/index.php\/wp-json\/wp\/v2\/types\/post"}],"author":[{"embeddable":true,"href":"https:\/\/www.grieta.org.mx\/index.php\/wp-json\/wp\/v2\/users\/2"}],"replies":[{"embeddable":true,"href":"https:\/\/www.grieta.org.mx\/index.php\/wp-json\/wp\/v2\/comments?post=26423"}],"version-history":[{"count":1,"href":"https:\/\/www.grieta.org.mx\/index.php\/wp-json\/wp\/v2\/posts\/26423\/revisions"}],"predecessor-version":[{"id":26425,"href":"https:\/\/www.grieta.org.mx\/index.php\/wp-json\/wp\/v2\/posts\/26423\/revisions\/26425"}],"wp:featuredmedia":[{"embeddable":true,"href":"https:\/\/www.grieta.org.mx\/index.php\/wp-json\/wp\/v2\/media\/26424"}],"wp:attachment":[{"href":"https:\/\/www.grieta.org.mx\/index.php\/wp-json\/wp\/v2\/media?parent=26423"}],"wp:term":[{"taxonomy":"category","embeddable":true,"href":"https:\/\/www.grieta.org.mx\/index.php\/wp-json\/wp\/v2\/categories?post=26423"},{"taxonomy":"post_tag","embeddable":true,"href":"https:\/\/www.grieta.org.mx\/index.php\/wp-json\/wp\/v2\/tags?post=26423"}],"curies":[{"name":"wp","href":"https:\/\/api.w.org\/{rel}","templated":true}]}}