{"id":26419,"date":"2018-09-12T10:45:10","date_gmt":"2018-09-12T15:45:10","guid":{"rendered":"http:\/\/www.grieta.org.mx\/?p=26419"},"modified":"2018-09-13T10:47:02","modified_gmt":"2018-09-13T15:47:02","slug":"pronunciamiento-del-congreso-nacional-indigena-y-el-concejo-indigena-de-gobierno-por-la-recuperacion-de-tierras-comunales-de-mezcala","status":"publish","type":"post","link":"https:\/\/www.grieta.org.mx\/index.php\/2018\/09\/12\/pronunciamiento-del-congreso-nacional-indigena-y-el-concejo-indigena-de-gobierno-por-la-recuperacion-de-tierras-comunales-de-mezcala\/","title":{"rendered":"Pronunciamiento del Congreso Nacional Ind\u00edgena y el Concejo Ind\u00edgena de Gobierno por la recuperaci\u00f3n de tierras comunales de Mezcala"},"content":{"rendered":"<p>Al Pueblo de M\u00e9xico<\/p>\n<p>A las redes de apoyo al CIG<\/p>\n<p>A la Sexta Nacional e Internacional<\/p>\n<p>A los medios de comunicaci\u00f3n<\/p>\n<p>Es la hora de que la comunidad ind\u00edgena coca de Mezcala recupere  lo que siempre ha sido suyo y que le fue arrebatado por el empresario  Guillermo Moreno Ibarra.<\/p>\n<p>Es la hora de que el Tercer Tribunal Colegiado en materia administrativa de Jalisco reconozca y haga valer la raz\u00f3n leg\u00edtima y tambi\u00e9n legal que tiene el pueblo de Mezcala, que con su organizaci\u00f3n y su lucha, ha hecho prevalecer en contra del olvido y la mentira de los malos gobiernos que sirven a los poderosos.<\/p>\n<p>Abrazamos la dignidad que no se vende, no se rinde y no claudica de los compa\u00f1eros de la Comunidad Ind\u00edgena de Mezcala, pese a la represi\u00f3n e intentos de divisi\u00f3n, de intentos de que se olviden de que la tierra fue suya alguna vez. Eso, sabemos que no es, ni ser\u00e1 f\u00e1cil, sino que es el reflejo de la vida.<\/p>\n<p>Como Congreso Nacional Ind\u00edgena y Concejo Ind\u00edgena de Gobierno estaremos vigilantes y alertas  al actuar de los malos gobiernos y los poderosos que ambicionan lo que es de las comunidades.<\/p>\n<p>Atentamente<\/p>\n<p>Septiembre de 2018<\/p>\n<p>Por la Reconstituci\u00f3n Integral de Nuestros Pueblos<\/p>\n<p>Nunca M\u00e1s Un M\u00e9xico Sin Nosotros<\/p>\n<p>Congreso Nacional Ind\u00edgena<\/p>\n<p>Concejo Ind\u00edgena de Gobierno<\/p>\n<p><img loading=\"lazy\" decoding=\"async\" data-attachment-id=\"25109\" data-permalink=\"https:\/\/www.grieta.org.mx\/index.php\/2018\/07\/24\/pronunciamiento-del-congreso-nacional-indigena-y-el-concejo-indigena-de-gobierno-por-el-asesinato-del-companero-rolando-crispin-lopez-oaxaca\/logo-cni-to-2\/\" data-orig-file=\"https:\/\/www.grieta.org.mx\/wp-content\/uploads\/2018\/07\/logo-CNI-To.png\" data-orig-size=\"558,303\" data-comments-opened=\"0\" data-image-meta=\"{&quot;aperture&quot;:&quot;0&quot;,&quot;credit&quot;:&quot;&quot;,&quot;camera&quot;:&quot;&quot;,&quot;caption&quot;:&quot;&quot;,&quot;created_timestamp&quot;:&quot;0&quot;,&quot;copyright&quot;:&quot;&quot;,&quot;focal_length&quot;:&quot;0&quot;,&quot;iso&quot;:&quot;0&quot;,&quot;shutter_speed&quot;:&quot;0&quot;,&quot;title&quot;:&quot;&quot;,&quot;orientation&quot;:&quot;0&quot;}\" data-image-title=\"logo-CNI-To\" data-image-description=\"\" data-image-caption=\"\" data-medium-file=\"https:\/\/www.grieta.org.mx\/wp-content\/uploads\/2018\/07\/logo-CNI-To-300x163.png\" data-large-file=\"https:\/\/www.grieta.org.mx\/wp-content\/uploads\/2018\/07\/logo-CNI-To.png\" src=\"http:\/\/www.grieta.org.mx\/wp-content\/uploads\/2018\/07\/logo-CNI-To-300x163.png\" alt=\"\" width=\"300\" height=\"163\" class=\"aligncenter size-medium wp-image-25109\" srcset=\"https:\/\/www.grieta.org.mx\/wp-content\/uploads\/2018\/07\/logo-CNI-To-300x163.png 300w, https:\/\/www.grieta.org.mx\/wp-content\/uploads\/2018\/07\/logo-CNI-To.png 558w\" sizes=\"auto, (max-width: 300px) 100vw, 300px\" \/><\/p>\n<p><a href=\"https:\/\/www.congresonacionalindigena.org\/2018\/09\/12\/pronunciamiento-del-congreso-nacional-indigena-y-el-concejo-indigena-de-gobierno-por-la-recuperacion-de-tierras-comunales-de-mezcala\/\">https:\/\/www.congresonacionalindigena.org\/2018\/09\/12\/pronunciamiento-del-congreso-nacional-indigena-y-el-concejo-indigena-de-gobierno-por-la-recuperacion-de-tierras-comunales-de-mezcala\/<\/a><\/p>\n","protected":false},"excerpt":{"rendered":"<p>Al Pueblo de M\u00e9xico A las redes de apoyo al CIG A la Sexta Nacional e Internacional A los medios de comunicaci\u00f3n Es la hora de que la comunidad ind\u00edgena &hellip; <a href=\"https:\/\/www.grieta.org.mx\/index.php\/2018\/09\/12\/pronunciamiento-del-congreso-nacional-indigena-y-el-concejo-indigena-de-gobierno-por-la-recuperacion-de-tierras-comunales-de-mezcala\/\" class=\"more-link\">Leer m\u00e1s<\/a><\/p>\n","protected":false},"author":2,"featured_media":25109,"comment_status":"closed","ping_status":"closed","sticky":false,"template":"","format":"standard","meta":{"ngg_post_thumbnail":0,"_jetpack_newsletter_access":"","_jetpack_dont_email_post_to_subs":false,"_jetpack_newsletter_tier_id":0,"_jetpack_memberships_contains_paywalled_content":false,"_jetpack_memberships_contains_paid_content":false,"footnotes":""},"categories":[47,909,80,79,1160,968,1,954,20,2],"tags":[1724],"class_list":["post-26419","post","type-post","status-publish","format-standard","has-post-thumbnail","hentry","category-3-wixarikas","category-cig","category-cintillo","category-cni","category-cni-jalisco","category-esp-jalisco","category-espejos-de-la-resistencia","category-espejos-estados","category-jalisco","category-noticias-nacionales","tag-wixarikas","entry"],"jetpack_featured_media_url":"https:\/\/www.grieta.org.mx\/wp-content\/uploads\/2018\/07\/logo-CNI-To.png","jetpack_sharing_enabled":true,"jetpack_shortlink":"https:\/\/wp.me\/p7ZJR4-6S7","jetpack_likes_enabled":false,"jetpack-related-posts":[{"id":5532,"url":"https:\/\/www.grieta.org.mx\/index.php\/2015\/11\/19\/resistencia-de-la-comunidad-coca-de-mezcala-contra-el-despojo\/","url_meta":{"origin":26419,"position":0},"title":"Resistencia de la comunidad Coca de Mezcala contra el despojo","author":"grieta","date":"19 noviembre, 2015","format":false,"excerpt":"19\/11\/15. Absuelven a nueve miembros de la Comunidad Ind\u00edgena Coca de Mezcala (Audios). Noticias de abajo ML 17\/11\/15. Tribunal absuelve a comuneros de MezcalaProyecto Diez 16\/10\/15. Mezcala, una comunidad ind\u00edgena en peligro de ser despojadaProyecto Diez 03\/09\/15. La Comunidad Ind\u00edgena Coca de Mezcala de Asunci\u00f3n exige justicia para sus integrantes\u2026","rel":"","context":"En &quot;8. Mezcala&quot;","block_context":{"text":"8. Mezcala","link":"https:\/\/www.grieta.org.mx\/index.php\/category\/espejos-de-la-resistencia\/8-mezcala\/"},"img":{"alt_text":"","src":"https:\/\/i0.wp.com\/www.grieta.org.mx\/wp-content\/uploads\/2018\/03\/14524434_1106112876131411_958039263622046936_o.jpg?resize=350%2C200&ssl=1","width":350,"height":200,"srcset":"https:\/\/i0.wp.com\/www.grieta.org.mx\/wp-content\/uploads\/2018\/03\/14524434_1106112876131411_958039263622046936_o.jpg?resize=350%2C200&ssl=1 1x, https:\/\/i0.wp.com\/www.grieta.org.mx\/wp-content\/uploads\/2018\/03\/14524434_1106112876131411_958039263622046936_o.jpg?resize=525%2C300&ssl=1 1.5x, https:\/\/i0.wp.com\/www.grieta.org.mx\/wp-content\/uploads\/2018\/03\/14524434_1106112876131411_958039263622046936_o.jpg?resize=700%2C400&ssl=1 2x"},"classes":[]},{"id":26284,"url":"https:\/\/www.grieta.org.mx\/index.php\/2018\/08\/31\/denuncia-del-cig-y-cni-por-nuevo-ataque-armado-contra-comuneros-de-azqueltan\/","url_meta":{"origin":26419,"position":1},"title":"DENUNCIA DEL CIG Y CNI POR NUEVO ATAQUE ARMADO CONTRA COMUNEROS DE AZQUELTAN","author":"grieta","date":"31 agosto, 2018","format":false,"excerpt":"DENUNCIAMOS NUEVO ATAQUE ARMADO A COMUNEROS DE AZQUELT\u00c1N Denunciamos que el invasor ganadero Heriberto Garc\u00eda, originario del municipio de Villa Guerrero, Jalisco, luego de que intentara recuperar por la fuerza el ganado asegurado por la comunidad wix\u00e1rika y tepehuana de San Lorenzo Azquelt\u00e1n, mediante amenazas con un arma de fuego,\u2026","rel":"","context":"En &quot;3. Wix\u00e1rikas&quot;","block_context":{"text":"3. Wix\u00e1rikas","link":"https:\/\/www.grieta.org.mx\/index.php\/category\/espejos-de-la-resistencia\/3-wixarikas\/"},"img":{"alt_text":"","src":"https:\/\/i0.wp.com\/www.grieta.org.mx\/wp-content\/uploads\/2018\/07\/logo-CNI-T.png?resize=350%2C200&ssl=1","width":350,"height":200,"srcset":"https:\/\/i0.wp.com\/www.grieta.org.mx\/wp-content\/uploads\/2018\/07\/logo-CNI-T.png?resize=350%2C200&ssl=1 1x, https:\/\/i0.wp.com\/www.grieta.org.mx\/wp-content\/uploads\/2018\/07\/logo-CNI-T.png?resize=525%2C300&ssl=1 1.5x"},"classes":[]},{"id":65438,"url":"https:\/\/www.grieta.org.mx\/index.php\/2022\/10\/04\/llegaron-los-verdaderos-duenos-de-la-tierra-luego-de-23-anos-comunidad-de-mezcala-recupera-tierras-despojadas-jalisco\/","url_meta":{"origin":26419,"position":2},"title":"\u201cLlegaron los verdaderos due\u00f1os de la tierra\u201d: Luego de 23 a\u00f1os, Comunidad de Mezcala recupera tierras despojadas (Jalisco)","author":"grieta","date":"4 octubre, 2022","format":false,"excerpt":"Imagen: Mario Marlo Luego de m\u00e1s de 23 a\u00f1os de lucha, el pueblo ind\u00edgena de Mezcala, Jalisco, recuper\u00f3 el territorio que les fue despojado de manera ilegal por el empresario Guillermo Moreno Ibarra en 1999. \u00a0La recuperaci\u00f3n de estas 10 hect\u00e1reas representa un logro hist\u00f3rico de la lucha comunitaria ind\u00edgena\u2026","rel":"","context":"En &quot;8. Mezcala&quot;","block_context":{"text":"8. Mezcala","link":"https:\/\/www.grieta.org.mx\/index.php\/category\/espejos-de-la-resistencia\/8-mezcala\/"},"img":{"alt_text":"","src":"https:\/\/i0.wp.com\/www.grieta.org.mx\/wp-content\/uploads\/2022\/10\/photo5614236741317797845-1068x712-1.jpg?resize=350%2C200&ssl=1","width":350,"height":200,"srcset":"https:\/\/i0.wp.com\/www.grieta.org.mx\/wp-content\/uploads\/2022\/10\/photo5614236741317797845-1068x712-1.jpg?resize=350%2C200&ssl=1 1x, https:\/\/i0.wp.com\/www.grieta.org.mx\/wp-content\/uploads\/2022\/10\/photo5614236741317797845-1068x712-1.jpg?resize=525%2C300&ssl=1 1.5x, https:\/\/i0.wp.com\/www.grieta.org.mx\/wp-content\/uploads\/2022\/10\/photo5614236741317797845-1068x712-1.jpg?resize=700%2C400&ssl=1 2x, https:\/\/i0.wp.com\/www.grieta.org.mx\/wp-content\/uploads\/2022\/10\/photo5614236741317797845-1068x712-1.jpg?resize=1050%2C600&ssl=1 3x"},"classes":[]},{"id":5530,"url":"https:\/\/www.grieta.org.mx\/index.php\/2015\/11\/19\/absuelven-a-nueve-miembros-de-la-comunidad-indigena-coca-de-mezcala-audio\/","url_meta":{"origin":26419,"position":3},"title":"Absuelven a nueve miembros de la Comunidad Ind\u00edgena Coca de Mezcala (Audios)","author":"grieta","date":"19 noviembre, 2015","format":false,"excerpt":"Noticias de Abajo ML El 6 de noviembre de 2015 los nueve miembros de la Comunidad Ind\u00edgena Coca de Mezcala de la Asunci\u00f3n, Jalisco, fueron absueltos de un delito fabricado en su contra. Sin embargo la resoluci\u00f3n de los magistrados no hizo menci\u00f3n a las violaciones a los derechos de\u2026","rel":"","context":"En &quot;CINTILLO&quot;","block_context":{"text":"CINTILLO","link":"https:\/\/www.grieta.org.mx\/index.php\/category\/cintillo\/"},"img":{"alt_text":"","src":"https:\/\/i0.wp.com\/www.grieta.org.mx\/wp-content\/uploads\/2018\/03\/14524434_1106112876131411_958039263622046936_o.jpg?resize=350%2C200&ssl=1","width":350,"height":200,"srcset":"https:\/\/i0.wp.com\/www.grieta.org.mx\/wp-content\/uploads\/2018\/03\/14524434_1106112876131411_958039263622046936_o.jpg?resize=350%2C200&ssl=1 1x, https:\/\/i0.wp.com\/www.grieta.org.mx\/wp-content\/uploads\/2018\/03\/14524434_1106112876131411_958039263622046936_o.jpg?resize=525%2C300&ssl=1 1.5x, https:\/\/i0.wp.com\/www.grieta.org.mx\/wp-content\/uploads\/2018\/03\/14524434_1106112876131411_958039263622046936_o.jpg?resize=700%2C400&ssl=1 2x"},"classes":[]},{"id":62290,"url":"https:\/\/www.grieta.org.mx\/index.php\/2021\/10\/07\/comunidad-coca-de-mezcala-continua-lucha-contra-inmobiliarias-jalisco\/","url_meta":{"origin":26419,"position":4},"title":"Comunidad Coca de Mezcala contin\u00faa lucha contra inmobiliarias (Jalisco)","author":"grieta","date":"7 octubre, 2021","format":false,"excerpt":"Foto: Cuartoscuro Redacci\u00f3n \/ El Diario NTR Tras m\u00e1s de 20 a\u00f1os de lucha y de tener en contra al gobierno del Estado, la comunidad ind\u00edgena Coca de Mezcala contin\u00faa su lucha en los juzgados contra la intromisi\u00f3n inmobiliaria en su territorio. Roc\u00edo Moreno, l\u00edder ind\u00edgena de la comunidad, explic\u00f3\u2026","rel":"","context":"En &quot;8. Mezcala&quot;","block_context":{"text":"8. Mezcala","link":"https:\/\/www.grieta.org.mx\/index.php\/category\/espejos-de-la-resistencia\/8-mezcala\/"},"img":{"alt_text":"","src":"https:\/\/i0.wp.com\/www.grieta.org.mx\/wp-content\/uploads\/2021\/10\/2021-10-07_05-10-48___3498.jpg?resize=350%2C200&ssl=1","width":350,"height":200,"srcset":"https:\/\/i0.wp.com\/www.grieta.org.mx\/wp-content\/uploads\/2021\/10\/2021-10-07_05-10-48___3498.jpg?resize=350%2C200&ssl=1 1x, https:\/\/i0.wp.com\/www.grieta.org.mx\/wp-content\/uploads\/2021\/10\/2021-10-07_05-10-48___3498.jpg?resize=525%2C300&ssl=1 1.5x, https:\/\/i0.wp.com\/www.grieta.org.mx\/wp-content\/uploads\/2021\/10\/2021-10-07_05-10-48___3498.jpg?resize=700%2C400&ssl=1 2x"},"classes":[]},{"id":65596,"url":"https:\/\/www.grieta.org.mx\/index.php\/2022\/10\/18\/exigen-pobladores-y-organizaciones-inocencia-para-10-comuneros-de-mezcala-jalisco\/","url_meta":{"origin":26419,"position":5},"title":"Exigen pobladores y organizaciones inocencia para 10 comuneros de Mezcala (Jalisco)","author":"grieta","date":"18 octubre, 2022","format":false,"excerpt":"Imagen: Jorge Alberto Mendoza Jos\u00e9 Toral \/\u00a0 El Diario NTR Diez comuneros de Mezcala de la Asunci\u00f3n, en Poncitl\u00e1n, enfrentan procesos penales tras luchar por la defensa de un territorio que le pertenec\u00eda a la comunidad y que ya le fue entregado tras m\u00e1s de 20 a\u00f1os de litigios. Al\u2026","rel":"","context":"En &quot;8. Mezcala&quot;","block_context":{"text":"8. Mezcala","link":"https:\/\/www.grieta.org.mx\/index.php\/category\/espejos-de-la-resistencia\/8-mezcala\/"},"img":{"alt_text":"","src":"https:\/\/i0.wp.com\/www.grieta.org.mx\/wp-content\/uploads\/2022\/10\/2022-10-17_11-10-48___9568.jpg?resize=350%2C200&ssl=1","width":350,"height":200,"srcset":"https:\/\/i0.wp.com\/www.grieta.org.mx\/wp-content\/uploads\/2022\/10\/2022-10-17_11-10-48___9568.jpg?resize=350%2C200&ssl=1 1x, https:\/\/i0.wp.com\/www.grieta.org.mx\/wp-content\/uploads\/2022\/10\/2022-10-17_11-10-48___9568.jpg?resize=525%2C300&ssl=1 1.5x, https:\/\/i0.wp.com\/www.grieta.org.mx\/wp-content\/uploads\/2022\/10\/2022-10-17_11-10-48___9568.jpg?resize=700%2C400&ssl=1 2x"},"classes":[]}],"_links":{"self":[{"href":"https:\/\/www.grieta.org.mx\/index.php\/wp-json\/wp\/v2\/posts\/26419","targetHints":{"allow":["GET"]}}],"collection":[{"href":"https:\/\/www.grieta.org.mx\/index.php\/wp-json\/wp\/v2\/posts"}],"about":[{"href":"https:\/\/www.grieta.org.mx\/index.php\/wp-json\/wp\/v2\/types\/post"}],"author":[{"embeddable":true,"href":"https:\/\/www.grieta.org.mx\/index.php\/wp-json\/wp\/v2\/users\/2"}],"replies":[{"embeddable":true,"href":"https:\/\/www.grieta.org.mx\/index.php\/wp-json\/wp\/v2\/comments?post=26419"}],"version-history":[{"count":1,"href":"https:\/\/www.grieta.org.mx\/index.php\/wp-json\/wp\/v2\/posts\/26419\/revisions"}],"predecessor-version":[{"id":26422,"href":"https:\/\/www.grieta.org.mx\/index.php\/wp-json\/wp\/v2\/posts\/26419\/revisions\/26422"}],"wp:featuredmedia":[{"embeddable":true,"href":"https:\/\/www.grieta.org.mx\/index.php\/wp-json\/wp\/v2\/media\/25109"}],"wp:attachment":[{"href":"https:\/\/www.grieta.org.mx\/index.php\/wp-json\/wp\/v2\/media?parent=26419"}],"wp:term":[{"taxonomy":"category","embeddable":true,"href":"https:\/\/www.grieta.org.mx\/index.php\/wp-json\/wp\/v2\/categories?post=26419"},{"taxonomy":"post_tag","embeddable":true,"href":"https:\/\/www.grieta.org.mx\/index.php\/wp-json\/wp\/v2\/tags?post=26419"}],"curies":[{"name":"wp","href":"https:\/\/api.w.org\/{rel}","templated":true}]}}