{"id":2640,"date":"2015-08-21T09:36:18","date_gmt":"2015-08-21T09:36:18","guid":{"rendered":"http:\/\/50.22.11.12\/~grietaor\/?p=2640"},"modified":"2016-04-23T18:15:14","modified_gmt":"2016-04-23T18:15:14","slug":"vuelve-tension-a-zacualpan-convocan-a-elecciones","status":"publish","type":"post","link":"https:\/\/www.grieta.org.mx\/index.php\/2015\/08\/21\/vuelve-tension-a-zacualpan-convocan-a-elecciones\/","title":{"rendered":"Vuelve tensi\u00f3n a Zacualpan: convocan a elecciones"},"content":{"rendered":"<p>Oscar Adri\u00e1n Luna<\/p>\n<p>Contrario al acuerdo alcanzado hace dos meses entre los grupos antag\u00f3nicos de Zacualpan, esta tarde la Procuradur\u00eda Agraria (PA) revivi\u00f3 el conflicto interno al convocar a la elecci\u00f3n de un nuevo Comisariado de Bienes Comunales y su Consejo de Vigilancia.<\/p>\n<p>En entrevista con Jos\u00e9 Mart\u00edn Pe\u00f1a Guzm\u00e1n, habitante de la comunidad, relat\u00f3 que hoy a las 2:30 de la tarde, la delegada de la PA, Mar\u00eda Elena D\u00edaz Rivera, se reuni\u00f3 en privado en la Casa de la Mujer Campesina con un grupo de personas afines a Carlos Guzm\u00e1n Teodoro, ex presidente comunal y destituido en febrero 2014 se\u00f1alado por apoyar la instalaci\u00f3n de una mina en la comunidad.<\/p>\n<p>Posterior a la reuni\u00f3n, D\u00edaz Rivera comenz\u00f3 a colocar la convocatoria a la asamblea comunal a realizarse el pr\u00f3ximo domingo 6 de septiembre a las 10 de la ma\u00f1ana para la renovaci\u00f3n de todos los cargos comunales.<\/p>\n<p>Pe\u00f1a Guzm\u00e1n critic\u00f3 que hoy se rompan los acuerdos alcanzados hace dos meses entre ambos grupos en conflicto contando con el respaldo de autoridades gubernamentales como el secretario de Gobierno, Rafael Guti\u00e9rrez Villalobos, y la propia Procuradur\u00eda Agraria.<\/p>\n<p>\u201cQu\u00e9 falta de verg\u00fcenza que la delegada est\u00e9 convocando a nuevas elecciones, siendo que esta se\u00f1ora fue la que convoc\u00f3 las elecciones del 28 de noviembre (de 2014) donde result\u00f3 electo Taurino Rinc\u00f3n Lorenzo como presiente del Comisariado de Bienes Comunales, y Conrado Carpio Hern\u00e1ndez como presidente del Consejo Vigilancia\u201d, explic\u00f3.<\/p>\n<p>\u201cEstamos sorprendidos por lo que est\u00e1 haciendo la Procuradur\u00eda, siendo que la procuradora se hab\u00eda comprometido a trabajar con Taurino Rinc\u00f3n Lorenzo. Ahora nos damos cuenta lo que dice el Ej\u00e9rcito Zapatista, que la justicia nunca va llegar de las instituciones\u201d, indic\u00f3.<\/p>\n<p>Seg\u00fan la convocatoria publicada esta tarde por D\u00edaz Rivera, la elecci\u00f3n se realizar\u00e1 debido a que m\u00e1s de 20 comuneros la solicitaron, tal como lo marca la ley agraria.<\/p>\n<p>Sin embargo, a decir de Mart\u00edn Pe\u00f1a, la solicitud carece de validez toda vez que \u00e9sta debe estar respaldada por el 25 por ciento de los comuneros, cifra no alcanzada por los quejosos. Asimismo, se\u00f1al\u00f3 que el orden del d\u00eda propuesto tampoco contempla el proceso de destituci\u00f3n del actual Comisariado, por lo que calific\u00f3 de \u201cilegal\u201d la convocatoria a la asamblea.<\/p>\n<p>\u201cElla (D\u00edaz Rivera) sabe que no es bienvenida a esta comunidad, se presenta con trabajadores de la Procuradur\u00eda (\u2026) y nuevamente hay un clima de tensi\u00f3n, no sabemos qu\u00e9 pasar\u00e1, tenemos reuni\u00f3n de Consejo para tomar acuerdos y convocar a una rueda de prensa para dar nuestro posicionamiento\u201d, precis\u00f3.<\/p>\n<p>Hasta este momento, ning\u00fan miembro del actual Comisariado de Bienes Comunales ha sido notificado del proceso de destituci\u00f3n.<\/p>\n<p><a href=\"http:\/\/www.perriodismo.com.mx\/2015\/08\/21\/vuelve-tension-a-zacualpan-convocan-a-elecciones\/\" target=\"_blank\">http:\/\/www.perriodismo.com.mx\/2015\/08\/21\/vuelve-tension-a-zacualpan-convocan-a-elecciones\/<\/a><\/p>\n","protected":false},"excerpt":{"rendered":"<p>Oscar Adri\u00e1n Luna Contrario al acuerdo alcanzado hace dos meses entre los grupos antag\u00f3nicos de Zacualpan, esta tarde la Procuradur\u00eda Agraria (PA) revivi\u00f3 el conflicto interno al convocar a la &hellip; <a href=\"https:\/\/www.grieta.org.mx\/index.php\/2015\/08\/21\/vuelve-tension-a-zacualpan-convocan-a-elecciones\/\" class=\"more-link\">Leer m\u00e1s<\/a><\/p>\n","protected":false},"author":2,"featured_media":21928,"comment_status":"closed","ping_status":"open","sticky":false,"template":"","format":"standard","meta":{"ngg_post_thumbnail":0,"_jetpack_newsletter_access":"","_jetpack_dont_email_post_to_subs":false,"_jetpack_newsletter_tier_id":0,"_jetpack_memberships_contains_paywalled_content":false,"_jetpack_memberships_contains_paid_content":false,"footnotes":""},"categories":[80,108],"tags":[227,226],"class_list":["post-2640","post","type-post","status-publish","format-standard","has-post-thumbnail","hentry","category-cintillo","category-colima","tag-14-zacualpan","tag-mineria-en-zacualpan","entry"],"jetpack_featured_media_url":"https:\/\/www.grieta.org.mx\/wp-content\/uploads\/2018\/03\/14524434_1106112876131411_958039263622046936_o.jpg","jetpack_sharing_enabled":true,"jetpack_shortlink":"https:\/\/wp.me\/p7ZJR4-GA","jetpack_likes_enabled":false,"jetpack-related-posts":[{"id":2638,"url":"https:\/\/www.grieta.org.mx\/index.php\/2015\/09\/04\/juzgado-suspende-eleccion-de-zacualpan\/","url_meta":{"origin":2640,"position":0},"title":"Juzgado suspende elecci\u00f3n de Zacualpan","author":"grieta","date":"4 septiembre, 2015","format":false,"excerpt":"Oscar Adri\u00e1n Luna El domingo 6 de septiembre no habr\u00e1 elecciones en Zacualpan, las cuales hab\u00edan sido convocadas por la delegada de la Procuradur\u00eda Agraria (PA), Mar\u00eda Elena D\u00edaz Rivera. En rueda de prensa, Taurino Rinc\u00f3n Lorenzo, actual presidente del Comisariado de Bienes Comunales de Zacualpan, inform\u00f3 que el Juzgado\u2026","rel":"","context":"En &quot;CINTILLO&quot;","block_context":{"text":"CINTILLO","link":"https:\/\/www.grieta.org.mx\/index.php\/category\/cintillo\/"},"img":{"alt_text":"","src":"https:\/\/i0.wp.com\/www.grieta.org.mx\/wp-content\/uploads\/2018\/03\/14524434_1106112876131411_958039263622046936_o.jpg?resize=350%2C200&ssl=1","width":350,"height":200,"srcset":"https:\/\/i0.wp.com\/www.grieta.org.mx\/wp-content\/uploads\/2018\/03\/14524434_1106112876131411_958039263622046936_o.jpg?resize=350%2C200&ssl=1 1x, https:\/\/i0.wp.com\/www.grieta.org.mx\/wp-content\/uploads\/2018\/03\/14524434_1106112876131411_958039263622046936_o.jpg?resize=525%2C300&ssl=1 1.5x, https:\/\/i0.wp.com\/www.grieta.org.mx\/wp-content\/uploads\/2018\/03\/14524434_1106112876131411_958039263622046936_o.jpg?resize=700%2C400&ssl=1 2x"},"classes":[]},{"id":2668,"url":"https:\/\/www.grieta.org.mx\/index.php\/2014\/12\/16\/gobierno-del-estado-financia-grupo-de-choque-en-zacualpan-acusan\/","url_meta":{"origin":2640,"position":1},"title":"Gobierno del Estado financia grupo de choque en Zacualpan, acusan","author":"grieta","date":"16 diciembre, 2014","format":false,"excerpt":"Diario Avanzada V\u00edctor Manuel G\u00f3mez Corona Publicado: 16 Diciembre 2014 Colima, M\u00e9xico. Avanzada (16 de diciembre de 2014).- \u201cEs el gobierno del estado el que los est\u00e1 encubriendo, financiando con dinero para que ellos se puedan mover de una manera agresiva hacia la comunidad ind\u00edgena\u201d, denunci\u00f3 el presidente del Comisariado\u2026","rel":"","context":"En &quot;CINTILLO&quot;","block_context":{"text":"CINTILLO","link":"https:\/\/www.grieta.org.mx\/index.php\/category\/cintillo\/"},"img":{"alt_text":"","src":"https:\/\/i0.wp.com\/www.grieta.org.mx\/wp-content\/uploads\/2018\/03\/14524434_1106112876131411_958039263622046936_o.jpg?resize=350%2C200&ssl=1","width":350,"height":200,"srcset":"https:\/\/i0.wp.com\/www.grieta.org.mx\/wp-content\/uploads\/2018\/03\/14524434_1106112876131411_958039263622046936_o.jpg?resize=350%2C200&ssl=1 1x, https:\/\/i0.wp.com\/www.grieta.org.mx\/wp-content\/uploads\/2018\/03\/14524434_1106112876131411_958039263622046936_o.jpg?resize=525%2C300&ssl=1 1.5x, https:\/\/i0.wp.com\/www.grieta.org.mx\/wp-content\/uploads\/2018\/03\/14524434_1106112876131411_958039263622046936_o.jpg?resize=700%2C400&ssl=1 2x"},"classes":[]},{"id":6095,"url":"https:\/\/www.grieta.org.mx\/index.php\/2016\/03\/26\/vuelve-la-violencia-a-zacualpan-rema-pide-intervencion-de-organismos-de-derechos-humanos\/","url_meta":{"origin":2640,"position":2},"title":"Vuelve la violencia a Zacualpan; Rema pide intervenci\u00f3n de organismos de derechos humanos","author":"grieta","date":"26 marzo, 2016","format":false,"excerpt":"Colima, M\u00e9xico, Avanzada (26\/03\/2016).- Siete integrantes del Consejo Ind\u00edgena por la Defensa del Territorio de Zacualpan (CIDTZ) resultaron heridos tras un ataque con piedras perpetrado por seguidores del priista Carlos Guzm\u00e1n Teodoro, expresidente de Bienes Comunales de esa poblaci\u00f3n, denunci\u00f3 la Red Mexicana de Afectados por la Miner\u00eda (Rema). De\u2026","rel":"","context":"En &quot;CINTILLO&quot;","block_context":{"text":"CINTILLO","link":"https:\/\/www.grieta.org.mx\/index.php\/category\/cintillo\/"},"img":{"alt_text":"","src":"https:\/\/i0.wp.com\/www.grieta.org.mx\/wp-content\/uploads\/2018\/03\/14524434_1106112876131411_958039263622046936_o.jpg?resize=350%2C200&ssl=1","width":350,"height":200,"srcset":"https:\/\/i0.wp.com\/www.grieta.org.mx\/wp-content\/uploads\/2018\/03\/14524434_1106112876131411_958039263622046936_o.jpg?resize=350%2C200&ssl=1 1x, https:\/\/i0.wp.com\/www.grieta.org.mx\/wp-content\/uploads\/2018\/03\/14524434_1106112876131411_958039263622046936_o.jpg?resize=525%2C300&ssl=1 1.5x, https:\/\/i0.wp.com\/www.grieta.org.mx\/wp-content\/uploads\/2018\/03\/14524434_1106112876131411_958039263622046936_o.jpg?resize=700%2C400&ssl=1 2x"},"classes":[]},{"id":1931,"url":"https:\/\/www.grieta.org.mx\/index.php\/2016\/08\/08\/lucha-y-resistencia-de-la-comunidad-nahua-de-zacualpan\/","url_meta":{"origin":2640,"position":3},"title":"Resistencia de la comunidad nahua de Zacualpan contra la miner\u00eda.","author":"grieta","date":"8 agosto, 2016","format":false,"excerpt":"08\/08\/16. Tomar\u00e1 posesi\u00f3n Taurino Rinc\u00f3n del manantial Ojo de Agua en ZacualpanColima Noticias 03\/04\/16. Que Nacho no se meta con ZacualpanPerriodismo 01\/04\/16. Protestan en Zacualpan contra nuevo presidente de Junta MunicipalPerriodismo 29\/03\/16. Autoridad comunal de Zacualpan rompe el di\u00e1logo con el gobierno; pide intervenci\u00f3n del CongresoDiario Avanzada 27\/03\/16. Y ahora,\u2026","rel":"","context":"En &quot;14. Zacualpan&quot;","block_context":{"text":"14. Zacualpan","link":"https:\/\/www.grieta.org.mx\/index.php\/category\/espejos-de-la-resistencia\/14-zacualpan\/"},"img":{"alt_text":"","src":"https:\/\/i0.wp.com\/www.grieta.org.mx\/wp-content\/uploads\/2018\/03\/14524434_1106112876131411_958039263622046936_o.jpg?resize=350%2C200&ssl=1","width":350,"height":200,"srcset":"https:\/\/i0.wp.com\/www.grieta.org.mx\/wp-content\/uploads\/2018\/03\/14524434_1106112876131411_958039263622046936_o.jpg?resize=350%2C200&ssl=1 1x, https:\/\/i0.wp.com\/www.grieta.org.mx\/wp-content\/uploads\/2018\/03\/14524434_1106112876131411_958039263622046936_o.jpg?resize=525%2C300&ssl=1 1.5x, https:\/\/i0.wp.com\/www.grieta.org.mx\/wp-content\/uploads\/2018\/03\/14524434_1106112876131411_958039263622046936_o.jpg?resize=700%2C400&ssl=1 2x"},"classes":[]},{"id":61302,"url":"https:\/\/www.grieta.org.mx\/index.php\/2021\/08\/16\/zacualpan-dice-no-a-la-mineria-pero-autoridades-estatales-desconocen-sus-derechos-indigenas-colima\/","url_meta":{"origin":2640,"position":4},"title":"Zacualpan dice No a la miner\u00eda, pero autoridades estatales desconocen sus derechos ind\u00edgenas (Colima)","author":"grieta","date":"16 agosto, 2021","format":false,"excerpt":"Foto: Alejandro Ruiz Un peque\u00f1o pueblo del municipio de Comala, en Colima, ha defendido su territorio durante 8 a\u00f1os de dos concesiones mineras otorgadas durante el sexenio de Enrique Pe\u00f1a Nieto. Sin embargo, la colusi\u00f3n de las autoridades locales en conjunto con los empresarios mineros han provocado que las decisiones\u2026","rel":"","context":"En &quot;14. Zacualpan&quot;","block_context":{"text":"14. Zacualpan","link":"https:\/\/www.grieta.org.mx\/index.php\/category\/espejos-de-la-resistencia\/14-zacualpan\/"},"img":{"alt_text":"","src":"https:\/\/i0.wp.com\/www.grieta.org.mx\/wp-content\/uploads\/2021\/08\/pdp_zacualpan_megaproyectos_mina_alejandroruiz00.jpg?resize=350%2C200&ssl=1","width":350,"height":200,"srcset":"https:\/\/i0.wp.com\/www.grieta.org.mx\/wp-content\/uploads\/2021\/08\/pdp_zacualpan_megaproyectos_mina_alejandroruiz00.jpg?resize=350%2C200&ssl=1 1x, https:\/\/i0.wp.com\/www.grieta.org.mx\/wp-content\/uploads\/2021\/08\/pdp_zacualpan_megaproyectos_mina_alejandroruiz00.jpg?resize=525%2C300&ssl=1 1.5x, https:\/\/i0.wp.com\/www.grieta.org.mx\/wp-content\/uploads\/2021\/08\/pdp_zacualpan_megaproyectos_mina_alejandroruiz00.jpg?resize=700%2C400&ssl=1 2x, https:\/\/i0.wp.com\/www.grieta.org.mx\/wp-content\/uploads\/2021\/08\/pdp_zacualpan_megaproyectos_mina_alejandroruiz00.jpg?resize=1050%2C600&ssl=1 3x"},"classes":[]},{"id":9497,"url":"https:\/\/www.grieta.org.mx\/index.php\/2016\/03\/29\/autoridad-comunal-de-zacualpan-rompe-el-dialogo-con-el-gobierno-pide-intervencion-del-congreso\/","url_meta":{"origin":2640,"position":5},"title":"Autoridad comunal de Zacualpan rompe el di\u00e1logo con el gobierno; pide intervenci\u00f3n del Congreso","author":"grieta","date":"29 marzo, 2016","format":false,"excerpt":"Diario Avanzada Colima, M\u00e9xico, Avanzada (29\/03\/2016).- La mesa directiva del Comisariado de Bienes Comunales de Zacualpan rompi\u00f3 el dialogo con el gobierno estatal, tras considerar que las autoridades \u201cest\u00e1n jugando con nosotros\u201d y se han inclinado a favor del grupo priista que bloque\u00f3 el paso al balneario Ojo de Agua\u2026","rel":"","context":"En &quot;CINTILLO&quot;","block_context":{"text":"CINTILLO","link":"https:\/\/www.grieta.org.mx\/index.php\/category\/cintillo\/"},"img":{"alt_text":"","src":"https:\/\/i0.wp.com\/www.grieta.org.mx\/wp-content\/uploads\/2018\/03\/14524434_1106112876131411_958039263622046936_o.jpg?resize=350%2C200&ssl=1","width":350,"height":200,"srcset":"https:\/\/i0.wp.com\/www.grieta.org.mx\/wp-content\/uploads\/2018\/03\/14524434_1106112876131411_958039263622046936_o.jpg?resize=350%2C200&ssl=1 1x, https:\/\/i0.wp.com\/www.grieta.org.mx\/wp-content\/uploads\/2018\/03\/14524434_1106112876131411_958039263622046936_o.jpg?resize=525%2C300&ssl=1 1.5x, https:\/\/i0.wp.com\/www.grieta.org.mx\/wp-content\/uploads\/2018\/03\/14524434_1106112876131411_958039263622046936_o.jpg?resize=700%2C400&ssl=1 2x"},"classes":[]}],"_links":{"self":[{"href":"https:\/\/www.grieta.org.mx\/index.php\/wp-json\/wp\/v2\/posts\/2640","targetHints":{"allow":["GET"]}}],"collection":[{"href":"https:\/\/www.grieta.org.mx\/index.php\/wp-json\/wp\/v2\/posts"}],"about":[{"href":"https:\/\/www.grieta.org.mx\/index.php\/wp-json\/wp\/v2\/types\/post"}],"author":[{"embeddable":true,"href":"https:\/\/www.grieta.org.mx\/index.php\/wp-json\/wp\/v2\/users\/2"}],"replies":[{"embeddable":true,"href":"https:\/\/www.grieta.org.mx\/index.php\/wp-json\/wp\/v2\/comments?post=2640"}],"version-history":[{"count":1,"href":"https:\/\/www.grieta.org.mx\/index.php\/wp-json\/wp\/v2\/posts\/2640\/revisions"}],"predecessor-version":[{"id":10714,"href":"https:\/\/www.grieta.org.mx\/index.php\/wp-json\/wp\/v2\/posts\/2640\/revisions\/10714"}],"wp:featuredmedia":[{"embeddable":true,"href":"https:\/\/www.grieta.org.mx\/index.php\/wp-json\/wp\/v2\/media\/21928"}],"wp:attachment":[{"href":"https:\/\/www.grieta.org.mx\/index.php\/wp-json\/wp\/v2\/media?parent=2640"}],"wp:term":[{"taxonomy":"category","embeddable":true,"href":"https:\/\/www.grieta.org.mx\/index.php\/wp-json\/wp\/v2\/categories?post=2640"},{"taxonomy":"post_tag","embeddable":true,"href":"https:\/\/www.grieta.org.mx\/index.php\/wp-json\/wp\/v2\/tags?post=2640"}],"curies":[{"name":"wp","href":"https:\/\/api.w.org\/{rel}","templated":true}]}}