{"id":26392,"date":"2018-09-11T23:56:34","date_gmt":"2018-09-12T04:56:34","guid":{"rendered":"http:\/\/www.grieta.org.mx\/?p=26392"},"modified":"2018-09-11T23:56:34","modified_gmt":"2018-09-12T04:56:34","slug":"asesinan-al-marakame-margarito-diaz-gonzalez-defensor-de-los-sitios-sagrados-del-pueblo-wixarika","status":"publish","type":"post","link":"https:\/\/www.grieta.org.mx\/index.php\/2018\/09\/11\/asesinan-al-marakame-margarito-diaz-gonzalez-defensor-de-los-sitios-sagrados-del-pueblo-wixarika\/","title":{"rendered":"Asesinan al Marakame Margarito D\u00edaz Gonz\u00e1lez defensor de los sitios sagrados del Pueblo Wix\u00e1rika"},"content":{"rendered":"<p><img decoding=\"async\" data-attachment-id=\"26393\" data-permalink=\"https:\/\/www.grieta.org.mx\/index.php\/2018\/09\/11\/asesinan-al-marakame-margarito-diaz-gonzalez-defensor-de-los-sitios-sagrados-del-pueblo-wixarika\/hasta-su-domicilio-llegan-hombres-armados-y-matan-a-lider-de-pueblo-wixarika-e7ecd34c0e0a35ca02860a23b9932e83\/\" data-orig-file=\"https:\/\/www.grieta.org.mx\/wp-content\/uploads\/2018\/09\/hasta-su-domicilio-llegan-hombres-armados-y-matan-a-lider-de-pueblo-wixarika-e7ecd34c0e0a35ca02860a23b9932e83.jpg\" data-orig-size=\"1000,600\" data-comments-opened=\"0\" data-image-meta=\"{&quot;aperture&quot;:&quot;0&quot;,&quot;credit&quot;:&quot;&quot;,&quot;camera&quot;:&quot;&quot;,&quot;caption&quot;:&quot;&quot;,&quot;created_timestamp&quot;:&quot;0&quot;,&quot;copyright&quot;:&quot;&quot;,&quot;focal_length&quot;:&quot;0&quot;,&quot;iso&quot;:&quot;0&quot;,&quot;shutter_speed&quot;:&quot;0&quot;,&quot;title&quot;:&quot;&quot;,&quot;orientation&quot;:&quot;0&quot;}\" data-image-title=\"hasta-su-domicilio-llegan-hombres-armados-y-matan-a-lider-de-pueblo-wixarika-e7ecd34c0e0a35ca02860a23b9932e83\" data-image-description=\"\" data-image-caption=\"\" data-medium-file=\"https:\/\/www.grieta.org.mx\/wp-content\/uploads\/2018\/09\/hasta-su-domicilio-llegan-hombres-armados-y-matan-a-lider-de-pueblo-wixarika-e7ecd34c0e0a35ca02860a23b9932e83-300x180.jpg\" data-large-file=\"https:\/\/www.grieta.org.mx\/wp-content\/uploads\/2018\/09\/hasta-su-domicilio-llegan-hombres-armados-y-matan-a-lider-de-pueblo-wixarika-e7ecd34c0e0a35ca02860a23b9932e83.jpg\" src=\"http:\/\/www.grieta.org.mx\/wp-content\/uploads\/2018\/09\/hasta-su-domicilio-llegan-hombres-armados-y-matan-a-lider-de-pueblo-wixarika-e7ecd34c0e0a35ca02860a23b9932e83-300x180.jpg\" alt=\"\" width=\"100%\" class=\"aligncenter size-medium wp-image-26393\" srcset=\"https:\/\/www.grieta.org.mx\/wp-content\/uploads\/2018\/09\/hasta-su-domicilio-llegan-hombres-armados-y-matan-a-lider-de-pueblo-wixarika-e7ecd34c0e0a35ca02860a23b9932e83-300x180.jpg 300w, https:\/\/www.grieta.org.mx\/wp-content\/uploads\/2018\/09\/hasta-su-domicilio-llegan-hombres-armados-y-matan-a-lider-de-pueblo-wixarika-e7ecd34c0e0a35ca02860a23b9932e83-768x461.jpg 768w, https:\/\/www.grieta.org.mx\/wp-content\/uploads\/2018\/09\/hasta-su-domicilio-llegan-hombres-armados-y-matan-a-lider-de-pueblo-wixarika-e7ecd34c0e0a35ca02860a23b9932e83-833x500.jpg 833w, https:\/\/www.grieta.org.mx\/wp-content\/uploads\/2018\/09\/hasta-su-domicilio-llegan-hombres-armados-y-matan-a-lider-de-pueblo-wixarika-e7ecd34c0e0a35ca02860a23b9932e83.jpg 1000w\" sizes=\"(max-width: 300px) 100vw, 300px\" \/><\/p>\n<p>Guadalajara, Jalisco, 11 de septiembre 2018.- La noche del s\u00e1bado ocho de septiembre fue asesinado el Marakame Margarito D\u00edaz Gonz\u00e1lez representante del  Consejo de Seguridad de Wirikuta, conocido por su trabajo en la defensa de los sitios y lugares sagrados del Pueblo Wix\u00e1rika.<\/p>\n<p>Seg\u00fan testigos, el asesinato de Margarito D\u00edaz  sucedi\u00f3 cuando hombres armados llegaron  a su domicilio donde le dispararon al rostro.<\/p>\n<p>El d\u00eda de hoy el Pueblo Wix\u00e1rika realiz\u00f3 el sepelio del Marakame, considerado por la comunidad como \u201cun ser humano \u00edntegro, justo, un hombre de mucha fe en su cultura Wix\u00e1rika.\u201d<\/p>\n<p>El pueblo Wix\u00e1rika exigi\u00f3 al Gobernador de Nayarit, Antonio Echevarr\u00eda Garc\u00eda y las autoridades correspondientes que \u00e9ste asesinato no quede impune, que respeten los derechos ind\u00edgenas y sus lugares sagrados.<\/p>\n<p>Al asesinato de Margarito D\u00edaz se suma el de Miguel V\u00e1zquez, y su hermano Agust\u00edn V\u00e1zquez Torres, quienes fueron asesinados el 20 de mayo del 2017.<\/p>\n<p>Para la cultura Wix\u00e1rika, un Marakame es una especie de \u201cchaman\u201d, un l\u00edder, y \u201cuna persona iniciada que, adem\u00e1s de conocer los textos rituales y saber la manera de recitarlos, tiene una capacidad m\u00e1gica de comunicarse con los dioses\u201d.<\/p>\n<p>Desde la cosmogon\u00eda de esa cultura, es el responsable del bienestar de la comunidad, es el gu\u00eda y debe tener la capacidad suficiente para conducirlos a su encuentro con el peyote.<\/p>\n<p><a href=\"https:\/\/www.somoselmedio.com\/2018\/09\/11\/asesinan-al-marakame-margarito-diaz-gonzalez-defensor-de-los-sitios-sagrados-del-pueblo-wixarika\/\" rel=\"noopener\" target=\"_blank\">https:\/\/www.somoselmedio.com\/2018\/09\/11\/asesinan-al-marakame-margarito-diaz-gonzalez-defensor-de-los-sitios-sagrados-del-pueblo-wixarika\/<\/a><\/p>\n","protected":false},"excerpt":{"rendered":"<p>Guadalajara, Jalisco, 11 de septiembre 2018.- La noche del s\u00e1bado ocho de septiembre fue asesinado el Marakame Margarito D\u00edaz Gonz\u00e1lez representante del Consejo de Seguridad de Wirikuta, conocido por su &hellip; <a href=\"https:\/\/www.grieta.org.mx\/index.php\/2018\/09\/11\/asesinan-al-marakame-margarito-diaz-gonzalez-defensor-de-los-sitios-sagrados-del-pueblo-wixarika\/\" class=\"more-link\">Leer m\u00e1s<\/a><\/p>\n","protected":false},"author":2,"featured_media":26393,"comment_status":"closed","ping_status":"closed","sticky":false,"template":"","format":"standard","meta":{"ngg_post_thumbnail":0,"_jetpack_newsletter_access":"","_jetpack_dont_email_post_to_subs":false,"_jetpack_newsletter_tier_id":0,"_jetpack_memberships_contains_paywalled_content":false,"_jetpack_memberships_contains_paid_content":false,"footnotes":""},"categories":[1721,80,20,145,2],"tags":[406],"class_list":["post-26392","post","type-post","status-publish","format-standard","has-post-thumbnail","hentry","category-asesinato-de-lideres-indigenas-en-jalisco","category-cintillo","category-jalisco","category-nayarit","category-noticias-nacionales","tag-3-wixarikas","entry"],"jetpack_featured_media_url":"https:\/\/www.grieta.org.mx\/wp-content\/uploads\/2018\/09\/hasta-su-domicilio-llegan-hombres-armados-y-matan-a-lider-de-pueblo-wixarika-e7ecd34c0e0a35ca02860a23b9932e83.jpg","jetpack_sharing_enabled":true,"jetpack_shortlink":"https:\/\/wp.me\/p7ZJR4-6RG","jetpack_likes_enabled":false,"jetpack-related-posts":[{"id":36971,"url":"https:\/\/www.grieta.org.mx\/index.php\/2019\/07\/03\/cndh-le-exige-justicia-a-tono-nayarit\/","url_meta":{"origin":26392,"position":0},"title":"CNDH le exige justicia a To\u00f1o (Nayarit)","author":"grieta","date":"3 julio, 2019","format":false,"excerpt":"Foto: @EnoeUrangaase Le ordena al gobernador Antonio Echevarr\u00eda, que d\u00e9 con los responsables del asesinato de l\u00edder Wix\u00e1rika Redacci\u00f3n \/ Realidades M\u00e9xico, 3 Jul (Notimex).- La Comisi\u00f3n Nacional de los Derechos Humanos (CNDH) dirigi\u00f3 la Recomendaci\u00f3n 32\/2019 al gobernador de Nayarit, Antonio Echevarr\u00eda Garc\u00eda, y al fiscal general de la\u2026","rel":"","context":"En &quot;Asesinatos de l\u00edderes ind\u00edgenas en Nayarit&quot;","block_context":{"text":"Asesinatos de l\u00edderes ind\u00edgenas en Nayarit","link":"https:\/\/www.grieta.org.mx\/index.php\/category\/noticias-nacionales\/nayarit\/asesinatos-de-lideres-indigenas-en-nayarit\/"},"img":{"alt_text":"","src":"https:\/\/i0.wp.com\/www.grieta.org.mx\/wp-content\/uploads\/2019\/07\/1844_marakame_620x350.jpg?resize=350%2C200&ssl=1","width":350,"height":200,"srcset":"https:\/\/i0.wp.com\/www.grieta.org.mx\/wp-content\/uploads\/2019\/07\/1844_marakame_620x350.jpg?resize=350%2C200&ssl=1 1x, https:\/\/i0.wp.com\/www.grieta.org.mx\/wp-content\/uploads\/2019\/07\/1844_marakame_620x350.jpg?resize=525%2C300&ssl=1 1.5x"},"classes":[]},{"id":1805,"url":"https:\/\/www.grieta.org.mx\/index.php\/2015\/08\/10\/anuncian-nueva-etapa-en-defensa-del-territorio-wixarika-2\/","url_meta":{"origin":26392,"position":1},"title":"Anuncian nueva etapa en defensa del territorio wix\u00e1rika","author":"grieta","date":"10 agosto, 2015","format":false,"excerpt":"Las comunidades del pueblo wix\u00e1rika exigen que se detengan los proyectos mineros, tur\u00edsticos y de infraestructura en sus territorios Ra\u00fal Torres\/El Universal Las comunidades que conforman el pueblo wix\u00e1rika, asentado en los estados de Jalisco, Nayarit y Durango, anunciaron una nueva etapa de coordinaci\u00f3n y fortalecimiento en la defensa de\u2026","rel":"","context":"En &quot;CINTILLO&quot;","block_context":{"text":"CINTILLO","link":"https:\/\/www.grieta.org.mx\/index.php\/category\/cintillo\/"},"img":{"alt_text":"","src":"https:\/\/i0.wp.com\/www.grieta.org.mx\/wp-content\/uploads\/2018\/03\/14524434_1106112876131411_958039263622046936_o.jpg?resize=350%2C200&ssl=1","width":350,"height":200,"srcset":"https:\/\/i0.wp.com\/www.grieta.org.mx\/wp-content\/uploads\/2018\/03\/14524434_1106112876131411_958039263622046936_o.jpg?resize=350%2C200&ssl=1 1x, https:\/\/i0.wp.com\/www.grieta.org.mx\/wp-content\/uploads\/2018\/03\/14524434_1106112876131411_958039263622046936_o.jpg?resize=525%2C300&ssl=1 1.5x, https:\/\/i0.wp.com\/www.grieta.org.mx\/wp-content\/uploads\/2018\/03\/14524434_1106112876131411_958039263622046936_o.jpg?resize=700%2C400&ssl=1 2x"},"classes":[]},{"id":1612,"url":"https:\/\/www.grieta.org.mx\/index.php\/2015\/10\/10\/anuncian-nueva-etapa-en-defensa-del-territorio-wixarika\/","url_meta":{"origin":26392,"position":2},"title":"Anuncian nueva etapa en defensa del territorio wix\u00e1rika","author":"grieta","date":"10 octubre, 2015","format":false,"excerpt":"Las comunidades del pueblo wix\u00e1rika exigen que se detengan los proyectos mineros, tur\u00edsticos y de infraestructura en sus terrirotios Ra\u00fal Torres\/El Universal Las comunidades que conforman el pueblo wix\u00e1rika, asentado en los estados de Jalisco, Nayarit y Durango, anunciaron una nueva etapa de coordinaci\u00f3n y fortalecimiento en la defensa de\u2026","rel":"","context":"En &quot;CINTILLO&quot;","block_context":{"text":"CINTILLO","link":"https:\/\/www.grieta.org.mx\/index.php\/category\/cintillo\/"},"img":{"alt_text":"","src":"https:\/\/i0.wp.com\/www.grieta.org.mx\/wp-content\/uploads\/2018\/03\/14524434_1106112876131411_958039263622046936_o.jpg?resize=350%2C200&ssl=1","width":350,"height":200,"srcset":"https:\/\/i0.wp.com\/www.grieta.org.mx\/wp-content\/uploads\/2018\/03\/14524434_1106112876131411_958039263622046936_o.jpg?resize=350%2C200&ssl=1 1x, https:\/\/i0.wp.com\/www.grieta.org.mx\/wp-content\/uploads\/2018\/03\/14524434_1106112876131411_958039263622046936_o.jpg?resize=525%2C300&ssl=1 1.5x, https:\/\/i0.wp.com\/www.grieta.org.mx\/wp-content\/uploads\/2018\/03\/14524434_1106112876131411_958039263622046936_o.jpg?resize=700%2C400&ssl=1 2x"},"classes":[]},{"id":65267,"url":"https:\/\/www.grieta.org.mx\/index.php\/2022\/09\/13\/pueblo-wixarika-plasma-sus-demandas-en-plan-de-justicia-san-luis-potosi\/","url_meta":{"origin":26392,"position":3},"title":"Pueblo wix\u00e1rika plasma sus demandas en Plan de Justicia (San Luis Potos\u00ed)","author":"grieta","date":"13 septiembre, 2022","format":false,"excerpt":"Luis Herrera\/ Reporte \u00cdndigo 13 septiembre 2022 El Plan de Justicia para el Pueblo Wix\u00e1rika que elabor\u00f3 esa comunidad ind\u00edgena de Jalisco y que le fue entregado al presidente de M\u00e9xico, Andr\u00e9s Manuel L\u00f3pez Obrador, tiene entre sus principales demandas la restituci\u00f3n de tierras invadidas, el reconocimiento de sus autoridades,\u2026","rel":"","context":"En &quot;CINTILLO&quot;","block_context":{"text":"CINTILLO","link":"https:\/\/www.grieta.org.mx\/index.php\/category\/cintillo\/"},"img":{"alt_text":"","src":"https:\/\/i0.wp.com\/www.grieta.org.mx\/wp-content\/uploads\/2022\/09\/plan-pueblo-wixarika.jpg?resize=350%2C200&ssl=1","width":350,"height":200,"srcset":"https:\/\/i0.wp.com\/www.grieta.org.mx\/wp-content\/uploads\/2022\/09\/plan-pueblo-wixarika.jpg?resize=350%2C200&ssl=1 1x, https:\/\/i0.wp.com\/www.grieta.org.mx\/wp-content\/uploads\/2022\/09\/plan-pueblo-wixarika.jpg?resize=525%2C300&ssl=1 1.5x, https:\/\/i0.wp.com\/www.grieta.org.mx\/wp-content\/uploads\/2022\/09\/plan-pueblo-wixarika.jpg?resize=700%2C400&ssl=1 2x"},"classes":[]},{"id":5642,"url":"https:\/\/www.grieta.org.mx\/index.php\/2015\/07\/19\/la-lucha-del-pueblo-wixarika-de-san-sebastian-teponahuaxtlan-contra-el-despojo\/","url_meta":{"origin":26392,"position":4},"title":"La lucha del pueblo Wixarika de San Sebasti\u00e1n Teponahuaxtl\u00e1n contra el despojo.","author":"grieta","date":"19 julio, 2015","format":false,"excerpt":"19\/07\/15. 200 ind\u00edgenas recuperan mil ha invadidas por\u00a0ganaderoMilenio Jalisco 29\/05\/15. Wix\u00e1rikas esperan respuesta de las autoridades este fin de semanaM\u00e1s por m\u00e1s Guadalajara\/Cr\u00f3nica de Sociales 26\/03\/15. Incumplen autoridades la restituci\u00f3n de 10 mil hect\u00e1reas a huicholes de Nayaritla Jornada 24\/08\/14. Caso comunidad ind\u00edgena San Sebasti\u00e1n Teponahuaxtl\u00e1n y pobladores de HuajimicCentro\u2026","rel":"","context":"En &quot;CINTILLO&quot;","block_context":{"text":"CINTILLO","link":"https:\/\/www.grieta.org.mx\/index.php\/category\/cintillo\/"},"img":{"alt_text":"","src":"https:\/\/i0.wp.com\/www.grieta.org.mx\/wp-content\/uploads\/2018\/03\/14524434_1106112876131411_958039263622046936_o.jpg?resize=350%2C200&ssl=1","width":350,"height":200,"srcset":"https:\/\/i0.wp.com\/www.grieta.org.mx\/wp-content\/uploads\/2018\/03\/14524434_1106112876131411_958039263622046936_o.jpg?resize=350%2C200&ssl=1 1x, https:\/\/i0.wp.com\/www.grieta.org.mx\/wp-content\/uploads\/2018\/03\/14524434_1106112876131411_958039263622046936_o.jpg?resize=525%2C300&ssl=1 1.5x, https:\/\/i0.wp.com\/www.grieta.org.mx\/wp-content\/uploads\/2018\/03\/14524434_1106112876131411_958039263622046936_o.jpg?resize=700%2C400&ssl=1 2x"},"classes":[]},{"id":68817,"url":"https:\/\/www.grieta.org.mx\/index.php\/2024\/04\/18\/wirikuta-no-se-vende-se-ama-y-se-defiende-13-anos-en-defensa-del-territorio-sagrado-de-los-wixarikas\/","url_meta":{"origin":26392,"position":5},"title":"\u201cWirikuta no se vende, se ama y se defiende\u201d: 13 a\u00f1os en defensa del territorio sagrado de los Wix\u00e1rikas","author":"grieta","date":"18 abril, 2024","format":false,"excerpt":"Imagen: Zona Docs Despu\u00e9s de 13 a\u00f1os de constante batalla, el Consejo Regional Wix\u00e1rika por la Defensa de Wirikuta exige la cancelaci\u00f3n de concesiones mineras que amenazan su tierra sagrada.\u00a0 Durante el foro Wirikuta: 13 a\u00f1os en defensa del territorio sagrado, autoridades tradicionales y civiles reafirmaron su compromiso, destacando logros\u2026","rel":"","context":"En &quot;3. Wix\u00e1rikas&quot;","block_context":{"text":"3. Wix\u00e1rikas","link":"https:\/\/www.grieta.org.mx\/index.php\/category\/espejos-de-la-resistencia\/3-wixarikas\/"},"img":{"alt_text":"","src":"https:\/\/i0.wp.com\/www.grieta.org.mx\/wp-content\/uploads\/2024\/04\/IMG_4859-1068x712-1.jpeg?resize=350%2C200&ssl=1","width":350,"height":200,"srcset":"https:\/\/i0.wp.com\/www.grieta.org.mx\/wp-content\/uploads\/2024\/04\/IMG_4859-1068x712-1.jpeg?resize=350%2C200&ssl=1 1x, https:\/\/i0.wp.com\/www.grieta.org.mx\/wp-content\/uploads\/2024\/04\/IMG_4859-1068x712-1.jpeg?resize=525%2C300&ssl=1 1.5x, https:\/\/i0.wp.com\/www.grieta.org.mx\/wp-content\/uploads\/2024\/04\/IMG_4859-1068x712-1.jpeg?resize=700%2C400&ssl=1 2x, https:\/\/i0.wp.com\/www.grieta.org.mx\/wp-content\/uploads\/2024\/04\/IMG_4859-1068x712-1.jpeg?resize=1050%2C600&ssl=1 3x"},"classes":[]}],"_links":{"self":[{"href":"https:\/\/www.grieta.org.mx\/index.php\/wp-json\/wp\/v2\/posts\/26392","targetHints":{"allow":["GET"]}}],"collection":[{"href":"https:\/\/www.grieta.org.mx\/index.php\/wp-json\/wp\/v2\/posts"}],"about":[{"href":"https:\/\/www.grieta.org.mx\/index.php\/wp-json\/wp\/v2\/types\/post"}],"author":[{"embeddable":true,"href":"https:\/\/www.grieta.org.mx\/index.php\/wp-json\/wp\/v2\/users\/2"}],"replies":[{"embeddable":true,"href":"https:\/\/www.grieta.org.mx\/index.php\/wp-json\/wp\/v2\/comments?post=26392"}],"version-history":[{"count":1,"href":"https:\/\/www.grieta.org.mx\/index.php\/wp-json\/wp\/v2\/posts\/26392\/revisions"}],"predecessor-version":[{"id":26394,"href":"https:\/\/www.grieta.org.mx\/index.php\/wp-json\/wp\/v2\/posts\/26392\/revisions\/26394"}],"wp:featuredmedia":[{"embeddable":true,"href":"https:\/\/www.grieta.org.mx\/index.php\/wp-json\/wp\/v2\/media\/26393"}],"wp:attachment":[{"href":"https:\/\/www.grieta.org.mx\/index.php\/wp-json\/wp\/v2\/media?parent=26392"}],"wp:term":[{"taxonomy":"category","embeddable":true,"href":"https:\/\/www.grieta.org.mx\/index.php\/wp-json\/wp\/v2\/categories?post=26392"},{"taxonomy":"post_tag","embeddable":true,"href":"https:\/\/www.grieta.org.mx\/index.php\/wp-json\/wp\/v2\/tags?post=26392"}],"curies":[{"name":"wp","href":"https:\/\/api.w.org\/{rel}","templated":true}]}}