{"id":26388,"date":"2018-09-12T18:22:23","date_gmt":"2018-09-12T23:22:23","guid":{"rendered":"http:\/\/www.grieta.org.mx\/?p=26388"},"modified":"2018-09-27T01:03:42","modified_gmt":"2018-09-27T06:03:42","slug":"de-la-rabia-a-la-organizacion-los-estudiantes-se-reencuentran","status":"publish","type":"post","link":"https:\/\/www.grieta.org.mx\/index.php\/2018\/09\/12\/de-la-rabia-a-la-organizacion-los-estudiantes-se-reencuentran\/","title":{"rendered":"De la rabia a la organizaci\u00f3n: los estudiantes se reencuentran"},"content":{"rendered":"<p>Colectivo Grieta, Ciudad de M\u00e9xico 10 de septiembre de 2018.<\/p>\n<blockquote><p>M\u00e1s de medio centenar de escuelas de la UNAM, as\u00ed como de otras instituciones p\u00fablicas y privadas se han sumado a las acciones de solidaridad en contra de la represi\u00f3n sufrida por los estudiantes del CCH Azcapotzalco, as\u00ed como en respaldo a su pliego petitorio.<\/p><\/blockquote>\n<p><img loading=\"lazy\" decoding=\"async\" data-attachment-id=\"26456\" data-permalink=\"https:\/\/www.grieta.org.mx\/index.php\/2018\/09\/12\/de-la-rabia-a-la-organizacion-los-estudiantes-se-reencuentran\/img-20180911-wa0001\/\" data-orig-file=\"https:\/\/www.grieta.org.mx\/wp-content\/uploads\/2018\/09\/IMG-20180911-WA0001.jpg\" data-orig-size=\"768,1024\" data-comments-opened=\"0\" data-image-meta=\"{&quot;aperture&quot;:&quot;0&quot;,&quot;credit&quot;:&quot;&quot;,&quot;camera&quot;:&quot;&quot;,&quot;caption&quot;:&quot;&quot;,&quot;created_timestamp&quot;:&quot;0&quot;,&quot;copyright&quot;:&quot;&quot;,&quot;focal_length&quot;:&quot;0&quot;,&quot;iso&quot;:&quot;0&quot;,&quot;shutter_speed&quot;:&quot;0&quot;,&quot;title&quot;:&quot;&quot;,&quot;orientation&quot;:&quot;0&quot;}\" data-image-title=\"IMG-20180911-WA0001\" data-image-description=\"\" data-image-caption=\"\" data-medium-file=\"https:\/\/www.grieta.org.mx\/wp-content\/uploads\/2018\/09\/IMG-20180911-WA0001-225x300.jpg\" data-large-file=\"https:\/\/www.grieta.org.mx\/wp-content\/uploads\/2018\/09\/IMG-20180911-WA0001-768x1024.jpg\" src=\"http:\/\/www.grieta.org.mx\/wp-content\/uploads\/2018\/09\/IMG-20180911-WA0001-225x300.jpg\" alt=\"\" width=\"225\" height=\"300\" class=\"aligncenter size-medium wp-image-26456\" srcset=\"https:\/\/www.grieta.org.mx\/wp-content\/uploads\/2018\/09\/IMG-20180911-WA0001-225x300.jpg 225w, https:\/\/www.grieta.org.mx\/wp-content\/uploads\/2018\/09\/IMG-20180911-WA0001.jpg 768w, https:\/\/www.grieta.org.mx\/wp-content\/uploads\/2018\/09\/IMG-20180911-WA0001-375x500.jpg 375w\" sizes=\"auto, (max-width: 225px) 100vw, 225px\" \/><br \/>\n<em>Imagen del contingente de CCH Azcapotzalco al iniciar la marcha en Ciudad Universitaria el mi\u00e9rcoles 5 de septiembre.<\/em><\/p>\n<p>Asambleas, paros, una marcha masiva en Ciudad Universitaria y una asamblea interuniversitaria son algunas de las acciones que j\u00f3venes universitarios han realizado tras la brutal agresi\u00f3n que sufrieron estudiantes que se manifestaban pac\u00edficamente a las afueras de la Direcci\u00f3n General de los CCH para exigir el cumplimiento de las demandas que llevaron al paro del Colegio de Ciencias y Humanidades plantel Azcapotzalco.<\/p>\n<p>El lunes 3 de septiembre los estudiantes en lucha del CCH Azcapotzalco convocaron a una marcha del parque de la Bombilla a la Direcci\u00f3n General de CCH para exigir respuesta a su pliego petitorio: transparentar el uso de recursos en su escuela; restauraci\u00f3n del acervo mural del plantel; asignaci\u00f3n de profesores suficientes; sanci\u00f3n a los abusos por parte de profesores y administrativos;  y el respeto a la gratuidad de la educaci\u00f3n. <\/p>\n<p>Mientras se realizaba el mitin en las oficinas a un costado de la Rector\u00eda de la UNAM un grupo de porros armados con cohetones, bombas molotov, piedras, tubos de PVC y armas blancas agredieron brutalmente a los manifestantes y personas que circulaban por el lugar. M\u00e1s de una decena de estudiantes resultaron heridos, dos de ellos de gravedad, Joel Meza de la licenciatura en Estudios Latinoamericanos herido en un ri\u00f1\u00f3n, y Emilio Aguilar de la Prepa 6 herido en un gl\u00fateo, ambos con armas punzocortantes. En diferentes videos y fotograf\u00edas se muestra a Te\u00f3filo Licona, coordinador de Vigilancia UNAM,  hablando con los porros mientras agreden a los estudiantes.<\/p>\n<p><strong>\u201cLa solidaridad es la ternura de los pueblos\u201d<\/strong><\/p>\n<p>Tras la agresi\u00f3n la respuesta estudiantil no se hizo esperar. El mismo d\u00eda las facultades de Ciencias Pol\u00edticas y Sociales y la de Filosof\u00eda y Letras realizaron asambleas en las que acordaron la organizaci\u00f3n de paros en rechazo a la agresi\u00f3n porril y en respaldo de las demandas de los estudiantes del CCH Azcapotzlaco. Al d\u00eda siguiente media centena de escuelas de la UNAM incluidas las sedes de Morelia y M\u00e9rida, la ENAH y la UPN se sumaron al paro de labores. En las escuelas del IPN, la UAM y la UACM se realizaron tambi\u00e9n asambleas en las que se acordaron acciones de solidaridad con los estudiantes de la UNAM. <\/p>\n<p><img loading=\"lazy\" decoding=\"async\" data-attachment-id=\"26449\" data-permalink=\"https:\/\/www.grieta.org.mx\/index.php\/2018\/09\/12\/de-la-rabia-a-la-organizacion-los-estudiantes-se-reencuentran\/asambleachica\/\" data-orig-file=\"https:\/\/www.grieta.org.mx\/wp-content\/uploads\/2018\/09\/AsambleaChica.jpg\" data-orig-size=\"457,343\" data-comments-opened=\"0\" data-image-meta=\"{&quot;aperture&quot;:&quot;0&quot;,&quot;credit&quot;:&quot;&quot;,&quot;camera&quot;:&quot;&quot;,&quot;caption&quot;:&quot;&quot;,&quot;created_timestamp&quot;:&quot;0&quot;,&quot;copyright&quot;:&quot;&quot;,&quot;focal_length&quot;:&quot;0&quot;,&quot;iso&quot;:&quot;0&quot;,&quot;shutter_speed&quot;:&quot;0&quot;,&quot;title&quot;:&quot;&quot;,&quot;orientation&quot;:&quot;0&quot;}\" data-image-title=\"AsambleaChica\" data-image-description=\"\" data-image-caption=\"\" data-medium-file=\"https:\/\/www.grieta.org.mx\/wp-content\/uploads\/2018\/09\/AsambleaChica-300x225.jpg\" data-large-file=\"https:\/\/www.grieta.org.mx\/wp-content\/uploads\/2018\/09\/AsambleaChica.jpg\" src=\"http:\/\/www.grieta.org.mx\/wp-content\/uploads\/2018\/09\/AsambleaChica-300x225.jpg\" alt=\"\" width=\"300\" height=\"225\" class=\"aligncenter size-medium wp-image-26449\" srcset=\"https:\/\/www.grieta.org.mx\/wp-content\/uploads\/2018\/09\/AsambleaChica-300x225.jpg 300w, https:\/\/www.grieta.org.mx\/wp-content\/uploads\/2018\/09\/AsambleaChica.jpg 457w\" sizes=\"auto, (max-width: 300px) 100vw, 300px\" \/><br \/>\n<em>Votaci\u00f3n del paro total en la Facultad de M\u00fasica el d\u00eda martes 4 de septiembre.<\/em><\/p>\n<p>En las asambleas la rabia superaba el miedo que se hab\u00eda tratado de infundir mediante la agresi\u00f3n de los porros, y la solidaridad se convert\u00eda en la principal bandera. En las diferentes escuelas se formaron comisiones para la recolecci\u00f3n de v\u00edveres o dinero para apoyar el paro indefinido de los j\u00f3venes del CCH Azcapotzalco, en la Facultad de M\u00fasica se acord\u00f3 adem\u00e1s asistir para apoyar con una brigada musical. Se busc\u00f3 a los familiares de los estudiantes heridos para dar seguimiento a su estado de salud y tratar de solventar las necesidades del proceso de hospitalizaci\u00f3n; se decidi\u00f3 respaldar el pliego petitorio de los ceceacheros y repudiar la agresi\u00f3n de los porros.<\/p>\n<p>En diferentes escuelas y facultades las autoridades universitarias prestaron auditorios y facilitaron la realizaci\u00f3n de asambleas y paros, esto en un vano intento por deslindarse de la violencia de los porros, fundamentada en la estructura antidemocr\u00e1tica de la Universidad. A pesar de esto, en diferentes asambleas los estudiantes identificaron y exigieron la renuncia de los responsables de la violencia: Enrique Graue, rector de la Universidad; Benjam\u00edn Barajas, Director General de los CCH; y, Te\u00f3filo Licona, coordinador de Vigilancia UNAM.<\/p>\n<p><img loading=\"lazy\" decoding=\"async\" data-attachment-id=\"26458\" data-permalink=\"https:\/\/www.grieta.org.mx\/index.php\/2018\/09\/12\/de-la-rabia-a-la-organizacion-los-estudiantes-se-reencuentran\/img_3273\/\" data-orig-file=\"https:\/\/www.grieta.org.mx\/wp-content\/uploads\/2018\/09\/IMG_3273.jpg\" data-orig-size=\"3264,2448\" data-comments-opened=\"0\" data-image-meta=\"{&quot;aperture&quot;:&quot;0&quot;,&quot;credit&quot;:&quot;&quot;,&quot;camera&quot;:&quot;&quot;,&quot;caption&quot;:&quot;&quot;,&quot;created_timestamp&quot;:&quot;0&quot;,&quot;copyright&quot;:&quot;&quot;,&quot;focal_length&quot;:&quot;0&quot;,&quot;iso&quot;:&quot;0&quot;,&quot;shutter_speed&quot;:&quot;0&quot;,&quot;title&quot;:&quot;&quot;,&quot;orientation&quot;:&quot;0&quot;}\" data-image-title=\"IMG_3273\" data-image-description=\"\" data-image-caption=\"\" data-medium-file=\"https:\/\/www.grieta.org.mx\/wp-content\/uploads\/2018\/09\/IMG_3273-300x225.jpg\" data-large-file=\"https:\/\/www.grieta.org.mx\/wp-content\/uploads\/2018\/09\/IMG_3273-1024x768.jpg\" src=\"http:\/\/www.grieta.org.mx\/wp-content\/uploads\/2018\/09\/IMG_3273-300x225.jpg\" alt=\"\" width=\"300\" height=\"225\" class=\"aligncenter size-medium wp-image-26458\" srcset=\"https:\/\/www.grieta.org.mx\/wp-content\/uploads\/2018\/09\/IMG_3273-300x225.jpg 300w, https:\/\/www.grieta.org.mx\/wp-content\/uploads\/2018\/09\/IMG_3273-768x576.jpg 768w, https:\/\/www.grieta.org.mx\/wp-content\/uploads\/2018\/09\/IMG_3273-1024x768.jpg 1024w, https:\/\/www.grieta.org.mx\/wp-content\/uploads\/2018\/09\/IMG_3273-667x500.jpg 667w\" sizes=\"auto, (max-width: 300px) 100vw, 300px\" \/><br \/>\n<em>&#8220;No es tu amigo, es un porro&#8221;<\/em><\/p>\n<p>La solidaridad no solo fue de los estudiantes. Por ejemplo, en la Facultad de Pol\u00edticas la Asociaci\u00f3n de Comerciantes prepar\u00f3 comida para quienes hab\u00edan hecho la guardia nocturna del paro, y la organizaci\u00f3n de damnificados del Multifamiliar Tlalpan, recordando el apoyo demostrado por los universitarios frente al desastre ocasionado por el terremoto del 19 de septiembre del a\u00f1o pasado, abrazaron la lucha de los estudiantes, en especial respaldaron a Joel Meza, sobrino de una de las damnificadas del Multifamiliar.<\/p>\n<p><strong>\u201c\u00a1Alerta, alerta, alerta que camina! \u00a1La lucha feminista por Am\u00e9rica Latina!\u201d<\/strong><\/p>\n<p>Sumadas a las asambleas generales que se realizaron en las diferentes escuelas, se organizaron asambleas de colectivas y mujeres feministas separatistas que plantearon la necesidad de discutir y organizarse frente a la violencia machista al interior de la Universidad, que se traduce en acoso, violaciones y feminicidios. De manera particular se reivindic\u00f3 la memoria de Miranda Mendoza, estudiante del CCH Oriente secuestrada el 20 de agosto pasado al salir de clases y encontrada calcinada un d\u00eda despu\u00e9s en el Estado de M\u00e9xico, y de Lesvy Osorio quien fue asesinada el a\u00f1o pasado al interior de Ciudad Universitaria.<\/p>\n<p>Se acordaron realizar actividades feministas durante los paros de labores. En la Facultad de Pol\u00edticas organizaron talleres de seguridad y autodefensa, y discutieron un protocolo para enfrentar la violencia de g\u00e9nero al interior de la Universidad. Adem\u00e1s acordaron marchar como contingente en la marcha del mi\u00e9rcoles 5 de septiembre. La asamblea general acord\u00f3 reivindicar e incluir las demandas feministas, durante la asamblea del martes 4 de septiembre una estudiante resumi\u00f3 el sentir de las mujeres \u201cno vamos a permitir que haya violencia de compa\u00f1eros a compa\u00f1eras, si la hay los vamos a sacar a la chingada\u201d.<\/p>\n<p><img loading=\"lazy\" decoding=\"async\" data-attachment-id=\"26460\" data-permalink=\"https:\/\/www.grieta.org.mx\/index.php\/2018\/09\/12\/de-la-rabia-a-la-organizacion-los-estudiantes-se-reencuentran\/img_3319\/\" data-orig-file=\"https:\/\/www.grieta.org.mx\/wp-content\/uploads\/2018\/09\/IMG_3319.jpg\" data-orig-size=\"2448,3264\" data-comments-opened=\"0\" data-image-meta=\"{&quot;aperture&quot;:&quot;0&quot;,&quot;credit&quot;:&quot;&quot;,&quot;camera&quot;:&quot;&quot;,&quot;caption&quot;:&quot;&quot;,&quot;created_timestamp&quot;:&quot;0&quot;,&quot;copyright&quot;:&quot;&quot;,&quot;focal_length&quot;:&quot;0&quot;,&quot;iso&quot;:&quot;0&quot;,&quot;shutter_speed&quot;:&quot;0&quot;,&quot;title&quot;:&quot;&quot;,&quot;orientation&quot;:&quot;0&quot;}\" data-image-title=\"IMG_3319\" data-image-description=\"\" data-image-caption=\"\" data-medium-file=\"https:\/\/www.grieta.org.mx\/wp-content\/uploads\/2018\/09\/IMG_3319-225x300.jpg\" data-large-file=\"https:\/\/www.grieta.org.mx\/wp-content\/uploads\/2018\/09\/IMG_3319-768x1024.jpg\" src=\"http:\/\/www.grieta.org.mx\/wp-content\/uploads\/2018\/09\/IMG_3319-225x300.jpg\" alt=\"\" width=\"225\" height=\"300\" class=\"aligncenter size-medium wp-image-26460\" srcset=\"https:\/\/www.grieta.org.mx\/wp-content\/uploads\/2018\/09\/IMG_3319-225x300.jpg 225w, https:\/\/www.grieta.org.mx\/wp-content\/uploads\/2018\/09\/IMG_3319-768x1024.jpg 768w, https:\/\/www.grieta.org.mx\/wp-content\/uploads\/2018\/09\/IMG_3319-375x500.jpg 375w\" sizes=\"auto, (max-width: 225px) 100vw, 225px\" \/><br \/>\n<em>Contingente separatista en la marcha del mi\u00e9rcoles 5 de septiembre.<\/em><\/p>\n<p><strong>\u201cPap\u00e1 y mam\u00e1 lucharon en el 99. Es mi turno\u201d<\/strong><\/p>\n<p>Como parte de los acuerdos de las asambleas se realiz\u00f3 una marcha el mi\u00e9rcoles 5 de septiembre de la Facultad de Ciencias Pol\u00edticas y Sociales a la Rector\u00eda de la UNAM. Ese d\u00eda decenas de miles de j\u00f3venes tomaron Ciudad Universitaria y sintieron la fuerza que tienen estando juntos. <\/p>\n<p><img loading=\"lazy\" decoding=\"async\" data-attachment-id=\"26448\" data-permalink=\"https:\/\/www.grieta.org.mx\/index.php\/2018\/09\/12\/de-la-rabia-a-la-organizacion-los-estudiantes-se-reencuentran\/otrodesdepuente\/\" data-orig-file=\"https:\/\/www.grieta.org.mx\/wp-content\/uploads\/2018\/09\/OtrodesdePuente.jpg\" data-orig-size=\"457,343\" data-comments-opened=\"0\" data-image-meta=\"{&quot;aperture&quot;:&quot;0&quot;,&quot;credit&quot;:&quot;&quot;,&quot;camera&quot;:&quot;&quot;,&quot;caption&quot;:&quot;&quot;,&quot;created_timestamp&quot;:&quot;0&quot;,&quot;copyright&quot;:&quot;&quot;,&quot;focal_length&quot;:&quot;0&quot;,&quot;iso&quot;:&quot;0&quot;,&quot;shutter_speed&quot;:&quot;0&quot;,&quot;title&quot;:&quot;&quot;,&quot;orientation&quot;:&quot;0&quot;}\" data-image-title=\"OtrodesdePuente\" data-image-description=\"\" data-image-caption=\"\" data-medium-file=\"https:\/\/www.grieta.org.mx\/wp-content\/uploads\/2018\/09\/OtrodesdePuente-300x225.jpg\" data-large-file=\"https:\/\/www.grieta.org.mx\/wp-content\/uploads\/2018\/09\/OtrodesdePuente.jpg\" src=\"http:\/\/www.grieta.org.mx\/wp-content\/uploads\/2018\/09\/OtrodesdePuente-300x225.jpg\" alt=\"\" width=\"300\" height=\"225\" class=\"aligncenter size-medium wp-image-26448\" srcset=\"https:\/\/www.grieta.org.mx\/wp-content\/uploads\/2018\/09\/OtrodesdePuente-300x225.jpg 300w, https:\/\/www.grieta.org.mx\/wp-content\/uploads\/2018\/09\/OtrodesdePuente.jpg 457w\" sizes=\"auto, (max-width: 300px) 100vw, 300px\" \/><br \/>\n<em>\u201cMe cost\u00f3 un huevo entrar a la UNAM pero me sobr\u00f3 otro para defenderla\u201d<\/em><\/p>\n<p>La marcha se convirti\u00f3 en un mar multicolor en el que la creatividad y la memoria dieron fuerza a las consignas estudiantiles. Tanto 1968 como 1999 fueron tra\u00eddos al presente para recordarnos que el cumplimiento de la gratuidad y la democratizaci\u00f3n de la UNAM siguen siendo tareas pendientes.<\/p>\n<p><img loading=\"lazy\" decoding=\"async\" data-attachment-id=\"26453\" data-permalink=\"https:\/\/www.grieta.org.mx\/index.php\/2018\/09\/12\/de-la-rabia-a-la-organizacion-los-estudiantes-se-reencuentran\/lahistoriaserepite\/\" data-orig-file=\"https:\/\/www.grieta.org.mx\/wp-content\/uploads\/2018\/09\/Lahistoriaserepite.jpg\" data-orig-size=\"457,343\" data-comments-opened=\"0\" data-image-meta=\"{&quot;aperture&quot;:&quot;0&quot;,&quot;credit&quot;:&quot;&quot;,&quot;camera&quot;:&quot;&quot;,&quot;caption&quot;:&quot;&quot;,&quot;created_timestamp&quot;:&quot;0&quot;,&quot;copyright&quot;:&quot;&quot;,&quot;focal_length&quot;:&quot;0&quot;,&quot;iso&quot;:&quot;0&quot;,&quot;shutter_speed&quot;:&quot;0&quot;,&quot;title&quot;:&quot;&quot;,&quot;orientation&quot;:&quot;0&quot;}\" data-image-title=\"Lahistoriaserepite\" data-image-description=\"\" data-image-caption=\"\" data-medium-file=\"https:\/\/www.grieta.org.mx\/wp-content\/uploads\/2018\/09\/Lahistoriaserepite-300x225.jpg\" data-large-file=\"https:\/\/www.grieta.org.mx\/wp-content\/uploads\/2018\/09\/Lahistoriaserepite.jpg\" src=\"http:\/\/www.grieta.org.mx\/wp-content\/uploads\/2018\/09\/Lahistoriaserepite-300x225.jpg\" alt=\"\" width=\"300\" height=\"225\" class=\"aligncenter size-medium wp-image-26453\" srcset=\"https:\/\/www.grieta.org.mx\/wp-content\/uploads\/2018\/09\/Lahistoriaserepite-300x225.jpg 300w, https:\/\/www.grieta.org.mx\/wp-content\/uploads\/2018\/09\/Lahistoriaserepite.jpg 457w\" sizes=\"auto, (max-width: 300px) 100vw, 300px\" \/><br \/>\n<em>&#8220;La historia se repite&#8221;<\/em><\/p>\n<p><img loading=\"lazy\" decoding=\"async\" data-attachment-id=\"26454\" data-permalink=\"https:\/\/www.grieta.org.mx\/index.php\/2018\/09\/12\/de-la-rabia-a-la-organizacion-los-estudiantes-se-reencuentran\/attachment\/1999\/\" data-orig-file=\"https:\/\/www.grieta.org.mx\/wp-content\/uploads\/2018\/09\/1999.jpg\" data-orig-size=\"457,343\" data-comments-opened=\"0\" data-image-meta=\"{&quot;aperture&quot;:&quot;0&quot;,&quot;credit&quot;:&quot;&quot;,&quot;camera&quot;:&quot;&quot;,&quot;caption&quot;:&quot;&quot;,&quot;created_timestamp&quot;:&quot;0&quot;,&quot;copyright&quot;:&quot;&quot;,&quot;focal_length&quot;:&quot;0&quot;,&quot;iso&quot;:&quot;0&quot;,&quot;shutter_speed&quot;:&quot;0&quot;,&quot;title&quot;:&quot;&quot;,&quot;orientation&quot;:&quot;0&quot;}\" data-image-title=\"1999\" data-image-description=\"\" data-image-caption=\"\" data-medium-file=\"https:\/\/www.grieta.org.mx\/wp-content\/uploads\/2018\/09\/1999-300x225.jpg\" data-large-file=\"https:\/\/www.grieta.org.mx\/wp-content\/uploads\/2018\/09\/1999.jpg\" src=\"http:\/\/www.grieta.org.mx\/wp-content\/uploads\/2018\/09\/1999-300x225.jpg\" alt=\"\" width=\"300\" height=\"225\" class=\"aligncenter size-medium wp-image-26454\" srcset=\"https:\/\/www.grieta.org.mx\/wp-content\/uploads\/2018\/09\/1999-300x225.jpg 300w, https:\/\/www.grieta.org.mx\/wp-content\/uploads\/2018\/09\/1999.jpg 457w\" sizes=\"auto, (max-width: 300px) 100vw, 300px\" \/><br \/>\n<em>\u201cPap\u00e1 y mam\u00e1 lucharon en el 99. Es mi turno\u201d<\/em><\/p>\n<p>La marcha fue una extraordinaria demostraci\u00f3n de la capacidad organizativa de los estudiantes y la manifestaci\u00f3n de la rabia por agravios acumulados. Un par de d\u00edas despu\u00e9s se celebr\u00f3 la asamblea interuniversitaria en C.U. Originalmente planeada en el auditorio Ho-Chi-Min de la Facultad de Econom\u00eda, la asamblea tuvo que trasladarse al auditorio Alfonso Caso de la Facultad de Derecho debido al n\u00famero de delegados asistentes.<\/p>\n<p>En la asamblea los representantes sumaron a las demandas del CCH Azcapotzalco el pliego petitorio de cada una de las escuelas de la UNAM y de otras universidades p\u00fablicas, entretejiendo la indignaci\u00f3n a partir de dolores comunes y las particularidades de las diferentes escuelas. Se acordaron realizar una marcha el jueves 13 de septiembre a las 16 hrs. del Museo de Antropolog\u00eda e Historia al Z\u00f3calo de la Ciudad y una nueva asamblea interuniversitaria el viernes 14 de septiembre a las 10 hrs. en la Escuela Nacional de Antropolog\u00eda e Historia en la que se definir\u00e1n los pasos a seguir por los estudiantes que comienzan a reencontrarse en las asambleas, los paros y las calles.<\/p>\n","protected":false},"excerpt":{"rendered":"<p>Colectivo Grieta, Ciudad de M\u00e9xico 10 de septiembre de 2018. M\u00e1s de medio centenar de escuelas de la UNAM, as\u00ed como de otras instituciones p\u00fablicas y privadas se han sumado &hellip; <a href=\"https:\/\/www.grieta.org.mx\/index.php\/2018\/09\/12\/de-la-rabia-a-la-organizacion-los-estudiantes-se-reencuentran\/\" class=\"more-link\">Leer m\u00e1s<\/a><\/p>\n","protected":false},"author":2,"featured_media":26456,"comment_status":"closed","ping_status":"closed","sticky":false,"template":"","format":"standard","meta":{"ngg_post_thumbnail":0,"_jetpack_newsletter_access":"","_jetpack_dont_email_post_to_subs":false,"_jetpack_newsletter_tier_id":0,"_jetpack_memberships_contains_paywalled_content":false,"_jetpack_memberships_contains_paid_content":false,"footnotes":""},"categories":[80,14,1775,1670,2],"tags":[238,1528,144],"class_list":["post-26388","post","type-post","status-publish","format-standard","has-post-thumbnail","hentry","category-cintillo","category-ciudad-de-mexico","category-colectivo-grieta","category-movilizaciones-y-protestas-de-estudiantes-de-la-ciudad-de-mexico","category-noticias-nacionales","tag-estudiantes","tag-movilizaciones","tag-unam","entry"],"jetpack_featured_media_url":"https:\/\/www.grieta.org.mx\/wp-content\/uploads\/2018\/09\/IMG-20180911-WA0001.jpg","jetpack_sharing_enabled":true,"jetpack_shortlink":"https:\/\/wp.me\/p7ZJR4-6RC","jetpack_likes_enabled":false,"jetpack-related-posts":[{"id":26237,"url":"https:\/\/www.grieta.org.mx\/index.php\/2018\/09\/06\/se-movilizan-miles-en-solidaridad-con-los-estudiantes-del-cch-azcapotzalco-y-contra-la-violencia-generalizada-dentro-de-la-unam\/","url_meta":{"origin":26388,"position":0},"title":"Se movilizan miles en solidaridad con los estudiantes del CCH Azcapotzalco y contra la violencia generalizada dentro de la UNAM","author":"grieta","date":"6 septiembre, 2018","format":false,"excerpt":"COLECTIVO GRIETA El 5 de septiembre marcharon dentro del campus de Ciudad Universitaria miles de estudiantes para demandar la desaparici\u00f3n de los cuerpos porriles que operan al interior de la universidad. Esta marcha se suma a un paro generalizado en 39 escuelas y facultades de la UNAM y en otras\u2026","rel":"","context":"En &quot;CINTILLO&quot;","block_context":{"text":"CINTILLO","link":"https:\/\/www.grieta.org.mx\/index.php\/category\/cintillo\/"},"img":{"alt_text":"","src":"https:\/\/i0.wp.com\/www.grieta.org.mx\/wp-content\/uploads\/2018\/09\/MARCHA-11.jpg?resize=350%2C200&ssl=1","width":350,"height":200},"classes":[]},{"id":43272,"url":"https:\/\/www.grieta.org.mx\/index.php\/2020\/01\/21\/estudiantes-marchan-a-rectoria-por-muerte-de-alumno-de-cch-azcapotzalco-ciudad-de-mexico\/","url_meta":{"origin":26388,"position":1},"title":"ESTUDIANTES MARCHAN A RECTOR\u00cdA POR MUERTE DE ALUMNO DE CCH AZCAPOTZALCO (Ciudad de M\u00e9xico)","author":"grieta","date":"21 enero, 2020","format":false,"excerpt":"Reporte \u00cdndigo Los estudiantes, conformados tambi\u00e9n por alumnos de la Preparatoria 7, entregar\u00e1n un pliego petitorio en el que exigen que haya atenci\u00f3n m\u00e9dica para todos Estudiantes se reunieron en el Parque La Bombilla para emprender una marcha que llegar\u00e1 hasta la Torre de Rector\u00eda como parte de las protestas\u2026","rel":"","context":"En &quot;CINTILLO&quot;","block_context":{"text":"CINTILLO","link":"https:\/\/www.grieta.org.mx\/index.php\/category\/cintillo\/"},"img":{"alt_text":"","src":"https:\/\/i0.wp.com\/www.grieta.org.mx\/wp-content\/uploads\/2020\/01\/ESTUDIANTES-MARCHAN-A-RECTOR%C3%8DA-POR-MUERTE-DE-ALUMNO-DE-CCH-AZCAPOTZALCO-cdmx-ene.jpg?resize=350%2C200","width":350,"height":200},"classes":[]},{"id":26167,"url":"https:\/\/www.grieta.org.mx\/index.php\/2018\/09\/04\/complicidad-de-autoridades-de-la-unam-en-ataque-porril-provoca-paros-y-movilizacion-estudiantil-cdmx\/","url_meta":{"origin":26388,"position":2},"title":"Complicidad de autoridades de la UNAM en ataque porril provoca paros y movilizaci\u00f3n estudiantil (CDMX)","author":"grieta","date":"4 septiembre, 2018","format":false,"excerpt":"Ciudad de M\u00e9xico,04,09, 2018.- El d\u00eda de ayer por la tarde, catorce estudiantes que participaban en una manifestaci\u00f3n pacifica fueron agredidos por porros de la Universidad Nacional Aut\u00f3noma de M\u00e9xico; de acuerdo a la Secretaria de Seguridad P\u00fablica de la Ciudad de M\u00e9xico, cuatro de estas personas fueron apu\u00f1aladas y\u2026","rel":"","context":"En &quot;CINTILLO&quot;","block_context":{"text":"CINTILLO","link":"https:\/\/www.grieta.org.mx\/index.php\/category\/cintillo\/"},"img":{"alt_text":"","src":"https:\/\/i0.wp.com\/www.grieta.org.mx\/wp-content\/uploads\/2018\/09\/diego-uriarte.jpg?resize=350%2C200&ssl=1","width":350,"height":200,"srcset":"https:\/\/i0.wp.com\/www.grieta.org.mx\/wp-content\/uploads\/2018\/09\/diego-uriarte.jpg?resize=350%2C200&ssl=1 1x, https:\/\/i0.wp.com\/www.grieta.org.mx\/wp-content\/uploads\/2018\/09\/diego-uriarte.jpg?resize=525%2C300&ssl=1 1.5x, https:\/\/i0.wp.com\/www.grieta.org.mx\/wp-content\/uploads\/2018\/09\/diego-uriarte.jpg?resize=700%2C400&ssl=1 2x"},"classes":[]},{"id":43884,"url":"https:\/\/www.grieta.org.mx\/index.php\/2020\/01\/30\/suman-8-escuelas-de-la-unam-en-paro-ciudad-de-mexico\/","url_meta":{"origin":26388,"position":3},"title":"Suman 8 escuelas de la UNAM en paro (Ciudad de M\u00e9xico)","author":"grieta","date":"30 enero, 2020","format":false,"excerpt":"Foto: Hugo Garc\u00eda Teresa Moreno \/ El Universal Hasta el momento las preparatorias y facultades que han cerrado son: CCH Azcapotzalco, Prepas 1, 2, 3, 6, y 9, as\u00ed como Filosof\u00eda y Ciencias Pol\u00edticas Hoy se fueron a paro cuatro planteles m\u00e1s de la Universidad Nacional Aut\u00f3noma de M\u00e9xico (UNAM).\u2026","rel":"","context":"En &quot;CINTILLO&quot;","block_context":{"text":"CINTILLO","link":"https:\/\/www.grieta.org.mx\/index.php\/category\/cintillo\/"},"img":{"alt_text":"","src":"https:\/\/i0.wp.com\/www.grieta.org.mx\/wp-content\/uploads\/2020\/02\/Suman-8-escuelas-de-la-UNAM-en-paro-cdmx-feb.jpg?resize=350%2C200","width":350,"height":200},"classes":[]},{"id":41420,"url":"https:\/\/www.grieta.org.mx\/index.php\/2019\/11\/19\/por-denuncias-de-acoso-cch-azcapotzalco-suspende-clases-este-miercoles-ciudad-de-mexico\/","url_meta":{"origin":26388,"position":4},"title":"Por denuncias de acoso, CCH Azcapotzalco suspende clases este mi\u00e9rcoles (Ciudad de M\u00e9xico)","author":"grieta","date":"19 noviembre, 2019","format":false,"excerpt":"Milenio Estudiantes realizaron una asamblea donde denunciaron casos de violencia de g\u00e9nero, por lo que autoridades informaron que el jueves y viernes la Unidad para la Atenci\u00f3n y Seguimiento de Denuncias estar\u00e1 en el plantel. La direcci\u00f3n del Colegio de Ciencias y Humanidades (CCH) Azcapotzalco inform\u00f3 que suspender\u00e1 las clases\u2026","rel":"","context":"En &quot;CINTILLO&quot;","block_context":{"text":"CINTILLO","link":"https:\/\/www.grieta.org.mx\/index.php\/category\/cintillo\/"},"img":{"alt_text":"","src":"https:\/\/i0.wp.com\/www.grieta.org.mx\/wp-content\/uploads\/2019\/11\/Por-denuncias-de-acoso-CCH-Azcapotzalco-suspende-clases-este-mi%C3%A9rcoles-cdmx-nov.jpg?resize=350%2C200&ssl=1","width":350,"height":200,"srcset":"https:\/\/i0.wp.com\/www.grieta.org.mx\/wp-content\/uploads\/2019\/11\/Por-denuncias-de-acoso-CCH-Azcapotzalco-suspende-clases-este-mi%C3%A9rcoles-cdmx-nov.jpg?resize=350%2C200&ssl=1 1x, https:\/\/i0.wp.com\/www.grieta.org.mx\/wp-content\/uploads\/2019\/11\/Por-denuncias-de-acoso-CCH-Azcapotzalco-suspende-clases-este-mi%C3%A9rcoles-cdmx-nov.jpg?resize=525%2C300&ssl=1 1.5x, https:\/\/i0.wp.com\/www.grieta.org.mx\/wp-content\/uploads\/2019\/11\/Por-denuncias-de-acoso-CCH-Azcapotzalco-suspende-clases-este-mi%C3%A9rcoles-cdmx-nov.jpg?resize=700%2C400&ssl=1 2x"},"classes":[]},{"id":26035,"url":"https:\/\/www.grieta.org.mx\/index.php\/2018\/08\/30\/sin-fecha-para-reapertura-de-cch-azcapotzalco-alumnos-ciudad-de-mexico\/","url_meta":{"origin":26388,"position":5},"title":"Sin fecha para reapertura de CCH Azcapotzalco: alumnos (Ciudad de M\u00e9xico)","author":"grieta","date":"30 agosto, 2018","format":false,"excerpt":"El Universal A pesar de la renuncia de la directora del plantel, estudiantes que se encuentran en paro dijeron que no regresar\u00e1n a clases ma\u00f1ana viernes; se tiene previsto una marcha el lunes a Rector\u00eda A pesar de la renuncia de la directora del CCH Azcapotzalco, alumnos que se encuentran\u2026","rel":"","context":"En &quot;CINTILLO&quot;","block_context":{"text":"CINTILLO","link":"https:\/\/www.grieta.org.mx\/index.php\/category\/cintillo\/"},"img":{"alt_text":"","src":"https:\/\/i0.wp.com\/www.grieta.org.mx\/wp-content\/uploads\/2018\/03\/14524434_1106112876131411_958039263622046936_o.jpg?resize=350%2C200&ssl=1","width":350,"height":200,"srcset":"https:\/\/i0.wp.com\/www.grieta.org.mx\/wp-content\/uploads\/2018\/03\/14524434_1106112876131411_958039263622046936_o.jpg?resize=350%2C200&ssl=1 1x, https:\/\/i0.wp.com\/www.grieta.org.mx\/wp-content\/uploads\/2018\/03\/14524434_1106112876131411_958039263622046936_o.jpg?resize=525%2C300&ssl=1 1.5x, https:\/\/i0.wp.com\/www.grieta.org.mx\/wp-content\/uploads\/2018\/03\/14524434_1106112876131411_958039263622046936_o.jpg?resize=700%2C400&ssl=1 2x"},"classes":[]}],"_links":{"self":[{"href":"https:\/\/www.grieta.org.mx\/index.php\/wp-json\/wp\/v2\/posts\/26388","targetHints":{"allow":["GET"]}}],"collection":[{"href":"https:\/\/www.grieta.org.mx\/index.php\/wp-json\/wp\/v2\/posts"}],"about":[{"href":"https:\/\/www.grieta.org.mx\/index.php\/wp-json\/wp\/v2\/types\/post"}],"author":[{"embeddable":true,"href":"https:\/\/www.grieta.org.mx\/index.php\/wp-json\/wp\/v2\/users\/2"}],"replies":[{"embeddable":true,"href":"https:\/\/www.grieta.org.mx\/index.php\/wp-json\/wp\/v2\/comments?post=26388"}],"version-history":[{"count":1,"href":"https:\/\/www.grieta.org.mx\/index.php\/wp-json\/wp\/v2\/posts\/26388\/revisions"}],"predecessor-version":[{"id":26533,"href":"https:\/\/www.grieta.org.mx\/index.php\/wp-json\/wp\/v2\/posts\/26388\/revisions\/26533"}],"wp:featuredmedia":[{"embeddable":true,"href":"https:\/\/www.grieta.org.mx\/index.php\/wp-json\/wp\/v2\/media\/26456"}],"wp:attachment":[{"href":"https:\/\/www.grieta.org.mx\/index.php\/wp-json\/wp\/v2\/media?parent=26388"}],"wp:term":[{"taxonomy":"category","embeddable":true,"href":"https:\/\/www.grieta.org.mx\/index.php\/wp-json\/wp\/v2\/categories?post=26388"},{"taxonomy":"post_tag","embeddable":true,"href":"https:\/\/www.grieta.org.mx\/index.php\/wp-json\/wp\/v2\/tags?post=26388"}],"curies":[{"name":"wp","href":"https:\/\/api.w.org\/{rel}","templated":true}]}}