{"id":26378,"date":"2018-09-04T21:05:27","date_gmt":"2018-09-05T02:05:27","guid":{"rendered":"http:\/\/www.grieta.org.mx\/?p=26378"},"modified":"2018-09-10T21:24:58","modified_gmt":"2018-09-11T02:24:58","slug":"la-laguna-amenazada-por-mineria-baja-california-sur","status":"publish","type":"post","link":"https:\/\/www.grieta.org.mx\/index.php\/2018\/09\/04\/la-laguna-amenazada-por-mineria-baja-california-sur\/","title":{"rendered":"La Laguna, amenazada por miner\u00eda (Baja California Sur)"},"content":{"rendered":"<p><img decoding=\"async\" data-attachment-id=\"26379\" data-permalink=\"https:\/\/www.grieta.org.mx\/index.php\/2018\/09\/04\/la-laguna-amenazada-por-mineria-baja-california-sur\/mineras-contaminan-bcs-8\/\" data-orig-file=\"https:\/\/www.grieta.org.mx\/wp-content\/uploads\/2018\/09\/mineras-contaminan-BCS-8.jpg\" data-orig-size=\"620,465\" data-comments-opened=\"0\" data-image-meta=\"{&quot;aperture&quot;:&quot;0&quot;,&quot;credit&quot;:&quot;&quot;,&quot;camera&quot;:&quot;&quot;,&quot;caption&quot;:&quot;&quot;,&quot;created_timestamp&quot;:&quot;0&quot;,&quot;copyright&quot;:&quot;&quot;,&quot;focal_length&quot;:&quot;0&quot;,&quot;iso&quot;:&quot;0&quot;,&quot;shutter_speed&quot;:&quot;0&quot;,&quot;title&quot;:&quot;&quot;,&quot;orientation&quot;:&quot;0&quot;}\" data-image-title=\"mineras-contaminan-BCS-8\" data-image-description=\"\" data-image-caption=\"\" data-medium-file=\"https:\/\/www.grieta.org.mx\/wp-content\/uploads\/2018\/09\/mineras-contaminan-BCS-8-300x225.jpg\" data-large-file=\"https:\/\/www.grieta.org.mx\/wp-content\/uploads\/2018\/09\/mineras-contaminan-BCS-8.jpg\" src=\"http:\/\/www.grieta.org.mx\/wp-content\/uploads\/2018\/09\/mineras-contaminan-BCS-8-300x225.jpg\" alt=\"\" width=\"100%\" class=\"aligncenter size-medium wp-image-26379\" srcset=\"https:\/\/www.grieta.org.mx\/wp-content\/uploads\/2018\/09\/mineras-contaminan-BCS-8-300x225.jpg 300w, https:\/\/www.grieta.org.mx\/wp-content\/uploads\/2018\/09\/mineras-contaminan-BCS-8.jpg 620w\" sizes=\"(max-width: 300px) 100vw, 300px\" \/><br \/>\nFotos: Antonio de Jes\u00fas Cervantes G..- La mina La Testera opera con un proceso de flotaci\u00f3n, el proceso que realiza en la comunidad de San Antonio es de remediaci\u00f3n de los terreros que fueron abandonados por miner\u00edas de anta\u00f1o, lo que significa que est\u00e1 liberando de contaminantes el agua y el suelo de la zona<\/p>\n<p>Antonio Cervantes<\/p>\n<blockquote><p>Protestan en La Paz y Los Cabos contra el proyecto Los Cardones que la empresa Desarrollo Zapal pretende desarrollar en una \u00c1rea Natural Protegida. \u201cDe ninguna manera, el Gobierno del Estado est\u00e1 a favor de la miner\u00eda t\u00f3xica\u201d, respondi\u00f3 \u00c1lvaro de la Pe\u00f1a, en representaci\u00f3n del Gobierno de Mendoza Davis. Profepa busca una raz\u00f3n para frenar la obra<\/p><\/blockquote>\n<p>M\u00e1s de mil personas se dieron cita a las diez de la ma\u00f1ana del mi\u00e9rcoles 29 de agosto, en la explanada del Palacio de Gobierno en La Paz; mientras que por la tarde, en Los Cabos, cientos de personas acompa\u00f1aron el movimiento en defensa del agua y la vida, manifest\u00e1ndose en contra del proyecto minero Los Cardones, que se pretende desarrollar en la zona de amortiguamiento del \u00c1rea Natural Protegida (ANP), Reserva de la Bi\u00f3sfera Sierra de La Laguna, la cual alimenta de agua al 80% de la poblaci\u00f3n de la entidad.<\/p>\n<p>En medio de la manifestaci\u00f3n surgi\u00f3 la melod\u00eda del \u201cCielito lindo\u201d, pero con una letra arreglada por los grupos ambientalistas.<\/p>\n<p>\u201cYa tenemos m\u00e1s de 11 a\u00f1os cuidando nuestra tierra para que venga Salinas con sus Cardones y se nos pierda. Ay, ay, ay, ay, ay, oye Mendoza (gobernador), ya hoy debes mandar lejos, lejos, muy lejos a Los Cardones. Ay, ay, ay, ay, ay, ay, oye Sotelo (delegado Semarnat BCS), la orden es mandar lejos, lejos, muy lejos a Los Cardones\u201d, cantaron en la explanada.<\/p>\n<p>Y es que el proyecto minero de la empresa Desarrollo Zapal S.A. de C.V., pretende deforestar 506.965 hect\u00e1reas de vegetaci\u00f3n de las 541.630 hect\u00e1reas que abarca.<\/p>\n<p>El tipo de flora a da\u00f1ar es matorral sarcocaule, selva baja caducifolia, vegetaci\u00f3n hal\u00f3fila y bosque de mezquite. La zona de afectaci\u00f3n son los puntos conocidos como La Junta, Jes\u00fas Mar\u00eda, El Baj\u00edo, El Aguajito, ubicados en el municipio de La Paz.<\/p>\n<p>\u201cEl d\u00eda 20 de agosto de 2018, Desarrollo Zapal S.A. de C.V., promovente del megaproyecto minero, ingres\u00f3 la solicitud a la delegaci\u00f3n federal en la entidad, en la Secretar\u00eda de Medio Ambiente y Recursos Naturales (Semarnat) para que le sea autorizado el cambio de uso de suelo forestal a industrial. Solicita autorizaci\u00f3n para deforestar de manera absoluta, m\u00e1s de 500 hect\u00e1reas\u201d, expuso Diana de Anda, miembro del Frente Ciudadano en Defensa del Agua y la Vida (Freciudav) de Baja California Sur.<\/p>\n<p>Participaron miembros de m\u00e1s de 30 asociaciones civiles que integran el Frente Ciudadanos en Defensa del Agua y la Vida Acudieron.<\/p>\n<p>\u201cPara que declare abierta, categ\u00f3rica y de forma espec\u00edfica, de frente a la ciudadan\u00eda, que el Gobierno del Estado, ante la petici\u00f3n del cambio de uso de suelo forestal de Los Cardones, como presidente del Consejo Estatal Forestal, en sentido negativo\u201d, as\u00ed lo revel\u00f3 la doctora en Ciencias en el Uso, Manejo y Preservaci\u00f3n de los Recursos Naturales, Elisa Jeanneht Armend\u00e1riz Villegas.<\/p>\n<p>Ciudadanos exigieron al gobernador que establezca su postura en contra del proyecto minero Los Cardones, pues informaron que de manera legal no hay explicaci\u00f3n alguna, ni motivo por el cual se apruebe dicho proyecto, la aprobaci\u00f3n solo se dar\u00eda por encima de la Ley y en contra de la voluntad de los ciudadanos.<\/p>\n<p><img decoding=\"async\" data-attachment-id=\"26380\" data-permalink=\"https:\/\/www.grieta.org.mx\/index.php\/2018\/09\/04\/la-laguna-amenazada-por-mineria-baja-california-sur\/mineras-contaminan-bcs-4-600x399\/\" data-orig-file=\"https:\/\/www.grieta.org.mx\/wp-content\/uploads\/2018\/09\/mineras-contaminan-BCS-4-600x399.jpg\" data-orig-size=\"600,399\" data-comments-opened=\"0\" data-image-meta=\"{&quot;aperture&quot;:&quot;0&quot;,&quot;credit&quot;:&quot;&quot;,&quot;camera&quot;:&quot;&quot;,&quot;caption&quot;:&quot;&quot;,&quot;created_timestamp&quot;:&quot;0&quot;,&quot;copyright&quot;:&quot;&quot;,&quot;focal_length&quot;:&quot;0&quot;,&quot;iso&quot;:&quot;0&quot;,&quot;shutter_speed&quot;:&quot;0&quot;,&quot;title&quot;:&quot;&quot;,&quot;orientation&quot;:&quot;0&quot;}\" data-image-title=\"mineras-contaminan-BCS-4-600&amp;#215;399\" data-image-description=\"\" data-image-caption=\"\" data-medium-file=\"https:\/\/www.grieta.org.mx\/wp-content\/uploads\/2018\/09\/mineras-contaminan-BCS-4-600x399-300x200.jpg\" data-large-file=\"https:\/\/www.grieta.org.mx\/wp-content\/uploads\/2018\/09\/mineras-contaminan-BCS-4-600x399.jpg\" src=\"http:\/\/www.grieta.org.mx\/wp-content\/uploads\/2018\/09\/mineras-contaminan-BCS-4-600x399-300x200.jpg\" alt=\"\" width=\"100%\" class=\"aligncenter size-medium wp-image-26380\" srcset=\"https:\/\/www.grieta.org.mx\/wp-content\/uploads\/2018\/09\/mineras-contaminan-BCS-4-600x399-300x200.jpg 300w, https:\/\/www.grieta.org.mx\/wp-content\/uploads\/2018\/09\/mineras-contaminan-BCS-4-600x399.jpg 600w\" sizes=\"(max-width: 300px) 100vw, 300px\" \/><br \/>\n\u00c1lvaro de la Pe\u00f1a Angulo, Secretario General de Gobierno sali\u00f3 ante la turba de manifestantes y dijo que el Gobierno del Estado desaprueba al Proyecto Minero Los Cardones y todo aquel que afecte al medio ambiente y los derechos de las personas<\/p>\n<p>\u201cApegado al derecho, no existe la m\u00ednima posibilidad de que tal solicitud sea autorizada de manera legal. Invocamos el derecho de audiencia en los t\u00e9rminos expuestos para con usted, licenciado Carlos Mendoza Davis; de manera personal\u00edsima, abordar el peligro de vida que representa el megaproyecto minero Los Cardones\u201d, lanz\u00f3 Diana de Anda, miembro del Freciudav.<\/p>\n<p>Una comisi\u00f3n del Frente fue atendida por autoridades estatales, mismas que revisaron el tema ante miembros del Consejo Forestal de Baja California Sur. La reuni\u00f3n fue encabezada por el secretario general de Gobierno, \u00c1lvaro de la Pe\u00f1a Angulo, el cual comprometi\u00f3 una nueva Ley que antepondr\u00e1 el derecho a la vida saludable y esto con el apoyo de los miembros del Frente.<\/p>\n<p>Autoridades desaprueban Los Cardones<\/p>\n<p>En la administraci\u00f3n de la priista Esthela de Jes\u00fas Ponce Beltr\u00e1n y su sucesor Francisco Javier Monroy S\u00e1nchez, el Cabildo hizo de las suyas. La XIV Administraci\u00f3n del Ayuntamiento de La Paz, en una sesi\u00f3n secreta, aprob\u00f3 el cambio de uso de suelo para la empresa minera Desarrollo Zapal, ante eso, el actual alcalde, Armando Mart\u00ednez Vega se adelant\u00f3 un poco y dijo lo siguiente:<\/p>\n<p>\u201cEl XV Ayuntamiento de La Paz no reconoci\u00f3 los efectos jur\u00eddicos a la sesi\u00f3n secreta, ya que no existe registro de la misma en sus archivos\u201d, dijo.<\/p>\n<p>Tres a\u00f1os de juicio dieron como resolutivo, que fuera el actual Ayuntamiento quien reconociera si ten\u00eda o no efectos jur\u00eddicos lo que se hab\u00eda hecho por debajo del agua a favor de la miner\u00eda. Finalmente, fue esta ma\u00f1ana durante sesi\u00f3n p\u00fablica extraordinaria de Cabildo, que el alcalde anunci\u00f3 que se gan\u00f3 la batalla jur\u00eddica, aunque a\u00fan no eran notificados al cierre de esta edici\u00f3n, solo exist\u00eda en estrados.<\/p>\n<p>Esto en contra de la empresa Desarrollo Zapal, quien pretend\u00eda establecer la Minera Los Cardones.<\/p>\n<p>\u201cEcha abajo la orden del Juzgado Federal, de reconocer los usos de suelo y darle las licencias que requieren para operar, regresando las cosas hasta la sesi\u00f3n de Cabildo, lo que oblig\u00f3 a la empresa a tramitar y cumplir con las licencias y permisos ante las instancias. Se\u00f1ores, con esto les informo que debemos, ustedes y nosotros, sentirnos orgullosos de esta lucha de casi tres a\u00f1os con tantas horas de trabajo\u201d, celebr\u00f3 el alcalde.<\/p>\n<p>Este comentario es una respuesta a favor de lo que la poblaci\u00f3n pace\u00f1a ha exigido todos estos a\u00f1os, sobre todo porque fue la bandera de Mart\u00ednez Vega el d\u00eda que rindi\u00f3 protesta como edil pace\u00f1o.<\/p>\n<p>Gobierno estatal responde<\/p>\n<p>Luego de la manifestaci\u00f3n, las alarmas se encendieron en el Palacio de Gobierno, los manifestantes exig\u00edan un posicionamiento, para ello sali\u00f3 el secretario general de Gobierno, pero no fue suficiente el compromiso de voz, por lo que solicitaron algo por escrito.<\/p>\n<p>Fue precisamente que se convoc\u00f3 a una reuni\u00f3n con una comisi\u00f3n del Frente Ciudadano y miembros del Consejo Estatal Forestal. All\u00ed, autoridades informaron que est\u00e1n en contra de todo proyecto que atente contra el ecosistema y los ciudadanos de Baja California Sur, por lo que hicieron p\u00fablica la postura.<\/p>\n<p>\u201cEl Gobierno del Estado no ha estado, no est\u00e1 y no estar\u00e1 a favor de obras y\/o actividades industriales (miner\u00eda), comerciales o de servicios que atenten contra los derechos humanos y la ecolog\u00eda. En el caso concreto del pretendido proyecto minero conocido como Los Cardones, el Gobierno del Estado de Baja California Sur contin\u00faa con la postura de \u2018no viable ambientalmente\u2019, como lo hizo de conocimiento de la Semarnat, mediante la opini\u00f3n t\u00e9cnica correspondiente en el procedimiento de evaluaci\u00f3n de impacto ambiental\u201d.<\/p>\n<p>Reiteraron su compromiso de lado de los ciudadanos, buscando siempre atender las necesidades de la poblaci\u00f3n y no exponer al medio ambiente.<\/p>\n<p>A la par, y en respuesta a la manifestaci\u00f3n convocada por el Frente Ciudadano en Defensa del Agua y la Vida, el grupo denominado \u201cMiner\u00eda Responsable de Baja California Sur\u201d, af\u00edn de Los Cardones, convocaron una manifestaci\u00f3n en favor de la prosperidad del Estado.<\/p>\n<p>Principalmente en contra de la familia Trasvi\u00f1a, los cuales encabezan parte del movimiento y pertenecen a una de las 33 asociaciones que se manifestaron.<\/p>\n<p>El encargado de manifestar su inconformidad en contra de la familia fue Agust\u00edn Espinosa Laguna, coordinador del Congreso Agrario Permanente (CAP), en Sinaloa, y delegado en el Estado.<\/p>\n<p>\u201cPor ejemplo, La Testera, por qu\u00e9 La Testera no la hab\u00edan denunciado, no la hab\u00edan denunciado porque hay un antecedente que trabajaron algunos de los Trasvi\u00f1a para esta empresa, entonces a eso nos referimos nosotros. El Congreso Agrario Permanente est\u00e1 a favor del progreso, est\u00e1 favor de las nuevas oportunidades, y puede ser Los Cardones y puede ser cualquier otra que cumpla los lineamientos de utilizar nueva tecnolog\u00eda para que no contaminen\u201d, dijo Espinosa Laguna.<\/p>\n<p>Los manifestantes llegaron hasta el Palacio de Gobierno, los \u00fanicos ausentes fueron los miembros del grupo \u201cMiner\u00eda Responsable\u201d, quienes dejaron morir solos a los del CAP y a los cientos de ciudadanos que fueron acarreados desde las colonias de La Paz, ni siquiera a los habitantes de San Antonio y El Triunfo, o las rancher\u00edas de la Sierra la Laguna, donde se pretende instalar la mina.<\/p>\n<p>\u201cPorque no han dicho realmente lo que propone, por ejemplo, la empresa, c\u00f3mo se llama la que mencionas ahorita, Los Cardones. Esta empresa dice, por ejemplo, que no va utilizar agua de subsuelo, que va a jalar agua del mar, que va instalar la desalinizadora, que le va a dar agua a las comunidades cercanas; dice por ejemplo, que no va a haber polvo porque va a construir un domo, como ya se utiliza en otras partes; dice, por ejemplo, que la presa de jales no es tal cosa, que ahora va a hacer combinado, va a ser espacios cerrados, este el proceso de los jales\u201d, cerr\u00f3 Agust\u00edn Espinosa Laguna.<\/p>\n<p>Los ciudadanos, los cuales fueron acarreados en peseros y camiones, se manifestaron en el sitio, pero tal era su desconocimiento de qui\u00e9n los estaba convocando, que todas las opiniones fueron en contra de la Minera Los Cardones.<\/p>\n<p>\u201cAqu\u00ed le digo, para apoyar a la mina, no a la mina, para que no contamine m\u00e1s este pueblo\u2026 Yo nom\u00e1s estoy en contra de la miner\u00eda, vengo por eso, una compa\u00f1era de Ciudad del Cielo nos convoc\u00f3\u2026Pues estamos en contra de lo que quieren hacer, pues quieren contaminar; estamos en contra de que se contamine. Los que quieren meter maquinaria, que quieren, o sea, en pocas palabras, quieren destruir el patrimonio de Baja California Sur, y no es justo; por eso estamos aqu\u00ed\u201d, dijeron los m\u00faltiples manifestantes entrevistados por ZETA.<\/p>\n<p>Elia, la cual lleg\u00f3 desde la colonia El Pante\u00f3n, expres\u00f3 que \u201cnos avisaron la l\u00edder de colonia. 150 pesos, aunque no me hubieran dado apoyo, yo de igual manera hubiera venido, porque estoy en contra de la miner\u00eda\u201d, reconoci\u00f3.<\/p>\n<p>Los manifestantes recibieron entre 100 y 200 pesos por manifestarse en la explanada de Gobierno; aun as\u00ed, cientos de personas se fueron molestas debido a que los l\u00edderes de colonia no les pagaron lo prometido.<\/p>\n<p>Cada una de las cabezas de comunidad, fueron vistas portando listas, folders y pacas de billetes de diferentes denominaciones para pagar a los \u201cvoluntarios\u201d que llegaron a manifestarse, haciendo ver al movimiento Pro-Miner\u00eda, como una farsa para aprobar el Proyecto Minero Los Cardones.<\/p>\n<p>Despu\u00e9s de tres a\u00f1os, pudiera ser el primer caso que gane el jur\u00eddico de La Paz, Santiago Leal Amador. \u201cDamos una respuesta a la poblaci\u00f3n, a la ciudad, lo que todo mundo exig\u00eda que esto fuera en contra, y hoy tenemos que celebrar que finalmente tendremos conservada nuestra Sierra de La Laguna, nuestro pulm\u00f3n de Baja California Sur, eso que nos ha hecho orgullosos desde hace muchos a\u00f1os y que seguir\u00e1n las generaciones disfrutando, de esta zona tan verde y tan bonita\u201d, finaliz\u00f3 el alcalde de La Paz.<\/p>\n<p>Finalmente, le corresponder\u00e1 a la siguiente administraci\u00f3n lidiar con los procedimientos de nuevas licencias y permisos de la empresa con actividad minera; por lo cual, el tema no ha muerto y quedan 15 d\u00edas h\u00e1biles para que la propia Semarnat resuelva.<\/p>\n<p>Ante la solicitud sentida de los ciudadanos en cuanto a la postura del Gobierno del Estado en referencia al proyecto minero Los Cardones, el secretario general de Gobierno, \u00c1lvaro de la Pe\u00f1a Angulo, inform\u00f3 que est\u00e1n en contra de la miner\u00eda t\u00f3xica.<\/p>\n<p>\u201cPrecisamente estoy aqu\u00ed para informarles y decirles muy clara la postura que tiene el Gobierno del Estado en este tema. No nos dejemos enga\u00f1ar; de ninguna manera el Gobierno el Estado est\u00e1 a favor de la miner\u00eda t\u00f3xica; de ninguna manera, ante ninguna. En 2015 tuvimos el mismo encuentro con muchas y muchos de todos ustedes, les dijimos muy claro que nunca el Gobierno del Estado apoyar\u00eda este tipo de miner\u00eda\u201d, mencion\u00f3 De la Pe\u00f1a.<\/p>\n<p>Para aclarar el t\u00e9rmino de \u201ct\u00f3xica\u201d, coment\u00f3 que est\u00e1n en contra de todo proyecto que afecte a la biodiversidad y el agua. En concreto, afirm\u00f3 que es un \u201cNo\u201d al proyecto Los Cardones.<\/p>\n<p>\u201cEl gobernador cuando inici\u00f3 el periodo de su gobierno, se comprometi\u00f3 con las ciudadanas y los ciudadanos de Sudcalifornia, a que nunca, nunca, se comprometer\u00eda la naturaleza, la biodiversidad o el agua; nunca. El Gobierno del Estado no apoya la miner\u00eda que pueda afectar a Baja California Sur y a sus habitantes, es no a ese proyecto\u201d, finaliz\u00f3.<\/p>\n<p>Por su cuenta, el delegado de la Secretar\u00eda de Medio Ambiente y Recursos Naturales (Semarnat) en el Estado, Axxel Sotelo Espinoza de los Monteros, expres\u00f3 que tienen 15 d\u00edas h\u00e1biles para elaborar un dictamen jur\u00eddico y si la empresa Desarrollo Zapal se inconforma, que seguramente as\u00ed ser\u00e1, se dar\u00e1n 15 d\u00edas m\u00e1s para que presenten lo que en su derecho les convenga.<\/p>\n<p>\u201cTenemos 15 d\u00edas para elaborar dictamen jur\u00eddico y verificar si cumple o no con los requisitos de Ley. Yo asumo la posici\u00f3n como autoridad, cumple o no<br \/>\ncon los requisitos de Ley. Yo asumo la posici\u00f3n como autoridad, pues tengo que ser responsable del tr\u00e1mite, de ser imparcial. Vamos a hacer un an\u00e1lisis escrupuloso de la normativa y desde luego, del cumplimiento estricto de los elementos que la Ley dispone; es important\u00edsima la opini\u00f3n del Consejo Estatal Forestal y sobre eso vamos a basar nuestro resolutivo. Es una opini\u00f3n que no es vinculante, pero para criterio de la delegaci\u00f3n, va a ser determinante. En t\u00e9rminos normativos, tenemos 15 d\u00edas para emitir el dictamen jur\u00eddico; de ah\u00ed, si hay deficiencias en el tr\u00e1mite, se le otorgan hasta 15 d\u00edas al promovente y posteriormente si subsanan, se turnan a los consejos\u201d, se justific\u00f3 el delegado de la Semarnat.<\/p>\n<p>Autoridades est\u00e1n en revisi\u00f3n del proyecto Minero Los Cardones, mientras que la ciudadan\u00eda ha exigido que se d\u00e9 una negativa rotunda a la miner\u00eda en la zona de la Reserva de la Biosfera Sierra de La Laguna y evitar la contaminaci\u00f3n que puede causar la acci\u00f3n minera que a decir del alcalde entrante, Rub\u00e9n Mu\u00f1oz \u00c1lvarez, la \u201cempresa est\u00e1 en su derecho de solicitar permisos, pero su ayuntamiento se reserva el derecho de aprobar\u201d.<\/p>\n<p>Nuevas leyes contra la miner\u00eda<\/p>\n<p>Durante esta protesta ciudadana en contra de la miner\u00eda t\u00f3xica, el alcalde electo, Rub\u00e9n Mu\u00f1oz \u00c1lvarez, arrib\u00f3 a la explanada del Palacio de Gobierno, acompa\u00f1ado de su esposa, con la intenci\u00f3n de ratificar el compromiso con la ciudadan\u00eda durante su campa\u00f1a y reiterando que su postura ahora y para su pr\u00f3xima administraci\u00f3n, es no a la miner\u00eda t\u00f3xica.<\/p>\n<p><img decoding=\"async\" data-attachment-id=\"26381\" data-permalink=\"https:\/\/www.grieta.org.mx\/index.php\/2018\/09\/04\/la-laguna-amenazada-por-mineria-baja-california-sur\/mineras-contaminan-bcs-6-600x385\/\" data-orig-file=\"https:\/\/www.grieta.org.mx\/wp-content\/uploads\/2018\/09\/mineras-contaminan-BCS-6-600x385.jpg\" data-orig-size=\"600,385\" data-comments-opened=\"0\" data-image-meta=\"{&quot;aperture&quot;:&quot;0&quot;,&quot;credit&quot;:&quot;&quot;,&quot;camera&quot;:&quot;&quot;,&quot;caption&quot;:&quot;&quot;,&quot;created_timestamp&quot;:&quot;0&quot;,&quot;copyright&quot;:&quot;&quot;,&quot;focal_length&quot;:&quot;0&quot;,&quot;iso&quot;:&quot;0&quot;,&quot;shutter_speed&quot;:&quot;0&quot;,&quot;title&quot;:&quot;&quot;,&quot;orientation&quot;:&quot;0&quot;}\" data-image-title=\"mineras-contaminan-BCS-6-600&amp;#215;385\" data-image-description=\"\" data-image-caption=\"\" data-medium-file=\"https:\/\/www.grieta.org.mx\/wp-content\/uploads\/2018\/09\/mineras-contaminan-BCS-6-600x385-300x193.jpg\" data-large-file=\"https:\/\/www.grieta.org.mx\/wp-content\/uploads\/2018\/09\/mineras-contaminan-BCS-6-600x385.jpg\" src=\"http:\/\/www.grieta.org.mx\/wp-content\/uploads\/2018\/09\/mineras-contaminan-BCS-6-600x385-300x193.jpg\" alt=\"\" width=\"100%\" class=\"aligncenter size-medium wp-image-26381\" srcset=\"https:\/\/www.grieta.org.mx\/wp-content\/uploads\/2018\/09\/mineras-contaminan-BCS-6-600x385-300x193.jpg 300w, https:\/\/www.grieta.org.mx\/wp-content\/uploads\/2018\/09\/mineras-contaminan-BCS-6-600x385.jpg 600w\" sizes=\"(max-width: 300px) 100vw, 300px\" \/><\/p>\n<blockquote><p>Habitantes desde La Paz a Los Cabos dieron un rotundo NO a la Minera Los Cardones, pues dicen que de manera legal no pasar\u00e1n, a menos que funcionarios p\u00fablicos les den el visto bueno en lo oscurito<\/p><\/blockquote>\n<p>Expres\u00f3 que su compromiso de campa\u00f1a es aut\u00e9ntico y es en contra de cualquier proyecto minero que atente contra el medio ambiente.<\/p>\n<p>\u201cAl ratificar lo que firmamos ante el Frente Ciudadano en Defensa del Agua y la Vida, el compromiso que hicimos con los habitantes de La Paz no podemos m\u00e1s que ratificar la postura que es \u00fanica. No a la miner\u00eda t\u00f3xica en el municipio de La Paz, esa va ser la postura de la pr\u00f3xima administraci\u00f3n municipal\u201d, se\u00f1al\u00f3.<\/p>\n<p>Agreg\u00f3 que es el principio de la congruencia, que no se trata de un compromiso personal, sino de la S\u00edndico y de los regidores electos, por lo cual deber\u00e1n atender a fin de proteger los recursos naturales y particularmente el agua de La Paz y Los Cabos.<\/p>\n<p>\u201cEl compromiso que hicimos no solamente es personal, es un compromiso de la s\u00edndico y de los integrantes del Cabildo. En la pr\u00f3xima administraci\u00f3n no habr\u00e1 autorizaci\u00f3n de uso de suelo para miner\u00eda t\u00f3xica en La Paz. Lo que queremos es preservar inviolable toda el \u00e1rea de la Sierra de La Laguna porque ah\u00ed est\u00e1n los afluentes hidr\u00e1ulicos de La Paz y de Los Cabos\u201d, finaliz\u00f3 Rub\u00e9n Mu\u00f1oz \u00c1lvarez.<\/p>\n<p>Por otro lado, la respuesta a las denuncias de los ciudadanos que conformaron el Frente Ciudadano en Defensa del Agua y la Vida del Estado no se hizo esperar, la primera en alzar la voz de los legisladores fue la diputada, Milena Quiroga, quien dijo que habr\u00e1 de formularse una Ley que proteja el agua del Estado. Afirm\u00f3 que si la Ley no lo establece, la legislatura entrante blindar\u00e1 de toda contaminaci\u00f3n al medio ambiente.<\/p>\n<p>\u201cHay muchas leyes que ya est\u00e1n a favor, tanto federales como estatales, que implican que el cuidado del agua va por sobre todo y excluye el trabajo de peligro en la contaminaci\u00f3n del agua. Entonces, nosotros al defender esas leyes que vienen de la federal, tambi\u00e9n son del \u00e1mbito local, y si tenemos que blindar algunas zonas para proteger nuestro mantos acu\u00edferos, lo vamos a hacer\u201d, afianz\u00f3.<\/p>\n<p>La protecci\u00f3n principal ser\u00e1 basada en los puntos de recarga, para que est\u00e9n libres de cualquier agente, proyecto o persona que pretenda realizar actividad alguna que ponga en riesgo el recurso h\u00eddrico. Agreg\u00f3 que hubo una propuesta de decreto de Ley que pretend\u00eda cuidar los mantos acu\u00edferos, pero \u00e9sta, por alguna extra\u00f1a raz\u00f3n, fue puesta en la congeladora.<\/p>\n<p>\u201cHay una Ley que propuso la diputada, Guadalupe Rojas, que se trata de zonas de salvaguarda la protecci\u00f3n de los mantos acu\u00edferos, es una iniciativa muy favorable que trabaja en conjunto con el Poder Ejecutivo, est\u00e1 en la congeladora por alguna raz\u00f3n. Una vez que entremos, vamos a ver por qu\u00e9, pero es una iniciativa muy buena que vamos a sacar, porque con esa vamos a blindar nuestros mantos, es decir, arriba de donde se infiltrar el agua, no vamos a permitir ninguna actividad que vaya a contaminar esa agua\u201d, comprometi\u00f3 Milena Quiroga.<\/p>\n<p>Dijo que la legislatura entrante se caracterizar\u00e1 de ser abierta para toda petici\u00f3n de los ciudadanos y afianzar los lineamientos en protecci\u00f3n del medio ambiente, de modo que si es necesario, crearan un marco normativo que prevenga a los gobiernos de contaminaci\u00f3n alguna.<\/p>\n<p>Buscar\u00e1n que Baja California Sur sea un verdadero Estado sustentable, el cual siga viendo las bellezas naturales como un motor econ\u00f3mico y no como una zona para explotar de forma irracional.<\/p>\n<p>\u201cSi no est\u00e1 en la Ley, lo vamos a implementar, con esa iniciativa que ya est\u00e1 y est\u00e1 muy bien hecha, la vamos a rescatar. Va a ser un Congreso abierto. Necesitamos que los congresos y los gobiernos tengan la apertura de la gente, es una de las propuestas que vamos a platicar con ustedes en nuestra agenda legislativa. Vamos a reglamentar y vamos a hacer una Ley Org\u00e1nica en donde vamos a tener un Congreso abierto, austero y transparente\u201d, finaliz\u00f3 Quiroga.<\/p>\n<p>Por otro lado, a nivel nacional, Alfredo Porras Dom\u00ednguez, diputado federal por Baja California Sur se manifest\u00f3 en contra de cualquier proyecto minero que atente contra la integridad del medio ambiente en la entidad, dijo que no deben existir proyectos por encima de la voluntad de los sudcalifornianos.<\/p>\n<p>\u201cUn no rotundo a la miner\u00eda que pretende contaminar y destruir a la Reserva de la Biosfera Sierra de La Laguna, pero tambi\u00e9n un no a toda esa miner\u00eda que pretende contaminar los mares de Baja California Sur. Yo precisamente lo manifestar\u00e9 en el M\u00e1xima Tribuna del pa\u00eds, apoyando a los ciudadanos y desde luego que trabajaremos desde el Congreso de la Uni\u00f3n para proteger nuestros recursos naturales\u201d, lanz\u00f3 Porras Dom\u00ednguez.<\/p>\n<p>Profepa increpa a mineros<\/p>\n<p>El primero de mayo de 2018, inspectores de la Procuradur\u00eda Federal de Protecci\u00f3n al Ambiente (Profepa) acudieron a las instalaciones de la mina La Testera, ubicada muy cerca de las comunidades de San Antonio y El Triunfo, en el municipio de La Paz. La instituci\u00f3n determin\u00f3 clausurar las operaciones de la minera por violar la Ley General de Equilibrio Ecol\u00f3gico y Protecci\u00f3n al Medio Ambiente.<\/p>\n<p>Seg\u00fan la Profepa se encontr\u00f3:<\/p>\n<p>\u201cAproximadamente 165 litros de aceite lubricante usado, 60 litros de agua aceitosa, 190 kg de s\u00f3lidos impregnados de aceite lubricante usado, as\u00ed como cuatro acumuladores de plomo-\u00e1cido usados, estos \u00faltimos no se encuentran incluidos en su registro como generador que la empresa realiz\u00f3 ante la Semarnat\u201d.<\/p>\n<p><img decoding=\"async\" data-attachment-id=\"26382\" data-permalink=\"https:\/\/www.grieta.org.mx\/index.php\/2018\/09\/04\/la-laguna-amenazada-por-mineria-baja-california-sur\/mineras-contaminan-bcs-3-600x338\/\" data-orig-file=\"https:\/\/www.grieta.org.mx\/wp-content\/uploads\/2018\/09\/mineras-contaminan-BCS-3-600x338.jpg\" data-orig-size=\"600,338\" data-comments-opened=\"0\" data-image-meta=\"{&quot;aperture&quot;:&quot;0&quot;,&quot;credit&quot;:&quot;&quot;,&quot;camera&quot;:&quot;&quot;,&quot;caption&quot;:&quot;&quot;,&quot;created_timestamp&quot;:&quot;0&quot;,&quot;copyright&quot;:&quot;&quot;,&quot;focal_length&quot;:&quot;0&quot;,&quot;iso&quot;:&quot;0&quot;,&quot;shutter_speed&quot;:&quot;0&quot;,&quot;title&quot;:&quot;&quot;,&quot;orientation&quot;:&quot;0&quot;}\" data-image-title=\"mineras-contaminan-BCS-3-600&amp;#215;338\" data-image-description=\"\" data-image-caption=\"\" data-medium-file=\"https:\/\/www.grieta.org.mx\/wp-content\/uploads\/2018\/09\/mineras-contaminan-BCS-3-600x338-300x169.jpg\" data-large-file=\"https:\/\/www.grieta.org.mx\/wp-content\/uploads\/2018\/09\/mineras-contaminan-BCS-3-600x338.jpg\" src=\"http:\/\/www.grieta.org.mx\/wp-content\/uploads\/2018\/09\/mineras-contaminan-BCS-3-600x338-300x169.jpg\" alt=\"\" width=\"100%\" class=\"aligncenter size-medium wp-image-26382\" srcset=\"https:\/\/www.grieta.org.mx\/wp-content\/uploads\/2018\/09\/mineras-contaminan-BCS-3-600x338-300x169.jpg 300w, https:\/\/www.grieta.org.mx\/wp-content\/uploads\/2018\/09\/mineras-contaminan-BCS-3-600x338.jpg 600w\" sizes=\"(max-width: 300px) 100vw, 300px\" \/><\/p>\n<blockquote><p>La Doctora en Ciencias en el Uso, Manejo y Preservaci\u00f3n de los Recursos Naturales, Elisa Jeanneht Armend\u00e1riz Villegas, exigi\u00f3 al Gobierno del Estado su posicionamiento en contra de una minera t\u00f3xica como Los Cardones<\/p><\/blockquote>\n<p>De acuerdo al relato de la Procuradur\u00eda, la empresa no cuenta con el registro de cuatro bater\u00edas para carro que estaban dentro del almac\u00e9n, as\u00ed como: el almac\u00e9n temporal carece de se\u00f1alamientos y letreros alusivos a la peligrosidad de los residuos.<\/p>\n<p>No se realiza la identificaci\u00f3n, etiquetado y marca de los RI.<\/p>\n<p>Adem\u00e1s, la Profepa aclara que no acredit\u00f3 en el momento:<\/p>\n<p>*El manejo de una bit\u00e1cora de generaci\u00f3n de residuos peligrosos.<\/p>\n<p>*Haber presentado ante la Semarnat, la C\u00e9dula de Operaci\u00f3n Anual que los  residuos peligrosos generados, fueran llevados a tratamiento, reciclaje y\/o disposici\u00f3n final.<\/p>\n<p>*Contar con contrato de un seguro ambiental vigente.<\/p>\n<p>La empresa minera cuenta con una autorizaci\u00f3n en materia de impacto ambiental expedido en 2009 por la Secretar\u00eda de Medio Ambiente y Recursos Naturales (Semarnat) para la \u201coperaci\u00f3n y mantenimiento de una planta de beneficio metal\u00fargico en el sitio La Testera, Baja California Sur\u201d; seg\u00fan la empresa, solo se trata de un acoso por parte de la Profepa y su delegado, Sa\u00fal Col\u00edn Ortiz.<\/p>\n<p>\u201cTenemos algunas visitas de inspecci\u00f3n por ah\u00ed de Profepa, nos han estado solicitando alguna documentaci\u00f3n, b\u00e1sicamente las verificaciones han sido de ese orden. Verificaci\u00f3n documental no ha habido ninguna situaci\u00f3n que tenga que ver con contaminaci\u00f3n. En este caso, yo lo calificar\u00eda, probablemente de esa manera, no, porque la propia Ley te dice que todos los procedimientos deben de ser con esa objetividad, con esa imparcialidad y con legalidad. No hay, de esa manera se desarrolla. Entonces, yo creo que pudi\u00e9ramos decir que s\u00ed, si hay una actuaci\u00f3n de ese tipo de abuso de la autoridad\u201d, explic\u00f3 Jaime Ram\u00edrez Contreras, representante Legal de la Minera La Testera.<\/p>\n<p>Se\u00f1al\u00f3 que la Profepa, lo \u00fanico que busca es una raz\u00f3n para detener al proyecto, incluso cuando existen todos los permisos, aduciendo que la empresa La Testera no cuenta con autorizaciones, por ejemplo de la Presa de Jales, la cual es utilizada para el m\u00e9todo de flotaci\u00f3n, situaci\u00f3n que seg\u00fan la instituci\u00f3n, no se encuentra registrada, sin embargo, la minera respondi\u00f3 diciendo que \u201cen la Manifestaci\u00f3n de Impacto Ambiental est\u00e1 inscrito y detallado y lo saben, pero quieren que el personal tenga los documentos en la mano, cuando pueden comunicarse con los abogados\u201d, refiri\u00f3 el Representante Legal.<\/p>\n<p>\u201cVerifican aspectos que ya conoce la autoridad, al menos en papel, entonces inicialmente considero yo que si se nos va a verificar alguna situaci\u00f3n que consideran como omisa, primeramente deber\u00eda de hacerse una verificaci\u00f3n de lo que es el expediente, constatar si realmente s\u00ed hay alguna deficiencia de ese tipo, y en consecuencia, proceder; pero en el caso, lo que se hace por parte de autoridades, llegan, te verifican y para ellos est\u00e1n mal y te clausuran, sin antes tomar en cuenta que ya hay autorizaciones previas, que ya se han obtenido una soluci\u00f3n; est\u00e1n pidiendo soluciones que ya se obtuvieron en su momento y que debieron primero corroborarlo antes de ir a hacer una clausura\u201d, agreg\u00f3 Jaime Ram\u00edrez Contreras.<\/p>\n<p>La clausura, obedece a que la empresa supuestamente no tiene autorizado un m\u00e9todo de flotaci\u00f3n, pero este recurso est\u00e1 claramente estipulado dentro de la Manifestaci\u00f3n de Impacto Ambiental, la cual es p\u00fablica.<\/p>\n<p>\u201cNosotros lo que esperamos es que se haga una revisi\u00f3n del procedimiento y de acuerdo a lo que ellos nos solicitan, es lo que nosotros estamos, ah\u00ed lo que ellos nos califican de omisos, es lo que en realidad no es un omisi\u00f3n, sino es una falta de verificaci\u00f3n de parte de ellos, de los expedientes administrativos. Entonces, yo apostar\u00eda m\u00e1s a que ellos hagan una revisi\u00f3n de acuerdo a lo que marca la Ley, en los tiempos que se estipulan y nos den en consecuencia la respuesta\u201d, lanz\u00f3 el representante legal.<\/p>\n<p>La Testera y el remedio<\/p>\n<p>Otro proyecto minero asom\u00f3 la cabeza. Se trata del Proyecto Minero La Testera de la empresa MEXXIM S.A. de C.V., el cual est\u00e1 encargado de la remediaci\u00f3n de los residuos mineros de anta\u00f1o que quedaron regados en la comunidad de San Antonio, principalmente; seg\u00fan la Profepa, establece que el proyecto se encuentra fuera del pol\u00edgono que pertenece a la Sierra de La Laguna, se localiza en el predio conocido como Demas\u00edas de las Flores.<\/p>\n<p>La empresa se defendi\u00f3 ante los se\u00f1alamientos de contaminaci\u00f3n que podr\u00eda estar generando, indicaron que su labor es de remediaci\u00f3n.<\/p>\n<p><img decoding=\"async\" data-attachment-id=\"26383\" data-permalink=\"https:\/\/www.grieta.org.mx\/index.php\/2018\/09\/04\/la-laguna-amenazada-por-mineria-baja-california-sur\/mineras-contaminan-bcs-2b\/\" data-orig-file=\"https:\/\/www.grieta.org.mx\/wp-content\/uploads\/2018\/09\/mineras-contaminan-BCS-2b.jpg\" data-orig-size=\"349,550\" data-comments-opened=\"0\" data-image-meta=\"{&quot;aperture&quot;:&quot;0&quot;,&quot;credit&quot;:&quot;&quot;,&quot;camera&quot;:&quot;&quot;,&quot;caption&quot;:&quot;&quot;,&quot;created_timestamp&quot;:&quot;0&quot;,&quot;copyright&quot;:&quot;&quot;,&quot;focal_length&quot;:&quot;0&quot;,&quot;iso&quot;:&quot;0&quot;,&quot;shutter_speed&quot;:&quot;0&quot;,&quot;title&quot;:&quot;&quot;,&quot;orientation&quot;:&quot;0&quot;}\" data-image-title=\"mineras-contaminan-BCS-2b\" data-image-description=\"\" data-image-caption=\"\" data-medium-file=\"https:\/\/www.grieta.org.mx\/wp-content\/uploads\/2018\/09\/mineras-contaminan-BCS-2b-190x300.jpg\" data-large-file=\"https:\/\/www.grieta.org.mx\/wp-content\/uploads\/2018\/09\/mineras-contaminan-BCS-2b.jpg\" src=\"http:\/\/www.grieta.org.mx\/wp-content\/uploads\/2018\/09\/mineras-contaminan-BCS-2b-190x300.jpg\" alt=\"\" width=\"100%\" class=\"aligncenter size-medium wp-image-26383\" srcset=\"https:\/\/www.grieta.org.mx\/wp-content\/uploads\/2018\/09\/mineras-contaminan-BCS-2b-190x300.jpg 190w, https:\/\/www.grieta.org.mx\/wp-content\/uploads\/2018\/09\/mineras-contaminan-BCS-2b-317x500.jpg 317w, https:\/\/www.grieta.org.mx\/wp-content\/uploads\/2018\/09\/mineras-contaminan-BCS-2b.jpg 349w\" sizes=\"(max-width: 190px) 100vw, 190px\" \/><\/p>\n<blockquote><p>Jaime Ram\u00edrez Contreras, Representante Legal de la Minera La Testera denunci\u00f3 que la PROFEPA acosa a la empresa y s\u00f3lo busca motivos para sancionar, la mina fue clausurada por falta de oficio de inspectores<\/p><\/blockquote>\n<p>\u201cTiene que ver con una remediaci\u00f3n de sitios que tienen terreros, estos terreros son residuos de miner\u00eda que se hicieron hace muchos a\u00f1os ah\u00ed, en los en los pueblos de San Antonio, El Triunfo. Este material o residuos de la de la miner\u00eda son los que estamos trabajando nosotros. Con este  material lo que se hace es retirarse de los sitios donde fueron en su momento dispuestos y se env\u00edan al centro que tenemos nosotros ah\u00ed con las instalaciones habilitadas para el proceso, o sea, se usa un m\u00e9todo de flotaci\u00f3n, en este m\u00e9todo se aplica en algunas sustancias, como aceite de pino, para provocar lo que es la separaci\u00f3n del material\u201d, coment\u00f3 el representante legal.<\/p>\n<p>De acuerdo a la empresa minera, el trabajo que se realiza en el Estado tiene que ver solo con la separaci\u00f3n de los terreros, discriminando la arena o tierra del material metal\u00fargico, es decir, aquella que contiene oro y plata, \u00e9sta no se procesa en el Estado por lo que es colocado en costales y se env\u00edan a China.<\/p>\n<p>\u201cEse es como un lavabo. Tomas ese terrero, es residuo de la de la miner\u00eda y aplicamos un lavado, y haces una separaci\u00f3n; al final de cuentas, obtienes una arena o una tierra que le env\u00edas a una a una presa de jales, que le llamamos y obtienes al mismo tiempo este otro material del cual se obtiene el oro y la plata; sin embargo, aqu\u00ed no es donde se obtiene ese material, nosotros lo que hacemos es la separaci\u00f3n o lavado de eso. Aqu\u00ed en el Estado dejamos lo que es la tierra y de aqu\u00ed se va el resto del material al extranjero y en el extranjero es donde se hacen los procesos para la separaci\u00f3n del oro y la plata\u201d, agreg\u00f3 Jaime Ram\u00edrez Contreras.<\/p>\n<p>Pero otras de las situaciones que llama la atenci\u00f3n es que, seg\u00fan La Testera, la obtenci\u00f3n del material con contenido de oro y plata, tambi\u00e9n se extrae el ars\u00e9nico, seg\u00fan revelaron a ZETA. El agua que se contiene en la presa de Jales, est\u00e1 libre de ars\u00e9nico, adem\u00e1s, los lodos y arena que queda dentro, est\u00e1n libres de dicho metal contaminante.<\/p>\n<p>\u201cA ese lodo y esa agua se les toman muestras para an\u00e1lisis, esos an\u00e1lisis se hacen en laboratorios acreditados por la Entidad Mexicana de Acreditaci\u00f3n. Esos laboratorios que tienen reconocimiento para ese tipo de trabajos, arrojan resultados del lodo y del agua, y la calidad del agua sin ars\u00e9nico en cantidades importantes. Toda agua contiene un cierto nivel de ars\u00e9nico. En el en el caso de nosotros, los niveles que te manejamos, muy por debajo, incluso, del agua que t\u00fa tienes de cualquier, casi cualquier pozo del Estado. Esos estudios ya se les hicieron llegar a la Conagua\u201d, reiter\u00f3 Ram\u00edrez Contreras.<\/p>\n<p>Seg\u00fan los mineros, est\u00e1n liberando a la zona, no solo de los terreros y la contaminaci\u00f3n que generan en cada lluvia, sino que adem\u00e1s del oro y plata.<\/p>\n<p>Pero no todo termina con lo que dice la empresa minera, el Freciudav interpuso una denuncia ante la Profepa, debido a que supuestamente la empresa se encuentra no solo retirando el material o terreros de la miner\u00eda de anta\u00f1o, sino que supuestamente est\u00e1n sacando m\u00e1s material del hoyo minero que se encuentra en el sitio.<\/p>\n<p>Es decir, supuestamente est\u00e1n extrayendo, cuando su permiso no es extractivo, sino de remediaci\u00f3n.<\/p>\n<p>El 3 de mayo de 2018, el Frenciudav present\u00f3 la denuncia ante la Profepa, la cual exige a grandes rasgos lo siguiente:<\/p>\n<p>Que Profepa efect\u00fae an\u00e1lisis qu\u00edmicos completos de los desechos para identificar las sustancias t\u00f3xicas presentes en la presa de jales.<br \/>\nSu autorizaci\u00f3n para que un t\u00e9cnico de un laboratorio certificado, contratado por nuestra organizaci\u00f3n, acompa\u00f1e al inspector de Profepa y tambi\u00e9n tome muestras.<br \/>\nSu autorizaci\u00f3n para que un grupo de compa\u00f1eros expertos en diversas \u00e1reas de la ciencia, acompa\u00f1en a su inspector para verificar qu\u00e9 tipo de procesos realmente est\u00e1 efectuando esa empresa respecto a los terreros antiguos, y si acaso es verdad que est\u00e1n extrayendo mineral nuevo, hacer caer el rigor de la Ley por no tener permisos.<br \/>\nSi los desechos contienen t\u00f3xicos, entonces que se les obligue a retirarlos de la zona y a disponerlos en un sitio en donde no puedan contaminar ning\u00fan acu\u00edfero o cuerpo de agua (arroyos, esteros, mar, etc.).<br \/>\n5. Si el agua de la presa de Jales y\/o del arroyo cercano a esta, contienen sustancias t\u00f3xicas del mismo tipo y tambi\u00e9n estas sustancias est\u00e1n presentes en los sedimentos; entonces a esta empresa y\/o personas responsables se les debe obligar a que efect\u00faen una remediaci\u00f3n completa del agua y los sedimentos contaminados.<\/p>\n<p><a href=\"http:\/\/zetatijuana.com\/2018\/09\/210438\/\" rel=\"noopener\" target=\"_blank\">http:\/\/zetatijuana.com\/2018\/09\/210438\/<\/a><\/p>\n","protected":false},"excerpt":{"rendered":"<p>Fotos: Antonio de Jes\u00fas Cervantes G..- La mina La Testera opera con un proceso de flotaci\u00f3n, el proceso que realiza en la comunidad de San Antonio es de remediaci\u00f3n de &hellip; <a href=\"https:\/\/www.grieta.org.mx\/index.php\/2018\/09\/04\/la-laguna-amenazada-por-mineria-baja-california-sur\/\" class=\"more-link\">Leer m\u00e1s<\/a><\/p>\n","protected":false},"author":2,"featured_media":26379,"comment_status":"closed","ping_status":"closed","sticky":false,"template":"","format":"standard","meta":{"ngg_post_thumbnail":0,"_jetpack_newsletter_access":"","_jetpack_dont_email_post_to_subs":false,"_jetpack_newsletter_tier_id":0,"_jetpack_memberships_contains_paywalled_content":false,"_jetpack_memberships_contains_paid_content":false,"footnotes":""},"categories":[10,80,1649,2],"tags":[1676],"class_list":["post-26378","post","type-post","status-publish","format-standard","has-post-thumbnail","hentry","category-baja-california-sur","category-cintillo","category-conflicto-en-minera-los-cordones-baja-california-sur","category-noticias-nacionales","tag-protestas-contra-minera-los-cardones","entry"],"jetpack_featured_media_url":"https:\/\/www.grieta.org.mx\/wp-content\/uploads\/2018\/09\/mineras-contaminan-BCS-8.jpg","jetpack_sharing_enabled":true,"jetpack_shortlink":"https:\/\/wp.me\/p7ZJR4-6Rs","jetpack_likes_enabled":false,"jetpack-related-posts":[{"id":9184,"url":"https:\/\/www.grieta.org.mx\/index.php\/2016\/08\/16\/conflictos-mineros-en-baja-california-sur\/","url_meta":{"origin":26378,"position":0},"title":"Conflictos mineros en Baja California Sur","author":"grieta","date":"16 agosto, 2016","format":false,"excerpt":"Minera Canadiense se ampara en contra de SEMARNAT por proyecto 'La Pitalla' 16\/08\/16. Delegado de Semarnat en BCS dice que \u201cno tiene mucho que decir\u201d en el tema de La Pitalla BCS Noticias 01\/08\/16. Logra amparo minera canadiense Pen\u00ednsula Digital 29\/07\/16. Minera canadiense logra amparo para proyecto en La Paz,\u2026","rel":"","context":"En &quot;\u00c1reas naturales protegidas&quot;","block_context":{"text":"\u00c1reas naturales protegidas","link":"https:\/\/www.grieta.org.mx\/index.php\/category\/megaproyectos\/areas-naturales-protegidas\/"},"img":{"alt_text":"","src":"https:\/\/i0.wp.com\/www.grieta.org.mx\/wp-content\/uploads\/2018\/03\/14524434_1106112876131411_958039263622046936_o.jpg?resize=350%2C200&ssl=1","width":350,"height":200,"srcset":"https:\/\/i0.wp.com\/www.grieta.org.mx\/wp-content\/uploads\/2018\/03\/14524434_1106112876131411_958039263622046936_o.jpg?resize=350%2C200&ssl=1 1x, https:\/\/i0.wp.com\/www.grieta.org.mx\/wp-content\/uploads\/2018\/03\/14524434_1106112876131411_958039263622046936_o.jpg?resize=525%2C300&ssl=1 1.5x, https:\/\/i0.wp.com\/www.grieta.org.mx\/wp-content\/uploads\/2018\/03\/14524434_1106112876131411_958039263622046936_o.jpg?resize=700%2C400&ssl=1 2x"},"classes":[]},{"id":25845,"url":"https:\/\/www.grieta.org.mx\/index.php\/2018\/08\/25\/en-la-paz-y-los-cabos-protestaran-en-contra-de-los-cardones-baja-california-sur\/","url_meta":{"origin":26378,"position":1},"title":"En La Paz y Los Cabos protestar\u00e1n en contra de Los Cardones (Baja California Sur)","author":"grieta","date":"25 agosto, 2018","format":false,"excerpt":"Foto propiedad de: Internet Redacci\u00f3n El mi\u00e9rcoles 29 de agosto realizar\u00e1n manifestaciones en ambos municipios de BCS en contra la miner\u00eda a cielo abierto, con el fin de evitar que Consejo Estatal Forestal otorgue el cambio de uso de suelo al proyecto en sierra La Laguna. M\u00e9xico. En La Paz\u2026","rel":"","context":"En &quot;Baja California Sur&quot;","block_context":{"text":"Baja California Sur","link":"https:\/\/www.grieta.org.mx\/index.php\/category\/noticias-nacionales\/baja-california-sur\/"},"img":{"alt_text":"","src":"https:\/\/i0.wp.com\/www.grieta.org.mx\/wp-content\/uploads\/2018\/08\/1652_mineria-toxica_620x350.jpg?resize=350%2C200&ssl=1","width":350,"height":200,"srcset":"https:\/\/i0.wp.com\/www.grieta.org.mx\/wp-content\/uploads\/2018\/08\/1652_mineria-toxica_620x350.jpg?resize=350%2C200&ssl=1 1x, https:\/\/i0.wp.com\/www.grieta.org.mx\/wp-content\/uploads\/2018\/08\/1652_mineria-toxica_620x350.jpg?resize=525%2C300&ssl=1 1.5x"},"classes":[]},{"id":26058,"url":"https:\/\/www.grieta.org.mx\/index.php\/2018\/08\/29\/protestan-contra-empresas-mineras-baja-california-sur\/","url_meta":{"origin":26378,"position":2},"title":"Protestan contra empresas mineras (Baja California Sur)","author":"grieta","date":"29 agosto, 2018","format":false,"excerpt":"Cientos de personas se manifestaron ayer en la explanada del palacio de gobierno contra la miner\u00eda. (Jos\u00e9 Luis Villafuerte) \/ El Sudcaliforniano El\u00edas Medina P. La Paz, Baja California Sur.- Cientos de ciudadanos se manifestaron en las afueras del palacio de gobierno para expresar su rechazo al proyecto minero Los\u2026","rel":"","context":"En &quot;Baja California Sur&quot;","block_context":{"text":"Baja California Sur","link":"https:\/\/www.grieta.org.mx\/index.php\/category\/noticias-nacionales\/baja-california-sur\/"},"img":{"alt_text":"","src":"https:\/\/i0.wp.com\/www.grieta.org.mx\/wp-content\/uploads\/2018\/09\/decenas-1-1.jpg?resize=350%2C200&ssl=1","width":350,"height":200,"srcset":"https:\/\/i0.wp.com\/www.grieta.org.mx\/wp-content\/uploads\/2018\/09\/decenas-1-1.jpg?resize=350%2C200&ssl=1 1x, https:\/\/i0.wp.com\/www.grieta.org.mx\/wp-content\/uploads\/2018\/09\/decenas-1-1.jpg?resize=525%2C300&ssl=1 1.5x"},"classes":[]},{"id":13588,"url":"https:\/\/www.grieta.org.mx\/index.php\/2016\/04\/03\/mineria-toxica-de-salinas-pliego-en-baja-california-sur-2\/","url_meta":{"origin":26378,"position":3},"title":"Miner\u00eda t\u00f3xica de Salinas Pliego en Baja California Sur","author":"grieta","date":"3 abril, 2016","format":false,"excerpt":"La principal reserva de agua del sur de la pen\u00ednsula de Baja California est\u00e1 amenazada por la minera de Ricardo Salinas Pliego en Los Cardones para extraer agua. Su empresa present\u00f3 un permiso falso para operar y el municipio de La Paz, le neg\u00f3 el permiso porque pone en riesgo\u2026","rel":"","context":"En &quot;CINTILLO&quot;","block_context":{"text":"CINTILLO","link":"https:\/\/www.grieta.org.mx\/index.php\/category\/cintillo\/"},"img":{"alt_text":"","src":"https:\/\/i0.wp.com\/www.grieta.org.mx\/wp-content\/uploads\/2018\/03\/14524434_1106112876131411_958039263622046936_o.jpg?resize=350%2C200&ssl=1","width":350,"height":200,"srcset":"https:\/\/i0.wp.com\/www.grieta.org.mx\/wp-content\/uploads\/2018\/03\/14524434_1106112876131411_958039263622046936_o.jpg?resize=350%2C200&ssl=1 1x, https:\/\/i0.wp.com\/www.grieta.org.mx\/wp-content\/uploads\/2018\/03\/14524434_1106112876131411_958039263622046936_o.jpg?resize=525%2C300&ssl=1 1.5x, https:\/\/i0.wp.com\/www.grieta.org.mx\/wp-content\/uploads\/2018\/03\/14524434_1106112876131411_958039263622046936_o.jpg?resize=700%2C400&ssl=1 2x"},"classes":[]},{"id":25839,"url":"https:\/\/www.grieta.org.mx\/index.php\/2018\/08\/22\/la-mineria-sigue-a-ruben-munoz-los-cardones-ha-vuelto-y-quiere-autorizacion-en-la-paz-baja-california-sur\/","url_meta":{"origin":26378,"position":4},"title":"La miner\u00eda sigue a Rub\u00e9n Mu\u00f1oz; Los Cardones ha vuelto, y quiere autorizaci\u00f3n en La Paz (Baja California Sur)","author":"grieta","date":"22 agosto, 2018","format":false,"excerpt":"Cascada Ca\u00f1\u00f3n de La Zorra (Foto: Got travel) Redacci\u00f3n La empresa responsable del proyecto minero Los Cardones, pretende hacer uso de suelo de 18 predios en una zona de la Sierra La Laguna; para ello, buscar\u00e1 la autorizaci\u00f3n del Ayuntamiento de La Paz La Paz, Baja California Sur (BCS). A\u2026","rel":"","context":"En &quot;Baja California Sur&quot;","block_context":{"text":"Baja California Sur","link":"https:\/\/www.grieta.org.mx\/index.php\/category\/noticias-nacionales\/baja-california-sur\/"},"img":{"alt_text":"","src":"https:\/\/i0.wp.com\/www.grieta.org.mx\/wp-content\/uploads\/2018\/08\/Cascada-de-la-zorra-990x660.jpg?resize=350%2C200&ssl=1","width":350,"height":200,"srcset":"https:\/\/i0.wp.com\/www.grieta.org.mx\/wp-content\/uploads\/2018\/08\/Cascada-de-la-zorra-990x660.jpg?resize=350%2C200&ssl=1 1x, https:\/\/i0.wp.com\/www.grieta.org.mx\/wp-content\/uploads\/2018\/08\/Cascada-de-la-zorra-990x660.jpg?resize=525%2C300&ssl=1 1.5x, https:\/\/i0.wp.com\/www.grieta.org.mx\/wp-content\/uploads\/2018\/08\/Cascada-de-la-zorra-990x660.jpg?resize=700%2C400&ssl=1 2x"},"classes":[]},{"id":11203,"url":"https:\/\/www.grieta.org.mx\/index.php\/2016\/04\/03\/mineria-toxica-de-salinas-pliego-en-baja-california-sur\/","url_meta":{"origin":26378,"position":5},"title":"Miner\u00eda t\u00f3xica de Salinas Pliego en Baja California Sur","author":"grieta","date":"3 abril, 2016","format":false,"excerpt":"Administrador Regeneraci\u00f3n La Paz, BCS - La principal reserva de agua del sur de la pen\u00ednsula de Baja California est\u00e1 amenazada por la minera de Ricardo Salinas Pliego en Los Cardones para extraer agua. Su empresa present\u00f3 un permiso falso para operar y el municipio de La Paz, le neg\u00f3\u2026","rel":"","context":"En &quot;CINTILLO&quot;","block_context":{"text":"CINTILLO","link":"https:\/\/www.grieta.org.mx\/index.php\/category\/cintillo\/"},"img":{"alt_text":"","src":"https:\/\/i0.wp.com\/www.grieta.org.mx\/wp-content\/uploads\/2018\/03\/14524434_1106112876131411_958039263622046936_o.jpg?resize=350%2C200&ssl=1","width":350,"height":200,"srcset":"https:\/\/i0.wp.com\/www.grieta.org.mx\/wp-content\/uploads\/2018\/03\/14524434_1106112876131411_958039263622046936_o.jpg?resize=350%2C200&ssl=1 1x, https:\/\/i0.wp.com\/www.grieta.org.mx\/wp-content\/uploads\/2018\/03\/14524434_1106112876131411_958039263622046936_o.jpg?resize=525%2C300&ssl=1 1.5x, https:\/\/i0.wp.com\/www.grieta.org.mx\/wp-content\/uploads\/2018\/03\/14524434_1106112876131411_958039263622046936_o.jpg?resize=700%2C400&ssl=1 2x"},"classes":[]}],"_links":{"self":[{"href":"https:\/\/www.grieta.org.mx\/index.php\/wp-json\/wp\/v2\/posts\/26378","targetHints":{"allow":["GET"]}}],"collection":[{"href":"https:\/\/www.grieta.org.mx\/index.php\/wp-json\/wp\/v2\/posts"}],"about":[{"href":"https:\/\/www.grieta.org.mx\/index.php\/wp-json\/wp\/v2\/types\/post"}],"author":[{"embeddable":true,"href":"https:\/\/www.grieta.org.mx\/index.php\/wp-json\/wp\/v2\/users\/2"}],"replies":[{"embeddable":true,"href":"https:\/\/www.grieta.org.mx\/index.php\/wp-json\/wp\/v2\/comments?post=26378"}],"version-history":[{"count":1,"href":"https:\/\/www.grieta.org.mx\/index.php\/wp-json\/wp\/v2\/posts\/26378\/revisions"}],"predecessor-version":[{"id":26384,"href":"https:\/\/www.grieta.org.mx\/index.php\/wp-json\/wp\/v2\/posts\/26378\/revisions\/26384"}],"wp:featuredmedia":[{"embeddable":true,"href":"https:\/\/www.grieta.org.mx\/index.php\/wp-json\/wp\/v2\/media\/26379"}],"wp:attachment":[{"href":"https:\/\/www.grieta.org.mx\/index.php\/wp-json\/wp\/v2\/media?parent=26378"}],"wp:term":[{"taxonomy":"category","embeddable":true,"href":"https:\/\/www.grieta.org.mx\/index.php\/wp-json\/wp\/v2\/categories?post=26378"},{"taxonomy":"post_tag","embeddable":true,"href":"https:\/\/www.grieta.org.mx\/index.php\/wp-json\/wp\/v2\/tags?post=26378"}],"curies":[{"name":"wp","href":"https:\/\/api.w.org\/{rel}","templated":true}]}}