{"id":26373,"date":"2018-09-10T20:54:40","date_gmt":"2018-09-11T01:54:40","guid":{"rendered":"http:\/\/www.grieta.org.mx\/?p=26373"},"modified":"2019-02-18T21:42:41","modified_gmt":"2019-02-19T03:42:41","slug":"escuelas-de-bc-sin-maestros-y-sin-agua","status":"publish","type":"post","link":"https:\/\/www.grieta.org.mx\/index.php\/2018\/09\/10\/escuelas-de-bc-sin-maestros-y-sin-agua\/","title":{"rendered":"Escuelas de BC sin maestros\u2026 y sin agua"},"content":{"rendered":"<p>Zeta Tijuana.<\/p>\n<p>Julieta Arag\u00f3n,<\/p>\n<p><img decoding=\"async\" data-attachment-id=\"26374\" data-permalink=\"https:\/\/www.grieta.org.mx\/index.php\/2018\/09\/10\/escuelas-de-bc-sin-maestros-y-sin-agua\/escuelasinmaestros4b\/\" data-orig-file=\"https:\/\/www.grieta.org.mx\/wp-content\/uploads\/2018\/09\/escuelasinmaestros4b.jpg\" data-orig-size=\"620,349\" data-comments-opened=\"0\" data-image-meta=\"{&quot;aperture&quot;:&quot;0&quot;,&quot;credit&quot;:&quot;&quot;,&quot;camera&quot;:&quot;&quot;,&quot;caption&quot;:&quot;&quot;,&quot;created_timestamp&quot;:&quot;0&quot;,&quot;copyright&quot;:&quot;&quot;,&quot;focal_length&quot;:&quot;0&quot;,&quot;iso&quot;:&quot;0&quot;,&quot;shutter_speed&quot;:&quot;0&quot;,&quot;title&quot;:&quot;&quot;,&quot;orientation&quot;:&quot;0&quot;}\" data-image-title=\"escuelasinmaestros4b\" data-image-description=\"\" data-image-caption=\"\" data-medium-file=\"https:\/\/www.grieta.org.mx\/wp-content\/uploads\/2018\/09\/escuelasinmaestros4b-300x169.jpg\" data-large-file=\"https:\/\/www.grieta.org.mx\/wp-content\/uploads\/2018\/09\/escuelasinmaestros4b.jpg\" src=\"http:\/\/www.grieta.org.mx\/wp-content\/uploads\/2018\/09\/escuelasinmaestros4b-300x169.jpg\" alt=\"\" width=\"100%\" class=\"aligncenter size-medium wp-image-26374\" srcset=\"https:\/\/www.grieta.org.mx\/wp-content\/uploads\/2018\/09\/escuelasinmaestros4b-300x169.jpg 300w, https:\/\/www.grieta.org.mx\/wp-content\/uploads\/2018\/09\/escuelasinmaestros4b.jpg 620w\" sizes=\"(max-width: 300px) 100vw, 300px\" \/><br \/>\nFoto: Cortes\u00eda.- Padres de familia protestan por d\u00e9ficit de maestros<\/p>\n<p>Luego de que padres de familia se manifestaron contra la falta de profesores que afectaba a cerca de 650 menores de las primarias \u201cNi\u00f1os H\u00e9roes\u201d, \u201cEmiliano Zapata\u201d y \u201cTierra y Libertad\u201d, ubicadas al Este de Tijuana, el Sistema Educativo Estatal (SEE) asign\u00f3 a los profesores de los 18 grupos que no hab\u00edan podido iniciar el Ciclo Escolar 2018-2019 por falta de maestros.<\/p>\n<p>Con diez d\u00edas de retraso, los alumnos de cuatro grupos de la escuela \u201cNi\u00f1os H\u00e9roes\u201d (dos de sexto, uno de tercero y uno de cuarto) comenzaron clases, confirm\u00f3 Gerardo L\u00f3pez, padre de un menor afectado, quien consider\u00f3 que la protesta hecha el 31 de agosto afuera del SEE presion\u00f3 a las autoridades para que escucharan su reclamo.<\/p>\n<p>No obstante, al 3 de septiembre a\u00fan hab\u00eda 660 grupos de educaci\u00f3n b\u00e1sica sin docente en el Estado, seg\u00fan lo expuso el secretario de Educaci\u00f3n y Bienestar Social, Miguel \u00c1ngel Mendoza Gonz\u00e1lez.<\/p>\n<p>De esa cantidad, 240 corresponden a Tijuana, en los niveles de educaci\u00f3n especial, preescolar, primaria y secundaria, inform\u00f3 la delegada del SEE en esta ciudad fronteriza, Andrea Ruiz Gal\u00e1n.<\/p>\n<p>Respecto a cu\u00e1ndo quedar\u00e1n asignados los maestros faltantes, la funcionaria no estableci\u00f3 una fecha, al manifestar que \u201cel Servicio Profesional Docente est\u00e1 terminando esta semana de asignar el nivel secundaria y preescolar, y ya en cualquier d\u00eda esperamos concluir. Ma\u00f1ana o pasado\u201d, expuso el lunes 3 de septiembre.<\/p>\n<p><img decoding=\"async\" data-attachment-id=\"26375\" data-permalink=\"https:\/\/www.grieta.org.mx\/index.php\/2018\/09\/10\/escuelas-de-bc-sin-maestros-y-sin-agua\/seceduc1-600x338\/\" data-orig-file=\"https:\/\/www.grieta.org.mx\/wp-content\/uploads\/2018\/09\/seceduc1-600x338.jpg\" data-orig-size=\"600,338\" data-comments-opened=\"0\" data-image-meta=\"{&quot;aperture&quot;:&quot;0&quot;,&quot;credit&quot;:&quot;&quot;,&quot;camera&quot;:&quot;&quot;,&quot;caption&quot;:&quot;&quot;,&quot;created_timestamp&quot;:&quot;0&quot;,&quot;copyright&quot;:&quot;&quot;,&quot;focal_length&quot;:&quot;0&quot;,&quot;iso&quot;:&quot;0&quot;,&quot;shutter_speed&quot;:&quot;0&quot;,&quot;title&quot;:&quot;&quot;,&quot;orientation&quot;:&quot;0&quot;}\" data-image-title=\"seceduc1-600&amp;#215;338\" data-image-description=\"\" data-image-caption=\"\" data-medium-file=\"https:\/\/www.grieta.org.mx\/wp-content\/uploads\/2018\/09\/seceduc1-600x338-300x169.jpg\" data-large-file=\"https:\/\/www.grieta.org.mx\/wp-content\/uploads\/2018\/09\/seceduc1-600x338.jpg\" src=\"http:\/\/www.grieta.org.mx\/wp-content\/uploads\/2018\/09\/seceduc1-600x338-300x169.jpg\" alt=\"\" width=\"100%\" class=\"aligncenter size-medium wp-image-26375\" srcset=\"https:\/\/www.grieta.org.mx\/wp-content\/uploads\/2018\/09\/seceduc1-600x338-300x169.jpg 300w, https:\/\/www.grieta.org.mx\/wp-content\/uploads\/2018\/09\/seceduc1-600x338.jpg 600w\" sizes=\"(max-width: 300px) 100vw, 300px\" \/><br \/>\nFoto: Julieta Arag\u00f3n.- Andrea Ruiz Gal\u00e1n<\/p>\n<p>De cumplirse ese lapso, estar\u00eda dentro del plazo l\u00edmite que consider\u00f3 Mendoza Gonz\u00e1lez, cuando el pasado 20 de agosto se le cuestion\u00f3 sobre el tema.<\/p>\n<p>Respecto al por qu\u00e9 los docentes no fueron asignados durante las vacaciones, Ruiz Gal\u00e1n coment\u00f3 que el SEE depende de la conclusi\u00f3n de proceso de asignaci\u00f3n de docentes por parte del Servicio Profesional Docente federal.<\/p>\n<p>No obstante, reconoci\u00f3 que es posible hacer el procedimiento m\u00e1s eficiente y \u00e1gil. A decir de la funcionaria, cada a\u00f1o \u00e9ste se ha mejorado en comparaci\u00f3n de cuando inici\u00f3.<\/p>\n<p>Los profesores que se est\u00e1n asignando, tendr\u00e1n plaza temporal, muchos de los cuales son id\u00f3neos, aunque hay maestros que no han sido evaluados, pero cuentan con el perfil requerido, asegur\u00f3.<\/p>\n<p>Para Angelina Luna, madre de uno de los 260 menores que no han iniciado cursos en la Escuela Secundaria General n\u00famero 32, en Valle de las Palmas, un solo d\u00eda sin clases es inaceptable.<\/p>\n<p>Refiri\u00f3 que, aunque la problem\u00e1tica se hab\u00eda presentado en a\u00f1os anteriores, \u201cnunca hab\u00edan pasado tanto tiempo, tres semanas, sin que mandaran a los profesores\u201d.<\/p>\n<p>Por ello, una docena de padres de familia se traslad\u00f3 el mi\u00e9rcoles de septiembre al SEE, con la pretensi\u00f3n de ser escuchados, y ante la promesa de esperar m\u00e1s tiempo, decidieron tomar las instalaciones de la secundaria, ayer jueves 6 de septiembre.<\/p>\n<p>A decir de la entrevistada, la falta de profesores se sum\u00f3 a las ya de por s\u00ed condiciones precarias en las que se encuentra la escuela, siendo la m\u00e1s grave la falta de agua potable, cuyo suministro se provee mediante pipas, por la empresa GEO.<\/p>\n<p>Refiri\u00f3 que el Consejo Escolar gestion\u00f3 el apoyo para bebederos, el cual est\u00e1 en riesgo de perderse debido a que se desconoce si la constructora ejecut\u00f3 las obras hidr\u00e1ulicas con las que la Cespt pueda proporcionarles el l\u00edquido, por lo que urgi\u00f3 a Mendoza Gonz\u00e1lez atender las necesidades de esta escuela.<\/p>\n<p><a href=\"http:\/\/zetatijuana.com\/2018\/09\/escuelas-de-bc-sin-maestros-y-sin-agua\/\" rel=\"noopener\" target=\"_blank\">http:\/\/zetatijuana.com\/2018\/09\/escuelas-de-bc-sin-maestros-y-sin-agua\/<\/a><\/p>\n","protected":false},"excerpt":{"rendered":"<p>Zeta Tijuana. Julieta Arag\u00f3n, Foto: Cortes\u00eda.- Padres de familia protestan por d\u00e9ficit de maestros Luego de que padres de familia se manifestaron contra la falta de profesores que afectaba a &hellip; <a href=\"https:\/\/www.grieta.org.mx\/index.php\/2018\/09\/10\/escuelas-de-bc-sin-maestros-y-sin-agua\/\" class=\"more-link\">Leer m\u00e1s<\/a><\/p>\n","protected":false},"author":2,"featured_media":26374,"comment_status":"closed","ping_status":"closed","sticky":false,"template":"","format":"standard","meta":{"ngg_post_thumbnail":0,"_jetpack_newsletter_access":"","_jetpack_dont_email_post_to_subs":false,"_jetpack_newsletter_tier_id":0,"_jetpack_memberships_contains_paywalled_content":false,"_jetpack_memberships_contains_paid_content":false,"footnotes":""},"categories":[5,80,1524,2,1127],"tags":[1713],"class_list":["post-26373","post","type-post","status-publish","format-standard","has-post-thumbnail","hentry","category-baja-california","category-cintillo","category-crisis-de-la-educacion-publica-en-baja-california","category-noticias-nacionales","category-violencia-e-inseguridad-en-baja-california","tag-escuelas-primarias-sin-maestros","entry"],"jetpack_featured_media_url":"https:\/\/www.grieta.org.mx\/wp-content\/uploads\/2018\/09\/escuelasinmaestros4b.jpg","jetpack_sharing_enabled":true,"jetpack_shortlink":"https:\/\/wp.me\/p7ZJR4-6Rn","jetpack_likes_enabled":false,"jetpack-related-posts":[{"id":367,"url":"https:\/\/www.grieta.org.mx\/index.php\/2016\/08\/16\/padres-de-familia-se-unen-al-reclamo-de-maestros-en-baja-california\/","url_meta":{"origin":26373,"position":0},"title":"Movilizaciones contra la reforma educativa en Baja California","author":"grieta","date":"16 agosto, 2016","format":false,"excerpt":"16\/08\/16. CNTE levanta plant\u00f3n en BC; regresar\u00e1n a clases y preparan foros UniMexicali 10\/07\/16. Anuncian \"?profes\"? movilizaci\u00f3n (Baja California) El Vig\u00eda 07\/07\/16. Maestros bloquearon 25 minutos garita comercial El Sol de Tijuana 27\/06\/16. Paralizan la Zona R\u00edo m\u00e1s de mil profes en protesta (BC) El Sol de Tijuana 20\/06\/16. Se\u2026","rel":"","context":"En &quot;Baja California&quot;","block_context":{"text":"Baja California","link":"https:\/\/www.grieta.org.mx\/index.php\/category\/noticias-nacionales\/baja-california\/"},"img":{"alt_text":"","src":"https:\/\/i0.wp.com\/www.grieta.org.mx\/wp-content\/uploads\/2018\/03\/14524434_1106112876131411_958039263622046936_o.jpg?resize=350%2C200&ssl=1","width":350,"height":200,"srcset":"https:\/\/i0.wp.com\/www.grieta.org.mx\/wp-content\/uploads\/2018\/03\/14524434_1106112876131411_958039263622046936_o.jpg?resize=350%2C200&ssl=1 1x, https:\/\/i0.wp.com\/www.grieta.org.mx\/wp-content\/uploads\/2018\/03\/14524434_1106112876131411_958039263622046936_o.jpg?resize=525%2C300&ssl=1 1.5x, https:\/\/i0.wp.com\/www.grieta.org.mx\/wp-content\/uploads\/2018\/03\/14524434_1106112876131411_958039263622046936_o.jpg?resize=700%2C400&ssl=1 2x"},"classes":[]},{"id":26752,"url":"https:\/\/www.grieta.org.mx\/index.php\/2018\/09\/24\/exigen-maestros-y-plantel-digno-se-manifiestan-padres-de-familia-de-telesecundaria-117-baja-california\/","url_meta":{"origin":26373,"position":1},"title":"Exigen maestros y plantel digno, se manifiestan padres de familia de Telesecundaria 117 (Baja California)","author":"grieta","date":"24 septiembre, 2018","format":false,"excerpt":"Zeta Tijuana. Isabel Mercado, Por falta de maestros y de un lugar digno en donde estudien sus hijos, durante cinco horas se manifestaron este lunes 24 de septiembre en bulevar 2000 padres de familia de la Telesecundaria 117, ubicada en la colonia Valle Imperial, al Este de Tijuana. Portando pancartas\u2026","rel":"","context":"En &quot;Baja California&quot;","block_context":{"text":"Baja California","link":"https:\/\/www.grieta.org.mx\/index.php\/category\/noticias-nacionales\/baja-california\/"},"img":{"alt_text":"","src":"https:\/\/i0.wp.com\/www.grieta.org.mx\/wp-content\/uploads\/2018\/09\/WhatsApp-Image-2018-09-24-at-13.12.25-1-750x500.jpeg?resize=350%2C200&ssl=1","width":350,"height":200,"srcset":"https:\/\/i0.wp.com\/www.grieta.org.mx\/wp-content\/uploads\/2018\/09\/WhatsApp-Image-2018-09-24-at-13.12.25-1-750x500.jpeg?resize=350%2C200&ssl=1 1x, https:\/\/i0.wp.com\/www.grieta.org.mx\/wp-content\/uploads\/2018\/09\/WhatsApp-Image-2018-09-24-at-13.12.25-1-750x500.jpeg?resize=525%2C300&ssl=1 1.5x, https:\/\/i0.wp.com\/www.grieta.org.mx\/wp-content\/uploads\/2018\/09\/WhatsApp-Image-2018-09-24-at-13.12.25-1-750x500.jpeg?resize=700%2C400&ssl=1 2x"},"classes":[]},{"id":327,"url":"https:\/\/www.grieta.org.mx\/index.php\/2016\/02\/15\/irrumpen-frente-a-instalaciones-educativas-para-reclamar-pago\/","url_meta":{"origin":26373,"position":2},"title":"Irrumpen frente a instalaciones educativas para reclamar pago","author":"grieta","date":"15 febrero, 2016","format":false,"excerpt":"Febrero 15, 2016 Redacci\u00f3n La Jornada Baja California, Tijuana Cerca de 300 padres de familia y maestros interinos de la secci\u00f3n 37 del SNTE se manifiestan frente a las instalaciones del Sistema Educativo Estatal para exigir el pago de sueldos atrasados desde el inicio escolar. La manifestaci\u00f3n inici\u00f3 de las\u2026","rel":"","context":"En &quot;CINTILLO&quot;","block_context":{"text":"CINTILLO","link":"https:\/\/www.grieta.org.mx\/index.php\/category\/cintillo\/"},"img":{"alt_text":"","src":"https:\/\/i0.wp.com\/www.grieta.org.mx\/wp-content\/uploads\/2018\/03\/14524434_1106112876131411_958039263622046936_o.jpg?resize=350%2C200&ssl=1","width":350,"height":200,"srcset":"https:\/\/i0.wp.com\/www.grieta.org.mx\/wp-content\/uploads\/2018\/03\/14524434_1106112876131411_958039263622046936_o.jpg?resize=350%2C200&ssl=1 1x, https:\/\/i0.wp.com\/www.grieta.org.mx\/wp-content\/uploads\/2018\/03\/14524434_1106112876131411_958039263622046936_o.jpg?resize=525%2C300&ssl=1 1.5x, https:\/\/i0.wp.com\/www.grieta.org.mx\/wp-content\/uploads\/2018\/03\/14524434_1106112876131411_958039263622046936_o.jpg?resize=700%2C400&ssl=1 2x"},"classes":[]},{"id":27480,"url":"https:\/\/www.grieta.org.mx\/index.php\/2018\/11\/04\/continua-paro-laboral-de-maestros-este-lunes-5-de-noviembre-baja-california\/","url_meta":{"origin":26373,"position":3},"title":"Contin\u00faa paro laboral de maestros este lunes 5 de noviembre (Baja California)","author":"grieta","date":"4 noviembre, 2018","format":false,"excerpt":"La lideresa llam\u00f3 a los integrantes de su gremio a estar presentes en los edificios de gobierno de los cinco municipios de Baja California. Foto Luis Arellano Sarmiento Por Luis Arellano Sarmiento Mexicali, 4 de noviembre.- Este lunes 5 de noviembre continuar\u00e1 el paro laboral de los profesores del Sindicato\u2026","rel":"","context":"En &quot;Baja California&quot;","block_context":{"text":"Baja California","link":"https:\/\/www.grieta.org.mx\/index.php\/category\/noticias-nacionales\/baja-california\/"},"img":{"alt_text":"","src":"https:\/\/i0.wp.com\/www.grieta.org.mx\/wp-content\/uploads\/2018\/11\/captura_de_pantalla_2018-11-04_a_las_12.46.38.png?resize=350%2C200&ssl=1","width":350,"height":200,"srcset":"https:\/\/i0.wp.com\/www.grieta.org.mx\/wp-content\/uploads\/2018\/11\/captura_de_pantalla_2018-11-04_a_las_12.46.38.png?resize=350%2C200&ssl=1 1x, https:\/\/i0.wp.com\/www.grieta.org.mx\/wp-content\/uploads\/2018\/11\/captura_de_pantalla_2018-11-04_a_las_12.46.38.png?resize=525%2C300&ssl=1 1.5x"},"classes":[]},{"id":6609,"url":"https:\/\/www.grieta.org.mx\/index.php\/2016\/03\/07\/ni-dorados-ni-privilegiados-maestros-malpagados\/","url_meta":{"origin":26373,"position":4},"title":"Ni dorados ni privilegiados, maestros malpagados","author":"grieta","date":"7 marzo, 2016","format":false,"excerpt":"Gabriela Mart\u00ednez, Jorge Heras, Hamlet Alc\u00e1ntara y Antonio Heras. Tijuana, B.C. El Sindicato Nacional de Trabajadores de la Educaci\u00f3n (SNTE) tard\u00f3 tres semanas desde que padres de familia comenzaron a tomar escuelas de nivel b\u00e1sico en la zona 24, situadas en el Este de Tijuana, para levantar la voz y\u2026","rel":"","context":"En &quot;CINTILLO&quot;","block_context":{"text":"CINTILLO","link":"https:\/\/www.grieta.org.mx\/index.php\/category\/cintillo\/"},"img":{"alt_text":"","src":"https:\/\/i0.wp.com\/www.grieta.org.mx\/wp-content\/uploads\/2018\/03\/14524434_1106112876131411_958039263622046936_o.jpg?resize=350%2C200&ssl=1","width":350,"height":200,"srcset":"https:\/\/i0.wp.com\/www.grieta.org.mx\/wp-content\/uploads\/2018\/03\/14524434_1106112876131411_958039263622046936_o.jpg?resize=350%2C200&ssl=1 1x, https:\/\/i0.wp.com\/www.grieta.org.mx\/wp-content\/uploads\/2018\/03\/14524434_1106112876131411_958039263622046936_o.jpg?resize=525%2C300&ssl=1 1.5x, https:\/\/i0.wp.com\/www.grieta.org.mx\/wp-content\/uploads\/2018\/03\/14524434_1106112876131411_958039263622046936_o.jpg?resize=700%2C400&ssl=1 2x"},"classes":[]},{"id":333,"url":"https:\/\/www.grieta.org.mx\/index.php\/2016\/02\/22\/bloquean-carretera-por-incumplimiento-de-pago-a-maestros-interinos\/","url_meta":{"origin":26373,"position":5},"title":"Bloquean carretera por incumplimiento de pago a maestros interinos","author":"grieta","date":"22 febrero, 2016","format":false,"excerpt":"Febrero 22, 2016 Antonio Heras, Tijuana Por la ausencia de maestros frente a grupo provocado por el incumplimiento del pago salarial del Sistema Educativo Estatal, padres de familia de una escuela primaria bloquearon los carriles de la carretera Tecate-Tijuana, a la altura del fraccionamiento El Refugio. Los manifestantes exigieron a\u2026","rel":"","context":"En &quot;CINTILLO&quot;","block_context":{"text":"CINTILLO","link":"https:\/\/www.grieta.org.mx\/index.php\/category\/cintillo\/"},"img":{"alt_text":"","src":"https:\/\/i0.wp.com\/www.grieta.org.mx\/wp-content\/uploads\/2018\/03\/14524434_1106112876131411_958039263622046936_o.jpg?resize=350%2C200&ssl=1","width":350,"height":200,"srcset":"https:\/\/i0.wp.com\/www.grieta.org.mx\/wp-content\/uploads\/2018\/03\/14524434_1106112876131411_958039263622046936_o.jpg?resize=350%2C200&ssl=1 1x, https:\/\/i0.wp.com\/www.grieta.org.mx\/wp-content\/uploads\/2018\/03\/14524434_1106112876131411_958039263622046936_o.jpg?resize=525%2C300&ssl=1 1.5x, https:\/\/i0.wp.com\/www.grieta.org.mx\/wp-content\/uploads\/2018\/03\/14524434_1106112876131411_958039263622046936_o.jpg?resize=700%2C400&ssl=1 2x"},"classes":[]}],"_links":{"self":[{"href":"https:\/\/www.grieta.org.mx\/index.php\/wp-json\/wp\/v2\/posts\/26373","targetHints":{"allow":["GET"]}}],"collection":[{"href":"https:\/\/www.grieta.org.mx\/index.php\/wp-json\/wp\/v2\/posts"}],"about":[{"href":"https:\/\/www.grieta.org.mx\/index.php\/wp-json\/wp\/v2\/types\/post"}],"author":[{"embeddable":true,"href":"https:\/\/www.grieta.org.mx\/index.php\/wp-json\/wp\/v2\/users\/2"}],"replies":[{"embeddable":true,"href":"https:\/\/www.grieta.org.mx\/index.php\/wp-json\/wp\/v2\/comments?post=26373"}],"version-history":[{"count":1,"href":"https:\/\/www.grieta.org.mx\/index.php\/wp-json\/wp\/v2\/posts\/26373\/revisions"}],"predecessor-version":[{"id":29189,"href":"https:\/\/www.grieta.org.mx\/index.php\/wp-json\/wp\/v2\/posts\/26373\/revisions\/29189"}],"wp:featuredmedia":[{"embeddable":true,"href":"https:\/\/www.grieta.org.mx\/index.php\/wp-json\/wp\/v2\/media\/26374"}],"wp:attachment":[{"href":"https:\/\/www.grieta.org.mx\/index.php\/wp-json\/wp\/v2\/media?parent=26373"}],"wp:term":[{"taxonomy":"category","embeddable":true,"href":"https:\/\/www.grieta.org.mx\/index.php\/wp-json\/wp\/v2\/categories?post=26373"},{"taxonomy":"post_tag","embeddable":true,"href":"https:\/\/www.grieta.org.mx\/index.php\/wp-json\/wp\/v2\/tags?post=26373"}],"curies":[{"name":"wp","href":"https:\/\/api.w.org\/{rel}","templated":true}]}}