{"id":26368,"date":"2018-09-10T20:44:25","date_gmt":"2018-09-11T01:44:25","guid":{"rendered":"http:\/\/www.grieta.org.mx\/?p=26368"},"modified":"2019-02-18T21:45:16","modified_gmt":"2019-02-19T03:45:16","slug":"padres-de-familia-toman-secundaria-diurna-2-en-ensenada","status":"publish","type":"post","link":"https:\/\/www.grieta.org.mx\/index.php\/2018\/09\/10\/padres-de-familia-toman-secundaria-diurna-2-en-ensenada\/","title":{"rendered":"Padres de familia \u201ctoman\u201d secundaria Diurna 2 en Ensenada"},"content":{"rendered":"<p>Zeta Tijuana.<\/p>\n<p>Lorena Lamas,<\/p>\n<p><img decoding=\"async\" data-attachment-id=\"26369\" data-permalink=\"https:\/\/www.grieta.org.mx\/index.php\/2018\/09\/10\/padres-de-familia-toman-secundaria-diurna-2-en-ensenada\/whatsapp-image-2018-09-10-at-07-54-50-750x500\/\" data-orig-file=\"https:\/\/www.grieta.org.mx\/wp-content\/uploads\/2018\/09\/WhatsApp-Image-2018-09-10-at-07.54.50-750x500.jpeg\" data-orig-size=\"750,500\" data-comments-opened=\"0\" data-image-meta=\"{&quot;aperture&quot;:&quot;0&quot;,&quot;credit&quot;:&quot;&quot;,&quot;camera&quot;:&quot;&quot;,&quot;caption&quot;:&quot;&quot;,&quot;created_timestamp&quot;:&quot;0&quot;,&quot;copyright&quot;:&quot;&quot;,&quot;focal_length&quot;:&quot;0&quot;,&quot;iso&quot;:&quot;0&quot;,&quot;shutter_speed&quot;:&quot;0&quot;,&quot;title&quot;:&quot;&quot;,&quot;orientation&quot;:&quot;0&quot;}\" data-image-title=\"WhatsApp-Image-2018-09-10-at-07.54.50-750&amp;#215;500\" data-image-description=\"\" data-image-caption=\"\" data-medium-file=\"https:\/\/www.grieta.org.mx\/wp-content\/uploads\/2018\/09\/WhatsApp-Image-2018-09-10-at-07.54.50-750x500-300x200.jpeg\" data-large-file=\"https:\/\/www.grieta.org.mx\/wp-content\/uploads\/2018\/09\/WhatsApp-Image-2018-09-10-at-07.54.50-750x500.jpeg\" class=\"aligncenter size-medium wp-image-26369\" src=\"http:\/\/www.grieta.org.mx\/wp-content\/uploads\/2018\/09\/WhatsApp-Image-2018-09-10-at-07.54.50-750x500-300x200.jpeg\" alt=\"\" width=\"100%\" srcset=\"https:\/\/www.grieta.org.mx\/wp-content\/uploads\/2018\/09\/WhatsApp-Image-2018-09-10-at-07.54.50-750x500-300x200.jpeg 300w, https:\/\/www.grieta.org.mx\/wp-content\/uploads\/2018\/09\/WhatsApp-Image-2018-09-10-at-07.54.50-750x500.jpeg 750w\" sizes=\"(max-width: 300px) 100vw, 300px\" \/><br \/>\nFotos: Lorena Lamas\/ Los alumnos solo tienen tres horas de clases diarias<\/p>\n<p>La escuela secundaria Diurna 2 Matutina en Ensenada fue tomada este lunes 10 de septiembre por los padres de familia, debido a que desde que inici\u00f3 el presente ciclo escolar solo han tenido jornadas escolares de tres horas.<\/p>\n<p>Este lunes a las 7:00 de la ma\u00f1ana los indignados padres se apostaron en la entrada del plantel, y colocaron mensajes de protesta porque a 25 profesores interinos no se les ha pagado.<\/p>\n<p>Explicaron que en el ciclo 2017-2018 solo se les abonaron tres cheques a los interinos, por lo que \u00e9stos decidieron no regresar a trabajar.<\/p>\n<p><img decoding=\"async\" data-attachment-id=\"26370\" data-permalink=\"https:\/\/www.grieta.org.mx\/index.php\/2018\/09\/10\/padres-de-familia-toman-secundaria-diurna-2-en-ensenada\/whatsapp-image-2018-09-10-at-07-53-00-600x450\/\" data-orig-file=\"https:\/\/www.grieta.org.mx\/wp-content\/uploads\/2018\/09\/WhatsApp-Image-2018-09-10-at-07.53.00-600x450.jpeg\" data-orig-size=\"600,450\" data-comments-opened=\"0\" data-image-meta=\"{&quot;aperture&quot;:&quot;0&quot;,&quot;credit&quot;:&quot;&quot;,&quot;camera&quot;:&quot;&quot;,&quot;caption&quot;:&quot;&quot;,&quot;created_timestamp&quot;:&quot;0&quot;,&quot;copyright&quot;:&quot;&quot;,&quot;focal_length&quot;:&quot;0&quot;,&quot;iso&quot;:&quot;0&quot;,&quot;shutter_speed&quot;:&quot;0&quot;,&quot;title&quot;:&quot;&quot;,&quot;orientation&quot;:&quot;0&quot;}\" data-image-title=\"WhatsApp-Image-2018-09-10-at-07.53.00-600&amp;#215;450\" data-image-description=\"\" data-image-caption=\"\" data-medium-file=\"https:\/\/www.grieta.org.mx\/wp-content\/uploads\/2018\/09\/WhatsApp-Image-2018-09-10-at-07.53.00-600x450-300x225.jpeg\" data-large-file=\"https:\/\/www.grieta.org.mx\/wp-content\/uploads\/2018\/09\/WhatsApp-Image-2018-09-10-at-07.53.00-600x450.jpeg\" class=\"aligncenter size-medium wp-image-26370\" src=\"http:\/\/www.grieta.org.mx\/wp-content\/uploads\/2018\/09\/WhatsApp-Image-2018-09-10-at-07.53.00-600x450-300x225.jpeg\" alt=\"\" width=\"100%\" srcset=\"https:\/\/www.grieta.org.mx\/wp-content\/uploads\/2018\/09\/WhatsApp-Image-2018-09-10-at-07.53.00-600x450-300x225.jpeg 300w, https:\/\/www.grieta.org.mx\/wp-content\/uploads\/2018\/09\/WhatsApp-Image-2018-09-10-at-07.53.00-600x450.jpeg 600w\" sizes=\"(max-width: 300px) 100vw, 300px\" \/><br \/>\nDicen los padres de familiares que no dejaran las instalaciones hasta que las clases se normalicen<\/p>\n<p>\u201cLos profesores ocupan dinero, tienen que comer y mantener a la familia\u201d, mencion\u00f3 una madre.<\/p>\n<p>Mientras no hay clase, los alumnos pasan encerrados en los salones lo que ha generado altercados entre los compa\u00f1eros.<\/p>\n<p>El Sistema Educativo Estatal inform\u00f3 a los manifestantes que el problema fue las claves de pago se enviaron a escuelas en Tijuana y que por eso no han depositado las n\u00f3minas.<\/p>\n<p>A las 7:40 horas se form\u00f3 una comisi\u00f3n integrada por la directiva de la secundaria, Sistema Educativo Estatal (SEE) y padres, \u00e9stos \u00faltimos advirtieron que no se quitar\u00e1n de la puerta hasta que les garanticen que los alumnos tendr\u00e1n la jornada completa de clases.<\/p>\n<p><a href=\"http:\/\/zetatijuana.com\/2018\/09\/padres-de-familia-toman-secundaria-diurna-2-en-ensenada\/\" target=\"_blank\" rel=\"noopener\">http:\/\/zetatijuana.com\/2018\/09\/padres-de-familia-toman-secundaria-diurna-2-en-ensenada\/<\/a><\/p>\n","protected":false},"excerpt":{"rendered":"<p>Zeta Tijuana. Lorena Lamas, Fotos: Lorena Lamas\/ Los alumnos solo tienen tres horas de clases diarias La escuela secundaria Diurna 2 Matutina en Ensenada fue tomada este lunes 10 de &hellip; <a href=\"https:\/\/www.grieta.org.mx\/index.php\/2018\/09\/10\/padres-de-familia-toman-secundaria-diurna-2-en-ensenada\/\" class=\"more-link\">Leer m\u00e1s<\/a><\/p>\n","protected":false},"author":2,"featured_media":26369,"comment_status":"closed","ping_status":"closed","sticky":false,"template":"","format":"standard","meta":{"ngg_post_thumbnail":0,"_jetpack_newsletter_access":"","_jetpack_dont_email_post_to_subs":false,"_jetpack_newsletter_tier_id":0,"_jetpack_memberships_contains_paywalled_content":false,"_jetpack_memberships_contains_paid_content":false,"footnotes":""},"categories":[5,80,1524,2],"tags":[1711,1712],"class_list":["post-26368","post","type-post","status-publish","format-standard","has-post-thumbnail","hentry","category-baja-california","category-cintillo","category-crisis-de-la-educacion-publica-en-baja-california","category-noticias-nacionales","tag-faltan-maestros","tag-secundarias-con-horario-incompleto","entry"],"jetpack_featured_media_url":"https:\/\/www.grieta.org.mx\/wp-content\/uploads\/2018\/09\/WhatsApp-Image-2018-09-10-at-07.54.50-750x500.jpeg","jetpack_sharing_enabled":true,"jetpack_shortlink":"https:\/\/wp.me\/p7ZJR4-6Ri","jetpack_likes_enabled":false,"jetpack-related-posts":[{"id":26752,"url":"https:\/\/www.grieta.org.mx\/index.php\/2018\/09\/24\/exigen-maestros-y-plantel-digno-se-manifiestan-padres-de-familia-de-telesecundaria-117-baja-california\/","url_meta":{"origin":26368,"position":0},"title":"Exigen maestros y plantel digno, se manifiestan padres de familia de Telesecundaria 117 (Baja California)","author":"grieta","date":"24 septiembre, 2018","format":false,"excerpt":"Zeta Tijuana. Isabel Mercado, Por falta de maestros y de un lugar digno en donde estudien sus hijos, durante cinco horas se manifestaron este lunes 24 de septiembre en bulevar 2000 padres de familia de la Telesecundaria 117, ubicada en la colonia Valle Imperial, al Este de Tijuana. Portando pancartas\u2026","rel":"","context":"En &quot;Baja California&quot;","block_context":{"text":"Baja California","link":"https:\/\/www.grieta.org.mx\/index.php\/category\/noticias-nacionales\/baja-california\/"},"img":{"alt_text":"","src":"https:\/\/i0.wp.com\/www.grieta.org.mx\/wp-content\/uploads\/2018\/09\/WhatsApp-Image-2018-09-24-at-13.12.25-1-750x500.jpeg?resize=350%2C200&ssl=1","width":350,"height":200,"srcset":"https:\/\/i0.wp.com\/www.grieta.org.mx\/wp-content\/uploads\/2018\/09\/WhatsApp-Image-2018-09-24-at-13.12.25-1-750x500.jpeg?resize=350%2C200&ssl=1 1x, https:\/\/i0.wp.com\/www.grieta.org.mx\/wp-content\/uploads\/2018\/09\/WhatsApp-Image-2018-09-24-at-13.12.25-1-750x500.jpeg?resize=525%2C300&ssl=1 1.5x, https:\/\/i0.wp.com\/www.grieta.org.mx\/wp-content\/uploads\/2018\/09\/WhatsApp-Image-2018-09-24-at-13.12.25-1-750x500.jpeg?resize=700%2C400&ssl=1 2x"},"classes":[]},{"id":63797,"url":"https:\/\/www.grieta.org.mx\/index.php\/2022\/01\/25\/comunicadores-de-ensenada-se-unen-a-protesta-por-muerte-de-periodistas-alguien-queria-callar-sus-voces-baja-california\/","url_meta":{"origin":26368,"position":1},"title":"Comunicadores de Ensenada se unen a protesta por muerte de periodistas; \u201cAlguien quer\u00eda callar sus voces\u201d (Baja California)","author":"grieta","date":"25 enero, 2022","format":false,"excerpt":"Zeta Noticias \/ Lorena Lamas. Foto: Lorena Lamas. Con estos homicidios se vulnera un derecho social b\u00e1sico de cualquier sociedad democr\u00e1tica y libre que es la libertad de expresi\u00f3n El gremio de periodistas de Ensenada se sum\u00f3 a la protesta nacional para pedir justicia por los homicidios de los colegas\u2026","rel":"","context":"En &quot;Baja California&quot;","block_context":{"text":"Baja California","link":"https:\/\/www.grieta.org.mx\/index.php\/category\/noticias-nacionales\/baja-california\/"},"img":{"alt_text":"","src":"https:\/\/i0.wp.com\/www.grieta.org.mx\/wp-content\/uploads\/2022\/03\/Z13.jpeg?resize=350%2C200&ssl=1","width":350,"height":200,"srcset":"https:\/\/i0.wp.com\/www.grieta.org.mx\/wp-content\/uploads\/2022\/03\/Z13.jpeg?resize=350%2C200&ssl=1 1x, https:\/\/i0.wp.com\/www.grieta.org.mx\/wp-content\/uploads\/2022\/03\/Z13.jpeg?resize=525%2C300&ssl=1 1.5x, https:\/\/i0.wp.com\/www.grieta.org.mx\/wp-content\/uploads\/2022\/03\/Z13.jpeg?resize=700%2C400&ssl=1 2x, https:\/\/i0.wp.com\/www.grieta.org.mx\/wp-content\/uploads\/2022\/03\/Z13.jpeg?resize=1050%2C600&ssl=1 3x, https:\/\/i0.wp.com\/www.grieta.org.mx\/wp-content\/uploads\/2022\/03\/Z13.jpeg?resize=1400%2C800&ssl=1 4x"},"classes":[]},{"id":27848,"url":"https:\/\/www.grieta.org.mx\/index.php\/2018\/12\/11\/hacen-planton-jubilados-y-pensionados-de-issstecali-en-ensenada\/","url_meta":{"origin":26368,"position":2},"title":"Hacen plant\u00f3n jubilados y pensionados de Issstecali en Ensenada","author":"grieta","date":"11 diciembre, 2018","format":false,"excerpt":"Fotos: Lorena Lamas Lorena Lamas Jubilados y pensionados de Issstecali realizaron una manifestaci\u00f3n pac\u00edfica en las instalaciones del hospital, en Ensenada ante la falta de pago de prima vacacional y retroactivo a una parte de los basificados. Este martes a las 8:00 de la ma\u00f1ana, los adultos se congregaron con\u2026","rel":"","context":"En &quot;Baja California&quot;","block_context":{"text":"Baja California","link":"https:\/\/www.grieta.org.mx\/index.php\/category\/noticias-nacionales\/baja-california\/"},"img":{"alt_text":"","src":"https:\/\/i0.wp.com\/www.grieta.org.mx\/wp-content\/uploads\/2018\/12\/WhatsApp-Image-2018-12-11-at-11.48.16-750x500.jpeg?resize=350%2C200&ssl=1","width":350,"height":200,"srcset":"https:\/\/i0.wp.com\/www.grieta.org.mx\/wp-content\/uploads\/2018\/12\/WhatsApp-Image-2018-12-11-at-11.48.16-750x500.jpeg?resize=350%2C200&ssl=1 1x, https:\/\/i0.wp.com\/www.grieta.org.mx\/wp-content\/uploads\/2018\/12\/WhatsApp-Image-2018-12-11-at-11.48.16-750x500.jpeg?resize=525%2C300&ssl=1 1.5x, https:\/\/i0.wp.com\/www.grieta.org.mx\/wp-content\/uploads\/2018\/12\/WhatsApp-Image-2018-12-11-at-11.48.16-750x500.jpeg?resize=700%2C400&ssl=1 2x"},"classes":[]},{"id":54726,"url":"https:\/\/www.grieta.org.mx\/index.php\/2020\/10\/24\/protestan-contra-eca-y-sempra-en-ensenada-baja-california\/","url_meta":{"origin":26368,"position":3},"title":"Protestan contra ECA y SEMPRA en Ensenada (Baja California)","author":"grieta","date":"24 octubre, 2020","format":false,"excerpt":"Zeta Tijuana \/ Lorena Lamas. Foto y video: Lorena Lamas Un grupo de ciudadanos realiz\u00f3 una manifestaci\u00f3n en contra de la ampliaci\u00f3n de la planta regasificadora Energ\u00eda Costa Azul (ECA) subsidiaria de SEMPRA Energy en el corredor costero Tijuana-Ensenada. A las 16:00 horas de este s\u00e1bado 24 de octubre los\u2026","rel":"","context":"En &quot;Baja California&quot;","block_context":{"text":"Baja California","link":"https:\/\/www.grieta.org.mx\/index.php\/category\/noticias-nacionales\/baja-california\/"},"img":{"alt_text":"","src":"https:\/\/i0.wp.com\/www.grieta.org.mx\/wp-content\/uploads\/2020\/11\/1-1.jpg?resize=350%2C200&ssl=1","width":350,"height":200,"srcset":"https:\/\/i0.wp.com\/www.grieta.org.mx\/wp-content\/uploads\/2020\/11\/1-1.jpg?resize=350%2C200&ssl=1 1x, https:\/\/i0.wp.com\/www.grieta.org.mx\/wp-content\/uploads\/2020\/11\/1-1.jpg?resize=525%2C300&ssl=1 1.5x, https:\/\/i0.wp.com\/www.grieta.org.mx\/wp-content\/uploads\/2020\/11\/1-1.jpg?resize=700%2C400&ssl=1 2x"},"classes":[]},{"id":20164,"url":"https:\/\/www.grieta.org.mx\/index.php\/2016\/08\/16\/escuela-secundaria-diurna-no-36-entra-en-paro-indefinido-hasta-que-caiga-la-reforma-educativa-cdmx\/","url_meta":{"origin":26368,"position":4},"title":"Escuela Secundaria Diurna No. 36 entra en paro indefinido; \u201chasta que caiga la reforma educativa\u201d (CDMX)","author":"grieta","date":"16 agosto, 2016","format":false,"excerpt":"Ruptura Colectiva (RC) Desde el lunes 15 de agosto,\u00a0los combativos maestros y padres de familia de la Escuela Secundaria Diurna No. 36 en la CDMX, ubicada en la delegaci\u00f3n Xochimilco, se han declarado en PARO INDEFINIDO, para continuar con el llamado de la CNTE a nivel nacional para seguir sosteniendo\u2026","rel":"","context":"En &quot;cdmx&quot;","block_context":{"text":"cdmx","link":"https:\/\/www.grieta.org.mx\/index.php\/category\/cdmx\/"},"img":{"alt_text":"","src":"https:\/\/i0.wp.com\/www.grieta.org.mx\/wp-content\/uploads\/2018\/03\/14524434_1106112876131411_958039263622046936_o.jpg?resize=350%2C200&ssl=1","width":350,"height":200,"srcset":"https:\/\/i0.wp.com\/www.grieta.org.mx\/wp-content\/uploads\/2018\/03\/14524434_1106112876131411_958039263622046936_o.jpg?resize=350%2C200&ssl=1 1x, https:\/\/i0.wp.com\/www.grieta.org.mx\/wp-content\/uploads\/2018\/03\/14524434_1106112876131411_958039263622046936_o.jpg?resize=525%2C300&ssl=1 1.5x, https:\/\/i0.wp.com\/www.grieta.org.mx\/wp-content\/uploads\/2018\/03\/14524434_1106112876131411_958039263622046936_o.jpg?resize=700%2C400&ssl=1 2x"},"classes":[]},{"id":26109,"url":"https:\/\/www.grieta.org.mx\/index.php\/2018\/09\/01\/el-lunes-reanudaran-clases-en-las-escuelas-con-paro-sinaloa\/","url_meta":{"origin":26368,"position":5},"title":"El lunes reanudar\u00e1n clases en las escuelas con paro (Sinaloa)","author":"grieta","date":"1 septiembre, 2018","format":false,"excerpt":"Foto ilustrativa El Debate Directores de los planteles piden que les den la base a los maestros para que tengan seguridad laboral Angelina Corral Culiac\u00e1n, Sinaloa.- Este lunes se reanudar\u00e1n las clases en las escuelas secundarias generales que realizaron plant\u00f3n el pasado jueves y ayer, ante la falta de respuesta\u2026","rel":"","context":"En &quot;CINTILLO&quot;","block_context":{"text":"CINTILLO","link":"https:\/\/www.grieta.org.mx\/index.php\/category\/cintillo\/"},"img":{"alt_text":"","src":"https:\/\/i0.wp.com\/www.grieta.org.mx\/wp-content\/uploads\/2018\/09\/paro_laboral.jpeg_539665225.jpeg?resize=350%2C200&ssl=1","width":350,"height":200,"srcset":"https:\/\/i0.wp.com\/www.grieta.org.mx\/wp-content\/uploads\/2018\/09\/paro_laboral.jpeg_539665225.jpeg?resize=350%2C200&ssl=1 1x, https:\/\/i0.wp.com\/www.grieta.org.mx\/wp-content\/uploads\/2018\/09\/paro_laboral.jpeg_539665225.jpeg?resize=525%2C300&ssl=1 1.5x"},"classes":[]}],"_links":{"self":[{"href":"https:\/\/www.grieta.org.mx\/index.php\/wp-json\/wp\/v2\/posts\/26368","targetHints":{"allow":["GET"]}}],"collection":[{"href":"https:\/\/www.grieta.org.mx\/index.php\/wp-json\/wp\/v2\/posts"}],"about":[{"href":"https:\/\/www.grieta.org.mx\/index.php\/wp-json\/wp\/v2\/types\/post"}],"author":[{"embeddable":true,"href":"https:\/\/www.grieta.org.mx\/index.php\/wp-json\/wp\/v2\/users\/2"}],"replies":[{"embeddable":true,"href":"https:\/\/www.grieta.org.mx\/index.php\/wp-json\/wp\/v2\/comments?post=26368"}],"version-history":[{"count":1,"href":"https:\/\/www.grieta.org.mx\/index.php\/wp-json\/wp\/v2\/posts\/26368\/revisions"}],"predecessor-version":[{"id":29191,"href":"https:\/\/www.grieta.org.mx\/index.php\/wp-json\/wp\/v2\/posts\/26368\/revisions\/29191"}],"wp:featuredmedia":[{"embeddable":true,"href":"https:\/\/www.grieta.org.mx\/index.php\/wp-json\/wp\/v2\/media\/26369"}],"wp:attachment":[{"href":"https:\/\/www.grieta.org.mx\/index.php\/wp-json\/wp\/v2\/media?parent=26368"}],"wp:term":[{"taxonomy":"category","embeddable":true,"href":"https:\/\/www.grieta.org.mx\/index.php\/wp-json\/wp\/v2\/categories?post=26368"},{"taxonomy":"post_tag","embeddable":true,"href":"https:\/\/www.grieta.org.mx\/index.php\/wp-json\/wp\/v2\/tags?post=26368"}],"curies":[{"name":"wp","href":"https:\/\/api.w.org\/{rel}","templated":true}]}}