{"id":26352,"date":"2018-07-13T19:23:15","date_gmt":"2018-07-14T00:23:15","guid":{"rendered":"http:\/\/www.grieta.org.mx\/?p=26352"},"modified":"2018-09-09T19:27:52","modified_gmt":"2018-09-10T00:27:52","slug":"espacio-estatal-en-defensa-de-maiz-nativo-de-oaxaca-rechaza-la-propuesta-de-amlo-para-el-titular-de-sagarpa","status":"publish","type":"post","link":"https:\/\/www.grieta.org.mx\/index.php\/2018\/07\/13\/espacio-estatal-en-defensa-de-maiz-nativo-de-oaxaca-rechaza-la-propuesta-de-amlo-para-el-titular-de-sagarpa\/","title":{"rendered":"Espacio Estatal en Defensa de Ma\u00edz nativo de Oaxaca rechaza la propuesta de AMLO para el titular de Sagarpa"},"content":{"rendered":"<p>Noticias.<\/p>\n<p>Andrea Alondra<\/p>\n<p>El Espacio Estatal en Defensa de Ma\u00edz nativo de Oaxaca  rechaz\u00f3 a V\u00edctor Manuel Villalobos como propuesta para encabezar la Secretar\u00eda de Agricultura, Ganader\u00eda, Desarrollo Rural, Pesca y Alimentaci\u00f3n (Sagarpa) a nivel federal.<\/p>\n<p><img loading=\"lazy\" decoding=\"async\" data-attachment-id=\"26353\" data-permalink=\"https:\/\/www.grieta.org.mx\/index.php\/2018\/07\/13\/espacio-estatal-en-defensa-de-maiz-nativo-de-oaxaca-rechaza-la-propuesta-de-amlo-para-el-titular-de-sagarpa\/180604-g10\/\" data-orig-file=\"https:\/\/www.grieta.org.mx\/wp-content\/uploads\/2018\/09\/180604-g10.jpg\" data-orig-size=\"1144,645\" data-comments-opened=\"0\" data-image-meta=\"{&quot;aperture&quot;:&quot;0&quot;,&quot;credit&quot;:&quot;&quot;,&quot;camera&quot;:&quot;&quot;,&quot;caption&quot;:&quot;&quot;,&quot;created_timestamp&quot;:&quot;0&quot;,&quot;copyright&quot;:&quot;&quot;,&quot;focal_length&quot;:&quot;0&quot;,&quot;iso&quot;:&quot;0&quot;,&quot;shutter_speed&quot;:&quot;0&quot;,&quot;title&quot;:&quot;&quot;,&quot;orientation&quot;:&quot;0&quot;}\" data-image-title=\"180604-g10\" data-image-description=\"\" data-image-caption=\"\" data-medium-file=\"https:\/\/www.grieta.org.mx\/wp-content\/uploads\/2018\/09\/180604-g10-300x169.jpg\" data-large-file=\"https:\/\/www.grieta.org.mx\/wp-content\/uploads\/2018\/09\/180604-g10-1024x577.jpg\" src=\"http:\/\/www.grieta.org.mx\/wp-content\/uploads\/2018\/09\/180604-g10-300x169.jpg\" alt=\"\" width=\"300\" height=\"169\" class=\"aligncenter size-medium wp-image-26353\" srcset=\"https:\/\/www.grieta.org.mx\/wp-content\/uploads\/2018\/09\/180604-g10-300x169.jpg 300w, https:\/\/www.grieta.org.mx\/wp-content\/uploads\/2018\/09\/180604-g10-768x433.jpg 768w, https:\/\/www.grieta.org.mx\/wp-content\/uploads\/2018\/09\/180604-g10-1024x577.jpg 1024w, https:\/\/www.grieta.org.mx\/wp-content\/uploads\/2018\/09\/180604-g10-887x500.jpg 887w, https:\/\/www.grieta.org.mx\/wp-content\/uploads\/2018\/09\/180604-g10.jpg 1144w\" sizes=\"auto, (max-width: 300px) 100vw, 300px\" \/><\/p>\n<p>Los representantes las 20 organizaciones que integran el Espacio, hicieron un llamado al virtual presidente electo de M\u00e9xico,  Andr\u00e9s Manuel L\u00f3pez Obrador para que cumpla con los compromisos firmados en el Plan de Naci\u00f3n para el campo y las comunidades ind\u00edgenas.<\/p>\n<p>De acuerdo con las organizaciones Victor Manuel no representa los intereses de las comunidades campesinas, &#8220;exigimos su destituci\u00f3n anticipada por el bien del pueblo y del campo mexicano&#8221;.<\/p>\n<p>Se\u00f1alaron que Villalobos  ha sido arduo defensor del modelo neoliberal agroindustrial, del plan agr\u00edcola tecnol\u00f3gico-cient\u00edfico corporativo que intenta poner en manos de consorcios empresariales el control sobre las semillas y el sistema alimentario del pa\u00eds.<\/p>\n<p>Recordaron que en el 2001, a\u00f1o en que se di\u00f3 la contaminaci\u00f3n de los ma\u00edces nativos oaxaque\u00f1os por transg\u00e9nicos, a la fecha se ha realizado alguna acci\u00f3n e intervenci\u00f3n para descontaminarlos.<\/p>\n<p><a href=\"https:\/\/www.nvinoticias.com\/nota\/96984\/espacio-estatal-en-defensa-de-maiz-nativo-de-oaxaca-rechaza-la-propuesta-de-amlo-para-el\" rel=\"noopener\" target=\"_blank\">https:\/\/www.nvinoticias.com\/nota\/96984\/espacio-estatal-en-defensa-de-maiz-nativo-de-oaxaca-rechaza-la-propuesta-de-amlo-para-el<\/a><\/p>\n","protected":false},"excerpt":{"rendered":"<p>Noticias. Andrea Alondra El Espacio Estatal en Defensa de Ma\u00edz nativo de Oaxaca rechaz\u00f3 a V\u00edctor Manuel Villalobos como propuesta para encabezar la Secretar\u00eda de Agricultura, Ganader\u00eda, Desarrollo Rural, Pesca &hellip; <a href=\"https:\/\/www.grieta.org.mx\/index.php\/2018\/07\/13\/espacio-estatal-en-defensa-de-maiz-nativo-de-oaxaca-rechaza-la-propuesta-de-amlo-para-el-titular-de-sagarpa\/\" class=\"more-link\">Leer m\u00e1s<\/a><\/p>\n","protected":false},"author":2,"featured_media":26353,"comment_status":"closed","ping_status":"closed","sticky":false,"template":"","format":"standard","meta":{"ngg_post_thumbnail":0,"_jetpack_newsletter_access":"","_jetpack_dont_email_post_to_subs":false,"_jetpack_newsletter_tier_id":0,"_jetpack_memberships_contains_paywalled_content":false,"_jetpack_memberships_contains_paid_content":false,"footnotes":""},"categories":[80,1709,2,25],"tags":[],"class_list":["post-26352","post","type-post","status-publish","format-standard","has-post-thumbnail","hentry","category-cintillo","category-defensa-del-maiz-en-oaxaca","category-noticias-nacionales","category-oaxaca","entry"],"jetpack_featured_media_url":"https:\/\/www.grieta.org.mx\/wp-content\/uploads\/2018\/09\/180604-g10.jpg","jetpack_sharing_enabled":true,"jetpack_shortlink":"https:\/\/wp.me\/p7ZJR4-6R2","jetpack_likes_enabled":false,"jetpack-related-posts":[{"id":26566,"url":"https:\/\/www.grieta.org.mx\/index.php\/2018\/09\/11\/oaxaca-surge-frente-contra-megaproyectos-supercarretera-y-proximo-titular-de-sagarpa\/","url_meta":{"origin":26352,"position":0},"title":"Oaxaca: Surge frente contra megaproyectos, supercarretera y pr\u00f3ximo titular de Sagarpa","author":"grieta","date":"11 septiembre, 2018","format":false,"excerpt":"Proceso. Pedro Mat\u00edas, Al menos 16 autoridades municipales de la Sierra Ju\u00e1rez acordaron conformar un frente com\u00fan contra megaproyectos, supercarretera y pr\u00f3ximo titular de Sagarpa. Oaxaca (apro).- Al menos 16 autoridades municipales de la Sierra Ju\u00e1rez acordaron conformar un frente com\u00fan con el fin de defender su territorio zapoteco ante\u2026","rel":"","context":"En &quot;CINTILLO&quot;","block_context":{"text":"CINTILLO","link":"https:\/\/www.grieta.org.mx\/index.php\/category\/cintillo\/"},"img":{"alt_text":"","src":"https:\/\/i0.wp.com\/www.grieta.org.mx\/wp-content\/uploads\/2018\/09\/sierrajuarez.jpg?resize=350%2C200&ssl=1","width":350,"height":200,"srcset":"https:\/\/i0.wp.com\/www.grieta.org.mx\/wp-content\/uploads\/2018\/09\/sierrajuarez.jpg?resize=350%2C200&ssl=1 1x, https:\/\/i0.wp.com\/www.grieta.org.mx\/wp-content\/uploads\/2018\/09\/sierrajuarez.jpg?resize=525%2C300&ssl=1 1.5x, https:\/\/i0.wp.com\/www.grieta.org.mx\/wp-content\/uploads\/2018\/09\/sierrajuarez.jpg?resize=700%2C400&ssl=1 2x, https:\/\/i0.wp.com\/www.grieta.org.mx\/wp-content\/uploads\/2018\/09\/sierrajuarez.jpg?resize=1050%2C600&ssl=1 3x"},"classes":[]},{"id":71009,"url":"https:\/\/www.grieta.org.mx\/index.php\/2025\/02\/13\/rechazan-campesinos-zapotecas-siembra-de-maiz-geneticamente-modificado-en-mexico-sin-zapalote-chico-no-hay-vida-oaxaca\/","url_meta":{"origin":26352,"position":1},"title":"Rechazan campesinos zapotecas siembra de ma\u00edz gen\u00e9ticamente modificado en M\u00e9xico: \u201cSin zapalote chico, no hay vida\u201d (Oaxaca)","author":"grieta","date":"13 febrero, 2025","format":false,"excerpt":"Imagen: Istmo Press Diana Manzo \/ Istmo Press Oaxaca, Oax.- Cultivar ma\u00edz zapalote chico adem\u00e1s de ser un legado de su padre, es vida para Donaj\u00ed Contreras Nava, campesina de 57 a\u00f1os de edad, quien por primera vez cosechar\u00e1 este grano en su natal Juchit\u00e1n, Oaxaca, como una forma de\u2026","rel":"","context":"En &quot;CINTILLO&quot;","block_context":{"text":"CINTILLO","link":"https:\/\/www.grieta.org.mx\/index.php\/category\/cintillo\/"},"img":{"alt_text":"","src":"https:\/\/i0.wp.com\/www.grieta.org.mx\/wp-content\/uploads\/2025\/02\/IMG_3065-2048x1165-1.jpeg?resize=350%2C200&ssl=1","width":350,"height":200,"srcset":"https:\/\/i0.wp.com\/www.grieta.org.mx\/wp-content\/uploads\/2025\/02\/IMG_3065-2048x1165-1.jpeg?resize=350%2C200&ssl=1 1x, https:\/\/i0.wp.com\/www.grieta.org.mx\/wp-content\/uploads\/2025\/02\/IMG_3065-2048x1165-1.jpeg?resize=525%2C300&ssl=1 1.5x, https:\/\/i0.wp.com\/www.grieta.org.mx\/wp-content\/uploads\/2025\/02\/IMG_3065-2048x1165-1.jpeg?resize=700%2C400&ssl=1 2x, https:\/\/i0.wp.com\/www.grieta.org.mx\/wp-content\/uploads\/2025\/02\/IMG_3065-2048x1165-1.jpeg?resize=1050%2C600&ssl=1 3x, https:\/\/i0.wp.com\/www.grieta.org.mx\/wp-content\/uploads\/2025\/02\/IMG_3065-2048x1165-1.jpeg?resize=1400%2C800&ssl=1 4x"},"classes":[]},{"id":71632,"url":"https:\/\/www.grieta.org.mx\/index.php\/2025\/04\/14\/14-abril-2025-organizaciones-y-comunidades-de-oaxaca-rechazan-megaproyectos-y-privatizacion-de-tierras-en-segundo-foro-por-la-defensa-del-territorio\/","url_meta":{"origin":26352,"position":2},"title":"Organizaciones y comunidades de Oaxaca rechazan megaproyectos y privatizaci\u00f3n de tierras en Segundo Foro por la Defensa del Territorio","author":"grieta","date":"14 abril, 2025","format":false,"excerpt":"Imagen; Somos el Medio En el marco del Segundo Foro en Defensa del Territorio y la Propiedad Social, m\u00e1s de 70 comunidades y 30 organizaciones denunciaron el avance del modelo extractivista, el despojo territorial impulsado por megaproyectos como el Corredor Interoce\u00e1nico y las concesiones mineras, y exigieron respeto a la\u2026","rel":"","context":"En &quot;CINTILLO&quot;","block_context":{"text":"CINTILLO","link":"https:\/\/www.grieta.org.mx\/index.php\/category\/cintillo\/"},"img":{"alt_text":"","src":"https:\/\/i0.wp.com\/www.grieta.org.mx\/wp-content\/uploads\/2025\/05\/490677205_691821156574339_6868708116099037531_n.webp?resize=350%2C200&ssl=1","width":350,"height":200,"srcset":"https:\/\/i0.wp.com\/www.grieta.org.mx\/wp-content\/uploads\/2025\/05\/490677205_691821156574339_6868708116099037531_n.webp?resize=350%2C200&ssl=1 1x, https:\/\/i0.wp.com\/www.grieta.org.mx\/wp-content\/uploads\/2025\/05\/490677205_691821156574339_6868708116099037531_n.webp?resize=525%2C300&ssl=1 1.5x, https:\/\/i0.wp.com\/www.grieta.org.mx\/wp-content\/uploads\/2025\/05\/490677205_691821156574339_6868708116099037531_n.webp?resize=700%2C400&ssl=1 2x, https:\/\/i0.wp.com\/www.grieta.org.mx\/wp-content\/uploads\/2025\/05\/490677205_691821156574339_6868708116099037531_n.webp?resize=1050%2C600&ssl=1 3x"},"classes":[]},{"id":54121,"url":"https:\/\/www.grieta.org.mx\/index.php\/2020\/10\/12\/jornada-nacional-de-movilizacion-en-defensa-de-la-madre-tierra-contra-la-guerra-al-ezln-los-pueblos-y-comunidades-indigenas-en-oaxaca\/","url_meta":{"origin":26352,"position":3},"title":"Jornada Nacional de Movilizaci\u00f3n en Defensa de la Madre Tierra, contra la guerra al EZLN, los pueblos y comunidades Ind\u00edgenas en Oaxaca","author":"grieta","date":"12 octubre, 2020","format":false,"excerpt":"Radio Zapatista \/ Informaci\u00f3n CNI Mat\u00edas Romero, Oaxaca 12 de octubre 2020 En el marco de la Jornada Nacional de Movilizaci\u00f3n en Defensa de la Madre Tierra, contra la guerra al EZLN, los pueblos y comunidades Ind\u00edgenas. Mitin UCIZONI RESISTENCIA CIVIL DEL ISTMO en Estaci\u00f3n Ferrocarril de Mat\u00edas Romero Oaxaca\u2026","rel":"","context":"En &quot;CINTILLO&quot;","block_context":{"text":"CINTILLO","link":"https:\/\/www.grieta.org.mx\/index.php\/category\/cintillo\/"},"img":{"alt_text":"","src":"https:\/\/i0.wp.com\/www.grieta.org.mx\/wp-content\/uploads\/2020\/10\/r.jpg?resize=350%2C200&ssl=1","width":350,"height":200,"srcset":"https:\/\/i0.wp.com\/www.grieta.org.mx\/wp-content\/uploads\/2020\/10\/r.jpg?resize=350%2C200&ssl=1 1x, https:\/\/i0.wp.com\/www.grieta.org.mx\/wp-content\/uploads\/2020\/10\/r.jpg?resize=525%2C300&ssl=1 1.5x"},"classes":[]},{"id":40074,"url":"https:\/\/www.grieta.org.mx\/index.php\/2019\/10\/08\/resistencias-en-oaxaca-se-suman-a-jornada-global-samir-flores-vive\/","url_meta":{"origin":26352,"position":4},"title":"Resistencias en Oaxaca se suman a jornada global Samir Flores Vive","author":"grieta","date":"8 octubre, 2019","format":false,"excerpt":"Avispa Midia \/ Rafael E. Lozano Conferencia de prensa Oaxaca, 7 de oct. Foto: Rafael E Lozano\/Avispa Midia Autoridades de los pueblos ind\u00edgenas de Santa Catarina Lachatao y de Magdalena Teitipac junto a organizaciones y colectivos de Oaxaca anunciaron este lunes 7 de octubre, en conferencia de prensa, que se\u2026","rel":"","context":"En &quot;CINTILLO&quot;","block_context":{"text":"CINTILLO","link":"https:\/\/www.grieta.org.mx\/index.php\/category\/cintillo\/"},"img":{"alt_text":"","src":"https:\/\/i0.wp.com\/www.grieta.org.mx\/wp-content\/uploads\/2019\/10\/Jornada-Samir-Flores-Vive-Oaxaca.jpg?resize=350%2C200&ssl=1","width":350,"height":200,"srcset":"https:\/\/i0.wp.com\/www.grieta.org.mx\/wp-content\/uploads\/2019\/10\/Jornada-Samir-Flores-Vive-Oaxaca.jpg?resize=350%2C200&ssl=1 1x, https:\/\/i0.wp.com\/www.grieta.org.mx\/wp-content\/uploads\/2019\/10\/Jornada-Samir-Flores-Vive-Oaxaca.jpg?resize=525%2C300&ssl=1 1.5x, https:\/\/i0.wp.com\/www.grieta.org.mx\/wp-content\/uploads\/2019\/10\/Jornada-Samir-Flores-Vive-Oaxaca.jpg?resize=700%2C400&ssl=1 2x"},"classes":[]},{"id":44691,"url":"https:\/\/www.grieta.org.mx\/index.php\/2020\/02\/21\/pueblos-comunidades-organizaciones-sindicatos-y-colectivos-de-oaxaca-convocaron-a-las-jornadas-en-defensa-del-territorio-y-la-madre-tierra-samir-somos-todas-y-todos\/","url_meta":{"origin":26352,"position":5},"title":"Pueblos, comunidades, organizaciones, sindicatos y colectivos de Oaxaca convocaron a las Jornadas en Defensa del Territorio y la Madre Tierra \u201cSamir Somos Todas y Todos\u201d (Galer\u00eda de fotos)","author":"grieta","date":"21 febrero, 2020","format":false,"excerpt":"Colectivo Grieta. Pueblos, comunidades, organizaciones, sindicatos y colectivos de Oaxaca llamaron a reforzar la defensa de sus territorios frente a los proyectos capitalistas, como los proyectos mineros, la privatizaci\u00f3n del agua y el Megaproyecto del Istmo, hoy llamado Corredor Interoce\u00e1nico. Asimismo dieron a conocer las acciones a realizar los d\u00edas\u2026","rel":"","context":"En &quot;CINTILLO&quot;","block_context":{"text":"CINTILLO","link":"https:\/\/www.grieta.org.mx\/index.php\/category\/cintillo\/"},"img":{"alt_text":"","src":"https:\/\/i0.wp.com\/www.grieta.org.mx\/wp-content\/uploads\/2020\/02\/photo_2020-02-21-01.11.24.jpeg?resize=350%2C200&ssl=1","width":350,"height":200,"srcset":"https:\/\/i0.wp.com\/www.grieta.org.mx\/wp-content\/uploads\/2020\/02\/photo_2020-02-21-01.11.24.jpeg?resize=350%2C200&ssl=1 1x, https:\/\/i0.wp.com\/www.grieta.org.mx\/wp-content\/uploads\/2020\/02\/photo_2020-02-21-01.11.24.jpeg?resize=525%2C300&ssl=1 1.5x, https:\/\/i0.wp.com\/www.grieta.org.mx\/wp-content\/uploads\/2020\/02\/photo_2020-02-21-01.11.24.jpeg?resize=700%2C400&ssl=1 2x"},"classes":[]}],"_links":{"self":[{"href":"https:\/\/www.grieta.org.mx\/index.php\/wp-json\/wp\/v2\/posts\/26352","targetHints":{"allow":["GET"]}}],"collection":[{"href":"https:\/\/www.grieta.org.mx\/index.php\/wp-json\/wp\/v2\/posts"}],"about":[{"href":"https:\/\/www.grieta.org.mx\/index.php\/wp-json\/wp\/v2\/types\/post"}],"author":[{"embeddable":true,"href":"https:\/\/www.grieta.org.mx\/index.php\/wp-json\/wp\/v2\/users\/2"}],"replies":[{"embeddable":true,"href":"https:\/\/www.grieta.org.mx\/index.php\/wp-json\/wp\/v2\/comments?post=26352"}],"version-history":[{"count":1,"href":"https:\/\/www.grieta.org.mx\/index.php\/wp-json\/wp\/v2\/posts\/26352\/revisions"}],"predecessor-version":[{"id":26354,"href":"https:\/\/www.grieta.org.mx\/index.php\/wp-json\/wp\/v2\/posts\/26352\/revisions\/26354"}],"wp:featuredmedia":[{"embeddable":true,"href":"https:\/\/www.grieta.org.mx\/index.php\/wp-json\/wp\/v2\/media\/26353"}],"wp:attachment":[{"href":"https:\/\/www.grieta.org.mx\/index.php\/wp-json\/wp\/v2\/media?parent=26352"}],"wp:term":[{"taxonomy":"category","embeddable":true,"href":"https:\/\/www.grieta.org.mx\/index.php\/wp-json\/wp\/v2\/categories?post=26352"},{"taxonomy":"post_tag","embeddable":true,"href":"https:\/\/www.grieta.org.mx\/index.php\/wp-json\/wp\/v2\/tags?post=26352"}],"curies":[{"name":"wp","href":"https:\/\/api.w.org\/{rel}","templated":true}]}}